{"id":1123,"date":"2011-06-23T13:31:52","date_gmt":"2011-06-23T12:31:52","guid":{"rendered":"http:\/\/www.elvalledeloscaidos.es\/portal\/?p=1123"},"modified":"2011-06-24T12:44:21","modified_gmt":"2011-06-24T11:44:21","slug":"conferencia-de-la-advc","status":"publish","type":"post","link":"https:\/\/www.elvalledeloscaidos.es\/portal\/?p=1123","title":{"rendered":"Conferencia de la ADVC en Valladolid."},"content":{"rendered":"<p>Estimados amigos:<\/p>\n<p>La Asociaci\u00f3n para la Defensa del Valle de los Ca\u00eddos,junto con la Asociaci\u00f3n F\u00e9 y Trabajo, ofrecer\u00e1 (D.m) el jueves dia 30 de Junio a las 20.00 horas una conferencia denominada \u00abEl Valle de los Ca\u00eddos. Cr\u00f3nica de una a\u00f1o de cierre\u00bb. Los ponentes de esta conferencia ser\u00e1n:<\/p>\n<p>D. Carlos Zarco Ib\u00e1\u00f1ez, Asociaci\u00f3n F\u00e9 y Trabajo. Concejal Ayto. San Lorenzo de El Escorial<br \/>\nD. Pablo Linares Clemente, Presidente de la ADVC<\/p>\n<p>Lugar: Centro C\u00edvico Zona Sur<br \/>\nPlaza de Juan de Austria, 11 (junto al Corte Ingl\u00e9s)<br \/>\nValladolid<br \/>\nHora del evento: 20.00 h.<\/p>\n<p>Un saludo<\/p>\n<p>Pablo Linares<br \/>\nADVC<\/p>\n<p style=\"text-align: center;\"><img decoding=\"async\" loading=\"lazy\" class=\"aligncenter size-full wp-image-1124\" title=\"valladolid\" src=\"http:\/\/www.elvalledeloscaidos.es\/portal\/wp-content\/uploads\/2011\/06\/valladolid.gif\" alt=\"\" width=\"500\" height=\"708\" srcset=\"https:\/\/www.elvalledeloscaidos.es\/portal\/wp-content\/uploads\/2011\/06\/valladolid.gif 595w, https:\/\/www.elvalledeloscaidos.es\/portal\/wp-content\/uploads\/2011\/06\/valladolid-211x300.gif 211w\" sizes=\"(max-width: 500px) 100vw, 500px\" \/><\/p>\n","protected":false},"excerpt":{"rendered":"<p>Estimados amigos: La Asociaci\u00f3n para la Defensa del Valle de los Ca\u00eddos,junto con la Asociaci\u00f3n F\u00e9 y Trabajo, ofrecer\u00e1 (D.m) el jueves dia 30 de Junio a las 20.00 horas una conferencia denominada \u00abEl Valle de los Ca\u00eddos. Cr\u00f3nica de una a\u00f1o de cierre\u00bb. Los ponentes de esta conferencia ser\u00e1n: [&hellip;]<\/p>\n","protected":false},"author":1,"featured_media":0,"comment_status":"open","ping_status":"open","sticky":false,"template":"","format":"standard","meta":[],"categories":[4],"tags":[],"yoast_head":"<!-- This site is optimized with the Yoast SEO plugin v18.6 - https:\/\/yoast.com\/wordpress\/plugins\/seo\/ -->\n<title>Conferencia de la ADVC en Valladolid. - ADVC<\/title>\n<meta name=\"robots\" content=\"index, follow, max-snippet:-1, max-image-preview:large, max-video-preview:-1\" \/>\n<link rel=\"canonical\" href=\"https:\/\/www.elvalledeloscaidos.es\/portal\/?p=1123\" \/>\n<meta property=\"og:locale\" content=\"es_ES\" \/>\n<meta property=\"og:type\" content=\"article\" \/>\n<meta property=\"og:title\" content=\"Conferencia de la ADVC en Valladolid. - ADVC\" \/>\n<meta property=\"og:description\" content=\"Estimados amigos: La Asociaci\u00f3n para la Defensa del Valle de los Ca\u00eddos,junto con la Asociaci\u00f3n F\u00e9 y Trabajo, ofrecer\u00e1 (D.m) el jueves dia 30 de Junio a las 20.00 horas una conferencia denominada \u00abEl Valle de los Ca\u00eddos. Cr\u00f3nica de una a\u00f1o de cierre\u00bb. Los ponentes de esta conferencia ser\u00e1n: [&hellip;]\" \/>\n<meta property=\"og:url\" content=\"https:\/\/www.elvalledeloscaidos.es\/portal\/?p=1123\" \/>\n<meta property=\"og:site_name\" content=\"ADVC\" \/>\n<meta property=\"article:published_time\" content=\"2011-06-23T12:31:52+00:00\" \/>\n<meta property=\"article:modified_time\" content=\"2011-06-24T11:44:21+00:00\" \/>\n<meta property=\"og:image\" content=\"http:\/\/www.elvalledeloscaidos.es\/portal\/wp-content\/uploads\/2011\/06\/valladolid.gif\" \/>\n<meta name=\"twitter:card\" content=\"summary_large_image\" \/>\n<meta name=\"twitter:label1\" content=\"Escrito por\" \/>\n\t<meta name=\"twitter:data1\" content=\"linares\" \/>\n\t<meta name=\"twitter:label2\" content=\"Tiempo de lectura\" \/>\n\t<meta name=\"twitter:data2\" content=\"1 minuto\" \/>\n<script type=\"application\/ld+json\" class=\"yoast-schema-graph\">{\"@context\":\"https:\/\/schema.org\",\"@graph\":[{\"@type\":\"WebSite\",\"@id\":\"https:\/\/www.elvalledeloscaidos.es\/portal\/#website\",\"url\":\"https:\/\/www.elvalledeloscaidos.es\/portal\/\",\"name\":\"ADVC\",\"description\":\"Asociaci\u00f3n Para la Defensa del Valle de los Ca\u00eddos\",\"potentialAction\":[{\"@type\":\"SearchAction\",\"target\":{\"@type\":\"EntryPoint\",\"urlTemplate\":\"https:\/\/www.elvalledeloscaidos.es\/portal\/?s={search_term_string}\"},\"query-input\":\"required name=search_term_string\"}],\"inLanguage\":\"es\"},{\"@type\":\"ImageObject\",\"@id\":\"https:\/\/www.elvalledeloscaidos.es\/portal\/?p=1123#primaryimage\",\"inLanguage\":\"es\",\"url\":\"http:\/\/www.elvalledeloscaidos.es\/portal\/wp-content\/uploads\/2011\/06\/valladolid.gif\",\"contentUrl\":\"http:\/\/www.elvalledeloscaidos.es\/portal\/wp-content\/uploads\/2011\/06\/valladolid.gif\"},{\"@type\":\"WebPage\",\"@id\":\"https:\/\/www.elvalledeloscaidos.es\/portal\/?p=1123#webpage\",\"url\":\"https:\/\/www.elvalledeloscaidos.es\/portal\/?p=1123\",\"name\":\"Conferencia de la ADVC en Valladolid. - ADVC\",\"isPartOf\":{\"@id\":\"https:\/\/www.elvalledeloscaidos.es\/portal\/#website\"},\"primaryImageOfPage\":{\"@id\":\"https:\/\/www.elvalledeloscaidos.es\/portal\/?p=1123#primaryimage\"},\"datePublished\":\"2011-06-23T12:31:52+00:00\",\"dateModified\":\"2011-06-24T11:44:21+00:00\",\"author\":{\"@id\":\"https:\/\/www.elvalledeloscaidos.es\/portal\/#\/schema\/person\/36b3894dc4f1eb332b7fc369aed7eb58\"},\"breadcrumb\":{\"@id\":\"https:\/\/www.elvalledeloscaidos.es\/portal\/?p=1123#breadcrumb\"},\"inLanguage\":\"es\",\"potentialAction\":[{\"@type\":\"ReadAction\",\"target\":[\"https:\/\/www.elvalledeloscaidos.es\/portal\/?p=1123\"]}]},{\"@type\":\"BreadcrumbList\",\"@id\":\"https:\/\/www.elvalledeloscaidos.es\/portal\/?p=1123#breadcrumb\",\"itemListElement\":[{\"@type\":\"ListItem\",\"position\":1,\"name\":\"Portada\",\"item\":\"https:\/\/www.elvalledeloscaidos.es\/portal\"},{\"@type\":\"ListItem\",\"position\":2,\"name\":\"Conferencia de la ADVC en Valladolid.\"}]},{\"@type\":\"Person\",\"@id\":\"https:\/\/www.elvalledeloscaidos.es\/portal\/#\/schema\/person\/36b3894dc4f1eb332b7fc369aed7eb58\",\"name\":\"linares\",\"image\":{\"@type\":\"ImageObject\",\"@id\":\"https:\/\/www.elvalledeloscaidos.es\/portal\/#personlogo\",\"inLanguage\":\"es\",\"url\":\"https:\/\/secure.gravatar.com\/avatar\/0b6f3a427655ac169c9155e538724b76?s=96&d=mm&r=g\",\"contentUrl\":\"https:\/\/secure.gravatar.com\/avatar\/0b6f3a427655ac169c9155e538724b76?s=96&d=mm&r=g\",\"caption\":\"linares\"},\"url\":\"https:\/\/www.elvalledeloscaidos.es\/portal\/?author=1\"}]}<\/script>\n<!-- \/ Yoast SEO plugin. -->","yoast_head_json":{"title":"Conferencia de la ADVC en Valladolid. - ADVC","robots":{"index":"index","follow":"follow","max-snippet":"max-snippet:-1","max-image-preview":"max-image-preview:large","max-video-preview":"max-video-preview:-1"},"canonical":"https:\/\/www.elvalledeloscaidos.es\/portal\/?p=1123","og_locale":"es_ES","og_type":"article","og_title":"Conferencia de la ADVC en Valladolid. - ADVC","og_description":"Estimados amigos: La Asociaci\u00f3n para la Defensa del Valle de los Ca\u00eddos,junto con la Asociaci\u00f3n F\u00e9 y Trabajo, ofrecer\u00e1 (D.m) el jueves dia 30 de Junio a las 20.00 horas una conferencia denominada \u00abEl Valle de los Ca\u00eddos. Cr\u00f3nica de una a\u00f1o de cierre\u00bb. Los ponentes de esta conferencia ser\u00e1n: [&hellip;]","og_url":"https:\/\/www.elvalledeloscaidos.es\/portal\/?p=1123","og_site_name":"ADVC","article_published_time":"2011-06-23T12:31:52+00:00","article_modified_time":"2011-06-24T11:44:21+00:00","og_image":[{"url":"http:\/\/www.elvalledeloscaidos.es\/portal\/wp-content\/uploads\/2011\/06\/valladolid.gif"}],"twitter_card":"summary_large_image","twitter_misc":{"Escrito por":"linares","Tiempo de lectura":"1 minuto"},"schema":{"@context":"https:\/\/schema.org","@graph":[{"@type":"WebSite","@id":"https:\/\/www.elvalledeloscaidos.es\/portal\/#website","url":"https:\/\/www.elvalledeloscaidos.es\/portal\/","name":"ADVC","description":"Asociaci\u00f3n Para la Defensa del Valle de los Ca\u00eddos","potentialAction":[{"@type":"SearchAction","target":{"@type":"EntryPoint","urlTemplate":"https:\/\/www.elvalledeloscaidos.es\/portal\/?s={search_term_string}"},"query-input":"required name=search_term_string"}],"inLanguage":"es"},{"@type":"ImageObject","@id":"https:\/\/www.elvalledeloscaidos.es\/portal\/?p=1123#primaryimage","inLanguage":"es","url":"http:\/\/www.elvalledeloscaidos.es\/portal\/wp-content\/uploads\/2011\/06\/valladolid.gif","contentUrl":"http:\/\/www.elvalledeloscaidos.es\/portal\/wp-content\/uploads\/2011\/06\/valladolid.gif"},{"@type":"WebPage","@id":"https:\/\/www.elvalledeloscaidos.es\/portal\/?p=1123#webpage","url":"https:\/\/www.elvalledeloscaidos.es\/portal\/?p=1123","name":"Conferencia de la ADVC en Valladolid. - ADVC","isPartOf":{"@id":"https:\/\/www.elvalledeloscaidos.es\/portal\/#website"},"primaryImageOfPage":{"@id":"https:\/\/www.elvalledeloscaidos.es\/portal\/?p=1123#primaryimage"},"datePublished":"2011-06-23T12:31:52+00:00","dateModified":"2011-06-24T11:44:21+00:00","author":{"@id":"https:\/\/www.elvalledeloscaidos.es\/portal\/#\/schema\/person\/36b3894dc4f1eb332b7fc369aed7eb58"},"breadcrumb":{"@id":"https:\/\/www.elvalledeloscaidos.es\/portal\/?p=1123#breadcrumb"},"inLanguage":"es","potentialAction":[{"@type":"ReadAction","target":["https:\/\/www.elvalledeloscaidos.es\/portal\/?p=1123"]}]},{"@type":"BreadcrumbList","@id":"https:\/\/www.elvalledeloscaidos.es\/portal\/?p=1123#breadcrumb","itemListElement":[{"@type":"ListItem","position":1,"name":"Portada","item":"https:\/\/www.elvalledeloscaidos.es\/portal"},{"@type":"ListItem","position":2,"name":"Conferencia de la ADVC en Valladolid."}]},{"@type":"Person","@id":"https:\/\/www.elvalledeloscaidos.es\/portal\/#\/schema\/person\/36b3894dc4f1eb332b7fc369aed7eb58","name":"linares","image":{"@type":"ImageObject","@id":"https:\/\/www.elvalledeloscaidos.es\/portal\/#personlogo","inLanguage":"es","url":"https:\/\/secure.gravatar.com\/avatar\/0b6f3a427655ac169c9155e538724b76?s=96&d=mm&r=g","contentUrl":"https:\/\/secure.gravatar.com\/avatar\/0b6f3a427655ac169c9155e538724b76?s=96&d=mm&r=g","caption":"linares"},"url":"https:\/\/www.elvalledeloscaidos.es\/portal\/?author=1"}]}},"_links":{"self":[{"href":"https:\/\/www.elvalledeloscaidos.es\/portal\/index.php?rest_route=\/wp\/v2\/posts\/1123"}],"collection":[{"href":"https:\/\/www.elvalledeloscaidos.es\/portal\/index.php?rest_route=\/wp\/v2\/posts"}],"about":[{"href":"https:\/\/www.elvalledeloscaidos.es\/portal\/index.php?rest_route=\/wp\/v2\/types\/post"}],"author":[{"embeddable":true,"href":"https:\/\/www.elvalledeloscaidos.es\/portal\/index.php?rest_route=\/wp\/v2\/users\/1"}],"replies":[{"embeddable":true,"href":"https:\/\/www.elvalledeloscaidos.es\/portal\/index.php?rest_route=%2Fwp%2Fv2%2Fcomments&post=1123"}],"version-history":[{"count":6,"href":"https:\/\/www.elvalledeloscaidos.es\/portal\/index.php?rest_route=\/wp\/v2\/posts\/1123\/revisions"}],"predecessor-version":[{"id":2225,"href":"https:\/\/www.elvalledeloscaidos.es\/portal\/index.php?rest_route=\/wp\/v2\/posts\/1123\/revisions\/2225"}],"wp:attachment":[{"href":"https:\/\/www.elvalledeloscaidos.es\/portal\/index.php?rest_route=%2Fwp%2Fv2%2Fmedia&parent=1123"}],"wp:term":[{"taxonomy":"category","embeddable":true,"href":"https:\/\/www.elvalledeloscaidos.es\/portal\/index.php?rest_route=%2Fwp%2Fv2%2Fcategories&post=1123"},{"taxonomy":"post_tag","embeddable":true,"href":"https:\/\/www.elvalledeloscaidos.es\/portal\/index.php?rest_route=%2Fwp%2Fv2%2Ftags&post=1123"}],"curies":[{"name":"wp","href":"https:\/\/api.w.org\/{rel}","templated":true}]}}