{"id":1139,"date":"2011-06-26T23:47:58","date_gmt":"2011-06-26T22:47:58","guid":{"rendered":"http:\/\/www.elvalledeloscaidos.es\/portal\/?p=1139"},"modified":"2011-06-26T23:50:10","modified_gmt":"2011-06-26T22:50:10","slug":"la-comision-de-expertos-da-pistas-sobre-sus-intenciones","status":"publish","type":"post","link":"https:\/\/www.elvalledeloscaidos.es\/portal\/?p=1139","title":{"rendered":"LA COMISI\u00d3N DE EXPERTOS DA PISTAS SOBRE SUS INTENCIONES"},"content":{"rendered":"<p style=\"text-align: justify;\">Ricardo Vinyes uno de los fanaticos (me niego a seguir llamandolos expertos) contratados por el gobierno para decidir el futuro del Valle de los Ca\u00eddos, se ha quitado la m\u00e1scara, y haciendo caso omiso de las recomendaciones de J\u00e1uregui, ha hecho unas declaraciones en La Vanguardia (antes espa\u00f1ola), donde vomita lindezas como:<\/p>\n<p style=\"text-align: justify;\">\u00abEl patrimonio es tan mortal como lo somos nosotros porque es humano\u00bb. Por tanto, cada sociedad decide de qu\u00e9 patrimonio se dota y qu\u00e9 elementos dejan de ser patrimonio porque el gusto art\u00edstico o los principios pol\u00edticos han cambiado. \u00abEl derribo no acaba necesariamente con el patrimonio. \u00bfQui\u00e9n es el loco que puede decir una cosa as\u00ed? No se puede confundir monumento con patrimonio. En cualquier caso, el patrimonio no es acumulativo sino selectivo y subjetivo\u00bb. Es decir, depende de los debates y decisiones de la sociedad. \u00abDerribar puede ser positivo o no, depende. Sustituir \u2013nunca hacerlas coexistir\u2013 las expresiones simb\u00f3licas de la dictadura por las del Estado de derecho manifiesta el nivel de salud de la sociedad\u00bb<\/p>\n<p style=\"text-align: justify;\">Pod\u00e9is ver el art\u00edculo completo en pinchando <a href=\" http:\/\/www.lavanguardia.com\/cultura\/20110627\/54177482796\/que-hacer-con-los-simbolos-franquistas.html\" target=\"blank\">aqu\u00ed<\/a><\/p>\n","protected":false},"excerpt":{"rendered":"<p>Ricardo Vinyes uno de los fanaticos (me niego a seguir llamandolos expertos) contratados por el gobierno para decidir el futuro del Valle de los Ca\u00eddos, se ha quitado la m\u00e1scara, y haciendo caso omiso de las recomendaciones de J\u00e1uregui, ha hecho unas declaraciones en La Vanguardia (antes espa\u00f1ola), donde vomita [&hellip;]<\/p>\n","protected":false},"author":1,"featured_media":0,"comment_status":"open","ping_status":"open","sticky":false,"template":"","format":"standard","meta":[],"categories":[4],"tags":[],"yoast_head":"<!-- This site is optimized with the Yoast SEO plugin v18.6 - https:\/\/yoast.com\/wordpress\/plugins\/seo\/ -->\n<title>LA COMISI\u00d3N DE EXPERTOS DA PISTAS SOBRE SUS INTENCIONES - ADVC<\/title>\n<meta name=\"robots\" content=\"index, follow, max-snippet:-1, max-image-preview:large, max-video-preview:-1\" \/>\n<link rel=\"canonical\" href=\"https:\/\/www.elvalledeloscaidos.es\/portal\/?p=1139\" \/>\n<meta property=\"og:locale\" content=\"es_ES\" \/>\n<meta property=\"og:type\" content=\"article\" \/>\n<meta property=\"og:title\" content=\"LA COMISI\u00d3N DE EXPERTOS DA PISTAS SOBRE SUS INTENCIONES - ADVC\" \/>\n<meta property=\"og:description\" content=\"Ricardo Vinyes uno de los fanaticos (me niego a seguir llamandolos expertos) contratados por el gobierno para decidir el futuro del Valle de los Ca\u00eddos, se ha quitado la m\u00e1scara, y haciendo caso omiso de las recomendaciones de J\u00e1uregui, ha hecho unas declaraciones en La Vanguardia (antes espa\u00f1ola), donde vomita [&hellip;]\" \/>\n<meta property=\"og:url\" content=\"https:\/\/www.elvalledeloscaidos.es\/portal\/?p=1139\" \/>\n<meta property=\"og:site_name\" content=\"ADVC\" \/>\n<meta property=\"article:published_time\" content=\"2011-06-26T22:47:58+00:00\" \/>\n<meta property=\"article:modified_time\" content=\"2011-06-26T22:50:10+00:00\" \/>\n<meta name=\"twitter:card\" content=\"summary_large_image\" \/>\n<meta name=\"twitter:label1\" content=\"Escrito por\" \/>\n\t<meta name=\"twitter:data1\" content=\"linares\" \/>\n\t<meta name=\"twitter:label2\" content=\"Tiempo de lectura\" \/>\n\t<meta name=\"twitter:data2\" content=\"1 minuto\" \/>\n<script type=\"application\/ld+json\" class=\"yoast-schema-graph\">{\"@context\":\"https:\/\/schema.org\",\"@graph\":[{\"@type\":\"WebSite\",\"@id\":\"https:\/\/www.elvalledeloscaidos.es\/portal\/#website\",\"url\":\"https:\/\/www.elvalledeloscaidos.es\/portal\/\",\"name\":\"ADVC\",\"description\":\"Asociaci\u00f3n Para la Defensa del Valle de los Ca\u00eddos\",\"potentialAction\":[{\"@type\":\"SearchAction\",\"target\":{\"@type\":\"EntryPoint\",\"urlTemplate\":\"https:\/\/www.elvalledeloscaidos.es\/portal\/?s={search_term_string}\"},\"query-input\":\"required name=search_term_string\"}],\"inLanguage\":\"es\"},{\"@type\":\"WebPage\",\"@id\":\"https:\/\/www.elvalledeloscaidos.es\/portal\/?p=1139#webpage\",\"url\":\"https:\/\/www.elvalledeloscaidos.es\/portal\/?p=1139\",\"name\":\"LA COMISI\u00d3N DE EXPERTOS DA PISTAS SOBRE SUS INTENCIONES - ADVC\",\"isPartOf\":{\"@id\":\"https:\/\/www.elvalledeloscaidos.es\/portal\/#website\"},\"datePublished\":\"2011-06-26T22:47:58+00:00\",\"dateModified\":\"2011-06-26T22:50:10+00:00\",\"author\":{\"@id\":\"https:\/\/www.elvalledeloscaidos.es\/portal\/#\/schema\/person\/36b3894dc4f1eb332b7fc369aed7eb58\"},\"breadcrumb\":{\"@id\":\"https:\/\/www.elvalledeloscaidos.es\/portal\/?p=1139#breadcrumb\"},\"inLanguage\":\"es\",\"potentialAction\":[{\"@type\":\"ReadAction\",\"target\":[\"https:\/\/www.elvalledeloscaidos.es\/portal\/?p=1139\"]}]},{\"@type\":\"BreadcrumbList\",\"@id\":\"https:\/\/www.elvalledeloscaidos.es\/portal\/?p=1139#breadcrumb\",\"itemListElement\":[{\"@type\":\"ListItem\",\"position\":1,\"name\":\"Portada\",\"item\":\"https:\/\/www.elvalledeloscaidos.es\/portal\"},{\"@type\":\"ListItem\",\"position\":2,\"name\":\"LA COMISI\u00d3N DE EXPERTOS DA PISTAS SOBRE SUS INTENCIONES\"}]},{\"@type\":\"Person\",\"@id\":\"https:\/\/www.elvalledeloscaidos.es\/portal\/#\/schema\/person\/36b3894dc4f1eb332b7fc369aed7eb58\",\"name\":\"linares\",\"image\":{\"@type\":\"ImageObject\",\"@id\":\"https:\/\/www.elvalledeloscaidos.es\/portal\/#personlogo\",\"inLanguage\":\"es\",\"url\":\"https:\/\/secure.gravatar.com\/avatar\/0b6f3a427655ac169c9155e538724b76?s=96&d=mm&r=g\",\"contentUrl\":\"https:\/\/secure.gravatar.com\/avatar\/0b6f3a427655ac169c9155e538724b76?s=96&d=mm&r=g\",\"caption\":\"linares\"},\"url\":\"https:\/\/www.elvalledeloscaidos.es\/portal\/?author=1\"}]}<\/script>\n<!-- \/ Yoast SEO plugin. -->","yoast_head_json":{"title":"LA COMISI\u00d3N DE EXPERTOS DA PISTAS SOBRE SUS INTENCIONES - ADVC","robots":{"index":"index","follow":"follow","max-snippet":"max-snippet:-1","max-image-preview":"max-image-preview:large","max-video-preview":"max-video-preview:-1"},"canonical":"https:\/\/www.elvalledeloscaidos.es\/portal\/?p=1139","og_locale":"es_ES","og_type":"article","og_title":"LA COMISI\u00d3N DE EXPERTOS DA PISTAS SOBRE SUS INTENCIONES - ADVC","og_description":"Ricardo Vinyes uno de los fanaticos (me niego a seguir llamandolos expertos) contratados por el gobierno para decidir el futuro del Valle de los Ca\u00eddos, se ha quitado la m\u00e1scara, y haciendo caso omiso de las recomendaciones de J\u00e1uregui, ha hecho unas declaraciones en La Vanguardia (antes espa\u00f1ola), donde vomita [&hellip;]","og_url":"https:\/\/www.elvalledeloscaidos.es\/portal\/?p=1139","og_site_name":"ADVC","article_published_time":"2011-06-26T22:47:58+00:00","article_modified_time":"2011-06-26T22:50:10+00:00","twitter_card":"summary_large_image","twitter_misc":{"Escrito por":"linares","Tiempo de lectura":"1 minuto"},"schema":{"@context":"https:\/\/schema.org","@graph":[{"@type":"WebSite","@id":"https:\/\/www.elvalledeloscaidos.es\/portal\/#website","url":"https:\/\/www.elvalledeloscaidos.es\/portal\/","name":"ADVC","description":"Asociaci\u00f3n Para la Defensa del Valle de los Ca\u00eddos","potentialAction":[{"@type":"SearchAction","target":{"@type":"EntryPoint","urlTemplate":"https:\/\/www.elvalledeloscaidos.es\/portal\/?s={search_term_string}"},"query-input":"required name=search_term_string"}],"inLanguage":"es"},{"@type":"WebPage","@id":"https:\/\/www.elvalledeloscaidos.es\/portal\/?p=1139#webpage","url":"https:\/\/www.elvalledeloscaidos.es\/portal\/?p=1139","name":"LA COMISI\u00d3N DE EXPERTOS DA PISTAS SOBRE SUS INTENCIONES - ADVC","isPartOf":{"@id":"https:\/\/www.elvalledeloscaidos.es\/portal\/#website"},"datePublished":"2011-06-26T22:47:58+00:00","dateModified":"2011-06-26T22:50:10+00:00","author":{"@id":"https:\/\/www.elvalledeloscaidos.es\/portal\/#\/schema\/person\/36b3894dc4f1eb332b7fc369aed7eb58"},"breadcrumb":{"@id":"https:\/\/www.elvalledeloscaidos.es\/portal\/?p=1139#breadcrumb"},"inLanguage":"es","potentialAction":[{"@type":"ReadAction","target":["https:\/\/www.elvalledeloscaidos.es\/portal\/?p=1139"]}]},{"@type":"BreadcrumbList","@id":"https:\/\/www.elvalledeloscaidos.es\/portal\/?p=1139#breadcrumb","itemListElement":[{"@type":"ListItem","position":1,"name":"Portada","item":"https:\/\/www.elvalledeloscaidos.es\/portal"},{"@type":"ListItem","position":2,"name":"LA COMISI\u00d3N DE EXPERTOS DA PISTAS SOBRE SUS INTENCIONES"}]},{"@type":"Person","@id":"https:\/\/www.elvalledeloscaidos.es\/portal\/#\/schema\/person\/36b3894dc4f1eb332b7fc369aed7eb58","name":"linares","image":{"@type":"ImageObject","@id":"https:\/\/www.elvalledeloscaidos.es\/portal\/#personlogo","inLanguage":"es","url":"https:\/\/secure.gravatar.com\/avatar\/0b6f3a427655ac169c9155e538724b76?s=96&d=mm&r=g","contentUrl":"https:\/\/secure.gravatar.com\/avatar\/0b6f3a427655ac169c9155e538724b76?s=96&d=mm&r=g","caption":"linares"},"url":"https:\/\/www.elvalledeloscaidos.es\/portal\/?author=1"}]}},"_links":{"self":[{"href":"https:\/\/www.elvalledeloscaidos.es\/portal\/index.php?rest_route=\/wp\/v2\/posts\/1139"}],"collection":[{"href":"https:\/\/www.elvalledeloscaidos.es\/portal\/index.php?rest_route=\/wp\/v2\/posts"}],"about":[{"href":"https:\/\/www.elvalledeloscaidos.es\/portal\/index.php?rest_route=\/wp\/v2\/types\/post"}],"author":[{"embeddable":true,"href":"https:\/\/www.elvalledeloscaidos.es\/portal\/index.php?rest_route=\/wp\/v2\/users\/1"}],"replies":[{"embeddable":true,"href":"https:\/\/www.elvalledeloscaidos.es\/portal\/index.php?rest_route=%2Fwp%2Fv2%2Fcomments&post=1139"}],"version-history":[{"count":4,"href":"https:\/\/www.elvalledeloscaidos.es\/portal\/index.php?rest_route=\/wp\/v2\/posts\/1139\/revisions"}],"predecessor-version":[{"id":1142,"href":"https:\/\/www.elvalledeloscaidos.es\/portal\/index.php?rest_route=\/wp\/v2\/posts\/1139\/revisions\/1142"}],"wp:attachment":[{"href":"https:\/\/www.elvalledeloscaidos.es\/portal\/index.php?rest_route=%2Fwp%2Fv2%2Fmedia&parent=1139"}],"wp:term":[{"taxonomy":"category","embeddable":true,"href":"https:\/\/www.elvalledeloscaidos.es\/portal\/index.php?rest_route=%2Fwp%2Fv2%2Fcategories&post=1139"},{"taxonomy":"post_tag","embeddable":true,"href":"https:\/\/www.elvalledeloscaidos.es\/portal\/index.php?rest_route=%2Fwp%2Fv2%2Ftags&post=1139"}],"curies":[{"name":"wp","href":"https:\/\/api.w.org\/{rel}","templated":true}]}}