{"id":1204,"date":"2011-07-06T15:12:56","date_gmt":"2011-07-06T14:12:56","guid":{"rendered":"http:\/\/www.elvalledeloscaidos.es\/portal\/?p=1204"},"modified":"2011-07-06T15:15:46","modified_gmt":"2011-07-06T14:15:46","slug":"juan-de-avalos-artista-universal","status":"publish","type":"post","link":"https:\/\/www.elvalledeloscaidos.es\/portal\/?p=1204","title":{"rendered":"Juan de \u00c1valos, artista universal"},"content":{"rendered":"<p style=\"text-align: justify;\">Juan de \u00c1valos y Garc\u00eda Taborda nos dejaba para siempre el 6 de julio de 2006, a los 94 a\u00f1os, como consecuencia de una parada cardiorespiratoria.<\/p>\n<p style=\"text-align: justify;\">Maestro del monumentalismo m\u00e1s rotundo, el escultor y acad\u00e9mico de Bellas Artes, una de las figuras m\u00e1s representativas del arte espa\u00f1ol del pasado siglo XX, hab\u00eda nacido en M\u00e9rida, el 21 de octubre de 1911.<\/p>\n<p style=\"text-align: justify;\"><!--more--><\/p>\n<p style=\"text-align: justify;\">El maestro siempre ser\u00e1 recordado por obras como las realizadas para el Valle de los Ca\u00eddos, el mausoleo de los Amantes de Teruel, el \u201cAngel de la paz\u201d en Valdepe\u00f1as o el \u201cArco del Triunfo a la Independencia\u201d en la Rep\u00fablica Dominicana.<\/p>\n<p style=\"text-align: justify;\">Con ocho a\u00f1os la familia de Juan de \u00c1valos se traslad\u00f3 a Madrid. A los doce a\u00f1os empez\u00f3 a visitar el Cas\u00f3n del Buen Retiro, entonces Museo de Reproducciones, donde copiaba a carboncillo los grandes modelos de la tradici\u00f3n escult\u00f3rica. Fue su padre quien le ayud\u00f3 a encontrar trabajo en un taller de restauraci\u00f3n de muebles y antig\u00fcedades. All\u00ed trabaj\u00f3 durante dos a\u00f1os aprendiendo la t\u00e9cnica de la talla y aunque su familia regres\u00f3 a M\u00e9rida, el futuro escultor permaneci\u00f3 en Madrid para ingresar en la Escuela Superior de Pintura, Escultura y Grabado.<\/p>\n<p>\u00a0<br \/>\n<center><\/p>\n<p style=\"text-align: justify;\"><img decoding=\"async\" loading=\"lazy\" class=\"aligncenter size-full wp-image-1205\" title=\"Juan de \u00c1valos\" src=\"http:\/\/www.elvalledeloscaidos.es\/portal\/wp-content\/uploads\/2011\/07\/000000008.jpg\" alt=\"\" width=\"450\" height=\"425\" \/><\/p>\n<p><\/center><\/p>\n<p style=\"text-align: justify;\">All\u00ed comenz\u00f3 la carrera en 1926 y la termin\u00f3 en 1931 de forma brillante, obteniendo los t\u00edtulos de dibujo y grabado en hueco y los premios de modelado y escultura. En 1933, despu\u00e9s de rechazar una beca para estudiar en el extranjero, volvi\u00f3 a M\u00e9rida donde obtuvo una plaza de Profesor de T\u00e9rmino de Modelado y Vaciado en la Escuela de Artes y Oficios y tras la Guerra Civil, se traslad\u00f3 a Madrid para trabajar como dibujante y jefe de publicidad de una empresa.<\/p>\n<p style=\"text-align: justify;\">Antes de la guerra el escultor se afili\u00f3 al Partido Socialista en su M\u00e9rida natal y tras el conflicto armado su pasado pol\u00edtico le pas\u00f3 factura hasta el punto de aparecer en un Bolet\u00edn Oficial del Estado de 1942 como falto de afecto al R\u00e9gimen. Esta presi\u00f3n, unida a la dificultad para encontrar trabajo le llevaron a exiliarse en Portugal, donde permaneci\u00f3 durante varios a\u00f1os.<\/p>\n<p style=\"text-align: justify;\">Pero su situaci\u00f3n cambi\u00f3 radicalmente cuando gan\u00f3 el concurso para la construcci\u00f3n de las estatuas del Valle de los Ca\u00eddos a pesar de las protestas de algunos acad\u00e9micos por su falta de afecci\u00f3n al r\u00e9gimen. El artista plasm\u00f3 entonces su inmenso genio en las esculturas de los cuatro evangelistas y sus s\u00edmbolos: Juan y el \u00c1guila, Lucas y el Toro, Marcos y el Le\u00f3n y Mateo y el Hombre alado.<\/p>\n<p style=\"text-align: justify;\">Autor irrepetible de obras monumentales, no s\u00f3lo en el impresionante conjunto de el Valle de los Ca\u00eddos, sino tambi\u00e9n \u201cEl Sagrado Coraz\u00f3n\u201d en Guayaquil o el \u201cHomenaje a Cuba\u201d en La Habana, Juan de \u00c1valos inmortaliz\u00f3 adem\u00e1s a grandes personalidades como Jos\u00e9 Mar\u00eda Pem\u00e1n, Jim\u00e9nez D\u00edaz, Manolete, Cervantes, Fernando el Cat\u00f3lico o el monumento a Luis Carrero Blanco en Santo\u00f1a.<\/p>\n<p style=\"text-align: justify;\">En su amada Extremadura, en Badajoz, realiz\u00f3 el \u201cMonumento a Covars\u00ed\u201d y \u201cEl H\u00e9roe Ca\u00eddo\u201d que forma un conjunto con los originales en bronce de los cuatro evangelistas, as\u00ed como la fuente al \u201cGenio de Extremadura\u201d y el \u201cMonumento a los Extreme\u00f1os Universales\u201d. Adem\u00e1s, para M\u00e9rida, su ciudad natal, realiz\u00f3 la gran estatua en recuerdo de los em\u00e9ritos muertos en las guerras.<\/p>\n<p style=\"text-align: justify;\">El maestro es tambi\u00e9n el autor de la estatua de Juan Pablo II de la catedral de Nuestra Se\u00f1ora de la Almudena de Madrid y de la estatua de \u201cJuan Pablo II y la Virgen Mar\u00eda\u201d, que puede ser considerada como su \u00faltima obra, promovida por el Grupo Intereconom\u00eda, sufragada por suscripci\u00f3n popular y erigida en 2005, el 8 de diciembre, d\u00eda de la Inmaculada Concepci\u00f3n, en el madrile\u00f1o Paseo de la Castellana, presidiendo la entrada a las instalaciones de esta casa.<\/p>\n<p style=\"text-align: justify;\">A lo largo de toda su carrera, recibi\u00f3 innumerables distinciones entre las que destacan la Gran Cruz del M\u00e9rito Civil o las Medallas de la Orden Nacional al M\u00e9rito de Ecuador y de la Exposici\u00f3n Nacional de Bellas Artes de Madrid. Adem\u00e1s era miembro honor\u00edfico de la Real Academia de Mosc\u00fa y Acad\u00e9mico de N\u00famero de la Real Academia de Bellas Artes de San Fernando de Madrid y en 1995 fue homenajeado por la localidad pacense de San Pedro de M\u00e9rida, en un emotivo acto en el que el escultor inaugur\u00f3 un monumento dedicado a la avenida que desde entonces lleva su nombre.<\/p>\n<p style=\"text-align: justify;\">Con su obra repartida por los cinco continentes, el escultor se mantuvo en activo hasta el momento de su muerte. De hecho, \u00e9sta le sorprendi\u00f3 cuando se encontraba trabajando en las estatuas del gobernador y el virrey de Florida, para el gobierno de los EE.UU, con destino a Washington y Miami.<\/p>\n<p style=\"text-align: center;\"><img decoding=\"async\" loading=\"lazy\" class=\"aligncenter size-full wp-image-1206\" title=\"Sepultura de a familia \u00c1valos en el cementerio de M\u00e9rida\" src=\"http:\/\/www.elvalledeloscaidos.es\/portal\/wp-content\/uploads\/2011\/07\/DSC03961.jpg\" alt=\"\" width=\"475\" height=\"356\" srcset=\"https:\/\/www.elvalledeloscaidos.es\/portal\/wp-content\/uploads\/2011\/07\/DSC03961.jpg 1472w, https:\/\/www.elvalledeloscaidos.es\/portal\/wp-content\/uploads\/2011\/07\/DSC03961-300x225.jpg 300w, https:\/\/www.elvalledeloscaidos.es\/portal\/wp-content\/uploads\/2011\/07\/DSC03961-1024x768.jpg 1024w\" sizes=\"(max-width: 475px) 100vw, 475px\" \/><\/p>\n<p style=\"text-align: justify;\">El irrepetible artista que gustaba definirse a s\u00ed mismo como \u201cpicapedrero\u201d porque, explicaba, como el obrero \u00e9l tambi\u00e9n se ganaba el pan a base de trabajar con sus manos la piedra, descansa para siempre junto a sus padres, en el pante\u00f3n familiar del cementerio de M\u00e9rida.<\/p>\n<p>Antonio Castillejo<br \/>\nwww.intereconom\u00eda.com<\/p>\n","protected":false},"excerpt":{"rendered":"<p>Juan de \u00c1valos y Garc\u00eda Taborda nos dejaba para siempre el 6 de julio de 2006, a los 94 a\u00f1os, como consecuencia de una parada cardiorespiratoria. Maestro del monumentalismo m\u00e1s rotundo, el escultor y acad\u00e9mico de Bellas Artes, una de las figuras m\u00e1s representativas del arte espa\u00f1ol del pasado siglo [&hellip;]<\/p>\n","protected":false},"author":1,"featured_media":0,"comment_status":"open","ping_status":"open","sticky":false,"template":"","format":"standard","meta":[],"categories":[4],"tags":[],"yoast_head":"<!-- This site is optimized with the Yoast SEO plugin v18.6 - https:\/\/yoast.com\/wordpress\/plugins\/seo\/ -->\n<title>Juan de \u00c1valos, artista universal - ADVC<\/title>\n<meta name=\"robots\" content=\"index, follow, max-snippet:-1, max-image-preview:large, max-video-preview:-1\" \/>\n<link rel=\"canonical\" href=\"https:\/\/www.elvalledeloscaidos.es\/portal\/?p=1204\" \/>\n<meta property=\"og:locale\" content=\"es_ES\" \/>\n<meta property=\"og:type\" content=\"article\" \/>\n<meta property=\"og:title\" content=\"Juan de \u00c1valos, artista universal - ADVC\" \/>\n<meta property=\"og:description\" content=\"Juan de \u00c1valos y Garc\u00eda Taborda nos dejaba para siempre el 6 de julio de 2006, a los 94 a\u00f1os, como consecuencia de una parada cardiorespiratoria. Maestro del monumentalismo m\u00e1s rotundo, el escultor y acad\u00e9mico de Bellas Artes, una de las figuras m\u00e1s representativas del arte espa\u00f1ol del pasado siglo [&hellip;]\" \/>\n<meta property=\"og:url\" content=\"https:\/\/www.elvalledeloscaidos.es\/portal\/?p=1204\" \/>\n<meta property=\"og:site_name\" content=\"ADVC\" \/>\n<meta property=\"article:published_time\" content=\"2011-07-06T14:12:56+00:00\" \/>\n<meta property=\"article:modified_time\" content=\"2011-07-06T14:15:46+00:00\" \/>\n<meta property=\"og:image\" content=\"http:\/\/www.elvalledeloscaidos.es\/portal\/wp-content\/uploads\/2011\/07\/000000008.jpg\" \/>\n<meta name=\"twitter:card\" content=\"summary_large_image\" \/>\n<meta name=\"twitter:label1\" content=\"Escrito por\" \/>\n\t<meta name=\"twitter:data1\" content=\"linares\" \/>\n\t<meta name=\"twitter:label2\" content=\"Tiempo de lectura\" \/>\n\t<meta name=\"twitter:data2\" content=\"4 minutos\" \/>\n<script type=\"application\/ld+json\" class=\"yoast-schema-graph\">{\"@context\":\"https:\/\/schema.org\",\"@graph\":[{\"@type\":\"WebSite\",\"@id\":\"https:\/\/www.elvalledeloscaidos.es\/portal\/#website\",\"url\":\"https:\/\/www.elvalledeloscaidos.es\/portal\/\",\"name\":\"ADVC\",\"description\":\"Asociaci\u00f3n Para la Defensa del Valle de los Ca\u00eddos\",\"potentialAction\":[{\"@type\":\"SearchAction\",\"target\":{\"@type\":\"EntryPoint\",\"urlTemplate\":\"https:\/\/www.elvalledeloscaidos.es\/portal\/?s={search_term_string}\"},\"query-input\":\"required name=search_term_string\"}],\"inLanguage\":\"es\"},{\"@type\":\"ImageObject\",\"@id\":\"https:\/\/www.elvalledeloscaidos.es\/portal\/?p=1204#primaryimage\",\"inLanguage\":\"es\",\"url\":\"http:\/\/www.elvalledeloscaidos.es\/portal\/wp-content\/uploads\/2011\/07\/000000008.jpg\",\"contentUrl\":\"http:\/\/www.elvalledeloscaidos.es\/portal\/wp-content\/uploads\/2011\/07\/000000008.jpg\"},{\"@type\":\"WebPage\",\"@id\":\"https:\/\/www.elvalledeloscaidos.es\/portal\/?p=1204#webpage\",\"url\":\"https:\/\/www.elvalledeloscaidos.es\/portal\/?p=1204\",\"name\":\"Juan de \u00c1valos, artista universal - ADVC\",\"isPartOf\":{\"@id\":\"https:\/\/www.elvalledeloscaidos.es\/portal\/#website\"},\"primaryImageOfPage\":{\"@id\":\"https:\/\/www.elvalledeloscaidos.es\/portal\/?p=1204#primaryimage\"},\"datePublished\":\"2011-07-06T14:12:56+00:00\",\"dateModified\":\"2011-07-06T14:15:46+00:00\",\"author\":{\"@id\":\"https:\/\/www.elvalledeloscaidos.es\/portal\/#\/schema\/person\/36b3894dc4f1eb332b7fc369aed7eb58\"},\"breadcrumb\":{\"@id\":\"https:\/\/www.elvalledeloscaidos.es\/portal\/?p=1204#breadcrumb\"},\"inLanguage\":\"es\",\"potentialAction\":[{\"@type\":\"ReadAction\",\"target\":[\"https:\/\/www.elvalledeloscaidos.es\/portal\/?p=1204\"]}]},{\"@type\":\"BreadcrumbList\",\"@id\":\"https:\/\/www.elvalledeloscaidos.es\/portal\/?p=1204#breadcrumb\",\"itemListElement\":[{\"@type\":\"ListItem\",\"position\":1,\"name\":\"Portada\",\"item\":\"https:\/\/www.elvalledeloscaidos.es\/portal\"},{\"@type\":\"ListItem\",\"position\":2,\"name\":\"Juan de \u00c1valos, artista universal\"}]},{\"@type\":\"Person\",\"@id\":\"https:\/\/www.elvalledeloscaidos.es\/portal\/#\/schema\/person\/36b3894dc4f1eb332b7fc369aed7eb58\",\"name\":\"linares\",\"image\":{\"@type\":\"ImageObject\",\"@id\":\"https:\/\/www.elvalledeloscaidos.es\/portal\/#personlogo\",\"inLanguage\":\"es\",\"url\":\"https:\/\/secure.gravatar.com\/avatar\/0b6f3a427655ac169c9155e538724b76?s=96&d=mm&r=g\",\"contentUrl\":\"https:\/\/secure.gravatar.com\/avatar\/0b6f3a427655ac169c9155e538724b76?s=96&d=mm&r=g\",\"caption\":\"linares\"},\"url\":\"https:\/\/www.elvalledeloscaidos.es\/portal\/?author=1\"}]}<\/script>\n<!-- \/ Yoast SEO plugin. -->","yoast_head_json":{"title":"Juan de \u00c1valos, artista universal - ADVC","robots":{"index":"index","follow":"follow","max-snippet":"max-snippet:-1","max-image-preview":"max-image-preview:large","max-video-preview":"max-video-preview:-1"},"canonical":"https:\/\/www.elvalledeloscaidos.es\/portal\/?p=1204","og_locale":"es_ES","og_type":"article","og_title":"Juan de \u00c1valos, artista universal - ADVC","og_description":"Juan de \u00c1valos y Garc\u00eda Taborda nos dejaba para siempre el 6 de julio de 2006, a los 94 a\u00f1os, como consecuencia de una parada cardiorespiratoria. Maestro del monumentalismo m\u00e1s rotundo, el escultor y acad\u00e9mico de Bellas Artes, una de las figuras m\u00e1s representativas del arte espa\u00f1ol del pasado siglo [&hellip;]","og_url":"https:\/\/www.elvalledeloscaidos.es\/portal\/?p=1204","og_site_name":"ADVC","article_published_time":"2011-07-06T14:12:56+00:00","article_modified_time":"2011-07-06T14:15:46+00:00","og_image":[{"url":"http:\/\/www.elvalledeloscaidos.es\/portal\/wp-content\/uploads\/2011\/07\/000000008.jpg"}],"twitter_card":"summary_large_image","twitter_misc":{"Escrito por":"linares","Tiempo de lectura":"4 minutos"},"schema":{"@context":"https:\/\/schema.org","@graph":[{"@type":"WebSite","@id":"https:\/\/www.elvalledeloscaidos.es\/portal\/#website","url":"https:\/\/www.elvalledeloscaidos.es\/portal\/","name":"ADVC","description":"Asociaci\u00f3n Para la Defensa del Valle de los Ca\u00eddos","potentialAction":[{"@type":"SearchAction","target":{"@type":"EntryPoint","urlTemplate":"https:\/\/www.elvalledeloscaidos.es\/portal\/?s={search_term_string}"},"query-input":"required name=search_term_string"}],"inLanguage":"es"},{"@type":"ImageObject","@id":"https:\/\/www.elvalledeloscaidos.es\/portal\/?p=1204#primaryimage","inLanguage":"es","url":"http:\/\/www.elvalledeloscaidos.es\/portal\/wp-content\/uploads\/2011\/07\/000000008.jpg","contentUrl":"http:\/\/www.elvalledeloscaidos.es\/portal\/wp-content\/uploads\/2011\/07\/000000008.jpg"},{"@type":"WebPage","@id":"https:\/\/www.elvalledeloscaidos.es\/portal\/?p=1204#webpage","url":"https:\/\/www.elvalledeloscaidos.es\/portal\/?p=1204","name":"Juan de \u00c1valos, artista universal - ADVC","isPartOf":{"@id":"https:\/\/www.elvalledeloscaidos.es\/portal\/#website"},"primaryImageOfPage":{"@id":"https:\/\/www.elvalledeloscaidos.es\/portal\/?p=1204#primaryimage"},"datePublished":"2011-07-06T14:12:56+00:00","dateModified":"2011-07-06T14:15:46+00:00","author":{"@id":"https:\/\/www.elvalledeloscaidos.es\/portal\/#\/schema\/person\/36b3894dc4f1eb332b7fc369aed7eb58"},"breadcrumb":{"@id":"https:\/\/www.elvalledeloscaidos.es\/portal\/?p=1204#breadcrumb"},"inLanguage":"es","potentialAction":[{"@type":"ReadAction","target":["https:\/\/www.elvalledeloscaidos.es\/portal\/?p=1204"]}]},{"@type":"BreadcrumbList","@id":"https:\/\/www.elvalledeloscaidos.es\/portal\/?p=1204#breadcrumb","itemListElement":[{"@type":"ListItem","position":1,"name":"Portada","item":"https:\/\/www.elvalledeloscaidos.es\/portal"},{"@type":"ListItem","position":2,"name":"Juan de \u00c1valos, artista universal"}]},{"@type":"Person","@id":"https:\/\/www.elvalledeloscaidos.es\/portal\/#\/schema\/person\/36b3894dc4f1eb332b7fc369aed7eb58","name":"linares","image":{"@type":"ImageObject","@id":"https:\/\/www.elvalledeloscaidos.es\/portal\/#personlogo","inLanguage":"es","url":"https:\/\/secure.gravatar.com\/avatar\/0b6f3a427655ac169c9155e538724b76?s=96&d=mm&r=g","contentUrl":"https:\/\/secure.gravatar.com\/avatar\/0b6f3a427655ac169c9155e538724b76?s=96&d=mm&r=g","caption":"linares"},"url":"https:\/\/www.elvalledeloscaidos.es\/portal\/?author=1"}]}},"_links":{"self":[{"href":"https:\/\/www.elvalledeloscaidos.es\/portal\/index.php?rest_route=\/wp\/v2\/posts\/1204"}],"collection":[{"href":"https:\/\/www.elvalledeloscaidos.es\/portal\/index.php?rest_route=\/wp\/v2\/posts"}],"about":[{"href":"https:\/\/www.elvalledeloscaidos.es\/portal\/index.php?rest_route=\/wp\/v2\/types\/post"}],"author":[{"embeddable":true,"href":"https:\/\/www.elvalledeloscaidos.es\/portal\/index.php?rest_route=\/wp\/v2\/users\/1"}],"replies":[{"embeddable":true,"href":"https:\/\/www.elvalledeloscaidos.es\/portal\/index.php?rest_route=%2Fwp%2Fv2%2Fcomments&post=1204"}],"version-history":[{"count":4,"href":"https:\/\/www.elvalledeloscaidos.es\/portal\/index.php?rest_route=\/wp\/v2\/posts\/1204\/revisions"}],"predecessor-version":[{"id":1209,"href":"https:\/\/www.elvalledeloscaidos.es\/portal\/index.php?rest_route=\/wp\/v2\/posts\/1204\/revisions\/1209"}],"wp:attachment":[{"href":"https:\/\/www.elvalledeloscaidos.es\/portal\/index.php?rest_route=%2Fwp%2Fv2%2Fmedia&parent=1204"}],"wp:term":[{"taxonomy":"category","embeddable":true,"href":"https:\/\/www.elvalledeloscaidos.es\/portal\/index.php?rest_route=%2Fwp%2Fv2%2Fcategories&post=1204"},{"taxonomy":"post_tag","embeddable":true,"href":"https:\/\/www.elvalledeloscaidos.es\/portal\/index.php?rest_route=%2Fwp%2Fv2%2Ftags&post=1204"}],"curies":[{"name":"wp","href":"https:\/\/api.w.org\/{rel}","templated":true}]}}