{"id":1267,"date":"2011-07-20T08:12:32","date_gmt":"2011-07-20T07:12:32","guid":{"rendered":"http:\/\/www.elvalledeloscaidos.es\/portal\/?p=1267"},"modified":"2011-07-20T08:13:05","modified_gmt":"2011-07-20T07:13:05","slug":"rouco-no-quiere-que-benedicto-xvi-visite-el-valle-de-los-caidos-en-la-jmj","status":"publish","type":"post","link":"https:\/\/www.elvalledeloscaidos.es\/portal\/?p=1267","title":{"rendered":"Rouco no quiere que Benedicto XVI visite el Valle de los Ca\u00eddos en la JMJ"},"content":{"rendered":"<p>\n<p>De La Gaceta de hoy 20 de julio de 2011<\/p>\n<p>Rouco no quiere que Benedicto XVI visite el Valle de los Ca\u00eddos en la JMJ<\/p>\n<p>Siendo cardenal, Ratzinger visit\u00f3 el monasterio. El nuncio ha estado dos veces recientemente.<\/p>\n<p><!--more--><\/p>\n<p style=\"text-align: justify;\">La organizaci\u00f3n de la Jornada Mundial de la Juventud (JMJ) no desea que Benedicto XVI visite el monasterio del Valle de los Ca\u00eddos, como hubiera sido su deseo, e incluso que la Escolan\u00eda del Valle cante para el Papa en alguno de los eventos de la JMJ. La marginaci\u00f3n del Valle en este evento, de cuya organizaci\u00f3n es responsable el cardenal de Madrid, Antonio Mar\u00eda Rouco, es tanto m\u00e1s llamativa cuanto que el Papa ir\u00e1 a El Escorial, donde cantar\u00e1 la Escolan\u00eda de ese monasterio. Desde que a principios de 2010 Patrimonio Nacional inici\u00f3 el boicot al Valle de los Ca\u00eddos, cerr\u00e1ndolo con excusa de unas obras inexistentes, los monjes benedictinos de la abad\u00eda no han obtenido p\u00fablicamente el apoyo del arzobispo de Madrid. En enero de 2011 recibieron la visita del obispo de \u00c1vila, Jes\u00fas Garc\u00eda Burillo, y m\u00e1s recientemente, la del nuncio Renzo Fratini, que ofici\u00f3 el 11 de julio la misa de la fiesta de San Benito. monse\u00f1or Fratini visit\u00f3 previamente la bas\u00edlica de inc\u00f3gnito, mezclado con los fieles que asist\u00edan a misa.<\/p>\n<p style=\"text-align: justify;\">\u00c9xito en Croacia<\/p>\n<p style=\"text-align: justify;\">Ni el aprecio manifestado en 1989 por Ratzinger hacia el Valle, asintiendo a los comentarios sobre la oportunidad de una eventual peregrinaci\u00f3n papal, ni el prestigio de la Escolan\u00eda, \u00fanica del mundo que canta diariamente la misa solemne en gregoriano, han podido cambiar la opini\u00f3n de Rouco, contraria a que el Papa lo visite durante la JMJ.<\/p>\n<p style=\"text-align: justify;\">La m\u00e1s reciente muestra del prestigio de la Escolan\u00eda tuvo lugar durante su actuaci\u00f3n, el 19 de junio, en la catedral de San Blas en Dubrovnik (Croacia). All\u00ed el solista V\u00edctor D\u00edaz Torres estren\u00f3 un preg\u00f3n pascual escrito en esa ciudad y titulado Ang\u00e9lica Exultet, del siglo XII, que durante siglos no se hab\u00eda podido interpretar.<\/p>\n<p style=\"text-align: justify;\">Los monjes del Valle tendr\u00e1n que conformarse con ver pasar al Papa por delante del Valle y adornar la bas\u00edlica todo lo profusamente que, gracias a los donativos de los fieles, puedan.<\/p>\n","protected":false},"excerpt":{"rendered":"<p>De La Gaceta de hoy 20 de julio de 2011 Rouco no quiere que Benedicto XVI visite el Valle de los Ca\u00eddos en la JMJ Siendo cardenal, Ratzinger visit\u00f3 el monasterio. El nuncio ha estado dos veces recientemente.<\/p>\n","protected":false},"author":1,"featured_media":0,"comment_status":"open","ping_status":"open","sticky":false,"template":"","format":"standard","meta":[],"categories":[4],"tags":[],"yoast_head":"<!-- This site is optimized with the Yoast SEO plugin v18.6 - https:\/\/yoast.com\/wordpress\/plugins\/seo\/ -->\n<title>Rouco no quiere que Benedicto XVI visite el Valle de los Ca\u00eddos en la JMJ - ADVC<\/title>\n<meta name=\"robots\" content=\"index, follow, max-snippet:-1, max-image-preview:large, max-video-preview:-1\" \/>\n<link rel=\"canonical\" href=\"https:\/\/www.elvalledeloscaidos.es\/portal\/?p=1267\" \/>\n<meta property=\"og:locale\" content=\"es_ES\" \/>\n<meta property=\"og:type\" content=\"article\" \/>\n<meta property=\"og:title\" content=\"Rouco no quiere que Benedicto XVI visite el Valle de los Ca\u00eddos en la JMJ - ADVC\" \/>\n<meta property=\"og:description\" content=\"De La Gaceta de hoy 20 de julio de 2011 Rouco no quiere que Benedicto XVI visite el Valle de los Ca\u00eddos en la JMJ Siendo cardenal, Ratzinger visit\u00f3 el monasterio. El nuncio ha estado dos veces recientemente.\" \/>\n<meta property=\"og:url\" content=\"https:\/\/www.elvalledeloscaidos.es\/portal\/?p=1267\" \/>\n<meta property=\"og:site_name\" content=\"ADVC\" \/>\n<meta property=\"article:published_time\" content=\"2011-07-20T07:12:32+00:00\" \/>\n<meta property=\"article:modified_time\" content=\"2011-07-20T07:13:05+00:00\" \/>\n<meta name=\"twitter:card\" content=\"summary_large_image\" \/>\n<meta name=\"twitter:label1\" content=\"Escrito por\" \/>\n\t<meta name=\"twitter:data1\" content=\"linares\" \/>\n\t<meta name=\"twitter:label2\" content=\"Tiempo de lectura\" \/>\n\t<meta name=\"twitter:data2\" content=\"2 minutos\" \/>\n<script type=\"application\/ld+json\" class=\"yoast-schema-graph\">{\"@context\":\"https:\/\/schema.org\",\"@graph\":[{\"@type\":\"WebSite\",\"@id\":\"https:\/\/www.elvalledeloscaidos.es\/portal\/#website\",\"url\":\"https:\/\/www.elvalledeloscaidos.es\/portal\/\",\"name\":\"ADVC\",\"description\":\"Asociaci\u00f3n Para la Defensa del Valle de los Ca\u00eddos\",\"potentialAction\":[{\"@type\":\"SearchAction\",\"target\":{\"@type\":\"EntryPoint\",\"urlTemplate\":\"https:\/\/www.elvalledeloscaidos.es\/portal\/?s={search_term_string}\"},\"query-input\":\"required name=search_term_string\"}],\"inLanguage\":\"es\"},{\"@type\":\"WebPage\",\"@id\":\"https:\/\/www.elvalledeloscaidos.es\/portal\/?p=1267#webpage\",\"url\":\"https:\/\/www.elvalledeloscaidos.es\/portal\/?p=1267\",\"name\":\"Rouco no quiere que Benedicto XVI visite el Valle de los Ca\u00eddos en la JMJ - ADVC\",\"isPartOf\":{\"@id\":\"https:\/\/www.elvalledeloscaidos.es\/portal\/#website\"},\"datePublished\":\"2011-07-20T07:12:32+00:00\",\"dateModified\":\"2011-07-20T07:13:05+00:00\",\"author\":{\"@id\":\"https:\/\/www.elvalledeloscaidos.es\/portal\/#\/schema\/person\/36b3894dc4f1eb332b7fc369aed7eb58\"},\"breadcrumb\":{\"@id\":\"https:\/\/www.elvalledeloscaidos.es\/portal\/?p=1267#breadcrumb\"},\"inLanguage\":\"es\",\"potentialAction\":[{\"@type\":\"ReadAction\",\"target\":[\"https:\/\/www.elvalledeloscaidos.es\/portal\/?p=1267\"]}]},{\"@type\":\"BreadcrumbList\",\"@id\":\"https:\/\/www.elvalledeloscaidos.es\/portal\/?p=1267#breadcrumb\",\"itemListElement\":[{\"@type\":\"ListItem\",\"position\":1,\"name\":\"Portada\",\"item\":\"https:\/\/www.elvalledeloscaidos.es\/portal\"},{\"@type\":\"ListItem\",\"position\":2,\"name\":\"Rouco no quiere que Benedicto XVI visite el Valle de los Ca\u00eddos en la JMJ\"}]},{\"@type\":\"Person\",\"@id\":\"https:\/\/www.elvalledeloscaidos.es\/portal\/#\/schema\/person\/36b3894dc4f1eb332b7fc369aed7eb58\",\"name\":\"linares\",\"image\":{\"@type\":\"ImageObject\",\"@id\":\"https:\/\/www.elvalledeloscaidos.es\/portal\/#personlogo\",\"inLanguage\":\"es\",\"url\":\"https:\/\/secure.gravatar.com\/avatar\/0b6f3a427655ac169c9155e538724b76?s=96&d=mm&r=g\",\"contentUrl\":\"https:\/\/secure.gravatar.com\/avatar\/0b6f3a427655ac169c9155e538724b76?s=96&d=mm&r=g\",\"caption\":\"linares\"},\"url\":\"https:\/\/www.elvalledeloscaidos.es\/portal\/?author=1\"}]}<\/script>\n<!-- \/ Yoast SEO plugin. -->","yoast_head_json":{"title":"Rouco no quiere que Benedicto XVI visite el Valle de los Ca\u00eddos en la JMJ - ADVC","robots":{"index":"index","follow":"follow","max-snippet":"max-snippet:-1","max-image-preview":"max-image-preview:large","max-video-preview":"max-video-preview:-1"},"canonical":"https:\/\/www.elvalledeloscaidos.es\/portal\/?p=1267","og_locale":"es_ES","og_type":"article","og_title":"Rouco no quiere que Benedicto XVI visite el Valle de los Ca\u00eddos en la JMJ - ADVC","og_description":"De La Gaceta de hoy 20 de julio de 2011 Rouco no quiere que Benedicto XVI visite el Valle de los Ca\u00eddos en la JMJ Siendo cardenal, Ratzinger visit\u00f3 el monasterio. El nuncio ha estado dos veces recientemente.","og_url":"https:\/\/www.elvalledeloscaidos.es\/portal\/?p=1267","og_site_name":"ADVC","article_published_time":"2011-07-20T07:12:32+00:00","article_modified_time":"2011-07-20T07:13:05+00:00","twitter_card":"summary_large_image","twitter_misc":{"Escrito por":"linares","Tiempo de lectura":"2 minutos"},"schema":{"@context":"https:\/\/schema.org","@graph":[{"@type":"WebSite","@id":"https:\/\/www.elvalledeloscaidos.es\/portal\/#website","url":"https:\/\/www.elvalledeloscaidos.es\/portal\/","name":"ADVC","description":"Asociaci\u00f3n Para la Defensa del Valle de los Ca\u00eddos","potentialAction":[{"@type":"SearchAction","target":{"@type":"EntryPoint","urlTemplate":"https:\/\/www.elvalledeloscaidos.es\/portal\/?s={search_term_string}"},"query-input":"required name=search_term_string"}],"inLanguage":"es"},{"@type":"WebPage","@id":"https:\/\/www.elvalledeloscaidos.es\/portal\/?p=1267#webpage","url":"https:\/\/www.elvalledeloscaidos.es\/portal\/?p=1267","name":"Rouco no quiere que Benedicto XVI visite el Valle de los Ca\u00eddos en la JMJ - ADVC","isPartOf":{"@id":"https:\/\/www.elvalledeloscaidos.es\/portal\/#website"},"datePublished":"2011-07-20T07:12:32+00:00","dateModified":"2011-07-20T07:13:05+00:00","author":{"@id":"https:\/\/www.elvalledeloscaidos.es\/portal\/#\/schema\/person\/36b3894dc4f1eb332b7fc369aed7eb58"},"breadcrumb":{"@id":"https:\/\/www.elvalledeloscaidos.es\/portal\/?p=1267#breadcrumb"},"inLanguage":"es","potentialAction":[{"@type":"ReadAction","target":["https:\/\/www.elvalledeloscaidos.es\/portal\/?p=1267"]}]},{"@type":"BreadcrumbList","@id":"https:\/\/www.elvalledeloscaidos.es\/portal\/?p=1267#breadcrumb","itemListElement":[{"@type":"ListItem","position":1,"name":"Portada","item":"https:\/\/www.elvalledeloscaidos.es\/portal"},{"@type":"ListItem","position":2,"name":"Rouco no quiere que Benedicto XVI visite el Valle de los Ca\u00eddos en la JMJ"}]},{"@type":"Person","@id":"https:\/\/www.elvalledeloscaidos.es\/portal\/#\/schema\/person\/36b3894dc4f1eb332b7fc369aed7eb58","name":"linares","image":{"@type":"ImageObject","@id":"https:\/\/www.elvalledeloscaidos.es\/portal\/#personlogo","inLanguage":"es","url":"https:\/\/secure.gravatar.com\/avatar\/0b6f3a427655ac169c9155e538724b76?s=96&d=mm&r=g","contentUrl":"https:\/\/secure.gravatar.com\/avatar\/0b6f3a427655ac169c9155e538724b76?s=96&d=mm&r=g","caption":"linares"},"url":"https:\/\/www.elvalledeloscaidos.es\/portal\/?author=1"}]}},"_links":{"self":[{"href":"https:\/\/www.elvalledeloscaidos.es\/portal\/index.php?rest_route=\/wp\/v2\/posts\/1267"}],"collection":[{"href":"https:\/\/www.elvalledeloscaidos.es\/portal\/index.php?rest_route=\/wp\/v2\/posts"}],"about":[{"href":"https:\/\/www.elvalledeloscaidos.es\/portal\/index.php?rest_route=\/wp\/v2\/types\/post"}],"author":[{"embeddable":true,"href":"https:\/\/www.elvalledeloscaidos.es\/portal\/index.php?rest_route=\/wp\/v2\/users\/1"}],"replies":[{"embeddable":true,"href":"https:\/\/www.elvalledeloscaidos.es\/portal\/index.php?rest_route=%2Fwp%2Fv2%2Fcomments&post=1267"}],"version-history":[{"count":4,"href":"https:\/\/www.elvalledeloscaidos.es\/portal\/index.php?rest_route=\/wp\/v2\/posts\/1267\/revisions"}],"predecessor-version":[{"id":5612,"href":"https:\/\/www.elvalledeloscaidos.es\/portal\/index.php?rest_route=\/wp\/v2\/posts\/1267\/revisions\/5612"}],"wp:attachment":[{"href":"https:\/\/www.elvalledeloscaidos.es\/portal\/index.php?rest_route=%2Fwp%2Fv2%2Fmedia&parent=1267"}],"wp:term":[{"taxonomy":"category","embeddable":true,"href":"https:\/\/www.elvalledeloscaidos.es\/portal\/index.php?rest_route=%2Fwp%2Fv2%2Fcategories&post=1267"},{"taxonomy":"post_tag","embeddable":true,"href":"https:\/\/www.elvalledeloscaidos.es\/portal\/index.php?rest_route=%2Fwp%2Fv2%2Ftags&post=1267"}],"curies":[{"name":"wp","href":"https:\/\/api.w.org\/{rel}","templated":true}]}}