{"id":1463,"date":"2011-09-16T14:25:44","date_gmt":"2011-09-16T13:25:44","guid":{"rendered":"http:\/\/www.elvalledeloscaidos.es\/portal\/?p=1463"},"modified":"2011-09-16T14:28:21","modified_gmt":"2011-09-16T13:28:21","slug":"el-valor-y-la-fuerza-del-simbolo","status":"publish","type":"post","link":"https:\/\/www.elvalledeloscaidos.es\/portal\/?p=1463","title":{"rendered":"El valor y la fuerza del s\u00edmbolo"},"content":{"rendered":"<p style=\"text-align: justify;\">Detenga el lector un instante su \u00edmpetu de lectura \u2014que agradezco y conmigo quienes, conocidos o no, se sienten en mis palabras representados\u2014, d\u00e9 licencia a su imaginaci\u00f3n, respire hondo dos o tres veces, a\u00edsle de ansias el esp\u00edritu y d\u00e9jese llevar por la evocaci\u00f3n que le sugiera lo que pretende este sentido texto\u00a0 que bien pudo ser escrito ayer.<\/p>\n<p style=\"text-align: justify;\">\u00a0\u00a0\u00a0 Alumbrado hoy, cierto, un d\u00eda cualquiera en el que las cosas son porque est\u00e1n; y claras se ven ya que el paisaje en torno es algo m\u00e1s n\u00edtido en la apariencia aunque igual de confundidor, si se analiza sosegadamente, por el irrenunciable objetivo de los enturbiadores.<\/p>\n<p style=\"text-align: justify;\"><!--more--><\/p>\n<p style=\"text-align: justify;\">\u00a0\u00a0La pugna contra un enemigo poderoso que act\u00faa desde la sombra, la mentira y la ideolog\u00eda, es ardua, requiere de firme y constante empe\u00f1o y paciencia, pues suele prolongarse a\u00f1os o legislaturas. Andar bregando contra una conjunci\u00f3n de poder visible y oculta es tarea de h\u00e9roes, m\u00e1s si cabe cuando el n\u00famero inicial de esforzados es peque\u00f1o y su cobertura medi\u00e1tica una ilusi\u00f3n. Pero si la voluntad existe y a ella se suma la raz\u00f3n, el sentimiento, el coraje (por no decir los reda\u00f1os o por decir los cojones, t\u00e9rmino muy ilustrativo de lo que se quiere significar), la inteligencia, el acopio documental y los definitorios \u201cpor aqu\u00ed no pasamos\u201d, \u201cde eso nada\u201d, \u201chasta aqu\u00ed pod\u00edamos llegar\u201d, \u201cnosotros vamos por delante\u201d, los h\u00e9roes se multiplican y acrecen hasta convertirse en titanes y \u00e9stos, por mutaci\u00f3n espectacular y un\u00edvoca, en un coloso que hunde su base en las entra\u00f1as de la tierra y sostiene el cielo con la envergadura de sus brazos.<\/p>\n<p style=\"text-align: justify;\">\u00a0\u00a0\u00a0 El viajero frecuente por las estribaciones de la sierra de Guadarrama, el ocasional que desv\u00eda la mirada o con la vista busca lo que de alg\u00fan modo recuerda y reconoce, el periodista que relata el hecho para una agencia de noticias con tendencia hacia uno u otro conf\u00edn, tambi\u00e9n el curioso que se desplaza a guisa de fedatario para, desde el anverso y el reverso, aportar su opini\u00f3n a la causa que se ventila y, a lo mejor, incorporarse a la defensa o al asedio, seg\u00fan le vaya el \u00e1nimo o el inter\u00e9s, distingue un Monumento que es expresi\u00f3n singular de Fe, Patria y Arte: La Santa Cruz del Valle de los Ca\u00eddos.<\/p>\n<p style=\"text-align: justify;\">\u00a0<\/p>\n<p style=\"text-align: justify;\">Pretender deslindar el todo de sus partes, aunque sea para realzar alguna, equivale al menoscabo, desprecio e ignorancia de lo que debiera ser sentido \u00fanico.<\/p>\n<p style=\"text-align: justify;\">\u00a0\u00a0 Al hablar de los s\u00edmbolos \u2014y de su mano, tambi\u00e9n, de los sentimientos, las devociones y los anhelos\u2014, hemos de tomar conciencia del alcance que tienen y de lo que transmiten al ser \u00edntimo que luego comparte, para refrendarlo y sumar fuerzas, con el grupo. Del mismo modo, y en honor a la justicia, lo que ahora es nexo de uni\u00f3n entre muchos en su origen fue decisi\u00f3n individual motivada en el deseo vehemente e insobornable de reconciliar \u00e1nimos y voluntades en un grandioso esp\u00edritu, \u00fanico e inmarcesible, que obrara el humano milagro de que los espa\u00f1oles nos llev\u00e1ramos bien por tiempo indefinido, que ajenos de una vez a las envidias y los odios nos aup\u00e1ramos a la concordia y a guisa de colof\u00f3n reinstaur\u00e1semos la Patria que hab\u00eda soportado tan horrible se\u00edsmo por las caracter\u00edsticas propias de los aut\u00f3ctonos y la tendenciosa injerencia de elementos internacionales remunerados con objetivo disgregador.<\/p>\n<p style=\"text-align: justify;\">\u00a0\u00a0\u00a0 Cae por su peso que el mundo anda lleno de desagradecidos tanto como de arribistas y ocasionales desmemoriados, que en esta sacudida Espa\u00f1a camino de retorno a los a\u00f1os treinta del siglo XX se cuentan por millones; es cosa sabida y mal que peor soportada. Lo que duele, porque hiere y conturba, es que una equivocada postura muy al uso, dispensadora de desagravios y privilegios unidireccionales \u2014que uno, sincera\u00a0 e ingenuamente, se pregunta a santo de qu\u00e9\u2014, entregue armas, bagajes, jurisdicci\u00f3n y argumentos al enemigo as\u00ed declarado, perpetuamente enfrentado a la Historia de Espa\u00f1a y, c\u00f3mo no, a sus s\u00edmbolos.<\/p>\n<p style=\"text-align: justify;\">\u00a0\u00a0\u00a0 Vea el que quiera y esc\u00f3ndase el habitual, al que llamarlo cobarde no hace mella ya que todo resbala en la piel viscosa. Si Espa\u00f1a es cat\u00f3lica de ra\u00edz y m\u00e9dula, el reivindicador de la II Rep\u00fablica aboga por aliarse con el islamismo militante para proclamar que Espa\u00f1a ha dejado de serlo y puerta abierta para rememorar la traici\u00f3n del 711. Si Espa\u00f1a aspira a ser Una, Grande y Libre, destino que debiera ser causa com\u00fan de los espa\u00f1oles, el adicto a las Rep\u00fablicas que nos han asolado excita los instintos de los demoledores internos y externos al viejo grito de \u00a1muera Espa\u00f1a y paseo a los que estorben!; lo cual no dejar\u00eda de tener su gracia, por lo anecd\u00f3tico y desaforado \u2014cosas de esos traviesos de siempre, se dice en los ambientes que preside la componenda transitoria originada en la felon\u00eda hermana de aquella otra que alz\u00f3 al pueblo espa\u00f1ol contra el invasor autorizado, all\u00e1 por 1808\u2014, si no fuera porque tales aspiraciones fueron ciertas, constatables y sufridas, y en la actualidad se reproducen como la mala hierba y envenenan lo mismo. Vamos, que no salimos de una para meternos en la siguiente sin soluci\u00f3n de continuidad.<\/p>\n<p style=\"text-align: justify;\">\u00a0\u00a0\u00a0 Y no aprendemos.<\/p>\n<p style=\"text-align: justify;\">\u00a0\u00a0\u00a0 Qu\u00e9 cuesta entender que cediendo, cediendo, se acaba en el sumidero. Pero por qu\u00e9 hay que entregar espacio y aire al que nos ocupa, expulsa y asfixia. Que alguien me explique \u2014si pudiera hacerlo o yo me dejara enga\u00f1ar a cambio de subsidios, subvenciones o prebendas\u2014, la raz\u00f3n \u00faltima para acomodar las ambiciones de los protagonistas del expolio nacional y su hundimiento irremisible. Pues que yo deduzca, intuya o suponga, dando, dando, se queda uno sin nada (compuesto y apaleado), con cara de tonto, farfullando: qu\u00e9 ha pasado&#8230; Ha pasado lo que suele pasar cuando se deja hacer al indeseable que persigue quedarse con todo y una vez acopiado el bot\u00edn te suelta el \u00a1ah\u00ed te quedas! y el \u00a1\u00e9chame un galgo! Esto es lo que pasa cuando se gira la vista para no ver lo que hay que ver sin pesta\u00f1ear y prestos a la cotidiana brega, dura e ineludible si a uno le asiste, gracias a Dios y a la inteligencia, un haz luminoso de principios y valores.<\/p>\n<p style=\"text-align: justify;\">\u00a0<\/p>\n<p style=\"text-align: justify;\">Hubo una guerra en Espa\u00f1a hace siete d\u00e9cadas y pocos a\u00f1os, una guerra convencional, con tiros y trincheras, uniformes y bombardeos, que ven\u00eda gest\u00e1ndose desde atr\u00e1s con palmarios conatos en 1909, 1917, 1931 y de\u00a0 diciembre de 1933 a julio de 1936; tanteos o ensayos, podr\u00edamos calificarlos. La Guerra Civil de los casi mil d\u00edas sucedi\u00f3 entre guerras civiles de car\u00e1cter sectario, local, pol\u00edtico y de imposici\u00f3n ideol\u00f3gica y una revoluci\u00f3n, constituyendo multitud de frentes, venganzas, saqueos y exterminio. En la retaguardia del bando denominado republicano, que gobernaba el Frente Popular y dirig\u00eda con firme determinaci\u00f3n la quintaesencia del socialismo, cund\u00eda por orden expresa la persecuci\u00f3n genocida y la supresi\u00f3n de segmentos sociales que fueron etiquetados a conveniencia de los ejecutores; lo llamaban limpieza.<\/p>\n<p style=\"text-align: justify;\">\u00a0\u00a0\u00a0 Hay que hacerse una idea cabal, qui\u00e9rese decir sin eufemismos, de lo que significa una guerra civil; s\u00famese a ello, de por s\u00ed dram\u00e1tico, la proliferaci\u00f3n de conflictos viscerales \u2014sangrientos y biliosos en vanguardia y retaguardia de ese <em>Ej\u00e9rcito Rojo<\/em> que por mor de las apariencias pas\u00f3 a denominarse <em>Ej\u00e9rcito Popular de la Rep\u00fablica<\/em>\u00a0 (testimonios al respecto los hay si se buscan)\u2014, cuya \u00fanica resoluci\u00f3n era la de someter al contrario y aniquilarlo para ejercer el control absoluto sobre personas, bienes, creencias y voluntades. Con tal panorama de tiro en la nuca y propaganda alienante, la mente abandona el equilibrio, la raz\u00f3n y el sentido entregando el cuerpo al arbitrio de la jerarqu\u00eda instalada en el cumplimiento f\u00e9rreo y completo de sus objetivos: la conversi\u00f3n de Espa\u00f1a en un territorio sat\u00e9lite del experimento socialista sovi\u00e9tico.<\/p>\n<p style=\"text-align: justify;\">\u00a0\u00a0\u00a0 Para contrarrestar tal poder y vencerlo hace falta fe, disciplina, patriotismo y una determinaci\u00f3n contra viento y marea y a prueba de fuego. As\u00ed de claro, as\u00ed de conciso. Pero sin un mando con las dotes debidas lo anterior queda en heroicidad sin consecuencias pr\u00e1cticas. Recordemos aquello de que la victoria tiene muchos padres mientras que la derrota es hu\u00e9rfana; pues bien, en este caso que nos ocupa, la victoria fue de Espa\u00f1a (que quiso mantenerse unida), para los espa\u00f1oles (que desean serlo sin apostillas o \u201cpor imperativo legal\u201d) y gracias a los que dieron generosamente su vida para que el resto pudiera vivir.<\/p>\n<p style=\"text-align: justify;\">\u00a0\u00a0\u00a0 Al terminar una guerra, civil o no, con el \u00faltimo parte que llega a todos los rincones del territorio afectado, aparecen vencedores y derrotados; pero sobre todo se manifiesta alivio \u2014por fin pas\u00f3, que no se repita\u2014 y el anhelo de la convivencia que sea cauce de la mayor\u00eda de las personas que en definitiva forman la Naci\u00f3n.<\/p>\n<p style=\"text-align: justify;\">\u00a0\u00a0\u00a0 Pero las guerras, como sucede con cualquier vida y con cualquier obra fruto de la creaci\u00f3n, tienen su origen, desarrollo y desenlace; no acaban cuando uno de los contendientes quiere o cuando, m\u00e1gicamente, suena el silbato del final del partido. En plena contienda, quien ejerc\u00eda la jefatura del bando Nacional, Francisco Franco, ide\u00f3 y proyect\u00f3 el que a la postre hab\u00eda de ser un s\u00edmbolo duradero \u2014ojal\u00e1 perenne\u2014 de la reconciliaci\u00f3n entre los espa\u00f1oles y su prop\u00f3sito de vida en com\u00fan. Un s\u00edmbolo que hundiera sus ra\u00edces en la tierra de todos y en virtud de un prodigio arquitect\u00f3nico alcanzara el cielo desde la fe que sustenta el esp\u00edritu de la mayor\u00eda de los espa\u00f1oles y que no excluye a ninguno. Ese fue el origen del monumento a la Santa Cruz del Valle de los Ca\u00eddos. El lugar para emplazarlo, el id\u00f3neo.<\/p>\n<p style=\"text-align: justify;\">\u00a0<\/p>\n<p style=\"text-align: justify;\">Cada cual es libre de sentir lo que guste ante la contemplaci\u00f3n de una obra de arte; de la misma manera que cada uno ha de expresar libremente sus sentimientos all\u00e1 donde sea sin distingos en el auditorio, y de elegir sus s\u00edmbolos. Eso hacemos algunos.<\/p>\n<p style=\"text-align: justify;\">\u00a0\u00a0\u00a0 Algunos damos una fuerza y un valor singular al s\u00edmbolo. Somos los mismos que al apreciar las variaciones crom\u00e1ticas que nos regala la Naturaleza nos emocionamos, las registramos con los medios a nuestro alcance \u2014empezando por la percepci\u00f3n, siguiendo con la memoria y, en ocasiones, ayudados por la tecnolog\u00eda\u2014, para compartir la sublime belleza del momento. Nosotros \u2014no tenga reparo en sumarse quien guste\u2014 transmutamos la gama de grises que tanto agobia el \u00e1nimo en tonos plata, que lo alegra, y a la penumbra la vestimos de elegante marengo derivando hacia el perla.<\/p>\n<p style=\"text-align: justify;\">\u00a0\u00a0\u00a0 Tambi\u00e9n somos y con id\u00e9ntica predisposici\u00f3n los que, desde la Historia, vinculamos la Cruz a la Espada; porque llegado el caso, y en Espa\u00f1a los casos han llegado, la defensa o es activa y ataque o en nuestro funeral la \u00fanica congregaci\u00f3n de responso ser\u00e1 la de los carro\u00f1eros con hambre.<\/p>\n<p style=\"text-align: justify;\">\u00a0\u00a0\u00a0 Entendida la met\u00e1fora, situ\u00e9monos en el panorama de hoy.<\/p>\n<p style=\"text-align: justify;\" align=\"center\"><strong>* * *<\/strong><\/p>\n<p style=\"text-align: justify;\">A nadie con dos dedos de frente se le escapa que con el advenimiento de la mediocridad y sus aparejadas ambiciones \u2014que no por sabidas son menos estomagantes, da\u00f1inas y oprobiosas\u2014, las antiguas inquinas y los nunca extirpados enconos afloran del pudridero, sito en las cloacas, para conseguir los privilegios que el buen m\u00e9rito no da porque de donde no hay no se saca. Un confortable pasar y el aqu\u00ed me las traigan todas, para quien no es nadie, es acicate suficiente para destruir lo que se interponga en el camino de sus\u00a0 patrocinadores; y ejemplares dispuestos, por dinero, a lo que mande el pagador no faltan ni faltar\u00e1n en las removidos campos de la envidia y el odio.<\/p>\n<p style=\"text-align: justify;\">\u00a0\u00a0\u00a0 De excusas andan los mentideros llenos; la excusa es el argumento al que se recurre para aliviar, o esparcir, las presiones de la calle y la oposici\u00f3n pol\u00edtica (cuando la hay) de una nefasta gesti\u00f3n, a la par que sirve de est\u00edmulo a los incondicionales que esperan su oportunidad para ganar titulares y cr\u00f3nicas sobre la marcha. Con una inflamada excusa en ristre se apagan las d\u00e9biles protestas, meramente protocolarias, y se allana el camino para la consecuci\u00f3n del objetivo final: suprimir la Naci\u00f3n negando (o recreando con mentiras) su Historia.<\/p>\n<p style=\"text-align: justify;\">\u00a0\u00a0\u00a0 Y para ello, repito, el objetivo final, hay que atinar en la elecci\u00f3n; si recae en un s\u00edmbolo m\u00faltiple, miel sobre hojuelas.<\/p>\n<p style=\"text-align: justify;\">\u00a0\u00a0\u00a0 Como en la \u00f3rbita socialista andan sobrados de estrategas a corto plazo y de dinero, con lo uno y lo otro en proporcionada simbiosis, no cab\u00eda esperar sino lo sucedido, con renovada bilis y el imprescindible aderezo de la sa\u00f1a. La v\u00edctima: Espa\u00f1a; el s\u00edmbolo m\u00faltiple, inequ\u00edvoco, perfectamente visible: el Valle de los Ca\u00eddos.<\/p>\n<p style=\"text-align: justify;\">\u00a0\u00a0\u00a0 Enfilado el Monumento por la artiller\u00eda pesada del conglomerado socialista (y esa inestimable colaboraci\u00f3n por pasiva de quienes desde los encastillamientos pol\u00edticos debieran defender a la Naci\u00f3n y sus nacionales y no lo contrario), la a\u00f1agaza es lo de menos: que si <em>memoria hist\u00f3rica al uso<\/em>, que si <em>el retorno al esp\u00edritu conciliador de la Transici\u00f3n dando p\u00e1bulo a los anta\u00f1o derrotados,<\/em> que si <em>la ley de libertad religiosa<\/em>, que<em> <\/em>si<em> el deterioro del patrimonio, <\/em>que si<em> el peligro de desprendimientos, <\/em>que si <em>hay que acabar con los agravios<\/em>, que si <em>de Francisco Franco y su obra no hay que dejar ni rastro<\/em>, que si <em>el nuevo orden implica la demolici\u00f3n del viejo<\/em>, que si <em>la fe es cuesti\u00f3n de una privacidad enclaustrada<\/em>, que si <em>a la congregaci\u00f3n benedictina acogida al Monumento<\/em> (por decisi\u00f3n de Francisco Franco)<em> mejor le ir\u00eda lejos de las humedades y las corrientes de aire que se cuelan fantasmag\u00f3ricamente por las oquedades<\/em>, que si <em>los columbarios han de ser exhumados a la chita callando para que una familia entre cien mil opte por recoger las part\u00edculas de vaya usted a saber qui\u00e9n <\/em>(pues ya el tiempo ha hermanado a los ca\u00eddos y viven en una armon\u00eda que ya quisiera yo para nosotros los vivos), que si <em>el catolicismo es una r\u00e9mora y sus fieles una molestia<\/em>.<\/p>\n<p style=\"text-align: justify;\">\u00a0<\/p>\n<p style=\"text-align: justify;\">Hace una legislatura \u2014nacida de atentado exitoso\u2014, la ubicada entre 2004 y 2008, la oposici\u00f3n a la pr\u00e1ctica socialista fue encabezada y tenazmente sostenida por la Asociaci\u00f3n de las V\u00edctimas del Terrorismo (AVT), a cuyo frente se situaba su benem\u00e9rito presidente. Millones de espa\u00f1oles participaron de la protesta c\u00edvica continuada y engrosaron las filas de los manifestantes en los diversos actos convocados al efecto. Tal fue la repercusi\u00f3n de las movilizaciones que el acuerdo con los criminales no pudo culminarse como deseaban las partes negociadoras.<\/p>\n<p style=\"text-align: justify;\">\u00a0\u00a0\u00a0 Esta legislatura, iniciada en 2008 con id\u00e9nticos mimbres que su predecesora, con similares rostros pol\u00edticos en el arco parlamentario, ha vivido y vive un proceso semejante de lucha por Espa\u00f1a y por la libertad, que no ha recibido el tratamiento informativo acorde con la trascendencia de lo que se juega, quiz\u00e1 porque los esforzados protagonistas en vez de llenar calles y plazas lo que han formado \u2014con la mayor determinaci\u00f3n y asistidos de principios y valores denostados por amplios sectores de una sociedad desnaturalizada\u2014, es una barrera moral, espiritual, sentimental, hist\u00f3rica, valiente y humana. Adultos y j\u00f3venes, familias e individualidades, se han batido el cobre en circunstancias adversas de todo tipo (tambi\u00e9n lucharon contra los rigores del clima) para mantener en esencia y presencia lo que es propio, conjunto y decisivo: la Historia, la Conciencia, la Fe, el Arte y la Naci\u00f3n.<\/p>\n<p style=\"text-align: justify;\">\u00a0\u00a0\u00a0 Hab\u00eda que verlos, y pudo v\u00e9rseles, agrupados en la niebla, bajo la lluvia y la nieve, firmes y desafiantes ante el viento y la espuria imposici\u00f3n gubernativa. Hab\u00eda que verlos, y lo pudimos ver y vivir los que quisimos, soportando estoicamente el registro minucioso e impropio de la Guardia Civil, cumpliendo \u00f3rdenes pol\u00edticas los agentes, a las puertas del Monumento. A los espa\u00f1oles se les negaba la asistencia a los oficios religiosos en la Bas\u00edlica de la Santa Cruz del Valle de los Ca\u00eddos; se les negaba el derecho al culto; se les negaba el acceso al recinto; se les negaba la posibilidad de conocer tan grandioso y admirable Monumento, su riqueza art\u00edstica y sus servicios (anulados tiempo ha); a los espa\u00f1oles se les negaba el paseo por un lugar p\u00fablico de singular belleza natural.<\/p>\n<p style=\"text-align: justify;\">\u00a0\u00a0\u00a0 A los espa\u00f1oles y al resto de los humanos se les negaba la libertad y se les cercenaba el sentimiento.<\/p>\n<p style=\"text-align: justify;\">\u00a0\u00a0\u00a0 Eran pocos al principio, cuando el poder pol\u00edtico destilado en el alba\u00f1al inici\u00f3 su labor encubierta de cierre y demolici\u00f3n, quienes advirtiendo la magnitud de lo que iba a suceder pusieron voz y coraje para impedir las acciones encaminadas al ominoso fin. Pocos eran entonces pero suficientes, investidos de dignidad, argumentos y sentido, para despertar de la p\u00e9rfida indolencia y para alejar de la abominable resignaci\u00f3n a miles, me atrevo a decir millones, de personas en Espa\u00f1a y allende sus fronteras, uni\u00e9ndolas en una proclama y en un deseo.<\/p>\n<p style=\"text-align: justify;\">\u00a0\u00a0\u00a0 Semana a semana, el n\u00famero de asistentes a los oficios ha ido increment\u00e1ndose hasta conseguir, en primera instancia, la reapertura de la Bas\u00edlica y despu\u00e9s, habiendo ganado esa batalla, el conocimiento p\u00fablico de lo que suced\u00eda (y sucede).<\/p>\n<p style=\"text-align: justify;\">\u00a0\u00a0\u00a0 La difusi\u00f3n medi\u00e1tica, m\u00ednima pero eficiente, ha contribuido a la descomposici\u00f3n moment\u00e1nea del objetivo final del socialismo dirigente y sus diversos aliados distribuidos por doquier. Hab\u00eda que escuchar, y pod\u00eda escucharse de quererlo, la voz de la Asociaci\u00f3n para la Defensa del Valle de los Ca\u00eddos, alta, clara y serena, poderosa para contrarrestar desde la convicci\u00f3n el ultraje y el despotismo aniquilador. Hab\u00eda que escuchar, y as\u00ed nos dispusimos muchos en todas partes, esa voz resuelta, convencida e itinerante que ha logrado frenar a esa otra discordante, mentirosa, sectaria y de intenci\u00f3n liberticida que ha querido contaminar a la manipulable opini\u00f3n p\u00fablica.\u00a0\u00a0\u00a0\u00a0\u00a0\u00a0\u00a0\u00a0\u00a0\u00a0\u00a0<\/p>\n<p style=\"text-align: justify;\">\u00a0<\/p>\n<p style=\"text-align: justify;\">Lo que sucede con el Valle de los Ca\u00eddos es un remozado ensayo \u2014actualizado, si se prefiere\u2014 para destruir y acabar con la ra\u00edz cristiana y su modo de vida liberal y democr\u00e1tico. Es una pena que se olvide tan f\u00e1cilmente aquella represi\u00f3n frentepopulista, la del socialismo real, que se llev\u00f3 por delante \u2014l\u00e9ase eliminaron\u2014 a m\u00e1s de ochenta mil personas, de las cuales un diez por ciento eran religiosos. Luego, y las matem\u00e1ticas no enga\u00f1an, los muertos por la acci\u00f3n predefinida de exterminio re\u00fane en el tr\u00e1gico c\u00f3mputo a toda clase de personas. T\u00e9ngalo en cuenta el lector.<\/p>\n<p style=\"text-align: justify;\">\u00a0\u00a0\u00a0 Desligar el Valle de los Ca\u00eddos de la Historia de Espa\u00f1a es un error que nadie inteligente y de bien debe cometer; tampoco puede quedar desvinculado de su magna expresi\u00f3n art\u00edstica, como no ha de ser obviado su car\u00e1cter espiritual ni el esplendoroso paisaje que lo enmarca. Fe, Arte, Naci\u00f3n, Naturaleza; Patria, en definitiva.<\/p>\n<p style=\"text-align: justify;\">\u00a0\u00a0\u00a0 La divisi\u00f3n, igual que la ignorancia, la apat\u00eda o la componenda, \u00fanicamente ofrece bazas al enemigo.\u00a0\u00a0\u00a0\u00a0\u00a0\u00a0\u00a0\u00a0\u00a0<\/p>\n<p style=\"text-align: justify;\" align=\"right\"><em>Miguel \u00c1ngel Olmedo Fornas<br \/>\n<a href=\"http:\/\/esunmomento.es\/contenido.php?recordID=1\" target=\"_blank\">ver web<\/a><\/em><\/p>\n","protected":false},"excerpt":{"rendered":"<p>Detenga el lector un instante su \u00edmpetu de lectura \u2014que agradezco y conmigo quienes, conocidos o no, se sienten en mis palabras representados\u2014, d\u00e9 licencia a su imaginaci\u00f3n, respire hondo dos o tres veces, a\u00edsle de ansias el esp\u00edritu y d\u00e9jese llevar por la evocaci\u00f3n que le sugiera lo que [&hellip;]<\/p>\n","protected":false},"author":1,"featured_media":0,"comment_status":"open","ping_status":"open","sticky":false,"template":"","format":"standard","meta":[],"categories":[1],"tags":[],"yoast_head":"<!-- This site is optimized with the Yoast SEO plugin v18.6 - https:\/\/yoast.com\/wordpress\/plugins\/seo\/ -->\n<title>El valor y la fuerza del s\u00edmbolo  - ADVC<\/title>\n<meta name=\"robots\" content=\"index, follow, max-snippet:-1, max-image-preview:large, max-video-preview:-1\" \/>\n<link rel=\"canonical\" href=\"https:\/\/www.elvalledeloscaidos.es\/portal\/?p=1463\" \/>\n<meta property=\"og:locale\" content=\"es_ES\" \/>\n<meta property=\"og:type\" content=\"article\" \/>\n<meta property=\"og:title\" content=\"El valor y la fuerza del s\u00edmbolo  - ADVC\" \/>\n<meta property=\"og:description\" content=\"Detenga el lector un instante su \u00edmpetu de lectura \u2014que agradezco y conmigo quienes, conocidos o no, se sienten en mis palabras representados\u2014, d\u00e9 licencia a su imaginaci\u00f3n, respire hondo dos o tres veces, a\u00edsle de ansias el esp\u00edritu y d\u00e9jese llevar por la evocaci\u00f3n que le sugiera lo que [&hellip;]\" \/>\n<meta property=\"og:url\" content=\"https:\/\/www.elvalledeloscaidos.es\/portal\/?p=1463\" \/>\n<meta property=\"og:site_name\" content=\"ADVC\" \/>\n<meta property=\"article:published_time\" content=\"2011-09-16T13:25:44+00:00\" \/>\n<meta property=\"article:modified_time\" content=\"2011-09-16T13:28:21+00:00\" \/>\n<meta name=\"twitter:card\" content=\"summary_large_image\" \/>\n<meta name=\"twitter:label1\" content=\"Escrito por\" \/>\n\t<meta name=\"twitter:data1\" content=\"linares\" \/>\n\t<meta name=\"twitter:label2\" content=\"Tiempo de lectura\" \/>\n\t<meta name=\"twitter:data2\" content=\"17 minutos\" \/>\n<script type=\"application\/ld+json\" class=\"yoast-schema-graph\">{\"@context\":\"https:\/\/schema.org\",\"@graph\":[{\"@type\":\"WebSite\",\"@id\":\"https:\/\/www.elvalledeloscaidos.es\/portal\/#website\",\"url\":\"https:\/\/www.elvalledeloscaidos.es\/portal\/\",\"name\":\"ADVC\",\"description\":\"Asociaci\u00f3n Para la Defensa del Valle de los Ca\u00eddos\",\"potentialAction\":[{\"@type\":\"SearchAction\",\"target\":{\"@type\":\"EntryPoint\",\"urlTemplate\":\"https:\/\/www.elvalledeloscaidos.es\/portal\/?s={search_term_string}\"},\"query-input\":\"required name=search_term_string\"}],\"inLanguage\":\"es\"},{\"@type\":\"WebPage\",\"@id\":\"https:\/\/www.elvalledeloscaidos.es\/portal\/?p=1463#webpage\",\"url\":\"https:\/\/www.elvalledeloscaidos.es\/portal\/?p=1463\",\"name\":\"El valor y la fuerza del s\u00edmbolo - ADVC\",\"isPartOf\":{\"@id\":\"https:\/\/www.elvalledeloscaidos.es\/portal\/#website\"},\"datePublished\":\"2011-09-16T13:25:44+00:00\",\"dateModified\":\"2011-09-16T13:28:21+00:00\",\"author\":{\"@id\":\"https:\/\/www.elvalledeloscaidos.es\/portal\/#\/schema\/person\/36b3894dc4f1eb332b7fc369aed7eb58\"},\"breadcrumb\":{\"@id\":\"https:\/\/www.elvalledeloscaidos.es\/portal\/?p=1463#breadcrumb\"},\"inLanguage\":\"es\",\"potentialAction\":[{\"@type\":\"ReadAction\",\"target\":[\"https:\/\/www.elvalledeloscaidos.es\/portal\/?p=1463\"]}]},{\"@type\":\"BreadcrumbList\",\"@id\":\"https:\/\/www.elvalledeloscaidos.es\/portal\/?p=1463#breadcrumb\",\"itemListElement\":[{\"@type\":\"ListItem\",\"position\":1,\"name\":\"Portada\",\"item\":\"https:\/\/www.elvalledeloscaidos.es\/portal\"},{\"@type\":\"ListItem\",\"position\":2,\"name\":\"El valor y la fuerza del s\u00edmbolo\"}]},{\"@type\":\"Person\",\"@id\":\"https:\/\/www.elvalledeloscaidos.es\/portal\/#\/schema\/person\/36b3894dc4f1eb332b7fc369aed7eb58\",\"name\":\"linares\",\"image\":{\"@type\":\"ImageObject\",\"@id\":\"https:\/\/www.elvalledeloscaidos.es\/portal\/#personlogo\",\"inLanguage\":\"es\",\"url\":\"https:\/\/secure.gravatar.com\/avatar\/0b6f3a427655ac169c9155e538724b76?s=96&d=mm&r=g\",\"contentUrl\":\"https:\/\/secure.gravatar.com\/avatar\/0b6f3a427655ac169c9155e538724b76?s=96&d=mm&r=g\",\"caption\":\"linares\"},\"url\":\"https:\/\/www.elvalledeloscaidos.es\/portal\/?author=1\"}]}<\/script>\n<!-- \/ Yoast SEO plugin. -->","yoast_head_json":{"title":"El valor y la fuerza del s\u00edmbolo  - ADVC","robots":{"index":"index","follow":"follow","max-snippet":"max-snippet:-1","max-image-preview":"max-image-preview:large","max-video-preview":"max-video-preview:-1"},"canonical":"https:\/\/www.elvalledeloscaidos.es\/portal\/?p=1463","og_locale":"es_ES","og_type":"article","og_title":"El valor y la fuerza del s\u00edmbolo  - ADVC","og_description":"Detenga el lector un instante su \u00edmpetu de lectura \u2014que agradezco y conmigo quienes, conocidos o no, se sienten en mis palabras representados\u2014, d\u00e9 licencia a su imaginaci\u00f3n, respire hondo dos o tres veces, a\u00edsle de ansias el esp\u00edritu y d\u00e9jese llevar por la evocaci\u00f3n que le sugiera lo que [&hellip;]","og_url":"https:\/\/www.elvalledeloscaidos.es\/portal\/?p=1463","og_site_name":"ADVC","article_published_time":"2011-09-16T13:25:44+00:00","article_modified_time":"2011-09-16T13:28:21+00:00","twitter_card":"summary_large_image","twitter_misc":{"Escrito por":"linares","Tiempo de lectura":"17 minutos"},"schema":{"@context":"https:\/\/schema.org","@graph":[{"@type":"WebSite","@id":"https:\/\/www.elvalledeloscaidos.es\/portal\/#website","url":"https:\/\/www.elvalledeloscaidos.es\/portal\/","name":"ADVC","description":"Asociaci\u00f3n Para la Defensa del Valle de los Ca\u00eddos","potentialAction":[{"@type":"SearchAction","target":{"@type":"EntryPoint","urlTemplate":"https:\/\/www.elvalledeloscaidos.es\/portal\/?s={search_term_string}"},"query-input":"required name=search_term_string"}],"inLanguage":"es"},{"@type":"WebPage","@id":"https:\/\/www.elvalledeloscaidos.es\/portal\/?p=1463#webpage","url":"https:\/\/www.elvalledeloscaidos.es\/portal\/?p=1463","name":"El valor y la fuerza del s\u00edmbolo - ADVC","isPartOf":{"@id":"https:\/\/www.elvalledeloscaidos.es\/portal\/#website"},"datePublished":"2011-09-16T13:25:44+00:00","dateModified":"2011-09-16T13:28:21+00:00","author":{"@id":"https:\/\/www.elvalledeloscaidos.es\/portal\/#\/schema\/person\/36b3894dc4f1eb332b7fc369aed7eb58"},"breadcrumb":{"@id":"https:\/\/www.elvalledeloscaidos.es\/portal\/?p=1463#breadcrumb"},"inLanguage":"es","potentialAction":[{"@type":"ReadAction","target":["https:\/\/www.elvalledeloscaidos.es\/portal\/?p=1463"]}]},{"@type":"BreadcrumbList","@id":"https:\/\/www.elvalledeloscaidos.es\/portal\/?p=1463#breadcrumb","itemListElement":[{"@type":"ListItem","position":1,"name":"Portada","item":"https:\/\/www.elvalledeloscaidos.es\/portal"},{"@type":"ListItem","position":2,"name":"El valor y la fuerza del s\u00edmbolo"}]},{"@type":"Person","@id":"https:\/\/www.elvalledeloscaidos.es\/portal\/#\/schema\/person\/36b3894dc4f1eb332b7fc369aed7eb58","name":"linares","image":{"@type":"ImageObject","@id":"https:\/\/www.elvalledeloscaidos.es\/portal\/#personlogo","inLanguage":"es","url":"https:\/\/secure.gravatar.com\/avatar\/0b6f3a427655ac169c9155e538724b76?s=96&d=mm&r=g","contentUrl":"https:\/\/secure.gravatar.com\/avatar\/0b6f3a427655ac169c9155e538724b76?s=96&d=mm&r=g","caption":"linares"},"url":"https:\/\/www.elvalledeloscaidos.es\/portal\/?author=1"}]}},"_links":{"self":[{"href":"https:\/\/www.elvalledeloscaidos.es\/portal\/index.php?rest_route=\/wp\/v2\/posts\/1463"}],"collection":[{"href":"https:\/\/www.elvalledeloscaidos.es\/portal\/index.php?rest_route=\/wp\/v2\/posts"}],"about":[{"href":"https:\/\/www.elvalledeloscaidos.es\/portal\/index.php?rest_route=\/wp\/v2\/types\/post"}],"author":[{"embeddable":true,"href":"https:\/\/www.elvalledeloscaidos.es\/portal\/index.php?rest_route=\/wp\/v2\/users\/1"}],"replies":[{"embeddable":true,"href":"https:\/\/www.elvalledeloscaidos.es\/portal\/index.php?rest_route=%2Fwp%2Fv2%2Fcomments&post=1463"}],"version-history":[{"count":3,"href":"https:\/\/www.elvalledeloscaidos.es\/portal\/index.php?rest_route=\/wp\/v2\/posts\/1463\/revisions"}],"predecessor-version":[{"id":1468,"href":"https:\/\/www.elvalledeloscaidos.es\/portal\/index.php?rest_route=\/wp\/v2\/posts\/1463\/revisions\/1468"}],"wp:attachment":[{"href":"https:\/\/www.elvalledeloscaidos.es\/portal\/index.php?rest_route=%2Fwp%2Fv2%2Fmedia&parent=1463"}],"wp:term":[{"taxonomy":"category","embeddable":true,"href":"https:\/\/www.elvalledeloscaidos.es\/portal\/index.php?rest_route=%2Fwp%2Fv2%2Fcategories&post=1463"},{"taxonomy":"post_tag","embeddable":true,"href":"https:\/\/www.elvalledeloscaidos.es\/portal\/index.php?rest_route=%2Fwp%2Fv2%2Ftags&post=1463"}],"curies":[{"name":"wp","href":"https:\/\/api.w.org\/{rel}","templated":true}]}}