{"id":2102,"date":"2012-02-17T18:31:40","date_gmt":"2012-02-17T17:31:40","guid":{"rendered":"http:\/\/www.elvalledeloscaidos.es\/portal\/?p=2102"},"modified":"2012-02-17T19:40:07","modified_gmt":"2012-02-17T18:40:07","slug":"patrimonio-rectifica-a-zapatero-y-declara-el-valle-de-los-caidos-abierto-y-visitable","status":"publish","type":"post","link":"https:\/\/www.elvalledeloscaidos.es\/portal\/?p=2102","title":{"rendered":"Patrimonio rectifica a Zapatero y declara el Valle de los Ca\u00eddos \u00ababierto y visitable\u00bb"},"content":{"rendered":"<p>Entrevista exclusiva para ReL con Jos\u00e9 Rodr\u00edguez-Spiteri en <a href=\"http:\/\/www.religionenlibertad.com\/articulo.asp?idarticulo=20788\" target=\"_blank\">Religi\u00f3n en Libertad<\/a><\/p>\n<p>Las palabras del nuevo responsable de Patrimonio Nacional apuntan a un regreso a la normalidad tras los a\u00f1os de acoso del Gobierno socialista.<\/p>\n<p><img decoding=\"async\" loading=\"lazy\" class=\"aligncenter size-full wp-image-2104\" title=\"spiteri\" src=\"http:\/\/www.elvalledeloscaidos.es\/portal\/wp-content\/uploads\/2012\/02\/spiteri1.jpg\" alt=\"\" width=\"500\" height=\"281\" srcset=\"https:\/\/www.elvalledeloscaidos.es\/portal\/wp-content\/uploads\/2012\/02\/spiteri1.jpg 500w, https:\/\/www.elvalledeloscaidos.es\/portal\/wp-content\/uploads\/2012\/02\/spiteri1-300x168.jpg 300w\" sizes=\"(max-width: 500px) 100vw, 500px\" \/><\/p>\n<p><!--more--><\/p>\n<div id=\"Contenido\"><span><span><strong>Jos\u00e9 Rodr\u00edguez-Spiteri Palazuelo fue nombrado en enero pasado por el Consejo de Ministros presidente del Consejo de Administraci\u00f3n del Patrimonio Nacional.<\/strong><\/span><\/span><strong>Diplom\u00e1tico de carrera -ha sido embajador de Espa\u00f1a en Portugal y en la Rep\u00fablica Federal Alemana y hasta antes de su nombramiento se ocupaba en el Ministerio de Asuntos Exteriores de las Relaciones con la Santa Sede- hoy tiene la responsabilidad de gestionar los 19 palacios y monasterios de fundaci\u00f3n real, algunos de los cuales sirven hoy rn como sede a los actos oficiales del jefe del Estado, am\u00e9n de las 135.000 obras de arte y 21.000 hect\u00e1reas de parques, montes y jardines. Sin embargo, uno de los asuntos m\u00e1s delicados que tiene que gestionar es el de solucionar los problemas y conflictos generados por el anterior Gobierno en su intento de cerrar el acceso de visitantes al Valle de los Ca\u00eddos.<\/strong><\/p>\n<p><strong>Rodr\u00edguez-Spiteri ha concedido una entrevista en exclusiva para Religi\u00f3n en Libertad sobre el presente y fururo del Valle de los Ca\u00eddos.<\/strong><\/p>\n<p><span style=\"color: #800000;\">&#8211; \u00bfCu\u00e1l es la actual situaci\u00f3n de la Bas\u00edlica del Valle de los Ca\u00eddos? \u00bfEst\u00e1 abierta al p\u00fablico, no lo est\u00e1?Si ma\u00f1ana quisiera yo ir a visitarla con mi familia \u00bfpodr\u00eda hacerlo? <\/span><br \/>\n&#8211; La Bas\u00edlica est\u00e1 abierta y es visitable. Su horario es de 10.30 a 17.00 h.<\/p>\n<p><span style=\"color: #800000;\">&#8211; Durante la pasada legislatura, en medio de un marasmo de informaciones concernientes al monumento, se dijo que su estado de conservaci\u00f3n era poco menos que calamitoso, \u00bfes eso cierto?\u00bfCorren peligro los que viven en \u00e9l o lo visitan?<\/span><br \/>\n&#8211; Es evidente que hay mucho mantenimiento pendiente, pero el estado de la Bas\u00edlica es bueno. Otra cosa son las esculturas de Juan de \u00c1valos (La Piedad y Ap\u00f3stoles) que requieren un tratamiento especial. Por ello hay zonas que en este momento no son visitables. Por tanto en el resto no hay peligro.<\/p>\n<p><span style=\"color: #800000;\">&#8211; Seg\u00fan inform\u00f3 el abad de la Bas\u00edlica, el padre Anselmo, se quiso proceder a la remoci\u00f3n de la estatua de La Piedad que corona la portada de la Bas\u00edlica para su restauraci\u00f3n \u00bfQu\u00e9 motiv\u00f3 tal actuaci\u00f3n? \u00bfLleg\u00f3 a efectuarse? \u00bfEn qu\u00e9 estado se halla la citada estatua?<\/span><br \/>\n&#8211; En lo que afecta a la Piedad, como al resto de las esculturas de \u00c1valos, la piedra se ha degradado. A\u00fan no se ha tomado una decisi\u00f3n sobre qu\u00e9 tipo de restauraci\u00f3n se debe abordar.<\/p>\n<p><span style=\"color: #800000;\">&#8211; En cualquier caso, \u00bfhay previsto alg\u00fan tipo de obra rehabilitaci\u00f3n o de reforma de la Bas\u00edlica o de su entorno en los pr\u00f3ximos tiempos?<\/span><br \/>\n&#8211; De momento se van a abordar las obras necesarias para que el V\u00eda Crucis sea visitable para la pr\u00f3xima Semana Santa.<\/p>\n<p><span>&#8211;<span style=\"color: #800000;\"> \u00bfImplicar\u00e1n en tal caso dichas reformas alg\u00fan tipo de cierre del monumento a las visitas del p\u00fablico?<\/span><\/span><br \/>\n&#8211; No<\/p>\n<p><span style=\"color: #800000;\">&#8211; En la exposici\u00f3n que hizo sobre los hechos acaecidos durante la pasada legislatura, el mismo P. Anselmo inform\u00f3 tambi\u00e9n de que en el mosaico de la c\u00fapula de la Bas\u00edlica exist\u00eda una bandera de Falange y otra de los requet\u00e9s que, para que no puedan ser vistas, fueron tapadas mediante un lienzo. \u00bfContin\u00faa el lienzo tapando las citadas banderas?<\/span><br \/>\n&#8211; No.<\/p>\n<p><span style=\"color: #800000;\">&#8211; Al final de la pasada legislatura, mientras a\u00fan gobernaba el Sr. Rodr\u00edguez Zapatero e instado por su gobierno, emiti\u00f3 un informe titulado \u201cinforme de la Comisi\u00f3n de Expertos sobre el futuro del Valle de los Ca\u00eddos\u201d. \u00bfQu\u00e9 valoraci\u00f3n hace Vd. de dicho informe?<\/span><br \/>\n&#8211; Tiene alg\u00fan elemento de inter\u00e9s.<\/p>\n<p><span style=\"color: #800000;\">&#8211; Su cl\u00e1usula 31, y no sin el voto particular contrario de tres de los doce miembros de la comisi\u00f3n, recomendaba la remoci\u00f3n y traslado de los restos del anterior Jefe de Estado, Francisco Franco, del Valle de los Ca\u00eddos. \u00bfQu\u00e9 es lo que se tiene previsto hacer?<\/span><br \/>\n<span style=\"color: #800000;\">&#8211; \u00bfSe tiene previsto cambios de lugar los restos de Jos\u00e9 Antonio Primo de Rivera, como tambi\u00e9n recomendaba el informe del que hablamos?<\/span><br \/>\n&#8211; Como recientemente ha expresado la Sra. Vicepresidenta del Gobierno, en el Congreso de los Diputados, cualquier decisi\u00f3n que se tome se har\u00e1 con el necesario consenso pol\u00edtico y social. Adem\u00e1s, al ser la Bas\u00edlica un lugar de culto, requiere tambi\u00e9n la autorizaci\u00f3n de la Iglesia para cualquier asunto relativo al mismo.<\/p>\n<p><span style=\"color: #800000;\">&#8211; \u00bfSe halla entre las previsiones de Patrimonio Nacional la desacralizaci\u00f3n del monumento?<\/span><br \/>\n&#8211; No<\/p>\n<p><span style=\"color: #800000;\">&#8211; \u00bfY el desalojo provisional o definitivo de los monjes benedictinos que regentan la Bas\u00edlica?<\/span><br \/>\n&#8211; Tampoco<\/p>\n<p><span style=\"color: #800000;\">&#8211; \u00bfSe halla previsto alg\u00fan tipo de actuaci\u00f3n en el monumento, del tipo que sea?<\/span><br \/>\n&#8211; Se estudian diversas actuaciones que afectan a su mantenimiento.<\/p>\n<p><span style=\"color: #800000;\">&#8211; D\u00edgame D. Jos\u00e9 \u00bfcu\u00e1l es el uso que en su opini\u00f3n se debe hacer del Valle de los Ca\u00eddos?<\/span><br \/>\n&#8211; Como es bien sabido, en el Valle de los Ca\u00eddos convergen diversas sensibilidades, todas leg\u00edtimas, aunque encontradas. Nuestra tarea es trabajar por el m\u00e1ximo consenso. En este momento se afrontan tareas de mantenimiento que aseguren las condiciones de visita al Valle. M\u00e1s adelante se ver\u00e1 si se dan las circunstancias que re\u00fanan el necesario consenso para abordar otras cuestiones<\/p>\n<p><span style=\"color: #800000;\">&#8211; Y para terminar y que no se diga que s\u00f3lo hemos hablado del Valle de los Ca\u00eddos, \u00bfalgo que rese\u00f1ar sobre los distintos elementos que forman parte del Patrimonio Nacional cuyo Consejo de Administraci\u00f3n preside Vd. desde ahora?<\/span><br \/>\n&#8211; Patrimonio Nacional es la Instituci\u00f3n que gestiona el conjunto de bienes de titularidad estatal ligados a la Corona. Se rige por la Ley 23\/1982, de 16 de junio, que regula su doble finalidad: por una parte, estos bienes est\u00e1n destinados al uso y servicio de la Corona, para la alta representaci\u00f3n que la Constituci\u00f3n y las leyes atribuyen. Por otra el cumplimiento de las funciones culturales determinadas por el car\u00e1cter y la importancia hist\u00f3rica de dicho sistema de bienes, en su mayor parte declarados de inter\u00e9s hist\u00f3rico-art\u00edstico, que requieren de actuaciones de mantenimiento, restauraci\u00f3n, investigaci\u00f3n, conservaci\u00f3n, exhibici\u00f3n, docencia y divulgaci\u00f3n.<\/p>\n<\/div>\n","protected":false},"excerpt":{"rendered":"<p>Entrevista exclusiva para ReL con Jos\u00e9 Rodr\u00edguez-Spiteri en Religi\u00f3n en Libertad Las palabras del nuevo responsable de Patrimonio Nacional apuntan a un regreso a la normalidad tras los a\u00f1os de acoso del Gobierno socialista.<\/p>\n","protected":false},"author":1,"featured_media":0,"comment_status":"open","ping_status":"open","sticky":false,"template":"","format":"standard","meta":[],"categories":[4],"tags":[],"yoast_head":"<!-- This site is optimized with the Yoast SEO plugin v18.6 - https:\/\/yoast.com\/wordpress\/plugins\/seo\/ -->\n<title>Patrimonio rectifica a Zapatero y declara el Valle de los Ca\u00eddos \u00ababierto y visitable\u00bb - ADVC<\/title>\n<meta name=\"robots\" content=\"index, follow, max-snippet:-1, max-image-preview:large, max-video-preview:-1\" \/>\n<link rel=\"canonical\" href=\"https:\/\/www.elvalledeloscaidos.es\/portal\/?p=2102\" \/>\n<meta property=\"og:locale\" content=\"es_ES\" \/>\n<meta property=\"og:type\" content=\"article\" \/>\n<meta property=\"og:title\" content=\"Patrimonio rectifica a Zapatero y declara el Valle de los Ca\u00eddos \u00ababierto y visitable\u00bb - ADVC\" \/>\n<meta property=\"og:description\" content=\"Entrevista exclusiva para ReL con Jos\u00e9 Rodr\u00edguez-Spiteri en Religi\u00f3n en Libertad Las palabras del nuevo responsable de Patrimonio Nacional apuntan a un regreso a la normalidad tras los a\u00f1os de acoso del Gobierno socialista.\" \/>\n<meta property=\"og:url\" content=\"https:\/\/www.elvalledeloscaidos.es\/portal\/?p=2102\" \/>\n<meta property=\"og:site_name\" content=\"ADVC\" \/>\n<meta property=\"article:published_time\" content=\"2012-02-17T17:31:40+00:00\" \/>\n<meta property=\"article:modified_time\" content=\"2012-02-17T18:40:07+00:00\" \/>\n<meta property=\"og:image\" content=\"http:\/\/www.elvalledeloscaidos.es\/portal\/wp-content\/uploads\/2012\/02\/spiteri1.jpg\" \/>\n<meta name=\"twitter:card\" content=\"summary_large_image\" \/>\n<meta name=\"twitter:label1\" content=\"Escrito por\" \/>\n\t<meta name=\"twitter:data1\" content=\"linares\" \/>\n\t<meta name=\"twitter:label2\" content=\"Tiempo de lectura\" \/>\n\t<meta name=\"twitter:data2\" content=\"5 minutos\" \/>\n<script type=\"application\/ld+json\" class=\"yoast-schema-graph\">{\"@context\":\"https:\/\/schema.org\",\"@graph\":[{\"@type\":\"WebSite\",\"@id\":\"https:\/\/www.elvalledeloscaidos.es\/portal\/#website\",\"url\":\"https:\/\/www.elvalledeloscaidos.es\/portal\/\",\"name\":\"ADVC\",\"description\":\"Asociaci\u00f3n Para la Defensa del Valle de los Ca\u00eddos\",\"potentialAction\":[{\"@type\":\"SearchAction\",\"target\":{\"@type\":\"EntryPoint\",\"urlTemplate\":\"https:\/\/www.elvalledeloscaidos.es\/portal\/?s={search_term_string}\"},\"query-input\":\"required name=search_term_string\"}],\"inLanguage\":\"es\"},{\"@type\":\"ImageObject\",\"@id\":\"https:\/\/www.elvalledeloscaidos.es\/portal\/?p=2102#primaryimage\",\"inLanguage\":\"es\",\"url\":\"http:\/\/www.elvalledeloscaidos.es\/portal\/wp-content\/uploads\/2012\/02\/spiteri1.jpg\",\"contentUrl\":\"http:\/\/www.elvalledeloscaidos.es\/portal\/wp-content\/uploads\/2012\/02\/spiteri1.jpg\"},{\"@type\":\"WebPage\",\"@id\":\"https:\/\/www.elvalledeloscaidos.es\/portal\/?p=2102#webpage\",\"url\":\"https:\/\/www.elvalledeloscaidos.es\/portal\/?p=2102\",\"name\":\"Patrimonio rectifica a Zapatero y declara el Valle de los Ca\u00eddos \u00ababierto y visitable\u00bb - ADVC\",\"isPartOf\":{\"@id\":\"https:\/\/www.elvalledeloscaidos.es\/portal\/#website\"},\"primaryImageOfPage\":{\"@id\":\"https:\/\/www.elvalledeloscaidos.es\/portal\/?p=2102#primaryimage\"},\"datePublished\":\"2012-02-17T17:31:40+00:00\",\"dateModified\":\"2012-02-17T18:40:07+00:00\",\"author\":{\"@id\":\"https:\/\/www.elvalledeloscaidos.es\/portal\/#\/schema\/person\/36b3894dc4f1eb332b7fc369aed7eb58\"},\"breadcrumb\":{\"@id\":\"https:\/\/www.elvalledeloscaidos.es\/portal\/?p=2102#breadcrumb\"},\"inLanguage\":\"es\",\"potentialAction\":[{\"@type\":\"ReadAction\",\"target\":[\"https:\/\/www.elvalledeloscaidos.es\/portal\/?p=2102\"]}]},{\"@type\":\"BreadcrumbList\",\"@id\":\"https:\/\/www.elvalledeloscaidos.es\/portal\/?p=2102#breadcrumb\",\"itemListElement\":[{\"@type\":\"ListItem\",\"position\":1,\"name\":\"Portada\",\"item\":\"https:\/\/www.elvalledeloscaidos.es\/portal\"},{\"@type\":\"ListItem\",\"position\":2,\"name\":\"Patrimonio rectifica a Zapatero y declara el Valle de los Ca\u00eddos \u00ababierto y visitable\u00bb\"}]},{\"@type\":\"Person\",\"@id\":\"https:\/\/www.elvalledeloscaidos.es\/portal\/#\/schema\/person\/36b3894dc4f1eb332b7fc369aed7eb58\",\"name\":\"linares\",\"image\":{\"@type\":\"ImageObject\",\"@id\":\"https:\/\/www.elvalledeloscaidos.es\/portal\/#personlogo\",\"inLanguage\":\"es\",\"url\":\"https:\/\/secure.gravatar.com\/avatar\/0b6f3a427655ac169c9155e538724b76?s=96&d=mm&r=g\",\"contentUrl\":\"https:\/\/secure.gravatar.com\/avatar\/0b6f3a427655ac169c9155e538724b76?s=96&d=mm&r=g\",\"caption\":\"linares\"},\"url\":\"https:\/\/www.elvalledeloscaidos.es\/portal\/?author=1\"}]}<\/script>\n<!-- \/ Yoast SEO plugin. -->","yoast_head_json":{"title":"Patrimonio rectifica a Zapatero y declara el Valle de los Ca\u00eddos \u00ababierto y visitable\u00bb - ADVC","robots":{"index":"index","follow":"follow","max-snippet":"max-snippet:-1","max-image-preview":"max-image-preview:large","max-video-preview":"max-video-preview:-1"},"canonical":"https:\/\/www.elvalledeloscaidos.es\/portal\/?p=2102","og_locale":"es_ES","og_type":"article","og_title":"Patrimonio rectifica a Zapatero y declara el Valle de los Ca\u00eddos \u00ababierto y visitable\u00bb - ADVC","og_description":"Entrevista exclusiva para ReL con Jos\u00e9 Rodr\u00edguez-Spiteri en Religi\u00f3n en Libertad Las palabras del nuevo responsable de Patrimonio Nacional apuntan a un regreso a la normalidad tras los a\u00f1os de acoso del Gobierno socialista.","og_url":"https:\/\/www.elvalledeloscaidos.es\/portal\/?p=2102","og_site_name":"ADVC","article_published_time":"2012-02-17T17:31:40+00:00","article_modified_time":"2012-02-17T18:40:07+00:00","og_image":[{"url":"http:\/\/www.elvalledeloscaidos.es\/portal\/wp-content\/uploads\/2012\/02\/spiteri1.jpg"}],"twitter_card":"summary_large_image","twitter_misc":{"Escrito por":"linares","Tiempo de lectura":"5 minutos"},"schema":{"@context":"https:\/\/schema.org","@graph":[{"@type":"WebSite","@id":"https:\/\/www.elvalledeloscaidos.es\/portal\/#website","url":"https:\/\/www.elvalledeloscaidos.es\/portal\/","name":"ADVC","description":"Asociaci\u00f3n Para la Defensa del Valle de los Ca\u00eddos","potentialAction":[{"@type":"SearchAction","target":{"@type":"EntryPoint","urlTemplate":"https:\/\/www.elvalledeloscaidos.es\/portal\/?s={search_term_string}"},"query-input":"required name=search_term_string"}],"inLanguage":"es"},{"@type":"ImageObject","@id":"https:\/\/www.elvalledeloscaidos.es\/portal\/?p=2102#primaryimage","inLanguage":"es","url":"http:\/\/www.elvalledeloscaidos.es\/portal\/wp-content\/uploads\/2012\/02\/spiteri1.jpg","contentUrl":"http:\/\/www.elvalledeloscaidos.es\/portal\/wp-content\/uploads\/2012\/02\/spiteri1.jpg"},{"@type":"WebPage","@id":"https:\/\/www.elvalledeloscaidos.es\/portal\/?p=2102#webpage","url":"https:\/\/www.elvalledeloscaidos.es\/portal\/?p=2102","name":"Patrimonio rectifica a Zapatero y declara el Valle de los Ca\u00eddos \u00ababierto y visitable\u00bb - ADVC","isPartOf":{"@id":"https:\/\/www.elvalledeloscaidos.es\/portal\/#website"},"primaryImageOfPage":{"@id":"https:\/\/www.elvalledeloscaidos.es\/portal\/?p=2102#primaryimage"},"datePublished":"2012-02-17T17:31:40+00:00","dateModified":"2012-02-17T18:40:07+00:00","author":{"@id":"https:\/\/www.elvalledeloscaidos.es\/portal\/#\/schema\/person\/36b3894dc4f1eb332b7fc369aed7eb58"},"breadcrumb":{"@id":"https:\/\/www.elvalledeloscaidos.es\/portal\/?p=2102#breadcrumb"},"inLanguage":"es","potentialAction":[{"@type":"ReadAction","target":["https:\/\/www.elvalledeloscaidos.es\/portal\/?p=2102"]}]},{"@type":"BreadcrumbList","@id":"https:\/\/www.elvalledeloscaidos.es\/portal\/?p=2102#breadcrumb","itemListElement":[{"@type":"ListItem","position":1,"name":"Portada","item":"https:\/\/www.elvalledeloscaidos.es\/portal"},{"@type":"ListItem","position":2,"name":"Patrimonio rectifica a Zapatero y declara el Valle de los Ca\u00eddos \u00ababierto y visitable\u00bb"}]},{"@type":"Person","@id":"https:\/\/www.elvalledeloscaidos.es\/portal\/#\/schema\/person\/36b3894dc4f1eb332b7fc369aed7eb58","name":"linares","image":{"@type":"ImageObject","@id":"https:\/\/www.elvalledeloscaidos.es\/portal\/#personlogo","inLanguage":"es","url":"https:\/\/secure.gravatar.com\/avatar\/0b6f3a427655ac169c9155e538724b76?s=96&d=mm&r=g","contentUrl":"https:\/\/secure.gravatar.com\/avatar\/0b6f3a427655ac169c9155e538724b76?s=96&d=mm&r=g","caption":"linares"},"url":"https:\/\/www.elvalledeloscaidos.es\/portal\/?author=1"}]}},"_links":{"self":[{"href":"https:\/\/www.elvalledeloscaidos.es\/portal\/index.php?rest_route=\/wp\/v2\/posts\/2102"}],"collection":[{"href":"https:\/\/www.elvalledeloscaidos.es\/portal\/index.php?rest_route=\/wp\/v2\/posts"}],"about":[{"href":"https:\/\/www.elvalledeloscaidos.es\/portal\/index.php?rest_route=\/wp\/v2\/types\/post"}],"author":[{"embeddable":true,"href":"https:\/\/www.elvalledeloscaidos.es\/portal\/index.php?rest_route=\/wp\/v2\/users\/1"}],"replies":[{"embeddable":true,"href":"https:\/\/www.elvalledeloscaidos.es\/portal\/index.php?rest_route=%2Fwp%2Fv2%2Fcomments&post=2102"}],"version-history":[{"count":3,"href":"https:\/\/www.elvalledeloscaidos.es\/portal\/index.php?rest_route=\/wp\/v2\/posts\/2102\/revisions"}],"predecessor-version":[{"id":2106,"href":"https:\/\/www.elvalledeloscaidos.es\/portal\/index.php?rest_route=\/wp\/v2\/posts\/2102\/revisions\/2106"}],"wp:attachment":[{"href":"https:\/\/www.elvalledeloscaidos.es\/portal\/index.php?rest_route=%2Fwp%2Fv2%2Fmedia&parent=2102"}],"wp:term":[{"taxonomy":"category","embeddable":true,"href":"https:\/\/www.elvalledeloscaidos.es\/portal\/index.php?rest_route=%2Fwp%2Fv2%2Fcategories&post=2102"},{"taxonomy":"post_tag","embeddable":true,"href":"https:\/\/www.elvalledeloscaidos.es\/portal\/index.php?rest_route=%2Fwp%2Fv2%2Ftags&post=2102"}],"curies":[{"name":"wp","href":"https:\/\/api.w.org\/{rel}","templated":true}]}}