{"id":2162,"date":"2012-03-22T20:52:13","date_gmt":"2012-03-22T19:52:13","guid":{"rendered":"http:\/\/www.elvalledeloscaidos.es\/portal\/?p=2162"},"modified":"2012-03-25T01:37:25","modified_gmt":"2012-03-25T00:37:25","slug":"cuando-haya-consenso-acabara-el-problema-del-valle-de-los-caidos","status":"publish","type":"post","link":"https:\/\/www.elvalledeloscaidos.es\/portal\/?p=2162","title":{"rendered":"Jos\u00e9 Rodr\u00edguez Spiteri: \u00abCuando haya consenso acabar\u00e1 el problema del Valle de los Ca\u00eddos\u00bb"},"content":{"rendered":"<p>Entrevista en \u00abEl Pa\u00eds\u00bb al Presidente de Patrimonio Nacional.<\/p>\n<p><center><img decoding=\"async\" loading=\"lazy\" class=\"aligncenter size-full wp-image-2163\" title=\"1332436617_546842_1332440915_noticia_normal\" src=\"http:\/\/www.elvalledeloscaidos.es\/portal\/wp-content\/uploads\/2012\/03\/1332436617_546842_1332440915_noticia_normal-e1332445540152.jpg\" alt=\"\" width=\"500\" height=\"250\" \/><\/center><\/p>\n<p>Jos\u00e9 Rodr\u00edguez Spiteri, nacido en Madrid en 1945, es el nuevo presidente del Consejo de Administraci\u00f3n de Patrimonio Nacional, la instituci\u00f3n de titularidad estatal con fines culturales y representativos, que administra los bienes hist\u00f3ricos de los que dispone la Corona. Al frente de 1600 funcionarios y laborales, con un presupuesto anual de 121 millones de euros en 2011, regenta uno de los departamentos de la Administraci\u00f3n espa\u00f1ola con m\u00e1s amplitud de cometidos, ya que gestiona desde un legado inmueble suntuario de 19 palacios o sitios reales, conventos y monasterios, entre otros El Escorial, Aranjuez y La Granja, que atesoran en conjunto m\u00e1s de 135.000 obras de arte, hasta bosques, r\u00edos y jardines cuya extensi\u00f3n supera las 22.500 hect\u00e1reas. Diplom\u00e1tico de carrera desde 1972, desempe\u00f1\u00f3 cargos en la India y M\u00e9xico, as\u00ed como las jefaturas de misi\u00f3n en Portugal y Alemania, donde fue embajador entre 1999 y 2004. Previamente hab\u00eda sido en 1986 jefe de Medios Operativos de la Presidencia del Gobierno, as\u00ed como Director General de Pol\u00edtica Exterior para Europa, Asia y Am\u00e9rica del Norte y asesor encargado de relaciones con la Santa Sede en el Ministerio de Asuntos Exteriores. Presidente de la Fundaci\u00f3n Pablo Palazuelo, que lleva el nombre de su t\u00edo el artista abstracto fallecido en Galapagar en 2007, Jos\u00e9 Rodr\u00edguez Spiteri es un hombre tranquilo y aplomado, andar\u00edn y lector impenitente de libros y de Prensa escrita, adem\u00e1s de comprador privado de obra contempor\u00e1nea de artistas j\u00f3venes. Est\u00e1 casado y tiene dos hijas.<\/p>\n<p><!--more--><\/p>\n<p><span style=\"color: #800000;\">Pregunta. Es Usted el cuarto miembro de la Carrera que encabeza la instituci\u00f3n; parecer\u00eda que, en el cargo que desempe\u00f1a, priman m\u00e1s las funciones representativas que las culturales.<\/span><\/p>\n<p>Respuesta. No lo creo. Pienso m\u00e1s bien que han sido situaciones circunstanciales las que han llevado a tales designaciones. Y tampoco creo que las funciones de representaci\u00f3n sean m\u00e1s importantes que las dem\u00e1s. En mi caso, considero que probablemente ha influido mi trayectoria de servicios al Estado.<\/p>\n<p><span style=\"color: #800000;\">P. De su experiencia diplom\u00e1tica, \u00bfqu\u00e9 pautas extrae para aplicar en su nuevo cometido al frente de Patrimonio Nacional?<\/span><\/p>\n<p>R. Las de observar paciencia en las negociaciones y fijar claramente los objetivos. Hay que tener muy claro a d\u00f3nde queremos llegar y actuar de modo que se impida la improvisaci\u00f3n y la decisi\u00f3n precipitada. En una instituci\u00f3n como Patrimonio Nacional, cualquier decisi\u00f3n tiene calado y arrastre.<\/p>\n<p><span style=\"color: #800000;\">P. \u00bfTiene Patrimonio Nacional alg\u00fan legado de Arte Abstracto?<\/span><\/p>\n<p>R. Durante varios a\u00f1os se compraron algunas obras, pero no son muy numerosas.<\/p>\n<p><span style=\"color: #800000;\">P. \u00bfContemplar\u00eda dotarse de ellas o incrementarlas?<\/span><\/p>\n<p>R. Tratar\u00e9 de este asunto cuando se serenen las aguas presupuestarias.<\/p>\n<p><span style=\"color: #800000;\">P. \u00bfSiguen bajando turbias?<\/span><\/p>\n<p>R. Complejas y preocupantes.<\/p>\n<p><span style=\"color: #800000;\">P. \u00bfEn qu\u00e9 estado interior y contextual ha encontrado Patrimonio Nacional al asumir su presidencia? \u00bfLe satisface lo que ha hallado?<\/span><\/p>\n<p>R. En general, s\u00ed. Lo cierto es que me siento como cuando preparaba mis oposiciones: llevo mes y medio en el cargo y no paro de estudiar. Cada presidente de Patrimonio Nacional desarrolla una manera propia de ejercer su tarea. Ahora tenemos una nueva gerente, Alicia Pastor, que procede del Museo del Prado. Aqu\u00ed se desarrolla una gesti\u00f3n muy variada que abarca desde palacios y obras de arte hasta bosques.Tenga en cuenta que tenemos 300 funcionarios y 1300 laborales. Estamos tratando de reordenar los efectivos de personal con los que contamos, para optimizarlos, tarea que llevar\u00e1 cierto tiempo. No he encontrado nada especialmente adverso.<\/p>\n<p><span style=\"color: #800000;\">P. \u00bfPiensa introducir modificaciones en personal, en el organigrama y en los m\u00e9todos o m\u00e1s bien seguir\u00e1 una l\u00ednea de continuidad?<\/span><\/p>\n<p>R. Nada muy especial, de momento. Vamos a ver c\u00f3mo trabajamos con lo que tenemos. Quiz\u00e1s alg\u00fan ajuste, pero no hay nada decidido. Patrimonio Nacional cuenta con un cat\u00e1logo de puestos de trabajo con gente de extraordinaria competencia. Pero a veces, hay \u00e1reas infra-dotadas de personal y otras, por razones que se me escapan, con un n\u00famero desproporcionado de efectivos. Creo que con la plantilla actual podemos hacer muy bien el trabajo encomendado. Adem\u00e1s, tengo buenas relaciones con los sindicatos y entiendo que eso es fundamental.<\/p>\n<p><span style=\"color: #800000;\">P. \u00bfQu\u00e9 tienen que ofrecer los palacios, jardines, monasterios y conventos de Patrimonio Nacional a los madrile\u00f1os y visitantes?<\/span><\/p>\n<p>R. Ofrecen una reflexi\u00f3n sobre el valor que hoy d\u00eda tiene nuestra historia. El Palacio Real, El Escorial, Aranjuez y la Granja debe llevarnos a la reflexi\u00f3n de lo que hemos sido y a la obligaci\u00f3n de todas las generaciones de preservar este legado, que es parte de nuestra formaci\u00f3n humana, de nuestra formaci\u00f3n como ciudadanos.<\/p>\n<p><span style=\"color: #800000;\">P. \u00bfCu\u00e1les van a ser las ideas-fuerza de su mandato?<\/span><\/p>\n<p>R. Prefiero llamarlas objetivos: terminar el Museo de Colecciones Reales; mantener el nivel de las exposiciones temporales y la calidad de la oferta cultural de los bienes hist\u00f3ricos; por supuesto, el servicio que Patrimonio Nacional le presta a la Corona; y la gesti\u00f3n del Valle de los Ca\u00eddos.<\/p>\n<p><span style=\"color: #800000;\">P. El Valle de los Ca\u00eddos, en su configuraci\u00f3n actual, es percibido por una parte importante de la poblaci\u00f3n y de la clase pol\u00edtica como un monumento cuando menos, problem\u00e1tico, m\u00e1s precisamente m\u00e1s como s\u00edmbolo de confrontaci\u00f3n ideol\u00f3gica y pol\u00edtica entre espa\u00f1oles que como s\u00edmbolo de reconciliaci\u00f3n. \u00bfQu\u00e9 opina Usted como presidente del organismo estatal que lo administra?<\/span><\/p>\n<p>R. A Patrimonio Nacional le corresponde gestionar el Valle de los Ca\u00eddos. Es algo at\u00edpico dentro de lo que son los bienes muebles e inmuebles que gestiona. Esta es una realidad legal que no va a tener cambio. Nos encontramos en un momento que evidencia que este asunto no re\u00fane consenso. El \u00fanico consenso existente al respecto es que no hay consenso. En l\u00ednea con el informe de la comisi\u00f3n nombrada al efecto, como repiti\u00f3 la vicepresidenta del Gobierno en comparecencia del 7 de febrero, no se debe o puede hacer nada sin consenso. Hay cuestionamientos te\u00f3ricos, hasta religiosos y pol\u00edticos. Es una realidad que el Valle de los Ca\u00eddos despierta muchas sensibilidades, todas ellas encontradas pero absolutamente respetables. Nuestra tarea, desde Patrimonio Nacional, consiste en ver qu\u00e9 podemos hacer desde un punto de vista t\u00e9cnico. Seg\u00fan nuestros informes, presenta importantes carencias de mantenimiento. Eso se recoge en el informe de la comisi\u00f3n oficial y se establece como prioridad. Hay cuestiones estructurales, como importantes filtraciones de agua que se remontan a la construcci\u00f3n, y otras derivadas de la necesaria restauraci\u00f3n de los grupos escult\u00f3ricos de los Evangelistas y las Virtudes. La zona de la abad\u00eda tambi\u00e9n requiere atenci\u00f3n, as\u00ed como el recinto boscoso de 1300 hect\u00e1reas que circunda el valle y que compone un espacio ecol\u00f3gico \u00fanico\u2026Como ve, el Valle de los Ca\u00eddos tiene un cat\u00e1logo innumerable de tareas.<\/p>\n<p><span style=\"color: #800000;\">P. \u00bfC\u00f3mo y cu\u00e1ndo piensa acometerlas?<\/span><\/p>\n<p>R. Poco a poco. Vamos a empezar a restaurar el via Crucis para que pueda ser utilizado en esta Semana Santa. Con los t\u00e9cnicos de Patrimonio Nacional estudiaremos a qu\u00e9 concederemos prioridad en funci\u00f3n de las disponibilidades presupuestarias: una de ellas es, por supuesto, la de las filtraciones de agua, que tuvo su origen cuando el arquitecto del complejo, Diego M\u00e9ndez, recubri\u00f3 la b\u00f3veda de la cripta excavada en la monta\u00f1a con tres estratos de hormig\u00f3n, acero y granito, pese a lo cual resultaron perforadas por el agua.<\/p>\n<p><span style=\"color: #800000;\">P. \u00bfQu\u00e9 sucede con los grandes grupos escult\u00f3ricos?<\/span><\/p>\n<p>R. Sucede que fueron hechos con materiales muy distintos, desde piedra a restos de escombro de la propia obra revestidos, cuya evoluci\u00f3n sigue distintos cursos en funci\u00f3n de su propia naturaleza y su interacci\u00f3n, tambi\u00e9n con respecto a agentes externos como el sol o la lluvia.<\/p>\n<p><span style=\"color: #800000;\">P. \u00bfHay riesgo para el p\u00fablico bajo los Evangelistas o las Virtudes?<\/span><\/p>\n<p>R. No, porque el acceso al p\u00fablico lo mantenemos cerrado. As\u00ed no lo puedo abrir. Probablemente ahora mejoremos la seguridad del grupo escult\u00f3rico de La Piedad -en el dintel de entrada- , pero no se va a desmontar ni a colocar en su lugar una reproducci\u00f3n. Prefiero gastar m\u00e1s dinero en ver c\u00f3mo acabamos con las filtraciones de agua.<\/p>\n<p><span style=\"color: #800000;\">P. \u00bfHan afectado las filtraciones a los enterramientos?<\/span><\/p>\n<p>R. S\u00ed, se han visto muy, muy afectados, tanto, que algunos restos no permiten su identificaci\u00f3n. Est\u00e1 escrito en los informes.<\/p>\n<p><span style=\"color: #800000;\">P. \u00bfHubo negligencia para llegar a ese estado?<\/span><\/p>\n<p>R. Creo que no, porque las filtraciones datan del origen mismo de las obras, pero su hallazgo y sus efectos sobre los enterramientos a izquierda, derecha y a lo largo del eje de la bas\u00edlica es reciente.<\/p>\n<p><span style=\"color: #800000;\">P. Entonces, en su origen, se proyect\u00f3 mal.<\/span><\/p>\n<p>R\u2026.<\/p>\n<p><span style=\"color: #800000;\">P. Francisco Franco no puede ser considerado ca\u00eddo en la Guerra Civil. \u00bfC\u00f3mo se explica su sepultura en el Valle?<\/span><\/p>\n<p><span style=\"color: #000000;\">R. La \u00fanica explicaci\u00f3n reside en el momento hist\u00f3rico en el que tuvo lugar su muerte, momento en el que no hay consenso en torno a qu\u00e9 hacer. La abad\u00eda es soberana sobre todo lo que ocurre en el Valle.<\/span><\/p>\n<p><span style=\"color: #800000;\">P. \u00bfPor qu\u00e9?<\/span><\/p>\n<p><span style=\"color: #800000;\"><span style=\"color: #000000;\">R. En virtud de los acuerdos firmados con la Iglesia cat\u00f3lica<\/span>.<\/span><\/p>\n<p><span style=\"color: #800000;\">P. Son preconstitucionales.<\/span><\/p>\n<p>R. Fueron ratificados con el Vaticano en 1979. En todo caso, no es el momento, quiz\u00e1 m\u00e1s adelante se pueda abordar. Lo cierto es que se han producido situaciones de una tensi\u00f3n extraordinaria.<\/p>\n<p><span style=\"color: #800000;\">P. El abad admiti\u00f3, a preguntas de este diario, que si la familia de Franco no se opon\u00eda, ni \u00e9l ni su comunidad impugnar\u00edan la salida de los restos del dictador de la bas\u00edlica y del Valle de los Ca\u00eddos. \u00bfContempla esa posibilidad?<\/span><\/p>\n<p>R. En el momento en que haya consenso, alguien tendr\u00e1 que tomar la iniciativa contando con la familia y con la comunidad benedictina. Si hay consenso, se acab\u00f3 el problema: la vicepresidenta Sa\u00e9nz de Santamar\u00eda fue muy expl\u00edcita en su comparecencia ante el Senado.<\/p>\n<p><span style=\"color: #800000;\">P. \u00bfCu\u00e1l es hoy su opini\u00f3n al respecto?<\/span><\/p>\n<p>R. La idea de Patrimonio Nacional es que vamos hacia una normalizaci\u00f3n de la situaci\u00f3n en el Valle de los Ca\u00eddos y que m\u00e1s adelante estudiaremos otras cuestiones siempre con la palabra consenso como referencia.<\/p>\n<p><span style=\"color: #800000;\">P. Usted sabe que consenso total sobre este asunto es imposible.<\/span><\/p>\n<p>R. Es complicado, pero no lo descarto. Lo importante es ver hasta d\u00f3nde quieres llegar.<\/p>\n<p><span style=\"color: #800000;\">P. \u00bfHasta d\u00f3nde quiere llegar Usted en este asunto?<\/span><\/p>\n<p>R. Eso no se lo voy a contar ahora. Quiz\u00e1 m\u00e1s adelante.<\/p>\n<p><span style=\"color: #800000;\">P. \u00bfEn qu\u00e9 situaci\u00f3n se encuentran las obras del Museo de Colecciones Reales? \u00bfC\u00f3mo puede afectarles la s\u00fabita desaparici\u00f3n del arquitecto reci\u00e9n fallecido Luis Moreno Mansilla?<\/span><\/p>\n<p>R. Conoc\u00ed a Moreno Mansilla en dos ocasiones y pude comprobar su extraordinaria calidad humana y profesional, como gran arquitecto. Siempre echaremos en falta su insustituible criterio: Pero el proyecto va a seguir adelante. La relaci\u00f3n con su socio el arquitecto Emilio Tu\u00f1\u00f3n es excelente. Las obras del museo cuentan con un equipo muy competente. En este momento, est\u00e1 adjudicada la tercera fase que consiste en las obras de revestimiento de la fachada y en este a\u00f1o y el siguiente se acometer\u00e1n las obras de las ventanas. En 2013 abordaremos las instalaciones y la museograf\u00eda. Ahora, en contacto con la Direcci\u00f3n General de Presupuestos, realizamos una proyecci\u00f3n para los ejercicios 2014, 2015 y 2016, que no est\u00e1 cerrada, porque la estamos revisando respecto de los costes iniciales y que implica una reducci\u00f3n de m\u00e1s del 20%. No vamos a forrar las rampas de acceso con un revestimiento de roble miles de metros cuadrados, como previeron en un principio Tu\u00f1\u00f3n y Mansilla, a quienes ha dolido confirmar que el hormig\u00f3n visto tiene cierta belleza\u2026Tampoco los suelos ser\u00e1n de granito negro, que resulta muy caro. Emplearemos otros materiales, igual de bellos pero m\u00e1s baratos.<\/p>\n<p><span style=\"color: #800000;\">P. \u00bfSer\u00e1 2016 la fecha en que culmine la construcci\u00f3n?<\/span><\/p>\n<p>R. Podr\u00eda ser. Pero no hay garant\u00eda plena. Depender\u00e1 del flujo presupuestario. Mas ya va siendo hora, porque el proyecto data de 1998. Es un proyecto estrat\u00e9gico que va a contribuir a que Madrid tenga una de las ofertas culturales m\u00e1s importantes de Europa.<\/p>\n<p><span style=\"color: #800000;\">P. \u00bfHay ya algo concreto sobre la museograf\u00eda que presentar\u00e1?<\/span><\/p>\n<p>R. No a\u00fan. La idea es promover la licitaci\u00f3n de las instalaciones a finales de 2013 y a continuaci\u00f3n, la museograf\u00eda, para evitar errores de imprevisi\u00f3n cometidos en otros museos.<\/p>\n<p><span style=\"color: #800000;\">P. En aspectos representativos y protocolarios relativos a la Corona como los que desempe\u00f1a Patrimonio Nacional, \u00bfhay planes de contingencia ante eventos estatales predecibles o presumibles como, por ejemplo, seria un relevo en la Jefatura del Estado?<\/span><\/p>\n<p>R. Esa pregunta no tiene contestaci\u00f3n por mi parte. No puedo entrar en ella. Se trata de una cuesti\u00f3n de estricta competencia de la Casa Real cuya respuesta no me concierne.<\/p>\n<p><span style=\"color: #800000;\">P. Desde el punto de vista representativo-protocolario, \u00bfen qu\u00e9 situaci\u00f3n se halla el duque de Palma, yerno del Rey, al respecto de los actos oficiales?<\/span><\/p>\n<p>R. No tengo nada que ver. No puedo contestar a su pregunta.<\/p>\n<p><span style=\"color: #800000;\">P. \u00bfHay novedades respeto del retrato de la familia real que se le encarg\u00f3 al pintor Antonio L\u00f3pez en el a\u00f1o de 1992?<\/span><\/p>\n<p>R. S\u00ed: el artista me ha prometido que lo termina en el pr\u00f3ximo mes de mayo; en este a\u00f1o, claro. En este momento, retoca la figura del Pr\u00edncipe de Asturias, m\u00e1s concretamente un tercio de esa figura, que ha aproximado tambi\u00e9n un poquito m\u00e1s al grupo; en el retrato, a la derecha de Don Felipe, se encuentra la Reina, a su lado el Rey, junto a \u00e9l la infanta Elena y a la derecha de ella, la infanta Cristina. El cuadro, que mide 3,40 metros por tres de altura, una vez terminado por L\u00f3pez, lo instalaremos en el sal\u00f3n del Consejo de Patrimonio, sobre una pared hasta ahora ocupada por un tapiz hecho con cartones de Francisco de Goya. El encargo data de 1996.<\/p>\n<p><span style=\"color: #800000;\">P. \u00bfSer\u00e1 visitable por el p\u00fablico en el lugar elegido?<\/span><\/p>\n<p>R. S\u00ed, en visitas previamente concertadas.<\/p>\n","protected":false},"excerpt":{"rendered":"<p>Entrevista en \u00abEl Pa\u00eds\u00bb al Presidente de Patrimonio Nacional. Jos\u00e9 Rodr\u00edguez Spiteri, nacido en Madrid en 1945, es el nuevo presidente del Consejo de Administraci\u00f3n de Patrimonio Nacional, la instituci\u00f3n de titularidad estatal con fines culturales y representativos, que administra los bienes hist\u00f3ricos de los que dispone la Corona. Al [&hellip;]<\/p>\n","protected":false},"author":1,"featured_media":0,"comment_status":"open","ping_status":"open","sticky":false,"template":"","format":"standard","meta":[],"categories":[4],"tags":[],"yoast_head":"<!-- This site is optimized with the Yoast SEO plugin v18.6 - https:\/\/yoast.com\/wordpress\/plugins\/seo\/ -->\n<title>Jos\u00e9 Rodr\u00edguez Spiteri: &quot;Cuando haya consenso acabar\u00e1 el problema del Valle de los Ca\u00eddos&quot; - ADVC<\/title>\n<meta name=\"robots\" content=\"index, follow, max-snippet:-1, max-image-preview:large, max-video-preview:-1\" \/>\n<link rel=\"canonical\" href=\"https:\/\/www.elvalledeloscaidos.es\/portal\/?p=2162\" \/>\n<meta property=\"og:locale\" content=\"es_ES\" \/>\n<meta property=\"og:type\" content=\"article\" \/>\n<meta property=\"og:title\" content=\"Jos\u00e9 Rodr\u00edguez Spiteri: &quot;Cuando haya consenso acabar\u00e1 el problema del Valle de los Ca\u00eddos&quot; - ADVC\" \/>\n<meta property=\"og:description\" content=\"Entrevista en \u00abEl Pa\u00eds\u00bb al Presidente de Patrimonio Nacional. Jos\u00e9 Rodr\u00edguez Spiteri, nacido en Madrid en 1945, es el nuevo presidente del Consejo de Administraci\u00f3n de Patrimonio Nacional, la instituci\u00f3n de titularidad estatal con fines culturales y representativos, que administra los bienes hist\u00f3ricos de los que dispone la Corona. Al [&hellip;]\" \/>\n<meta property=\"og:url\" content=\"https:\/\/www.elvalledeloscaidos.es\/portal\/?p=2162\" \/>\n<meta property=\"og:site_name\" content=\"ADVC\" \/>\n<meta property=\"article:published_time\" content=\"2012-03-22T19:52:13+00:00\" \/>\n<meta property=\"article:modified_time\" content=\"2012-03-25T00:37:25+00:00\" \/>\n<meta property=\"og:image\" content=\"http:\/\/www.elvalledeloscaidos.es\/portal\/wp-content\/uploads\/2012\/03\/1332436617_546842_1332440915_noticia_normal-e1332445540152.jpg\" \/>\n<meta name=\"twitter:card\" content=\"summary_large_image\" \/>\n<meta name=\"twitter:label1\" content=\"Escrito por\" \/>\n\t<meta name=\"twitter:data1\" content=\"linares\" \/>\n\t<meta name=\"twitter:label2\" content=\"Tiempo de lectura\" \/>\n\t<meta name=\"twitter:data2\" content=\"12 minutos\" \/>\n<script type=\"application\/ld+json\" class=\"yoast-schema-graph\">{\"@context\":\"https:\/\/schema.org\",\"@graph\":[{\"@type\":\"WebSite\",\"@id\":\"https:\/\/www.elvalledeloscaidos.es\/portal\/#website\",\"url\":\"https:\/\/www.elvalledeloscaidos.es\/portal\/\",\"name\":\"ADVC\",\"description\":\"Asociaci\u00f3n Para la Defensa del Valle de los Ca\u00eddos\",\"potentialAction\":[{\"@type\":\"SearchAction\",\"target\":{\"@type\":\"EntryPoint\",\"urlTemplate\":\"https:\/\/www.elvalledeloscaidos.es\/portal\/?s={search_term_string}\"},\"query-input\":\"required name=search_term_string\"}],\"inLanguage\":\"es\"},{\"@type\":\"ImageObject\",\"@id\":\"https:\/\/www.elvalledeloscaidos.es\/portal\/?p=2162#primaryimage\",\"inLanguage\":\"es\",\"url\":\"http:\/\/www.elvalledeloscaidos.es\/portal\/wp-content\/uploads\/2012\/03\/1332436617_546842_1332440915_noticia_normal-e1332445540152.jpg\",\"contentUrl\":\"http:\/\/www.elvalledeloscaidos.es\/portal\/wp-content\/uploads\/2012\/03\/1332436617_546842_1332440915_noticia_normal-e1332445540152.jpg\"},{\"@type\":\"WebPage\",\"@id\":\"https:\/\/www.elvalledeloscaidos.es\/portal\/?p=2162#webpage\",\"url\":\"https:\/\/www.elvalledeloscaidos.es\/portal\/?p=2162\",\"name\":\"Jos\u00e9 Rodr\u00edguez Spiteri: \\\"Cuando haya consenso acabar\u00e1 el problema del Valle de los Ca\u00eddos\\\" - ADVC\",\"isPartOf\":{\"@id\":\"https:\/\/www.elvalledeloscaidos.es\/portal\/#website\"},\"primaryImageOfPage\":{\"@id\":\"https:\/\/www.elvalledeloscaidos.es\/portal\/?p=2162#primaryimage\"},\"datePublished\":\"2012-03-22T19:52:13+00:00\",\"dateModified\":\"2012-03-25T00:37:25+00:00\",\"author\":{\"@id\":\"https:\/\/www.elvalledeloscaidos.es\/portal\/#\/schema\/person\/36b3894dc4f1eb332b7fc369aed7eb58\"},\"breadcrumb\":{\"@id\":\"https:\/\/www.elvalledeloscaidos.es\/portal\/?p=2162#breadcrumb\"},\"inLanguage\":\"es\",\"potentialAction\":[{\"@type\":\"ReadAction\",\"target\":[\"https:\/\/www.elvalledeloscaidos.es\/portal\/?p=2162\"]}]},{\"@type\":\"BreadcrumbList\",\"@id\":\"https:\/\/www.elvalledeloscaidos.es\/portal\/?p=2162#breadcrumb\",\"itemListElement\":[{\"@type\":\"ListItem\",\"position\":1,\"name\":\"Portada\",\"item\":\"https:\/\/www.elvalledeloscaidos.es\/portal\"},{\"@type\":\"ListItem\",\"position\":2,\"name\":\"Jos\u00e9 Rodr\u00edguez Spiteri: \u00abCuando haya consenso acabar\u00e1 el problema del Valle de los Ca\u00eddos\u00bb\"}]},{\"@type\":\"Person\",\"@id\":\"https:\/\/www.elvalledeloscaidos.es\/portal\/#\/schema\/person\/36b3894dc4f1eb332b7fc369aed7eb58\",\"name\":\"linares\",\"image\":{\"@type\":\"ImageObject\",\"@id\":\"https:\/\/www.elvalledeloscaidos.es\/portal\/#personlogo\",\"inLanguage\":\"es\",\"url\":\"https:\/\/secure.gravatar.com\/avatar\/0b6f3a427655ac169c9155e538724b76?s=96&d=mm&r=g\",\"contentUrl\":\"https:\/\/secure.gravatar.com\/avatar\/0b6f3a427655ac169c9155e538724b76?s=96&d=mm&r=g\",\"caption\":\"linares\"},\"url\":\"https:\/\/www.elvalledeloscaidos.es\/portal\/?author=1\"}]}<\/script>\n<!-- \/ Yoast SEO plugin. -->","yoast_head_json":{"title":"Jos\u00e9 Rodr\u00edguez Spiteri: \"Cuando haya consenso acabar\u00e1 el problema del Valle de los Ca\u00eddos\" - ADVC","robots":{"index":"index","follow":"follow","max-snippet":"max-snippet:-1","max-image-preview":"max-image-preview:large","max-video-preview":"max-video-preview:-1"},"canonical":"https:\/\/www.elvalledeloscaidos.es\/portal\/?p=2162","og_locale":"es_ES","og_type":"article","og_title":"Jos\u00e9 Rodr\u00edguez Spiteri: \"Cuando haya consenso acabar\u00e1 el problema del Valle de los Ca\u00eddos\" - ADVC","og_description":"Entrevista en \u00abEl Pa\u00eds\u00bb al Presidente de Patrimonio Nacional. Jos\u00e9 Rodr\u00edguez Spiteri, nacido en Madrid en 1945, es el nuevo presidente del Consejo de Administraci\u00f3n de Patrimonio Nacional, la instituci\u00f3n de titularidad estatal con fines culturales y representativos, que administra los bienes hist\u00f3ricos de los que dispone la Corona. Al [&hellip;]","og_url":"https:\/\/www.elvalledeloscaidos.es\/portal\/?p=2162","og_site_name":"ADVC","article_published_time":"2012-03-22T19:52:13+00:00","article_modified_time":"2012-03-25T00:37:25+00:00","og_image":[{"url":"http:\/\/www.elvalledeloscaidos.es\/portal\/wp-content\/uploads\/2012\/03\/1332436617_546842_1332440915_noticia_normal-e1332445540152.jpg"}],"twitter_card":"summary_large_image","twitter_misc":{"Escrito por":"linares","Tiempo de lectura":"12 minutos"},"schema":{"@context":"https:\/\/schema.org","@graph":[{"@type":"WebSite","@id":"https:\/\/www.elvalledeloscaidos.es\/portal\/#website","url":"https:\/\/www.elvalledeloscaidos.es\/portal\/","name":"ADVC","description":"Asociaci\u00f3n Para la Defensa del Valle de los Ca\u00eddos","potentialAction":[{"@type":"SearchAction","target":{"@type":"EntryPoint","urlTemplate":"https:\/\/www.elvalledeloscaidos.es\/portal\/?s={search_term_string}"},"query-input":"required name=search_term_string"}],"inLanguage":"es"},{"@type":"ImageObject","@id":"https:\/\/www.elvalledeloscaidos.es\/portal\/?p=2162#primaryimage","inLanguage":"es","url":"http:\/\/www.elvalledeloscaidos.es\/portal\/wp-content\/uploads\/2012\/03\/1332436617_546842_1332440915_noticia_normal-e1332445540152.jpg","contentUrl":"http:\/\/www.elvalledeloscaidos.es\/portal\/wp-content\/uploads\/2012\/03\/1332436617_546842_1332440915_noticia_normal-e1332445540152.jpg"},{"@type":"WebPage","@id":"https:\/\/www.elvalledeloscaidos.es\/portal\/?p=2162#webpage","url":"https:\/\/www.elvalledeloscaidos.es\/portal\/?p=2162","name":"Jos\u00e9 Rodr\u00edguez Spiteri: \"Cuando haya consenso acabar\u00e1 el problema del Valle de los Ca\u00eddos\" - ADVC","isPartOf":{"@id":"https:\/\/www.elvalledeloscaidos.es\/portal\/#website"},"primaryImageOfPage":{"@id":"https:\/\/www.elvalledeloscaidos.es\/portal\/?p=2162#primaryimage"},"datePublished":"2012-03-22T19:52:13+00:00","dateModified":"2012-03-25T00:37:25+00:00","author":{"@id":"https:\/\/www.elvalledeloscaidos.es\/portal\/#\/schema\/person\/36b3894dc4f1eb332b7fc369aed7eb58"},"breadcrumb":{"@id":"https:\/\/www.elvalledeloscaidos.es\/portal\/?p=2162#breadcrumb"},"inLanguage":"es","potentialAction":[{"@type":"ReadAction","target":["https:\/\/www.elvalledeloscaidos.es\/portal\/?p=2162"]}]},{"@type":"BreadcrumbList","@id":"https:\/\/www.elvalledeloscaidos.es\/portal\/?p=2162#breadcrumb","itemListElement":[{"@type":"ListItem","position":1,"name":"Portada","item":"https:\/\/www.elvalledeloscaidos.es\/portal"},{"@type":"ListItem","position":2,"name":"Jos\u00e9 Rodr\u00edguez Spiteri: \u00abCuando haya consenso acabar\u00e1 el problema del Valle de los Ca\u00eddos\u00bb"}]},{"@type":"Person","@id":"https:\/\/www.elvalledeloscaidos.es\/portal\/#\/schema\/person\/36b3894dc4f1eb332b7fc369aed7eb58","name":"linares","image":{"@type":"ImageObject","@id":"https:\/\/www.elvalledeloscaidos.es\/portal\/#personlogo","inLanguage":"es","url":"https:\/\/secure.gravatar.com\/avatar\/0b6f3a427655ac169c9155e538724b76?s=96&d=mm&r=g","contentUrl":"https:\/\/secure.gravatar.com\/avatar\/0b6f3a427655ac169c9155e538724b76?s=96&d=mm&r=g","caption":"linares"},"url":"https:\/\/www.elvalledeloscaidos.es\/portal\/?author=1"}]}},"_links":{"self":[{"href":"https:\/\/www.elvalledeloscaidos.es\/portal\/index.php?rest_route=\/wp\/v2\/posts\/2162"}],"collection":[{"href":"https:\/\/www.elvalledeloscaidos.es\/portal\/index.php?rest_route=\/wp\/v2\/posts"}],"about":[{"href":"https:\/\/www.elvalledeloscaidos.es\/portal\/index.php?rest_route=\/wp\/v2\/types\/post"}],"author":[{"embeddable":true,"href":"https:\/\/www.elvalledeloscaidos.es\/portal\/index.php?rest_route=\/wp\/v2\/users\/1"}],"replies":[{"embeddable":true,"href":"https:\/\/www.elvalledeloscaidos.es\/portal\/index.php?rest_route=%2Fwp%2Fv2%2Fcomments&post=2162"}],"version-history":[{"count":6,"href":"https:\/\/www.elvalledeloscaidos.es\/portal\/index.php?rest_route=\/wp\/v2\/posts\/2162\/revisions"}],"predecessor-version":[{"id":2171,"href":"https:\/\/www.elvalledeloscaidos.es\/portal\/index.php?rest_route=\/wp\/v2\/posts\/2162\/revisions\/2171"}],"wp:attachment":[{"href":"https:\/\/www.elvalledeloscaidos.es\/portal\/index.php?rest_route=%2Fwp%2Fv2%2Fmedia&parent=2162"}],"wp:term":[{"taxonomy":"category","embeddable":true,"href":"https:\/\/www.elvalledeloscaidos.es\/portal\/index.php?rest_route=%2Fwp%2Fv2%2Fcategories&post=2162"},{"taxonomy":"post_tag","embeddable":true,"href":"https:\/\/www.elvalledeloscaidos.es\/portal\/index.php?rest_route=%2Fwp%2Fv2%2Ftags&post=2162"}],"curies":[{"name":"wp","href":"https:\/\/api.w.org\/{rel}","templated":true}]}}