{"id":2194,"date":"2012-03-30T23:56:08","date_gmt":"2012-03-30T22:56:08","guid":{"rendered":"http:\/\/www.elvalledeloscaidos.es\/portal\/?p=2194"},"modified":"2012-03-30T23:57:50","modified_gmt":"2012-03-30T22:57:50","slug":"el-ts-envia-las-causas-de-las-fosas-de-la-guerra-a-los-juzgados-locales","status":"publish","type":"post","link":"https:\/\/www.elvalledeloscaidos.es\/portal\/?p=2194","title":{"rendered":"El TS env\u00eda las causas de las fosas de la guerra a los juzgados locales."},"content":{"rendered":"<p>&nbsp;<\/p>\n<p>El Tribunal Supremo ha decidido que sean los juzgados de Granada y de San Lorenzo de El Escorial (Madrid) los que se hagan cargo de tramitar los procedimientos desgajados de la causa abierta en 2008 por el hoy exjuez Baltasar Garz\u00f3n para investigar los cr\u00edmenes del franquismo, procedimiento que le cost\u00f3 ser juzgado por un delito de prevaricaci\u00f3n judicial y en el que result\u00f3 finalmente absuelto. La decisi\u00f3n del alto Tribunal resuelve una cuesti\u00f3n de competencia que plante\u00f3 el propio Garz\u00f3n y permitir\u00e1 seguir con la localizaci\u00f3n de la fosa en las que podr\u00eda haber sido enterrado Federico Garc\u00eda Lorca as\u00ed como con la exhumaci\u00f3n de los enterrados en el Valle de los Ca\u00eddos.<\/p>\n<p>En un auto hecho p\u00fablico ayer, la Sala Segunda excluye la posibilidad \u00abdel enjuiciamiento penal de los autores\u00bb de los cr\u00edmenes de la Guerra Civil y el franquismo pero asegura que ello \u00abno deber\u00e1 ser obst\u00e1culo para que, en presencia de indicios objetivables de la existencia de restos de posibles v\u00edctimas de delitos susceptibles de localizaci\u00f3n\u00bb pueda ponerse el caso en manos de un juez para su localizaci\u00f3n e identificaci\u00f3n. \u00abLos restos de quienes hubieran sufrido muertes violentas no pueden permanecer en el anonimato ni fuera de los lugares propios de enterramiento. Y tampoco cabe imponer a sus familiares el gravamen representado por tal clase de situaciones, moral y jur\u00eddicamente insostenibles\u00bb, concluye.<\/p>\n<p>Estos razonamientos llevan al Tribunal Supremo a determinar la competencia del Juzgado de Instrucci\u00f3n n\u00famero 2 de San Lorenzo de El Escorial y del Juzgado de Instrucci\u00f3n n\u00famero 3 de Granada para continuar con la tramitaci\u00f3n de las diligencias iniciadas por Garz\u00f3n en la Audiencia Nacional.<\/p>\n<p>La cuesti\u00f3n de competencia permaneci\u00f3 paralizada mientras se resolv\u00eda el procedimiento abierto a Garz\u00f3n.<\/p>\n<p>ABC Madrid.<\/p>\n<p>Nota: Adjuntamos de nuevo el informe forense del Ministerio de Justicia en el que se declaran las exhumaciones como de una \u00abcomplejidad extrema\u00bb. No ha lugar pues ninguna exhumaci\u00f3n en el Valle, ni siquiera labor alguna de identificaci\u00f3n de los restos.<\/p>\n<p><a href=\"http:\/\/www.elvalledeloscaidos.es\/portal\/wp-content\/uploads\/2012\/03\/informeforensevalledeloscaidos.pdf\" target=\"blank\">informeforensevalledeloscaidos<\/a><\/p>\n<p>&nbsp;<\/p>\n","protected":false},"excerpt":{"rendered":"<p>&nbsp; El Tribunal Supremo ha decidido que sean los juzgados de Granada y de San Lorenzo de El Escorial (Madrid) los que se hagan cargo de tramitar los procedimientos desgajados de la causa abierta en 2008 por el hoy exjuez Baltasar Garz\u00f3n para investigar los cr\u00edmenes del franquismo, procedimiento que [&hellip;]<\/p>\n","protected":false},"author":1,"featured_media":0,"comment_status":"open","ping_status":"open","sticky":false,"template":"","format":"standard","meta":[],"categories":[4],"tags":[],"yoast_head":"<!-- This site is optimized with the Yoast SEO plugin v18.6 - https:\/\/yoast.com\/wordpress\/plugins\/seo\/ -->\n<title>El TS env\u00eda las causas de las fosas de la guerra a los juzgados locales. - ADVC<\/title>\n<meta name=\"robots\" content=\"index, follow, max-snippet:-1, max-image-preview:large, max-video-preview:-1\" \/>\n<link rel=\"canonical\" href=\"https:\/\/www.elvalledeloscaidos.es\/portal\/?p=2194\" \/>\n<meta property=\"og:locale\" content=\"es_ES\" \/>\n<meta property=\"og:type\" content=\"article\" \/>\n<meta property=\"og:title\" content=\"El TS env\u00eda las causas de las fosas de la guerra a los juzgados locales. - ADVC\" \/>\n<meta property=\"og:description\" content=\"&nbsp; El Tribunal Supremo ha decidido que sean los juzgados de Granada y de San Lorenzo de El Escorial (Madrid) los que se hagan cargo de tramitar los procedimientos desgajados de la causa abierta en 2008 por el hoy exjuez Baltasar Garz\u00f3n para investigar los cr\u00edmenes del franquismo, procedimiento que [&hellip;]\" \/>\n<meta property=\"og:url\" content=\"https:\/\/www.elvalledeloscaidos.es\/portal\/?p=2194\" \/>\n<meta property=\"og:site_name\" content=\"ADVC\" \/>\n<meta property=\"article:published_time\" content=\"2012-03-30T22:56:08+00:00\" \/>\n<meta property=\"article:modified_time\" content=\"2012-03-30T22:57:50+00:00\" \/>\n<meta name=\"twitter:card\" content=\"summary_large_image\" \/>\n<meta name=\"twitter:label1\" content=\"Escrito por\" \/>\n\t<meta name=\"twitter:data1\" content=\"linares\" \/>\n\t<meta name=\"twitter:label2\" content=\"Tiempo de lectura\" \/>\n\t<meta name=\"twitter:data2\" content=\"2 minutos\" \/>\n<script type=\"application\/ld+json\" class=\"yoast-schema-graph\">{\"@context\":\"https:\/\/schema.org\",\"@graph\":[{\"@type\":\"WebSite\",\"@id\":\"https:\/\/www.elvalledeloscaidos.es\/portal\/#website\",\"url\":\"https:\/\/www.elvalledeloscaidos.es\/portal\/\",\"name\":\"ADVC\",\"description\":\"Asociaci\u00f3n Para la Defensa del Valle de los Ca\u00eddos\",\"potentialAction\":[{\"@type\":\"SearchAction\",\"target\":{\"@type\":\"EntryPoint\",\"urlTemplate\":\"https:\/\/www.elvalledeloscaidos.es\/portal\/?s={search_term_string}\"},\"query-input\":\"required name=search_term_string\"}],\"inLanguage\":\"es\"},{\"@type\":\"WebPage\",\"@id\":\"https:\/\/www.elvalledeloscaidos.es\/portal\/?p=2194#webpage\",\"url\":\"https:\/\/www.elvalledeloscaidos.es\/portal\/?p=2194\",\"name\":\"El TS env\u00eda las causas de las fosas de la guerra a los juzgados locales. - ADVC\",\"isPartOf\":{\"@id\":\"https:\/\/www.elvalledeloscaidos.es\/portal\/#website\"},\"datePublished\":\"2012-03-30T22:56:08+00:00\",\"dateModified\":\"2012-03-30T22:57:50+00:00\",\"author\":{\"@id\":\"https:\/\/www.elvalledeloscaidos.es\/portal\/#\/schema\/person\/36b3894dc4f1eb332b7fc369aed7eb58\"},\"breadcrumb\":{\"@id\":\"https:\/\/www.elvalledeloscaidos.es\/portal\/?p=2194#breadcrumb\"},\"inLanguage\":\"es\",\"potentialAction\":[{\"@type\":\"ReadAction\",\"target\":[\"https:\/\/www.elvalledeloscaidos.es\/portal\/?p=2194\"]}]},{\"@type\":\"BreadcrumbList\",\"@id\":\"https:\/\/www.elvalledeloscaidos.es\/portal\/?p=2194#breadcrumb\",\"itemListElement\":[{\"@type\":\"ListItem\",\"position\":1,\"name\":\"Portada\",\"item\":\"https:\/\/www.elvalledeloscaidos.es\/portal\"},{\"@type\":\"ListItem\",\"position\":2,\"name\":\"El TS env\u00eda las causas de las fosas de la guerra a los juzgados locales.\"}]},{\"@type\":\"Person\",\"@id\":\"https:\/\/www.elvalledeloscaidos.es\/portal\/#\/schema\/person\/36b3894dc4f1eb332b7fc369aed7eb58\",\"name\":\"linares\",\"image\":{\"@type\":\"ImageObject\",\"@id\":\"https:\/\/www.elvalledeloscaidos.es\/portal\/#personlogo\",\"inLanguage\":\"es\",\"url\":\"https:\/\/secure.gravatar.com\/avatar\/0b6f3a427655ac169c9155e538724b76?s=96&d=mm&r=g\",\"contentUrl\":\"https:\/\/secure.gravatar.com\/avatar\/0b6f3a427655ac169c9155e538724b76?s=96&d=mm&r=g\",\"caption\":\"linares\"},\"url\":\"https:\/\/www.elvalledeloscaidos.es\/portal\/?author=1\"}]}<\/script>\n<!-- \/ Yoast SEO plugin. -->","yoast_head_json":{"title":"El TS env\u00eda las causas de las fosas de la guerra a los juzgados locales. - ADVC","robots":{"index":"index","follow":"follow","max-snippet":"max-snippet:-1","max-image-preview":"max-image-preview:large","max-video-preview":"max-video-preview:-1"},"canonical":"https:\/\/www.elvalledeloscaidos.es\/portal\/?p=2194","og_locale":"es_ES","og_type":"article","og_title":"El TS env\u00eda las causas de las fosas de la guerra a los juzgados locales. - ADVC","og_description":"&nbsp; El Tribunal Supremo ha decidido que sean los juzgados de Granada y de San Lorenzo de El Escorial (Madrid) los que se hagan cargo de tramitar los procedimientos desgajados de la causa abierta en 2008 por el hoy exjuez Baltasar Garz\u00f3n para investigar los cr\u00edmenes del franquismo, procedimiento que [&hellip;]","og_url":"https:\/\/www.elvalledeloscaidos.es\/portal\/?p=2194","og_site_name":"ADVC","article_published_time":"2012-03-30T22:56:08+00:00","article_modified_time":"2012-03-30T22:57:50+00:00","twitter_card":"summary_large_image","twitter_misc":{"Escrito por":"linares","Tiempo de lectura":"2 minutos"},"schema":{"@context":"https:\/\/schema.org","@graph":[{"@type":"WebSite","@id":"https:\/\/www.elvalledeloscaidos.es\/portal\/#website","url":"https:\/\/www.elvalledeloscaidos.es\/portal\/","name":"ADVC","description":"Asociaci\u00f3n Para la Defensa del Valle de los Ca\u00eddos","potentialAction":[{"@type":"SearchAction","target":{"@type":"EntryPoint","urlTemplate":"https:\/\/www.elvalledeloscaidos.es\/portal\/?s={search_term_string}"},"query-input":"required name=search_term_string"}],"inLanguage":"es"},{"@type":"WebPage","@id":"https:\/\/www.elvalledeloscaidos.es\/portal\/?p=2194#webpage","url":"https:\/\/www.elvalledeloscaidos.es\/portal\/?p=2194","name":"El TS env\u00eda las causas de las fosas de la guerra a los juzgados locales. - ADVC","isPartOf":{"@id":"https:\/\/www.elvalledeloscaidos.es\/portal\/#website"},"datePublished":"2012-03-30T22:56:08+00:00","dateModified":"2012-03-30T22:57:50+00:00","author":{"@id":"https:\/\/www.elvalledeloscaidos.es\/portal\/#\/schema\/person\/36b3894dc4f1eb332b7fc369aed7eb58"},"breadcrumb":{"@id":"https:\/\/www.elvalledeloscaidos.es\/portal\/?p=2194#breadcrumb"},"inLanguage":"es","potentialAction":[{"@type":"ReadAction","target":["https:\/\/www.elvalledeloscaidos.es\/portal\/?p=2194"]}]},{"@type":"BreadcrumbList","@id":"https:\/\/www.elvalledeloscaidos.es\/portal\/?p=2194#breadcrumb","itemListElement":[{"@type":"ListItem","position":1,"name":"Portada","item":"https:\/\/www.elvalledeloscaidos.es\/portal"},{"@type":"ListItem","position":2,"name":"El TS env\u00eda las causas de las fosas de la guerra a los juzgados locales."}]},{"@type":"Person","@id":"https:\/\/www.elvalledeloscaidos.es\/portal\/#\/schema\/person\/36b3894dc4f1eb332b7fc369aed7eb58","name":"linares","image":{"@type":"ImageObject","@id":"https:\/\/www.elvalledeloscaidos.es\/portal\/#personlogo","inLanguage":"es","url":"https:\/\/secure.gravatar.com\/avatar\/0b6f3a427655ac169c9155e538724b76?s=96&d=mm&r=g","contentUrl":"https:\/\/secure.gravatar.com\/avatar\/0b6f3a427655ac169c9155e538724b76?s=96&d=mm&r=g","caption":"linares"},"url":"https:\/\/www.elvalledeloscaidos.es\/portal\/?author=1"}]}},"_links":{"self":[{"href":"https:\/\/www.elvalledeloscaidos.es\/portal\/index.php?rest_route=\/wp\/v2\/posts\/2194"}],"collection":[{"href":"https:\/\/www.elvalledeloscaidos.es\/portal\/index.php?rest_route=\/wp\/v2\/posts"}],"about":[{"href":"https:\/\/www.elvalledeloscaidos.es\/portal\/index.php?rest_route=\/wp\/v2\/types\/post"}],"author":[{"embeddable":true,"href":"https:\/\/www.elvalledeloscaidos.es\/portal\/index.php?rest_route=\/wp\/v2\/users\/1"}],"replies":[{"embeddable":true,"href":"https:\/\/www.elvalledeloscaidos.es\/portal\/index.php?rest_route=%2Fwp%2Fv2%2Fcomments&post=2194"}],"version-history":[{"count":2,"href":"https:\/\/www.elvalledeloscaidos.es\/portal\/index.php?rest_route=\/wp\/v2\/posts\/2194\/revisions"}],"predecessor-version":[{"id":2197,"href":"https:\/\/www.elvalledeloscaidos.es\/portal\/index.php?rest_route=\/wp\/v2\/posts\/2194\/revisions\/2197"}],"wp:attachment":[{"href":"https:\/\/www.elvalledeloscaidos.es\/portal\/index.php?rest_route=%2Fwp%2Fv2%2Fmedia&parent=2194"}],"wp:term":[{"taxonomy":"category","embeddable":true,"href":"https:\/\/www.elvalledeloscaidos.es\/portal\/index.php?rest_route=%2Fwp%2Fv2%2Fcategories&post=2194"},{"taxonomy":"post_tag","embeddable":true,"href":"https:\/\/www.elvalledeloscaidos.es\/portal\/index.php?rest_route=%2Fwp%2Fv2%2Ftags&post=2194"}],"curies":[{"name":"wp","href":"https:\/\/api.w.org\/{rel}","templated":true}]}}