{"id":2243,"date":"2012-05-02T00:03:53","date_gmt":"2012-05-01T23:03:53","guid":{"rendered":"http:\/\/www.elvalledeloscaidos.es\/portal\/?p=2243"},"modified":"2012-11-07T21:31:20","modified_gmt":"2012-11-07T20:31:20","slug":"aniversario-de-la-muerte-del-artista-santiago-padros","status":"publish","type":"post","link":"https:\/\/www.elvalledeloscaidos.es\/portal\/?p=2243","title":{"rendered":"Aniversario de la muerte del artista Santiago Padr\u00f3s"},"content":{"rendered":"<p>Hoy 2 de mayo se cumplen 41 a\u00f1os de la muerte en accidente de circulaci\u00f3n de Santiago Padr\u00f3s El\u00edas, autor del maravilloso mosaico de la c\u00fapula de la Bas\u00edlica del Valle de los Ca\u00eddos.<\/p>\n<p><!--more--><\/p>\n<p>Aunque ya fue publicado en su d\u00eda en esta web de la ADVC, facilitamos aqu\u00ed de nuevo, un video con una peque\u00f1a biograf\u00eda del artista.<\/p>\n<p>Se puede saber m\u00e1s de la vida y obra del genial artista, pulsando <a href=\"http:\/\/www.cuelgamuros.com\/padros.htm#\" target=\"_blank\">aqu\u00ed<\/a><\/p>\n<p>&nbsp;<\/p>\n<p><center><iframe loading=\"lazy\" src=\"http:\/\/www.youtube.com\/embed\/T4LMGX6bZIM\" frameborder=\"0\" width=\"420\" height=\"315\"><\/iframe><\/center>&nbsp;<\/p>\n","protected":false},"excerpt":{"rendered":"<p>Hoy 2 de mayo se cumplen 41 a\u00f1os de la muerte en accidente de circulaci\u00f3n de Santiago Padr\u00f3s El\u00edas, autor del maravilloso mosaico de la c\u00fapula de la Bas\u00edlica del Valle de los Ca\u00eddos.<\/p>\n","protected":false},"author":1,"featured_media":0,"comment_status":"open","ping_status":"open","sticky":false,"template":"","format":"standard","meta":[],"categories":[1],"tags":[],"yoast_head":"<!-- This site is optimized with the Yoast SEO plugin v18.6 - https:\/\/yoast.com\/wordpress\/plugins\/seo\/ -->\n<title>Aniversario de la muerte del artista Santiago Padr\u00f3s - ADVC<\/title>\n<meta name=\"robots\" content=\"index, follow, max-snippet:-1, max-image-preview:large, max-video-preview:-1\" \/>\n<link rel=\"canonical\" href=\"https:\/\/www.elvalledeloscaidos.es\/portal\/?p=2243\" \/>\n<meta property=\"og:locale\" content=\"es_ES\" \/>\n<meta property=\"og:type\" content=\"article\" \/>\n<meta property=\"og:title\" content=\"Aniversario de la muerte del artista Santiago Padr\u00f3s - ADVC\" \/>\n<meta property=\"og:description\" content=\"Hoy 2 de mayo se cumplen 41 a\u00f1os de la muerte en accidente de circulaci\u00f3n de Santiago Padr\u00f3s El\u00edas, autor del maravilloso mosaico de la c\u00fapula de la Bas\u00edlica del Valle de los Ca\u00eddos.\" \/>\n<meta property=\"og:url\" content=\"https:\/\/www.elvalledeloscaidos.es\/portal\/?p=2243\" \/>\n<meta property=\"og:site_name\" content=\"ADVC\" \/>\n<meta property=\"article:published_time\" content=\"2012-05-01T23:03:53+00:00\" \/>\n<meta property=\"article:modified_time\" content=\"2012-11-07T20:31:20+00:00\" \/>\n<meta name=\"twitter:card\" content=\"summary_large_image\" \/>\n<meta name=\"twitter:label1\" content=\"Escrito por\" \/>\n\t<meta name=\"twitter:data1\" content=\"linares\" \/>\n<script type=\"application\/ld+json\" class=\"yoast-schema-graph\">{\"@context\":\"https:\/\/schema.org\",\"@graph\":[{\"@type\":\"WebSite\",\"@id\":\"https:\/\/www.elvalledeloscaidos.es\/portal\/#website\",\"url\":\"https:\/\/www.elvalledeloscaidos.es\/portal\/\",\"name\":\"ADVC\",\"description\":\"Asociaci\u00f3n Para la Defensa del Valle de los Ca\u00eddos\",\"potentialAction\":[{\"@type\":\"SearchAction\",\"target\":{\"@type\":\"EntryPoint\",\"urlTemplate\":\"https:\/\/www.elvalledeloscaidos.es\/portal\/?s={search_term_string}\"},\"query-input\":\"required name=search_term_string\"}],\"inLanguage\":\"es\"},{\"@type\":\"WebPage\",\"@id\":\"https:\/\/www.elvalledeloscaidos.es\/portal\/?p=2243#webpage\",\"url\":\"https:\/\/www.elvalledeloscaidos.es\/portal\/?p=2243\",\"name\":\"Aniversario de la muerte del artista Santiago Padr\u00f3s - ADVC\",\"isPartOf\":{\"@id\":\"https:\/\/www.elvalledeloscaidos.es\/portal\/#website\"},\"datePublished\":\"2012-05-01T23:03:53+00:00\",\"dateModified\":\"2012-11-07T20:31:20+00:00\",\"author\":{\"@id\":\"https:\/\/www.elvalledeloscaidos.es\/portal\/#\/schema\/person\/36b3894dc4f1eb332b7fc369aed7eb58\"},\"breadcrumb\":{\"@id\":\"https:\/\/www.elvalledeloscaidos.es\/portal\/?p=2243#breadcrumb\"},\"inLanguage\":\"es\",\"potentialAction\":[{\"@type\":\"ReadAction\",\"target\":[\"https:\/\/www.elvalledeloscaidos.es\/portal\/?p=2243\"]}]},{\"@type\":\"BreadcrumbList\",\"@id\":\"https:\/\/www.elvalledeloscaidos.es\/portal\/?p=2243#breadcrumb\",\"itemListElement\":[{\"@type\":\"ListItem\",\"position\":1,\"name\":\"Portada\",\"item\":\"https:\/\/www.elvalledeloscaidos.es\/portal\"},{\"@type\":\"ListItem\",\"position\":2,\"name\":\"Aniversario de la muerte del artista Santiago Padr\u00f3s\"}]},{\"@type\":\"Person\",\"@id\":\"https:\/\/www.elvalledeloscaidos.es\/portal\/#\/schema\/person\/36b3894dc4f1eb332b7fc369aed7eb58\",\"name\":\"linares\",\"image\":{\"@type\":\"ImageObject\",\"@id\":\"https:\/\/www.elvalledeloscaidos.es\/portal\/#personlogo\",\"inLanguage\":\"es\",\"url\":\"https:\/\/secure.gravatar.com\/avatar\/0b6f3a427655ac169c9155e538724b76?s=96&d=mm&r=g\",\"contentUrl\":\"https:\/\/secure.gravatar.com\/avatar\/0b6f3a427655ac169c9155e538724b76?s=96&d=mm&r=g\",\"caption\":\"linares\"},\"url\":\"https:\/\/www.elvalledeloscaidos.es\/portal\/?author=1\"}]}<\/script>\n<!-- \/ Yoast SEO plugin. -->","yoast_head_json":{"title":"Aniversario de la muerte del artista Santiago Padr\u00f3s - ADVC","robots":{"index":"index","follow":"follow","max-snippet":"max-snippet:-1","max-image-preview":"max-image-preview:large","max-video-preview":"max-video-preview:-1"},"canonical":"https:\/\/www.elvalledeloscaidos.es\/portal\/?p=2243","og_locale":"es_ES","og_type":"article","og_title":"Aniversario de la muerte del artista Santiago Padr\u00f3s - ADVC","og_description":"Hoy 2 de mayo se cumplen 41 a\u00f1os de la muerte en accidente de circulaci\u00f3n de Santiago Padr\u00f3s El\u00edas, autor del maravilloso mosaico de la c\u00fapula de la Bas\u00edlica del Valle de los Ca\u00eddos.","og_url":"https:\/\/www.elvalledeloscaidos.es\/portal\/?p=2243","og_site_name":"ADVC","article_published_time":"2012-05-01T23:03:53+00:00","article_modified_time":"2012-11-07T20:31:20+00:00","twitter_card":"summary_large_image","twitter_misc":{"Escrito por":"linares"},"schema":{"@context":"https:\/\/schema.org","@graph":[{"@type":"WebSite","@id":"https:\/\/www.elvalledeloscaidos.es\/portal\/#website","url":"https:\/\/www.elvalledeloscaidos.es\/portal\/","name":"ADVC","description":"Asociaci\u00f3n Para la Defensa del Valle de los Ca\u00eddos","potentialAction":[{"@type":"SearchAction","target":{"@type":"EntryPoint","urlTemplate":"https:\/\/www.elvalledeloscaidos.es\/portal\/?s={search_term_string}"},"query-input":"required name=search_term_string"}],"inLanguage":"es"},{"@type":"WebPage","@id":"https:\/\/www.elvalledeloscaidos.es\/portal\/?p=2243#webpage","url":"https:\/\/www.elvalledeloscaidos.es\/portal\/?p=2243","name":"Aniversario de la muerte del artista Santiago Padr\u00f3s - ADVC","isPartOf":{"@id":"https:\/\/www.elvalledeloscaidos.es\/portal\/#website"},"datePublished":"2012-05-01T23:03:53+00:00","dateModified":"2012-11-07T20:31:20+00:00","author":{"@id":"https:\/\/www.elvalledeloscaidos.es\/portal\/#\/schema\/person\/36b3894dc4f1eb332b7fc369aed7eb58"},"breadcrumb":{"@id":"https:\/\/www.elvalledeloscaidos.es\/portal\/?p=2243#breadcrumb"},"inLanguage":"es","potentialAction":[{"@type":"ReadAction","target":["https:\/\/www.elvalledeloscaidos.es\/portal\/?p=2243"]}]},{"@type":"BreadcrumbList","@id":"https:\/\/www.elvalledeloscaidos.es\/portal\/?p=2243#breadcrumb","itemListElement":[{"@type":"ListItem","position":1,"name":"Portada","item":"https:\/\/www.elvalledeloscaidos.es\/portal"},{"@type":"ListItem","position":2,"name":"Aniversario de la muerte del artista Santiago Padr\u00f3s"}]},{"@type":"Person","@id":"https:\/\/www.elvalledeloscaidos.es\/portal\/#\/schema\/person\/36b3894dc4f1eb332b7fc369aed7eb58","name":"linares","image":{"@type":"ImageObject","@id":"https:\/\/www.elvalledeloscaidos.es\/portal\/#personlogo","inLanguage":"es","url":"https:\/\/secure.gravatar.com\/avatar\/0b6f3a427655ac169c9155e538724b76?s=96&d=mm&r=g","contentUrl":"https:\/\/secure.gravatar.com\/avatar\/0b6f3a427655ac169c9155e538724b76?s=96&d=mm&r=g","caption":"linares"},"url":"https:\/\/www.elvalledeloscaidos.es\/portal\/?author=1"}]}},"_links":{"self":[{"href":"https:\/\/www.elvalledeloscaidos.es\/portal\/index.php?rest_route=\/wp\/v2\/posts\/2243"}],"collection":[{"href":"https:\/\/www.elvalledeloscaidos.es\/portal\/index.php?rest_route=\/wp\/v2\/posts"}],"about":[{"href":"https:\/\/www.elvalledeloscaidos.es\/portal\/index.php?rest_route=\/wp\/v2\/types\/post"}],"author":[{"embeddable":true,"href":"https:\/\/www.elvalledeloscaidos.es\/portal\/index.php?rest_route=\/wp\/v2\/users\/1"}],"replies":[{"embeddable":true,"href":"https:\/\/www.elvalledeloscaidos.es\/portal\/index.php?rest_route=%2Fwp%2Fv2%2Fcomments&post=2243"}],"version-history":[{"count":4,"href":"https:\/\/www.elvalledeloscaidos.es\/portal\/index.php?rest_route=\/wp\/v2\/posts\/2243\/revisions"}],"predecessor-version":[{"id":2896,"href":"https:\/\/www.elvalledeloscaidos.es\/portal\/index.php?rest_route=\/wp\/v2\/posts\/2243\/revisions\/2896"}],"wp:attachment":[{"href":"https:\/\/www.elvalledeloscaidos.es\/portal\/index.php?rest_route=%2Fwp%2Fv2%2Fmedia&parent=2243"}],"wp:term":[{"taxonomy":"category","embeddable":true,"href":"https:\/\/www.elvalledeloscaidos.es\/portal\/index.php?rest_route=%2Fwp%2Fv2%2Fcategories&post=2243"},{"taxonomy":"post_tag","embeddable":true,"href":"https:\/\/www.elvalledeloscaidos.es\/portal\/index.php?rest_route=%2Fwp%2Fv2%2Ftags&post=2243"}],"curies":[{"name":"wp","href":"https:\/\/api.w.org\/{rel}","templated":true}]}}