{"id":2247,"date":"2012-05-05T23:49:19","date_gmt":"2012-05-05T22:49:19","guid":{"rendered":"http:\/\/www.elvalledeloscaidos.es\/portal\/?p=2247"},"modified":"2012-07-19T17:39:39","modified_gmt":"2012-07-19T16:39:39","slug":"la-advc-en-la-exposicion-homenaje-a-juan-de-avalos-en-merida","status":"publish","type":"post","link":"https:\/\/www.elvalledeloscaidos.es\/portal\/?p=2247","title":{"rendered":"La ADVC en la exposici\u00f3n homenaje a Juan de \u00c1valos en Merida"},"content":{"rendered":"<p>El pasado dia 4 de Mayo se inaugur\u00f3 en M\u00e9rida,\u00a0en el Patio Noble de la Asamblea de Extremadura, la exposici\u00f3n homenaje a Juan de \u00c1valos, emeritense universal. La exposici\u00f3n de 34 esculturas que repasan pr\u00e1cticamente la trayectoria vital del artista Juan de Avalos, podr\u00e1 ser visitada hasta finales de este mes de Mayo.<\/p>\n<p><!--more--><\/p>\n<p>Entre las obras de la muestra se encuentran <em>Mujer de Nazareth <\/em>, <em>La templanza <\/em>, <em>Libertad <\/em>o <em>La cuerda <\/em>, elaboradas sobre materiales como bronce, poli\u00e9ster, marmolina, tallas en madera de caoba, madera policromada o piedra y por supuesto los primeros bocetos de los 4 Evangelistas del Valle de los Ca\u00eddos, as\u00ed como las 4 Virtudes Cardinales, adem\u00e1s de un primer boceto de la Piedad.<\/p>\n<p>\u00abEs in\u00fatil que intentes conservar y restaurar los originales de mis obras. Coge un mazo, r\u00f3mpelos y t\u00edralos a un vertedero. Soy un escultor proscrito por haber hecho las estatuas del Valle de los Ca\u00eddos. En esta Espa\u00f1a de trincheras no se comprende la reconciliaci\u00f3n mediante el trabajo hecho con verdad, vocaci\u00f3n y amor\u00bb espet\u00f3 Juan de Avalos a su hijo, del mismo nombre.<\/p>\n<p>Nuestra Asociaci\u00f3n estuvo presente en el evento de inauguraci\u00f3n de la exposici\u00f3n, en la figura de su presidente.<\/p>\n<p>Desde la ADVC, agradecemos tanto a la Junta de Extremadura como a la Fundaci\u00f3n Juan de \u00c1valos la invitaci\u00f3n recibida para la inauguraci\u00f3n de la exposici\u00f3n.<\/p>\n<p><img decoding=\"async\" loading=\"lazy\" class=\"aligncenter size-full wp-image-2248\" title=\"001\" src=\"http:\/\/www.elvalledeloscaidos.es\/portal\/wp-content\/uploads\/2012\/05\/001.jpg\" alt=\"\" width=\"500\" height=\"373\" srcset=\"https:\/\/www.elvalledeloscaidos.es\/portal\/wp-content\/uploads\/2012\/05\/001.jpg 500w, https:\/\/www.elvalledeloscaidos.es\/portal\/wp-content\/uploads\/2012\/05\/001-300x223.jpg 300w\" sizes=\"(max-width: 500px) 100vw, 500px\" \/><\/p>\n<p>En la imagen el Presidente de la Fundaci\u00f3n Juan de \u00c1valos, D. Juan \u00c1valos Carballo, \u00a0junto al Presidente del Parlamento Extreme\u00f1o D. Fernando Manzano y otras autoridades ante el primer boceto de la Piedad del Valle de los Ca\u00eddos.<\/p>\n<p>&nbsp;<\/p>\n","protected":false},"excerpt":{"rendered":"<p>El pasado dia 4 de Mayo se inaugur\u00f3 en M\u00e9rida,\u00a0en el Patio Noble de la Asamblea de Extremadura, la exposici\u00f3n homenaje a Juan de \u00c1valos, emeritense universal. La exposici\u00f3n de 34 esculturas que repasan pr\u00e1cticamente la trayectoria vital del artista Juan de Avalos, podr\u00e1 ser visitada hasta finales de este [&hellip;]<\/p>\n","protected":false},"author":1,"featured_media":0,"comment_status":"open","ping_status":"open","sticky":false,"template":"","format":"standard","meta":[],"categories":[4],"tags":[],"yoast_head":"<!-- This site is optimized with the Yoast SEO plugin v18.6 - https:\/\/yoast.com\/wordpress\/plugins\/seo\/ -->\n<title>La ADVC en la exposici\u00f3n homenaje a Juan de \u00c1valos en Merida - ADVC<\/title>\n<meta name=\"robots\" content=\"index, follow, max-snippet:-1, max-image-preview:large, max-video-preview:-1\" \/>\n<link rel=\"canonical\" href=\"https:\/\/www.elvalledeloscaidos.es\/portal\/?p=2247\" \/>\n<meta property=\"og:locale\" content=\"es_ES\" \/>\n<meta property=\"og:type\" content=\"article\" \/>\n<meta property=\"og:title\" content=\"La ADVC en la exposici\u00f3n homenaje a Juan de \u00c1valos en Merida - ADVC\" \/>\n<meta property=\"og:description\" content=\"El pasado dia 4 de Mayo se inaugur\u00f3 en M\u00e9rida,\u00a0en el Patio Noble de la Asamblea de Extremadura, la exposici\u00f3n homenaje a Juan de \u00c1valos, emeritense universal. La exposici\u00f3n de 34 esculturas que repasan pr\u00e1cticamente la trayectoria vital del artista Juan de Avalos, podr\u00e1 ser visitada hasta finales de este [&hellip;]\" \/>\n<meta property=\"og:url\" content=\"https:\/\/www.elvalledeloscaidos.es\/portal\/?p=2247\" \/>\n<meta property=\"og:site_name\" content=\"ADVC\" \/>\n<meta property=\"article:published_time\" content=\"2012-05-05T22:49:19+00:00\" \/>\n<meta property=\"article:modified_time\" content=\"2012-07-19T16:39:39+00:00\" \/>\n<meta property=\"og:image\" content=\"http:\/\/www.elvalledeloscaidos.es\/portal\/wp-content\/uploads\/2012\/05\/001.jpg\" \/>\n<meta name=\"twitter:card\" content=\"summary_large_image\" \/>\n<meta name=\"twitter:label1\" content=\"Escrito por\" \/>\n\t<meta name=\"twitter:data1\" content=\"linares\" \/>\n\t<meta name=\"twitter:label2\" content=\"Tiempo de lectura\" \/>\n\t<meta name=\"twitter:data2\" content=\"1 minuto\" \/>\n<script type=\"application\/ld+json\" class=\"yoast-schema-graph\">{\"@context\":\"https:\/\/schema.org\",\"@graph\":[{\"@type\":\"WebSite\",\"@id\":\"https:\/\/www.elvalledeloscaidos.es\/portal\/#website\",\"url\":\"https:\/\/www.elvalledeloscaidos.es\/portal\/\",\"name\":\"ADVC\",\"description\":\"Asociaci\u00f3n Para la Defensa del Valle de los Ca\u00eddos\",\"potentialAction\":[{\"@type\":\"SearchAction\",\"target\":{\"@type\":\"EntryPoint\",\"urlTemplate\":\"https:\/\/www.elvalledeloscaidos.es\/portal\/?s={search_term_string}\"},\"query-input\":\"required name=search_term_string\"}],\"inLanguage\":\"es\"},{\"@type\":\"ImageObject\",\"@id\":\"https:\/\/www.elvalledeloscaidos.es\/portal\/?p=2247#primaryimage\",\"inLanguage\":\"es\",\"url\":\"http:\/\/www.elvalledeloscaidos.es\/portal\/wp-content\/uploads\/2012\/05\/001.jpg\",\"contentUrl\":\"http:\/\/www.elvalledeloscaidos.es\/portal\/wp-content\/uploads\/2012\/05\/001.jpg\"},{\"@type\":\"WebPage\",\"@id\":\"https:\/\/www.elvalledeloscaidos.es\/portal\/?p=2247#webpage\",\"url\":\"https:\/\/www.elvalledeloscaidos.es\/portal\/?p=2247\",\"name\":\"La ADVC en la exposici\u00f3n homenaje a Juan de \u00c1valos en Merida - ADVC\",\"isPartOf\":{\"@id\":\"https:\/\/www.elvalledeloscaidos.es\/portal\/#website\"},\"primaryImageOfPage\":{\"@id\":\"https:\/\/www.elvalledeloscaidos.es\/portal\/?p=2247#primaryimage\"},\"datePublished\":\"2012-05-05T22:49:19+00:00\",\"dateModified\":\"2012-07-19T16:39:39+00:00\",\"author\":{\"@id\":\"https:\/\/www.elvalledeloscaidos.es\/portal\/#\/schema\/person\/36b3894dc4f1eb332b7fc369aed7eb58\"},\"breadcrumb\":{\"@id\":\"https:\/\/www.elvalledeloscaidos.es\/portal\/?p=2247#breadcrumb\"},\"inLanguage\":\"es\",\"potentialAction\":[{\"@type\":\"ReadAction\",\"target\":[\"https:\/\/www.elvalledeloscaidos.es\/portal\/?p=2247\"]}]},{\"@type\":\"BreadcrumbList\",\"@id\":\"https:\/\/www.elvalledeloscaidos.es\/portal\/?p=2247#breadcrumb\",\"itemListElement\":[{\"@type\":\"ListItem\",\"position\":1,\"name\":\"Portada\",\"item\":\"https:\/\/www.elvalledeloscaidos.es\/portal\"},{\"@type\":\"ListItem\",\"position\":2,\"name\":\"La ADVC en la exposici\u00f3n homenaje a Juan de \u00c1valos en Merida\"}]},{\"@type\":\"Person\",\"@id\":\"https:\/\/www.elvalledeloscaidos.es\/portal\/#\/schema\/person\/36b3894dc4f1eb332b7fc369aed7eb58\",\"name\":\"linares\",\"image\":{\"@type\":\"ImageObject\",\"@id\":\"https:\/\/www.elvalledeloscaidos.es\/portal\/#personlogo\",\"inLanguage\":\"es\",\"url\":\"https:\/\/secure.gravatar.com\/avatar\/0b6f3a427655ac169c9155e538724b76?s=96&d=mm&r=g\",\"contentUrl\":\"https:\/\/secure.gravatar.com\/avatar\/0b6f3a427655ac169c9155e538724b76?s=96&d=mm&r=g\",\"caption\":\"linares\"},\"url\":\"https:\/\/www.elvalledeloscaidos.es\/portal\/?author=1\"}]}<\/script>\n<!-- \/ Yoast SEO plugin. -->","yoast_head_json":{"title":"La ADVC en la exposici\u00f3n homenaje a Juan de \u00c1valos en Merida - ADVC","robots":{"index":"index","follow":"follow","max-snippet":"max-snippet:-1","max-image-preview":"max-image-preview:large","max-video-preview":"max-video-preview:-1"},"canonical":"https:\/\/www.elvalledeloscaidos.es\/portal\/?p=2247","og_locale":"es_ES","og_type":"article","og_title":"La ADVC en la exposici\u00f3n homenaje a Juan de \u00c1valos en Merida - ADVC","og_description":"El pasado dia 4 de Mayo se inaugur\u00f3 en M\u00e9rida,\u00a0en el Patio Noble de la Asamblea de Extremadura, la exposici\u00f3n homenaje a Juan de \u00c1valos, emeritense universal. La exposici\u00f3n de 34 esculturas que repasan pr\u00e1cticamente la trayectoria vital del artista Juan de Avalos, podr\u00e1 ser visitada hasta finales de este [&hellip;]","og_url":"https:\/\/www.elvalledeloscaidos.es\/portal\/?p=2247","og_site_name":"ADVC","article_published_time":"2012-05-05T22:49:19+00:00","article_modified_time":"2012-07-19T16:39:39+00:00","og_image":[{"url":"http:\/\/www.elvalledeloscaidos.es\/portal\/wp-content\/uploads\/2012\/05\/001.jpg"}],"twitter_card":"summary_large_image","twitter_misc":{"Escrito por":"linares","Tiempo de lectura":"1 minuto"},"schema":{"@context":"https:\/\/schema.org","@graph":[{"@type":"WebSite","@id":"https:\/\/www.elvalledeloscaidos.es\/portal\/#website","url":"https:\/\/www.elvalledeloscaidos.es\/portal\/","name":"ADVC","description":"Asociaci\u00f3n Para la Defensa del Valle de los Ca\u00eddos","potentialAction":[{"@type":"SearchAction","target":{"@type":"EntryPoint","urlTemplate":"https:\/\/www.elvalledeloscaidos.es\/portal\/?s={search_term_string}"},"query-input":"required name=search_term_string"}],"inLanguage":"es"},{"@type":"ImageObject","@id":"https:\/\/www.elvalledeloscaidos.es\/portal\/?p=2247#primaryimage","inLanguage":"es","url":"http:\/\/www.elvalledeloscaidos.es\/portal\/wp-content\/uploads\/2012\/05\/001.jpg","contentUrl":"http:\/\/www.elvalledeloscaidos.es\/portal\/wp-content\/uploads\/2012\/05\/001.jpg"},{"@type":"WebPage","@id":"https:\/\/www.elvalledeloscaidos.es\/portal\/?p=2247#webpage","url":"https:\/\/www.elvalledeloscaidos.es\/portal\/?p=2247","name":"La ADVC en la exposici\u00f3n homenaje a Juan de \u00c1valos en Merida - ADVC","isPartOf":{"@id":"https:\/\/www.elvalledeloscaidos.es\/portal\/#website"},"primaryImageOfPage":{"@id":"https:\/\/www.elvalledeloscaidos.es\/portal\/?p=2247#primaryimage"},"datePublished":"2012-05-05T22:49:19+00:00","dateModified":"2012-07-19T16:39:39+00:00","author":{"@id":"https:\/\/www.elvalledeloscaidos.es\/portal\/#\/schema\/person\/36b3894dc4f1eb332b7fc369aed7eb58"},"breadcrumb":{"@id":"https:\/\/www.elvalledeloscaidos.es\/portal\/?p=2247#breadcrumb"},"inLanguage":"es","potentialAction":[{"@type":"ReadAction","target":["https:\/\/www.elvalledeloscaidos.es\/portal\/?p=2247"]}]},{"@type":"BreadcrumbList","@id":"https:\/\/www.elvalledeloscaidos.es\/portal\/?p=2247#breadcrumb","itemListElement":[{"@type":"ListItem","position":1,"name":"Portada","item":"https:\/\/www.elvalledeloscaidos.es\/portal"},{"@type":"ListItem","position":2,"name":"La ADVC en la exposici\u00f3n homenaje a Juan de \u00c1valos en Merida"}]},{"@type":"Person","@id":"https:\/\/www.elvalledeloscaidos.es\/portal\/#\/schema\/person\/36b3894dc4f1eb332b7fc369aed7eb58","name":"linares","image":{"@type":"ImageObject","@id":"https:\/\/www.elvalledeloscaidos.es\/portal\/#personlogo","inLanguage":"es","url":"https:\/\/secure.gravatar.com\/avatar\/0b6f3a427655ac169c9155e538724b76?s=96&d=mm&r=g","contentUrl":"https:\/\/secure.gravatar.com\/avatar\/0b6f3a427655ac169c9155e538724b76?s=96&d=mm&r=g","caption":"linares"},"url":"https:\/\/www.elvalledeloscaidos.es\/portal\/?author=1"}]}},"_links":{"self":[{"href":"https:\/\/www.elvalledeloscaidos.es\/portal\/index.php?rest_route=\/wp\/v2\/posts\/2247"}],"collection":[{"href":"https:\/\/www.elvalledeloscaidos.es\/portal\/index.php?rest_route=\/wp\/v2\/posts"}],"about":[{"href":"https:\/\/www.elvalledeloscaidos.es\/portal\/index.php?rest_route=\/wp\/v2\/types\/post"}],"author":[{"embeddable":true,"href":"https:\/\/www.elvalledeloscaidos.es\/portal\/index.php?rest_route=\/wp\/v2\/users\/1"}],"replies":[{"embeddable":true,"href":"https:\/\/www.elvalledeloscaidos.es\/portal\/index.php?rest_route=%2Fwp%2Fv2%2Fcomments&post=2247"}],"version-history":[{"count":9,"href":"https:\/\/www.elvalledeloscaidos.es\/portal\/index.php?rest_route=\/wp\/v2\/posts\/2247\/revisions"}],"predecessor-version":[{"id":2596,"href":"https:\/\/www.elvalledeloscaidos.es\/portal\/index.php?rest_route=\/wp\/v2\/posts\/2247\/revisions\/2596"}],"wp:attachment":[{"href":"https:\/\/www.elvalledeloscaidos.es\/portal\/index.php?rest_route=%2Fwp%2Fv2%2Fmedia&parent=2247"}],"wp:term":[{"taxonomy":"category","embeddable":true,"href":"https:\/\/www.elvalledeloscaidos.es\/portal\/index.php?rest_route=%2Fwp%2Fv2%2Fcategories&post=2247"},{"taxonomy":"post_tag","embeddable":true,"href":"https:\/\/www.elvalledeloscaidos.es\/portal\/index.php?rest_route=%2Fwp%2Fv2%2Ftags&post=2247"}],"curies":[{"name":"wp","href":"https:\/\/api.w.org\/{rel}","templated":true}]}}