{"id":2271,"date":"2012-05-09T13:14:02","date_gmt":"2012-05-09T12:14:02","guid":{"rendered":"http:\/\/www.elvalledeloscaidos.es\/portal\/?p=2271"},"modified":"2012-05-12T11:42:58","modified_gmt":"2012-05-12T10:42:58","slug":"en-estas-manos-esta-la-piedad-del-valle-de-los-caidos","status":"publish","type":"post","link":"https:\/\/www.elvalledeloscaidos.es\/portal\/?p=2271","title":{"rendered":"En estas manos est\u00e1 la Piedad del Valle de los Ca\u00eddos"},"content":{"rendered":"<p>He aqu\u00ed el relato de las surrealistas consecuencias de una decisi\u00f3n m\u00e1s que discutible de Juan Carlos de la Mata, conocido por su gesti\u00f3n contra el Valle de los Ca\u00eddos desde su puesto de titular del departamento de Actuaciones Hist\u00f3rico Artisticas de Patrimonio Nacional, pues se neg\u00f3 a continuar pagando horas extraordinarias a un <a href=\"http:\/\/es.wikipedia.org\/wiki\/Luthier\" target=\"_blank\">lutier <\/a>encargado de la custodia de un violonchelo Stradivarius de la colecci\u00f3n del Palacio Real, mientras se destinan partidas presupuestarias a gastos innecesarios, como adecuar el que era un aseo com\u00fan para uso exclusivo de un directivo. El uso inmoral de fondos p\u00fablicos a costa de recortar en lo imprescindible en contra de lo que debiera ser una gesti\u00f3n leal. Con estos bueyes hemos de arar mientras el PP, por complejos o por inutilidad, siga sin sustituir a gentes de este pelaje por personal eficiente y profesional en la Administraci\u00f3n P\u00fablica.<\/p>\n<p>Para descargar el pdf con la noticia (El Mundo), pinchar <a href=\"http:\/\/www.elvalledeloscaidos.es\/portal\/wp-content\/uploads\/2012\/05\/stradivarius.pdf\" target=\"_blank\">aqu\u00ed<\/a><\/p>\n\n\t\t<style type=\"text\/css\">\n\t\t\t#gallery-1 {\n\t\t\t\tmargin: auto;\n\t\t\t}\n\t\t\t#gallery-1 .gallery-item {\n\t\t\t\tfloat: left;\n\t\t\t\tmargin-top: 10px;\n\t\t\t\ttext-align: center;\n\t\t\t\twidth: 33%;\n\t\t\t}\n\t\t\t#gallery-1 img {\n\t\t\t\tborder: 2px solid #cfcfcf;\n\t\t\t}\n\t\t\t#gallery-1 .gallery-caption {\n\t\t\t\tmargin-left: 0;\n\t\t\t}\n\t\t\t\/* see gallery_shortcode() in wp-includes\/media.php *\/\n\t\t<\/style>\n\t\t<div id='gallery-1' class='gallery galleryid-2271 gallery-columns-3 gallery-size-thumbnail'><dl class='gallery-item'>\n\t\t\t<dt class='gallery-icon landscape'>\n\t\t\t\t<a href='https:\/\/www.elvalledeloscaidos.es\/portal\/wp-content\/uploads\/2012\/05\/01.jpg'><img width=\"150\" height=\"150\" src=\"https:\/\/www.elvalledeloscaidos.es\/portal\/wp-content\/uploads\/2012\/05\/01-150x150.jpg\" class=\"attachment-thumbnail size-thumbnail\" alt=\"Juan Carlos de la Mata, de Patrimonio Nacional\" decoding=\"async\" loading=\"lazy\" \/><\/a>\n\t\t\t<\/dt><\/dl><dl class='gallery-item'>\n\t\t\t<dt class='gallery-icon landscape'>\n\t\t\t\t<a href='https:\/\/www.elvalledeloscaidos.es\/portal\/wp-content\/uploads\/2012\/05\/02.jpg'><img width=\"150\" height=\"150\" src=\"https:\/\/www.elvalledeloscaidos.es\/portal\/wp-content\/uploads\/2012\/05\/02-150x150.jpg\" class=\"attachment-thumbnail size-thumbnail\" alt=\"\" decoding=\"async\" loading=\"lazy\" \/><\/a>\n\t\t\t<\/dt><\/dl><dl class='gallery-item'>\n\t\t\t<dt class='gallery-icon portrait'>\n\t\t\t\t<a href='https:\/\/www.elvalledeloscaidos.es\/portal\/wp-content\/uploads\/2012\/05\/03.jpg'><img width=\"150\" height=\"150\" src=\"https:\/\/www.elvalledeloscaidos.es\/portal\/wp-content\/uploads\/2012\/05\/03-150x150.jpg\" class=\"attachment-thumbnail size-thumbnail\" alt=\"\" decoding=\"async\" loading=\"lazy\" \/><\/a>\n\t\t\t<\/dt><\/dl><br style=\"clear: both\" \/>\n\t\t<\/div>\n\n<p>&nbsp;<\/p>\n<p>&nbsp;<\/p>\n","protected":false},"excerpt":{"rendered":"<p>He aqu\u00ed el relato de las surrealistas consecuencias de una decisi\u00f3n m\u00e1s que discutible de Juan Carlos de la Mata, conocido por su gesti\u00f3n contra el Valle de los Ca\u00eddos desde su puesto de titular del departamento de Actuaciones Hist\u00f3rico Artisticas de Patrimonio Nacional, pues se neg\u00f3 a continuar pagando [&hellip;]<\/p>\n","protected":false},"author":3,"featured_media":0,"comment_status":"open","ping_status":"open","sticky":false,"template":"","format":"standard","meta":[],"categories":[4],"tags":[],"yoast_head":"<!-- This site is optimized with the Yoast SEO plugin v18.6 - https:\/\/yoast.com\/wordpress\/plugins\/seo\/ -->\n<title>En estas manos est\u00e1 la Piedad del Valle de los Ca\u00eddos - ADVC<\/title>\n<meta name=\"robots\" content=\"index, follow, max-snippet:-1, max-image-preview:large, max-video-preview:-1\" \/>\n<link rel=\"canonical\" href=\"https:\/\/www.elvalledeloscaidos.es\/portal\/?p=2271\" \/>\n<meta property=\"og:locale\" content=\"es_ES\" \/>\n<meta property=\"og:type\" content=\"article\" \/>\n<meta property=\"og:title\" content=\"En estas manos est\u00e1 la Piedad del Valle de los Ca\u00eddos - ADVC\" \/>\n<meta property=\"og:description\" content=\"He aqu\u00ed el relato de las surrealistas consecuencias de una decisi\u00f3n m\u00e1s que discutible de Juan Carlos de la Mata, conocido por su gesti\u00f3n contra el Valle de los Ca\u00eddos desde su puesto de titular del departamento de Actuaciones Hist\u00f3rico Artisticas de Patrimonio Nacional, pues se neg\u00f3 a continuar pagando [&hellip;]\" \/>\n<meta property=\"og:url\" content=\"https:\/\/www.elvalledeloscaidos.es\/portal\/?p=2271\" \/>\n<meta property=\"og:site_name\" content=\"ADVC\" \/>\n<meta property=\"article:published_time\" content=\"2012-05-09T12:14:02+00:00\" \/>\n<meta property=\"article:modified_time\" content=\"2012-05-12T10:42:58+00:00\" \/>\n<meta property=\"og:image\" content=\"https:\/\/www.elvalledeloscaidos.es\/portal\/wp-content\/uploads\/2012\/05\/01-150x150.jpg\" \/>\n<meta name=\"twitter:card\" content=\"summary_large_image\" \/>\n<meta name=\"twitter:label1\" content=\"Escrito por\" \/>\n\t<meta name=\"twitter:data1\" content=\"Redaccion\" \/>\n\t<meta name=\"twitter:label2\" content=\"Tiempo de lectura\" \/>\n\t<meta name=\"twitter:data2\" content=\"1 minuto\" \/>\n<script type=\"application\/ld+json\" class=\"yoast-schema-graph\">{\"@context\":\"https:\/\/schema.org\",\"@graph\":[{\"@type\":\"WebSite\",\"@id\":\"https:\/\/www.elvalledeloscaidos.es\/portal\/#website\",\"url\":\"https:\/\/www.elvalledeloscaidos.es\/portal\/\",\"name\":\"ADVC\",\"description\":\"Asociaci\u00f3n Para la Defensa del Valle de los Ca\u00eddos\",\"potentialAction\":[{\"@type\":\"SearchAction\",\"target\":{\"@type\":\"EntryPoint\",\"urlTemplate\":\"https:\/\/www.elvalledeloscaidos.es\/portal\/?s={search_term_string}\"},\"query-input\":\"required name=search_term_string\"}],\"inLanguage\":\"es\"},{\"@type\":\"WebPage\",\"@id\":\"https:\/\/www.elvalledeloscaidos.es\/portal\/?p=2271#webpage\",\"url\":\"https:\/\/www.elvalledeloscaidos.es\/portal\/?p=2271\",\"name\":\"En estas manos est\u00e1 la Piedad del Valle de los Ca\u00eddos - ADVC\",\"isPartOf\":{\"@id\":\"https:\/\/www.elvalledeloscaidos.es\/portal\/#website\"},\"datePublished\":\"2012-05-09T12:14:02+00:00\",\"dateModified\":\"2012-05-12T10:42:58+00:00\",\"author\":{\"@id\":\"https:\/\/www.elvalledeloscaidos.es\/portal\/#\/schema\/person\/b4711176f6b283a7b25ff137a7e34a40\"},\"breadcrumb\":{\"@id\":\"https:\/\/www.elvalledeloscaidos.es\/portal\/?p=2271#breadcrumb\"},\"inLanguage\":\"es\",\"potentialAction\":[{\"@type\":\"ReadAction\",\"target\":[\"https:\/\/www.elvalledeloscaidos.es\/portal\/?p=2271\"]}]},{\"@type\":\"BreadcrumbList\",\"@id\":\"https:\/\/www.elvalledeloscaidos.es\/portal\/?p=2271#breadcrumb\",\"itemListElement\":[{\"@type\":\"ListItem\",\"position\":1,\"name\":\"Portada\",\"item\":\"https:\/\/www.elvalledeloscaidos.es\/portal\"},{\"@type\":\"ListItem\",\"position\":2,\"name\":\"En estas manos est\u00e1 la Piedad del Valle de los Ca\u00eddos\"}]},{\"@type\":\"Person\",\"@id\":\"https:\/\/www.elvalledeloscaidos.es\/portal\/#\/schema\/person\/b4711176f6b283a7b25ff137a7e34a40\",\"name\":\"Redaccion\",\"image\":{\"@type\":\"ImageObject\",\"@id\":\"https:\/\/www.elvalledeloscaidos.es\/portal\/#personlogo\",\"inLanguage\":\"es\",\"url\":\"https:\/\/secure.gravatar.com\/avatar\/43c3c16f338b78edeffdbd22a8090c53?s=96&d=mm&r=g\",\"contentUrl\":\"https:\/\/secure.gravatar.com\/avatar\/43c3c16f338b78edeffdbd22a8090c53?s=96&d=mm&r=g\",\"caption\":\"Redaccion\"},\"url\":\"https:\/\/www.elvalledeloscaidos.es\/portal\/?author=3\"}]}<\/script>\n<!-- \/ Yoast SEO plugin. -->","yoast_head_json":{"title":"En estas manos est\u00e1 la Piedad del Valle de los Ca\u00eddos - ADVC","robots":{"index":"index","follow":"follow","max-snippet":"max-snippet:-1","max-image-preview":"max-image-preview:large","max-video-preview":"max-video-preview:-1"},"canonical":"https:\/\/www.elvalledeloscaidos.es\/portal\/?p=2271","og_locale":"es_ES","og_type":"article","og_title":"En estas manos est\u00e1 la Piedad del Valle de los Ca\u00eddos - ADVC","og_description":"He aqu\u00ed el relato de las surrealistas consecuencias de una decisi\u00f3n m\u00e1s que discutible de Juan Carlos de la Mata, conocido por su gesti\u00f3n contra el Valle de los Ca\u00eddos desde su puesto de titular del departamento de Actuaciones Hist\u00f3rico Artisticas de Patrimonio Nacional, pues se neg\u00f3 a continuar pagando [&hellip;]","og_url":"https:\/\/www.elvalledeloscaidos.es\/portal\/?p=2271","og_site_name":"ADVC","article_published_time":"2012-05-09T12:14:02+00:00","article_modified_time":"2012-05-12T10:42:58+00:00","og_image":[{"url":"https:\/\/www.elvalledeloscaidos.es\/portal\/wp-content\/uploads\/2012\/05\/01-150x150.jpg"}],"twitter_card":"summary_large_image","twitter_misc":{"Escrito por":"Redaccion","Tiempo de lectura":"1 minuto"},"schema":{"@context":"https:\/\/schema.org","@graph":[{"@type":"WebSite","@id":"https:\/\/www.elvalledeloscaidos.es\/portal\/#website","url":"https:\/\/www.elvalledeloscaidos.es\/portal\/","name":"ADVC","description":"Asociaci\u00f3n Para la Defensa del Valle de los Ca\u00eddos","potentialAction":[{"@type":"SearchAction","target":{"@type":"EntryPoint","urlTemplate":"https:\/\/www.elvalledeloscaidos.es\/portal\/?s={search_term_string}"},"query-input":"required name=search_term_string"}],"inLanguage":"es"},{"@type":"WebPage","@id":"https:\/\/www.elvalledeloscaidos.es\/portal\/?p=2271#webpage","url":"https:\/\/www.elvalledeloscaidos.es\/portal\/?p=2271","name":"En estas manos est\u00e1 la Piedad del Valle de los Ca\u00eddos - ADVC","isPartOf":{"@id":"https:\/\/www.elvalledeloscaidos.es\/portal\/#website"},"datePublished":"2012-05-09T12:14:02+00:00","dateModified":"2012-05-12T10:42:58+00:00","author":{"@id":"https:\/\/www.elvalledeloscaidos.es\/portal\/#\/schema\/person\/b4711176f6b283a7b25ff137a7e34a40"},"breadcrumb":{"@id":"https:\/\/www.elvalledeloscaidos.es\/portal\/?p=2271#breadcrumb"},"inLanguage":"es","potentialAction":[{"@type":"ReadAction","target":["https:\/\/www.elvalledeloscaidos.es\/portal\/?p=2271"]}]},{"@type":"BreadcrumbList","@id":"https:\/\/www.elvalledeloscaidos.es\/portal\/?p=2271#breadcrumb","itemListElement":[{"@type":"ListItem","position":1,"name":"Portada","item":"https:\/\/www.elvalledeloscaidos.es\/portal"},{"@type":"ListItem","position":2,"name":"En estas manos est\u00e1 la Piedad del Valle de los Ca\u00eddos"}]},{"@type":"Person","@id":"https:\/\/www.elvalledeloscaidos.es\/portal\/#\/schema\/person\/b4711176f6b283a7b25ff137a7e34a40","name":"Redaccion","image":{"@type":"ImageObject","@id":"https:\/\/www.elvalledeloscaidos.es\/portal\/#personlogo","inLanguage":"es","url":"https:\/\/secure.gravatar.com\/avatar\/43c3c16f338b78edeffdbd22a8090c53?s=96&d=mm&r=g","contentUrl":"https:\/\/secure.gravatar.com\/avatar\/43c3c16f338b78edeffdbd22a8090c53?s=96&d=mm&r=g","caption":"Redaccion"},"url":"https:\/\/www.elvalledeloscaidos.es\/portal\/?author=3"}]}},"_links":{"self":[{"href":"https:\/\/www.elvalledeloscaidos.es\/portal\/index.php?rest_route=\/wp\/v2\/posts\/2271"}],"collection":[{"href":"https:\/\/www.elvalledeloscaidos.es\/portal\/index.php?rest_route=\/wp\/v2\/posts"}],"about":[{"href":"https:\/\/www.elvalledeloscaidos.es\/portal\/index.php?rest_route=\/wp\/v2\/types\/post"}],"author":[{"embeddable":true,"href":"https:\/\/www.elvalledeloscaidos.es\/portal\/index.php?rest_route=\/wp\/v2\/users\/3"}],"replies":[{"embeddable":true,"href":"https:\/\/www.elvalledeloscaidos.es\/portal\/index.php?rest_route=%2Fwp%2Fv2%2Fcomments&post=2271"}],"version-history":[{"count":9,"href":"https:\/\/www.elvalledeloscaidos.es\/portal\/index.php?rest_route=\/wp\/v2\/posts\/2271\/revisions"}],"predecessor-version":[{"id":2292,"href":"https:\/\/www.elvalledeloscaidos.es\/portal\/index.php?rest_route=\/wp\/v2\/posts\/2271\/revisions\/2292"}],"wp:attachment":[{"href":"https:\/\/www.elvalledeloscaidos.es\/portal\/index.php?rest_route=%2Fwp%2Fv2%2Fmedia&parent=2271"}],"wp:term":[{"taxonomy":"category","embeddable":true,"href":"https:\/\/www.elvalledeloscaidos.es\/portal\/index.php?rest_route=%2Fwp%2Fv2%2Fcategories&post=2271"},{"taxonomy":"post_tag","embeddable":true,"href":"https:\/\/www.elvalledeloscaidos.es\/portal\/index.php?rest_route=%2Fwp%2Fv2%2Ftags&post=2271"}],"curies":[{"name":"wp","href":"https:\/\/api.w.org\/{rel}","templated":true}]}}