{"id":2305,"date":"2012-05-19T23:25:45","date_gmt":"2012-05-19T22:25:45","guid":{"rendered":"http:\/\/www.elvalledeloscaidos.es\/portal\/?p=2305"},"modified":"2012-07-08T01:28:05","modified_gmt":"2012-07-08T00:28:05","slug":"la-familia-futuro-de-la-humanidad","status":"publish","type":"post","link":"https:\/\/www.elvalledeloscaidos.es\/portal\/?p=2305","title":{"rendered":"\u00abLa Familia, futuro de la Humanidad\u00bb"},"content":{"rendered":"<p>Santa Cruz del Valle de los Ca\u00eddos<br \/>\n2\u00ba Encuentro con la Cultura Cat\u00f3lica Mons. Juan Antonio Reig Pl\u00e1 Obispo de Alcal\u00e1 y Pte. de la Subcomisi\u00f3n de Familia CEE 10 de Marzo de 2012.<\/p>\n<p><!--more--><\/p>\n<p><center><iframe loading=\"lazy\" src=\"http:\/\/www.youtube.com\/embed\/GsHr1lvJ1FY\" frameborder=\"0\" width=\"420\" height=\"315\"><\/iframe><\/center><\/p>\n","protected":false},"excerpt":{"rendered":"<p>Santa Cruz del Valle de los Ca\u00eddos 2\u00ba Encuentro con la Cultura Cat\u00f3lica Mons. Juan Antonio Reig Pl\u00e1 Obispo de Alcal\u00e1 y Pte. de la Subcomisi\u00f3n de Familia CEE 10 de Marzo de 2012.<\/p>\n","protected":false},"author":3,"featured_media":0,"comment_status":"open","ping_status":"open","sticky":false,"template":"","format":"standard","meta":[],"categories":[4],"tags":[],"yoast_head":"<!-- This site is optimized with the Yoast SEO plugin v18.6 - https:\/\/yoast.com\/wordpress\/plugins\/seo\/ -->\n<title>&quot;La Familia, futuro de la Humanidad&quot;  - ADVC<\/title>\n<meta name=\"robots\" content=\"index, follow, max-snippet:-1, max-image-preview:large, max-video-preview:-1\" \/>\n<link rel=\"canonical\" href=\"https:\/\/www.elvalledeloscaidos.es\/portal\/?p=2305\" \/>\n<meta property=\"og:locale\" content=\"es_ES\" \/>\n<meta property=\"og:type\" content=\"article\" \/>\n<meta property=\"og:title\" content=\"&quot;La Familia, futuro de la Humanidad&quot;  - ADVC\" \/>\n<meta property=\"og:description\" content=\"Santa Cruz del Valle de los Ca\u00eddos 2\u00ba Encuentro con la Cultura Cat\u00f3lica Mons. Juan Antonio Reig Pl\u00e1 Obispo de Alcal\u00e1 y Pte. de la Subcomisi\u00f3n de Familia CEE 10 de Marzo de 2012.\" \/>\n<meta property=\"og:url\" content=\"https:\/\/www.elvalledeloscaidos.es\/portal\/?p=2305\" \/>\n<meta property=\"og:site_name\" content=\"ADVC\" \/>\n<meta property=\"article:published_time\" content=\"2012-05-19T22:25:45+00:00\" \/>\n<meta property=\"article:modified_time\" content=\"2012-07-08T00:28:05+00:00\" \/>\n<meta name=\"twitter:card\" content=\"summary_large_image\" \/>\n<meta name=\"twitter:label1\" content=\"Escrito por\" \/>\n\t<meta name=\"twitter:data1\" content=\"Redaccion\" \/>\n<script type=\"application\/ld+json\" class=\"yoast-schema-graph\">{\"@context\":\"https:\/\/schema.org\",\"@graph\":[{\"@type\":\"WebSite\",\"@id\":\"https:\/\/www.elvalledeloscaidos.es\/portal\/#website\",\"url\":\"https:\/\/www.elvalledeloscaidos.es\/portal\/\",\"name\":\"ADVC\",\"description\":\"Asociaci\u00f3n Para la Defensa del Valle de los Ca\u00eddos\",\"potentialAction\":[{\"@type\":\"SearchAction\",\"target\":{\"@type\":\"EntryPoint\",\"urlTemplate\":\"https:\/\/www.elvalledeloscaidos.es\/portal\/?s={search_term_string}\"},\"query-input\":\"required name=search_term_string\"}],\"inLanguage\":\"es\"},{\"@type\":\"WebPage\",\"@id\":\"https:\/\/www.elvalledeloscaidos.es\/portal\/?p=2305#webpage\",\"url\":\"https:\/\/www.elvalledeloscaidos.es\/portal\/?p=2305\",\"name\":\"\\\"La Familia, futuro de la Humanidad\\\" - ADVC\",\"isPartOf\":{\"@id\":\"https:\/\/www.elvalledeloscaidos.es\/portal\/#website\"},\"datePublished\":\"2012-05-19T22:25:45+00:00\",\"dateModified\":\"2012-07-08T00:28:05+00:00\",\"author\":{\"@id\":\"https:\/\/www.elvalledeloscaidos.es\/portal\/#\/schema\/person\/b4711176f6b283a7b25ff137a7e34a40\"},\"breadcrumb\":{\"@id\":\"https:\/\/www.elvalledeloscaidos.es\/portal\/?p=2305#breadcrumb\"},\"inLanguage\":\"es\",\"potentialAction\":[{\"@type\":\"ReadAction\",\"target\":[\"https:\/\/www.elvalledeloscaidos.es\/portal\/?p=2305\"]}]},{\"@type\":\"BreadcrumbList\",\"@id\":\"https:\/\/www.elvalledeloscaidos.es\/portal\/?p=2305#breadcrumb\",\"itemListElement\":[{\"@type\":\"ListItem\",\"position\":1,\"name\":\"Portada\",\"item\":\"https:\/\/www.elvalledeloscaidos.es\/portal\"},{\"@type\":\"ListItem\",\"position\":2,\"name\":\"\u00abLa Familia, futuro de la Humanidad\u00bb\"}]},{\"@type\":\"Person\",\"@id\":\"https:\/\/www.elvalledeloscaidos.es\/portal\/#\/schema\/person\/b4711176f6b283a7b25ff137a7e34a40\",\"name\":\"Redaccion\",\"image\":{\"@type\":\"ImageObject\",\"@id\":\"https:\/\/www.elvalledeloscaidos.es\/portal\/#personlogo\",\"inLanguage\":\"es\",\"url\":\"https:\/\/secure.gravatar.com\/avatar\/43c3c16f338b78edeffdbd22a8090c53?s=96&d=mm&r=g\",\"contentUrl\":\"https:\/\/secure.gravatar.com\/avatar\/43c3c16f338b78edeffdbd22a8090c53?s=96&d=mm&r=g\",\"caption\":\"Redaccion\"},\"url\":\"https:\/\/www.elvalledeloscaidos.es\/portal\/?author=3\"}]}<\/script>\n<!-- \/ Yoast SEO plugin. -->","yoast_head_json":{"title":"\"La Familia, futuro de la Humanidad\"  - ADVC","robots":{"index":"index","follow":"follow","max-snippet":"max-snippet:-1","max-image-preview":"max-image-preview:large","max-video-preview":"max-video-preview:-1"},"canonical":"https:\/\/www.elvalledeloscaidos.es\/portal\/?p=2305","og_locale":"es_ES","og_type":"article","og_title":"\"La Familia, futuro de la Humanidad\"  - ADVC","og_description":"Santa Cruz del Valle de los Ca\u00eddos 2\u00ba Encuentro con la Cultura Cat\u00f3lica Mons. Juan Antonio Reig Pl\u00e1 Obispo de Alcal\u00e1 y Pte. de la Subcomisi\u00f3n de Familia CEE 10 de Marzo de 2012.","og_url":"https:\/\/www.elvalledeloscaidos.es\/portal\/?p=2305","og_site_name":"ADVC","article_published_time":"2012-05-19T22:25:45+00:00","article_modified_time":"2012-07-08T00:28:05+00:00","twitter_card":"summary_large_image","twitter_misc":{"Escrito por":"Redaccion"},"schema":{"@context":"https:\/\/schema.org","@graph":[{"@type":"WebSite","@id":"https:\/\/www.elvalledeloscaidos.es\/portal\/#website","url":"https:\/\/www.elvalledeloscaidos.es\/portal\/","name":"ADVC","description":"Asociaci\u00f3n Para la Defensa del Valle de los Ca\u00eddos","potentialAction":[{"@type":"SearchAction","target":{"@type":"EntryPoint","urlTemplate":"https:\/\/www.elvalledeloscaidos.es\/portal\/?s={search_term_string}"},"query-input":"required name=search_term_string"}],"inLanguage":"es"},{"@type":"WebPage","@id":"https:\/\/www.elvalledeloscaidos.es\/portal\/?p=2305#webpage","url":"https:\/\/www.elvalledeloscaidos.es\/portal\/?p=2305","name":"\"La Familia, futuro de la Humanidad\" - ADVC","isPartOf":{"@id":"https:\/\/www.elvalledeloscaidos.es\/portal\/#website"},"datePublished":"2012-05-19T22:25:45+00:00","dateModified":"2012-07-08T00:28:05+00:00","author":{"@id":"https:\/\/www.elvalledeloscaidos.es\/portal\/#\/schema\/person\/b4711176f6b283a7b25ff137a7e34a40"},"breadcrumb":{"@id":"https:\/\/www.elvalledeloscaidos.es\/portal\/?p=2305#breadcrumb"},"inLanguage":"es","potentialAction":[{"@type":"ReadAction","target":["https:\/\/www.elvalledeloscaidos.es\/portal\/?p=2305"]}]},{"@type":"BreadcrumbList","@id":"https:\/\/www.elvalledeloscaidos.es\/portal\/?p=2305#breadcrumb","itemListElement":[{"@type":"ListItem","position":1,"name":"Portada","item":"https:\/\/www.elvalledeloscaidos.es\/portal"},{"@type":"ListItem","position":2,"name":"\u00abLa Familia, futuro de la Humanidad\u00bb"}]},{"@type":"Person","@id":"https:\/\/www.elvalledeloscaidos.es\/portal\/#\/schema\/person\/b4711176f6b283a7b25ff137a7e34a40","name":"Redaccion","image":{"@type":"ImageObject","@id":"https:\/\/www.elvalledeloscaidos.es\/portal\/#personlogo","inLanguage":"es","url":"https:\/\/secure.gravatar.com\/avatar\/43c3c16f338b78edeffdbd22a8090c53?s=96&d=mm&r=g","contentUrl":"https:\/\/secure.gravatar.com\/avatar\/43c3c16f338b78edeffdbd22a8090c53?s=96&d=mm&r=g","caption":"Redaccion"},"url":"https:\/\/www.elvalledeloscaidos.es\/portal\/?author=3"}]}},"_links":{"self":[{"href":"https:\/\/www.elvalledeloscaidos.es\/portal\/index.php?rest_route=\/wp\/v2\/posts\/2305"}],"collection":[{"href":"https:\/\/www.elvalledeloscaidos.es\/portal\/index.php?rest_route=\/wp\/v2\/posts"}],"about":[{"href":"https:\/\/www.elvalledeloscaidos.es\/portal\/index.php?rest_route=\/wp\/v2\/types\/post"}],"author":[{"embeddable":true,"href":"https:\/\/www.elvalledeloscaidos.es\/portal\/index.php?rest_route=\/wp\/v2\/users\/3"}],"replies":[{"embeddable":true,"href":"https:\/\/www.elvalledeloscaidos.es\/portal\/index.php?rest_route=%2Fwp%2Fv2%2Fcomments&post=2305"}],"version-history":[{"count":3,"href":"https:\/\/www.elvalledeloscaidos.es\/portal\/index.php?rest_route=\/wp\/v2\/posts\/2305\/revisions"}],"predecessor-version":[{"id":2557,"href":"https:\/\/www.elvalledeloscaidos.es\/portal\/index.php?rest_route=\/wp\/v2\/posts\/2305\/revisions\/2557"}],"wp:attachment":[{"href":"https:\/\/www.elvalledeloscaidos.es\/portal\/index.php?rest_route=%2Fwp%2Fv2%2Fmedia&parent=2305"}],"wp:term":[{"taxonomy":"category","embeddable":true,"href":"https:\/\/www.elvalledeloscaidos.es\/portal\/index.php?rest_route=%2Fwp%2Fv2%2Fcategories&post=2305"},{"taxonomy":"post_tag","embeddable":true,"href":"https:\/\/www.elvalledeloscaidos.es\/portal\/index.php?rest_route=%2Fwp%2Fv2%2Ftags&post=2305"}],"curies":[{"name":"wp","href":"https:\/\/api.w.org\/{rel}","templated":true}]}}