{"id":2314,"date":"2012-05-24T23:19:45","date_gmt":"2012-05-24T22:19:45","guid":{"rendered":"http:\/\/www.elvalledeloscaidos.es\/portal\/?p=2314"},"modified":"2012-05-24T23:20:24","modified_gmt":"2012-05-24T22:20:24","slug":"el-valle-de-los-caidos-sintesis-y-simbolo-de-nuestra-historia-reciente-por-pio-moa","status":"publish","type":"post","link":"https:\/\/www.elvalledeloscaidos.es\/portal\/?p=2314","title":{"rendered":"El Valle de los Ca\u00eddos, s\u00edntesis y s\u00edmbolo de nuestra historia reciente, Por P\u00edo Moa"},"content":{"rendered":"<p>El mi\u00e9rcoles particip\u00e9 en unas conferencias en el CEU sobre el Valle de los Ca\u00eddos, junto con Juan Manuel Cabezas, que trat\u00f3 el problema en su aspecto religioso y del derecho y las libertades, conculcadas en los \u00faltimos a\u00f1os, como demostr\u00f3, por gobiernos delincuentes; y con Alberto B\u00e1rcena, que examin\u00f3 la desvergonzada campa\u00f1a de falsedades de que se han validos los pol\u00edticos para manipular a la opini\u00f3n p\u00fablica y justificar sus tropel\u00edas. Por mi parte lo abord\u00e9 desde el punto de vista hist\u00f3rico-pol\u00edtico, m\u00e1s o menos as\u00ed:<\/p>\n<p><!--more--><\/p>\n<p>El Valle de los Ca\u00eddos fue en primer lugar un monumento a la victoria de los nacionales. Una victoria sobre la revoluci\u00f3n y el totalitarismo de quienes pretend\u00edan acabar con la base cultural cristiana y disgregar la propia naci\u00f3n espa\u00f1ola. Franco entendi\u00f3 esa victoria como un hecho de proyecci\u00f3n nacional e internacional, pues fue un gran triunfo en el campo de batalla sobre el stalinismo. El resultado fue probablemente el monumento m\u00e1s grandioso, arm\u00f3nico e inspirado del siglo XX en su g\u00e9nero. Aunque no hubiera sido m\u00e1s que un s\u00edmbolo de la victoria sobre fuerzas oscuras, solo a unos locos de estilo talib\u00e1n se les habr\u00eda ocurrido demolerlo, aunque no debemos olvidar que durante la guerra, esa gente hizo un enorme destrozo del patrimonio art\u00edstico e hist\u00f3rico espa\u00f1ol. El Valle simboliza un hecho hist\u00f3rico real crucial, guste o no guste, y es una obra lograda, de enorme valor art\u00edstico. Solo por eso merece el respeto de las personas civilizadas.<\/p>\n<p>Pero adem\u00e1s, el Valle es un monumento a la paz. Alg\u00fan necio hizo la frasecilla idiota, muy repetida, de que al terminar la guerra no lleg\u00f3 la paz, sino la victoria. Lleg\u00f3 esta, y como consecuencia de ella, la paz. Una paz que todav\u00eda dura, la m\u00e1s larga que haya vivido Espa\u00f1a en dos siglos, de la que se ha beneficiado la inmensa mayor\u00eda de los espa\u00f1oles, incluyendo, por supuesto, a aquel necio, que realiz\u00f3 una espl\u00e9ndida carrera art\u00edstica bajo aquella paz victoriosa. Y precisamente la paz m\u00e1s fruct\u00edfera que haya conocido Espa\u00f1a en estos siglos, pues le permiti\u00f3 rehacerse de los muchos desastres y atrasos anteriores y pasar de una pronunciada y convulsa decadencia a una situaci\u00f3n pr\u00f3spera y progresiva.<\/p>\n<p>Y, en tercer lugar, se trata de un monumento a la reconciliaci\u00f3n. Con perfecta mendacidad se ha afirmado que la reconciliaci\u00f3n fue obra de la transici\u00f3n, cuando ocurri\u00f3 exactamente al rev\u00e9s: la transici\u00f3n fue posible gracias a la reconciliaci\u00f3n habida en los a\u00f1os anteriores. Quienes se reconciliaron entonces, muchos de ellos con gran fals\u00eda, fueron los pol\u00edticos y partidos, pues el pueblo ya lo estaba.<\/p>\n<p>\u00bfY cu\u00e1ndo se produjo la reconciliaci\u00f3n? Creo haber demostrado que fue ya en los duros a\u00f1os 40. Quienes maldicen aquella \u00e9poca fingen ignorar que las gentes que hab\u00eda simpatizado o combatido en las filas del Frente Popular, hab\u00edan experimentado en sus carnes la revoluci\u00f3n, que consisti\u00f3 en la pr\u00e1ctica en miseria, el hambre mayor del siglo XX, la arbitrariedad y el despotismo, am\u00e9n del \u201cHimalaya de mentiras\u201d mencionado por Besteiro. Creo que nadie lo ha descrito mejor que el \u201cpadre espiritual de la rep\u00fablica\u201d Gregorio Mara\u00f1\u00f3n. Y hab\u00edan vivido las peleas, persecuciones y asesinatos entre las propias izquierdas, derrotadas finalmente en medio de una guerra civil entre ellas mismas, hecho por dem\u00e1s significativo. Y hab\u00edan sido testigos de c\u00f3mo los jefes escapaban llev\u00e1ndose tesoros saqueados a todo el mundo, mientras dejaban atr\u00e1s sin la menor preocupaci\u00f3n a miles de seguidores suyos, sicarios complicados en las checas y en todo tipo de asesinatos y robos y a quienes los vencedores ajustar\u00edan cuentas, l\u00f3gicamente.<\/p>\n<p>La masa de los simpatizantes del Frente Popular quiz\u00e1 no sent\u00eda simpat\u00eda por los nacionales, pero desde luego estaba muy escarmentada de las izquierdas y separatistas, y no quer\u00eda ninguna nueva dosis de lo mismo. Que esto no es una simple suposici\u00f3n lo prob\u00f3 el maquis, organizado sobre todo por los comunistas para reavivar la guerra civil y provocar la intervenci\u00f3n exterior (todo esto lo he tratado en una novela reci\u00e9n publicada). El maquis estaba perfectamente concebido para explotar la pobreza y el hambre de aquellos tiempos, el posible resentimiento por la represi\u00f3n y, sobre todo, el impacto psicol\u00f3gico de la victoria de los Aliados y la presencia hostil de sus ej\u00e9rcitos al norte de los Pirineos y al sur del protectorado de Marruecos. Pues bien, aun con todas esas ventajas a su favor, el maquis fracas\u00f3 ante todo porque nunca consigui\u00f3 convencer y arrastrar a una poblaci\u00f3n que ten\u00eda otros deseos y otras esperanzas.<\/p>\n<p>Uno podr\u00eda preguntarse por qu\u00e9 extravagante raz\u00f3n intentan muchos, a estas alturas, destruir el monumento o cambiar su car\u00e1cter. Y la raz\u00f3n es, precisamente, que saben que se trata de un s\u00edmbolo de la victoria, la paz y la reconciliaci\u00f3n. Precisamente por eso se les hace insoportable. Hay en todo ello algo de delirio y algo de la misma farsa del necio de la victoria y la paz. Todos ellos presumen de antifranquistas y quienes luchamos contra el franquismo fuimos muy pocos. Ha sido cuando ese r\u00e9gimen dej\u00f3 de existir cuando han salido a flote tales antifranquistas de pega, m\u00e1s intransigentes que nadie, a pesar de que en su inmensa mayor\u00eda hicieron muy buenas carreras en el franquismo, incluso en el propio aparato del estado. Pienso en personajes como Juan Luis Cebri\u00e1n o \u00c1ngel Vi\u00f1as, directores de la orquesta entre tant\u00edsimos otros. Como es natural, solo han podido actuar creando un nuevo Himalaya de mentiras como el que denunci\u00f3 Besteiro, hombre de izquierdas pero por entonces mucho m\u00e1s sensato y veraz que la caterva aquella.<\/p>\n<p>Expondr\u00e9 dos simples y definitivas mentiras al respecto: seg\u00fan ellos, la victoria de Franco fue la derrota de la democracia. \u00bfY qui\u00e9nes ser\u00edan los dem\u00f3cratas? El Frente Popular se compuso, de hecho o de derecho, de stalinistas, marxistas del PSOE a\u00fan m\u00e1s radicales que aquellos, anarquistas, separatistas de la Esquerra, ultrarracistas del PNV y golpistas como Aza\u00f1a, todos ellos juntos no en amor pero s\u00ed en compa\u00f1\u00eda y bajo la tutela del gran dem\u00f3crata Stalin. \u00bfC\u00f3mo se puede intentar hacer tragar un embuste de este tama\u00f1o? Cierto que Franco no fue un dem\u00f3crata, pues cre\u00eda, despu\u00e9s de la desastrosa experiencia republicana, que la democracia no pod\u00eda funcionar en Espa\u00f1a y que esta necesitaba un largo per\u00edodo de autoridad para rehacerse de las locuras pasadas. Y su r\u00e9gimen no tuvo nada que ver con los totalitarios de izquierdas ni de derechas, si al nazismo puede consider\u00e1rsele de derecha. Fue, simplemente un r\u00e9gimen autoritario que, repito, permiti\u00f3 la m\u00e1s larga paz (hasta ahora mismo) y el mayor progreso que haya vivido el pa\u00eds desde tiempo inmemorial. Con ello, precisamente, ha sido posible un paso tranquilo a una democracia, aun si defectuosa, que ponen en peligro precisamente los antifranquistas con sus talibanadas.<\/p>\n<p>La segunda gran mentira se refiere directamente a su odiado Valle de los Ca\u00eddos. Todos hemos o\u00eddo propalar por los medios de masas, incluso de leyendas, la f\u00e1bula de los 20.000 presos pol\u00edticos esclavizados en trabajos forzados, con un enorme \u00edndice de mortalidad, malos tratos y desatenci\u00f3n m\u00e9dica. Parec\u00edan estar describiendo el Gulag, con cuyo r\u00e9gimen tanto han simpatizado estos sujetos, y baste recordar el episodio Solzhenitsin. En fin, el mismo Preston, algo menos salvaje o menos botarate que esta gente, ha reconocido que el Valle es \u201cuna maravilla\u201d; pero, fiel a la manipulaci\u00f3n propagand\u00edstica, propone que all\u00ed se exponga c\u00f3mo fue construido por presos pol\u00edticos forzados. Por mi parte, creo que estar\u00eda bien una placa que explicase que unos pocos centenares de presos acusados de delitos graves e incluso terror\u00edficos, trabajaron all\u00ed algunos a\u00f1os redimiendo penas de hasta cinco y seis d\u00edas por cada uno trabajado, de modo que una cadena perpetua de treinta a\u00f1os se reduc\u00eda a cinco o seis; que lo hicieron voluntariamente, cobrando sueldo; que se les permiti\u00f3 vivir all\u00ed con sus familias; que muchos solicitaron seguir trabajando all\u00ed al extinguir su condena; que no hubo malos tratos y que la siniestralidad fue sorprendentemente baja: el primer muerto a los ocho a\u00f1os de empezar las obras, y en total diecis\u00e9is. Todo lo cual est\u00e1 perfectamente documentado, al rev\u00e9s que las calumnias hoy en boga. Puede a\u00f1adirse que, al rev\u00e9s que muchas obras fara\u00f3nicas e in\u00fatiles actuales, no cost\u00f3 nada al erario, sino que fue sufragado con donativos y loter\u00edas especiales.<\/p>\n<p>\u00bfPor qu\u00e9 precisa esta gente inventar y difundir sistem\u00e1ticamente la mentira? Porque tienen por excelentes unas ideolog\u00edas confusas y contradictorias, y en funci\u00f3n de esa excelencia imaginaria y en pro de unos ideales gratuitos creen justificado desvirtuar la historia de la manera m\u00e1s indecente. Y cuentan con la colaboraci\u00f3n pasiva del PP<\/p>\n<p>El Valle de los Ca\u00eddos condensa nuestra realidad hist\u00f3rica de los \u00faltimos setenta y cinco a\u00f1or. A las conferencias citadas solo asistieron una sesenta personas, indicio tanto de la poca conciencia de la mayor\u00eda como de la necesidad de enderezar a la opini\u00f3n p\u00fablica hacia la verdad hist\u00f3rica si no queremos que, como advert\u00eda Santayana, nos veamos condenados a repetir lo peor de nuestro pasado. Por eso pido a mis amables lectores, desde este blog, que hagan cuanto est\u00e9 en sus manos por contrarrestar la campa\u00f1a de calumnias y difundan al m\u00e1ximo este peque\u00f1o resumen.<\/p>\n<p>Fuente: <a href=\"http:\/\/www.piomoa.es\/?p=310\">www.piomoa.es<\/a><\/p>\n","protected":false},"excerpt":{"rendered":"<p>El mi\u00e9rcoles particip\u00e9 en unas conferencias en el CEU sobre el Valle de los Ca\u00eddos, junto con Juan Manuel Cabezas, que trat\u00f3 el problema en su aspecto religioso y del derecho y las libertades, conculcadas en los \u00faltimos a\u00f1os, como demostr\u00f3, por gobiernos delincuentes; y con Alberto B\u00e1rcena, que examin\u00f3 [&hellip;]<\/p>\n","protected":false},"author":3,"featured_media":0,"comment_status":"open","ping_status":"open","sticky":false,"template":"","format":"standard","meta":[],"categories":[4],"tags":[],"yoast_head":"<!-- This site is optimized with the Yoast SEO plugin v18.6 - https:\/\/yoast.com\/wordpress\/plugins\/seo\/ -->\n<title>El Valle de los Ca\u00eddos, s\u00edntesis y s\u00edmbolo de nuestra historia reciente, Por P\u00edo Moa - ADVC<\/title>\n<meta name=\"robots\" content=\"index, follow, max-snippet:-1, max-image-preview:large, max-video-preview:-1\" \/>\n<link rel=\"canonical\" href=\"https:\/\/www.elvalledeloscaidos.es\/portal\/?p=2314\" \/>\n<meta property=\"og:locale\" content=\"es_ES\" \/>\n<meta property=\"og:type\" content=\"article\" \/>\n<meta property=\"og:title\" content=\"El Valle de los Ca\u00eddos, s\u00edntesis y s\u00edmbolo de nuestra historia reciente, Por P\u00edo Moa - ADVC\" \/>\n<meta property=\"og:description\" content=\"El mi\u00e9rcoles particip\u00e9 en unas conferencias en el CEU sobre el Valle de los Ca\u00eddos, junto con Juan Manuel Cabezas, que trat\u00f3 el problema en su aspecto religioso y del derecho y las libertades, conculcadas en los \u00faltimos a\u00f1os, como demostr\u00f3, por gobiernos delincuentes; y con Alberto B\u00e1rcena, que examin\u00f3 [&hellip;]\" \/>\n<meta property=\"og:url\" content=\"https:\/\/www.elvalledeloscaidos.es\/portal\/?p=2314\" \/>\n<meta property=\"og:site_name\" content=\"ADVC\" \/>\n<meta property=\"article:published_time\" content=\"2012-05-24T22:19:45+00:00\" \/>\n<meta property=\"article:modified_time\" content=\"2012-05-24T22:20:24+00:00\" \/>\n<meta name=\"twitter:card\" content=\"summary_large_image\" \/>\n<meta name=\"twitter:label1\" content=\"Escrito por\" \/>\n\t<meta name=\"twitter:data1\" content=\"Redaccion\" \/>\n\t<meta name=\"twitter:label2\" content=\"Tiempo de lectura\" \/>\n\t<meta name=\"twitter:data2\" content=\"8 minutos\" \/>\n<script type=\"application\/ld+json\" class=\"yoast-schema-graph\">{\"@context\":\"https:\/\/schema.org\",\"@graph\":[{\"@type\":\"WebSite\",\"@id\":\"https:\/\/www.elvalledeloscaidos.es\/portal\/#website\",\"url\":\"https:\/\/www.elvalledeloscaidos.es\/portal\/\",\"name\":\"ADVC\",\"description\":\"Asociaci\u00f3n Para la Defensa del Valle de los Ca\u00eddos\",\"potentialAction\":[{\"@type\":\"SearchAction\",\"target\":{\"@type\":\"EntryPoint\",\"urlTemplate\":\"https:\/\/www.elvalledeloscaidos.es\/portal\/?s={search_term_string}\"},\"query-input\":\"required name=search_term_string\"}],\"inLanguage\":\"es\"},{\"@type\":\"WebPage\",\"@id\":\"https:\/\/www.elvalledeloscaidos.es\/portal\/?p=2314#webpage\",\"url\":\"https:\/\/www.elvalledeloscaidos.es\/portal\/?p=2314\",\"name\":\"El Valle de los Ca\u00eddos, s\u00edntesis y s\u00edmbolo de nuestra historia reciente, Por P\u00edo Moa - ADVC\",\"isPartOf\":{\"@id\":\"https:\/\/www.elvalledeloscaidos.es\/portal\/#website\"},\"datePublished\":\"2012-05-24T22:19:45+00:00\",\"dateModified\":\"2012-05-24T22:20:24+00:00\",\"author\":{\"@id\":\"https:\/\/www.elvalledeloscaidos.es\/portal\/#\/schema\/person\/b4711176f6b283a7b25ff137a7e34a40\"},\"breadcrumb\":{\"@id\":\"https:\/\/www.elvalledeloscaidos.es\/portal\/?p=2314#breadcrumb\"},\"inLanguage\":\"es\",\"potentialAction\":[{\"@type\":\"ReadAction\",\"target\":[\"https:\/\/www.elvalledeloscaidos.es\/portal\/?p=2314\"]}]},{\"@type\":\"BreadcrumbList\",\"@id\":\"https:\/\/www.elvalledeloscaidos.es\/portal\/?p=2314#breadcrumb\",\"itemListElement\":[{\"@type\":\"ListItem\",\"position\":1,\"name\":\"Portada\",\"item\":\"https:\/\/www.elvalledeloscaidos.es\/portal\"},{\"@type\":\"ListItem\",\"position\":2,\"name\":\"El Valle de los Ca\u00eddos, s\u00edntesis y s\u00edmbolo de nuestra historia reciente, Por P\u00edo Moa\"}]},{\"@type\":\"Person\",\"@id\":\"https:\/\/www.elvalledeloscaidos.es\/portal\/#\/schema\/person\/b4711176f6b283a7b25ff137a7e34a40\",\"name\":\"Redaccion\",\"image\":{\"@type\":\"ImageObject\",\"@id\":\"https:\/\/www.elvalledeloscaidos.es\/portal\/#personlogo\",\"inLanguage\":\"es\",\"url\":\"https:\/\/secure.gravatar.com\/avatar\/43c3c16f338b78edeffdbd22a8090c53?s=96&d=mm&r=g\",\"contentUrl\":\"https:\/\/secure.gravatar.com\/avatar\/43c3c16f338b78edeffdbd22a8090c53?s=96&d=mm&r=g\",\"caption\":\"Redaccion\"},\"url\":\"https:\/\/www.elvalledeloscaidos.es\/portal\/?author=3\"}]}<\/script>\n<!-- \/ Yoast SEO plugin. -->","yoast_head_json":{"title":"El Valle de los Ca\u00eddos, s\u00edntesis y s\u00edmbolo de nuestra historia reciente, Por P\u00edo Moa - ADVC","robots":{"index":"index","follow":"follow","max-snippet":"max-snippet:-1","max-image-preview":"max-image-preview:large","max-video-preview":"max-video-preview:-1"},"canonical":"https:\/\/www.elvalledeloscaidos.es\/portal\/?p=2314","og_locale":"es_ES","og_type":"article","og_title":"El Valle de los Ca\u00eddos, s\u00edntesis y s\u00edmbolo de nuestra historia reciente, Por P\u00edo Moa - ADVC","og_description":"El mi\u00e9rcoles particip\u00e9 en unas conferencias en el CEU sobre el Valle de los Ca\u00eddos, junto con Juan Manuel Cabezas, que trat\u00f3 el problema en su aspecto religioso y del derecho y las libertades, conculcadas en los \u00faltimos a\u00f1os, como demostr\u00f3, por gobiernos delincuentes; y con Alberto B\u00e1rcena, que examin\u00f3 [&hellip;]","og_url":"https:\/\/www.elvalledeloscaidos.es\/portal\/?p=2314","og_site_name":"ADVC","article_published_time":"2012-05-24T22:19:45+00:00","article_modified_time":"2012-05-24T22:20:24+00:00","twitter_card":"summary_large_image","twitter_misc":{"Escrito por":"Redaccion","Tiempo de lectura":"8 minutos"},"schema":{"@context":"https:\/\/schema.org","@graph":[{"@type":"WebSite","@id":"https:\/\/www.elvalledeloscaidos.es\/portal\/#website","url":"https:\/\/www.elvalledeloscaidos.es\/portal\/","name":"ADVC","description":"Asociaci\u00f3n Para la Defensa del Valle de los Ca\u00eddos","potentialAction":[{"@type":"SearchAction","target":{"@type":"EntryPoint","urlTemplate":"https:\/\/www.elvalledeloscaidos.es\/portal\/?s={search_term_string}"},"query-input":"required name=search_term_string"}],"inLanguage":"es"},{"@type":"WebPage","@id":"https:\/\/www.elvalledeloscaidos.es\/portal\/?p=2314#webpage","url":"https:\/\/www.elvalledeloscaidos.es\/portal\/?p=2314","name":"El Valle de los Ca\u00eddos, s\u00edntesis y s\u00edmbolo de nuestra historia reciente, Por P\u00edo Moa - ADVC","isPartOf":{"@id":"https:\/\/www.elvalledeloscaidos.es\/portal\/#website"},"datePublished":"2012-05-24T22:19:45+00:00","dateModified":"2012-05-24T22:20:24+00:00","author":{"@id":"https:\/\/www.elvalledeloscaidos.es\/portal\/#\/schema\/person\/b4711176f6b283a7b25ff137a7e34a40"},"breadcrumb":{"@id":"https:\/\/www.elvalledeloscaidos.es\/portal\/?p=2314#breadcrumb"},"inLanguage":"es","potentialAction":[{"@type":"ReadAction","target":["https:\/\/www.elvalledeloscaidos.es\/portal\/?p=2314"]}]},{"@type":"BreadcrumbList","@id":"https:\/\/www.elvalledeloscaidos.es\/portal\/?p=2314#breadcrumb","itemListElement":[{"@type":"ListItem","position":1,"name":"Portada","item":"https:\/\/www.elvalledeloscaidos.es\/portal"},{"@type":"ListItem","position":2,"name":"El Valle de los Ca\u00eddos, s\u00edntesis y s\u00edmbolo de nuestra historia reciente, Por P\u00edo Moa"}]},{"@type":"Person","@id":"https:\/\/www.elvalledeloscaidos.es\/portal\/#\/schema\/person\/b4711176f6b283a7b25ff137a7e34a40","name":"Redaccion","image":{"@type":"ImageObject","@id":"https:\/\/www.elvalledeloscaidos.es\/portal\/#personlogo","inLanguage":"es","url":"https:\/\/secure.gravatar.com\/avatar\/43c3c16f338b78edeffdbd22a8090c53?s=96&d=mm&r=g","contentUrl":"https:\/\/secure.gravatar.com\/avatar\/43c3c16f338b78edeffdbd22a8090c53?s=96&d=mm&r=g","caption":"Redaccion"},"url":"https:\/\/www.elvalledeloscaidos.es\/portal\/?author=3"}]}},"_links":{"self":[{"href":"https:\/\/www.elvalledeloscaidos.es\/portal\/index.php?rest_route=\/wp\/v2\/posts\/2314"}],"collection":[{"href":"https:\/\/www.elvalledeloscaidos.es\/portal\/index.php?rest_route=\/wp\/v2\/posts"}],"about":[{"href":"https:\/\/www.elvalledeloscaidos.es\/portal\/index.php?rest_route=\/wp\/v2\/types\/post"}],"author":[{"embeddable":true,"href":"https:\/\/www.elvalledeloscaidos.es\/portal\/index.php?rest_route=\/wp\/v2\/users\/3"}],"replies":[{"embeddable":true,"href":"https:\/\/www.elvalledeloscaidos.es\/portal\/index.php?rest_route=%2Fwp%2Fv2%2Fcomments&post=2314"}],"version-history":[{"count":4,"href":"https:\/\/www.elvalledeloscaidos.es\/portal\/index.php?rest_route=\/wp\/v2\/posts\/2314\/revisions"}],"predecessor-version":[{"id":2318,"href":"https:\/\/www.elvalledeloscaidos.es\/portal\/index.php?rest_route=\/wp\/v2\/posts\/2314\/revisions\/2318"}],"wp:attachment":[{"href":"https:\/\/www.elvalledeloscaidos.es\/portal\/index.php?rest_route=%2Fwp%2Fv2%2Fmedia&parent=2314"}],"wp:term":[{"taxonomy":"category","embeddable":true,"href":"https:\/\/www.elvalledeloscaidos.es\/portal\/index.php?rest_route=%2Fwp%2Fv2%2Fcategories&post=2314"},{"taxonomy":"post_tag","embeddable":true,"href":"https:\/\/www.elvalledeloscaidos.es\/portal\/index.php?rest_route=%2Fwp%2Fv2%2Ftags&post=2314"}],"curies":[{"name":"wp","href":"https:\/\/api.w.org\/{rel}","templated":true}]}}