{"id":2320,"date":"2012-05-29T22:57:11","date_gmt":"2012-05-29T21:57:11","guid":{"rendered":"http:\/\/www.elvalledeloscaidos.es\/portal\/?p=2320"},"modified":"2012-05-29T23:01:48","modified_gmt":"2012-05-29T22:01:48","slug":"entrevista-en-radio-nacional-de-espana-radio-5-al-presidente-de-patrimonio-nacional-sr-rodriguez-spiteri","status":"publish","type":"post","link":"https:\/\/www.elvalledeloscaidos.es\/portal\/?p=2320","title":{"rendered":"Entrevista en Radio Nacional de Espa\u00f1a (Radio 5) al Presidente de Patrimonio Nacional Sr. Rodr\u00edguez Spiteri"},"content":{"rendered":"<p><p>\nHablamos en este espacio con Jos\u00e9 Rodr\u00edguez-Spiteri, nuevo presidente de Patrimonio Nacional. Su misi\u00f3n es gestionar los 19 palacios y monasterios de fundaci\u00f3n real, algunos de los cuales sirven como sede a los actos oficiales del Jefe del Estado. Adem\u00e1s, bajo su competencia quedar\u00e1n bienes tan diversos como 135.000 obras de arte y 21.000 hect\u00e1reas de parques, montes y jardines. Uno de los asuntos a que habr\u00e1 de hacer frente es el problema generado por las maniobras del anterior Gobierno para cerrar el acceso de visitantes al Valle de los Ca\u00eddos (28\/05\/12).<br \/>\n(Texto de la web de RNE)<\/p>\n<p>\nPara escuchar la entrevista con el presidente de PN, pinchar en el siguiente<br \/>\n<a href=\"http:\/\/www.elvalledeloscaidos.es\/audio\/presidente.mp3\">v\u00ednculo<\/a><\/p>\n","protected":false},"excerpt":{"rendered":"<p>Hablamos en este espacio con Jos\u00e9 Rodr\u00edguez-Spiteri, nuevo presidente de Patrimonio Nacional. Su misi\u00f3n es gestionar los 19 palacios y monasterios de fundaci\u00f3n real, algunos de los cuales sirven como sede a los actos oficiales del Jefe del Estado. Adem\u00e1s, bajo su competencia quedar\u00e1n bienes tan diversos como 135.000 obras [&hellip;]<\/p>\n","protected":false},"author":3,"featured_media":0,"comment_status":"open","ping_status":"open","sticky":false,"template":"","format":"standard","meta":[],"categories":[4],"tags":[],"yoast_head":"<!-- This site is optimized with the Yoast SEO plugin v18.6 - https:\/\/yoast.com\/wordpress\/plugins\/seo\/ -->\n<title>Entrevista en Radio Nacional de Espa\u00f1a (Radio 5) al Presidente de Patrimonio Nacional Sr. Rodr\u00edguez Spiteri - ADVC<\/title>\n<meta name=\"robots\" content=\"index, follow, max-snippet:-1, max-image-preview:large, max-video-preview:-1\" \/>\n<link rel=\"canonical\" href=\"https:\/\/www.elvalledeloscaidos.es\/portal\/?p=2320\" \/>\n<meta property=\"og:locale\" content=\"es_ES\" \/>\n<meta property=\"og:type\" content=\"article\" \/>\n<meta property=\"og:title\" content=\"Entrevista en Radio Nacional de Espa\u00f1a (Radio 5) al Presidente de Patrimonio Nacional Sr. Rodr\u00edguez Spiteri - ADVC\" \/>\n<meta property=\"og:description\" content=\"Hablamos en este espacio con Jos\u00e9 Rodr\u00edguez-Spiteri, nuevo presidente de Patrimonio Nacional. Su misi\u00f3n es gestionar los 19 palacios y monasterios de fundaci\u00f3n real, algunos de los cuales sirven como sede a los actos oficiales del Jefe del Estado. Adem\u00e1s, bajo su competencia quedar\u00e1n bienes tan diversos como 135.000 obras [&hellip;]\" \/>\n<meta property=\"og:url\" content=\"https:\/\/www.elvalledeloscaidos.es\/portal\/?p=2320\" \/>\n<meta property=\"og:site_name\" content=\"ADVC\" \/>\n<meta property=\"article:published_time\" content=\"2012-05-29T21:57:11+00:00\" \/>\n<meta property=\"article:modified_time\" content=\"2012-05-29T22:01:48+00:00\" \/>\n<meta name=\"twitter:card\" content=\"summary_large_image\" \/>\n<meta name=\"twitter:label1\" content=\"Escrito por\" \/>\n\t<meta name=\"twitter:data1\" content=\"Redaccion\" \/>\n\t<meta name=\"twitter:label2\" content=\"Tiempo de lectura\" \/>\n\t<meta name=\"twitter:data2\" content=\"1 minuto\" \/>\n<script type=\"application\/ld+json\" class=\"yoast-schema-graph\">{\"@context\":\"https:\/\/schema.org\",\"@graph\":[{\"@type\":\"WebSite\",\"@id\":\"https:\/\/www.elvalledeloscaidos.es\/portal\/#website\",\"url\":\"https:\/\/www.elvalledeloscaidos.es\/portal\/\",\"name\":\"ADVC\",\"description\":\"Asociaci\u00f3n Para la Defensa del Valle de los Ca\u00eddos\",\"potentialAction\":[{\"@type\":\"SearchAction\",\"target\":{\"@type\":\"EntryPoint\",\"urlTemplate\":\"https:\/\/www.elvalledeloscaidos.es\/portal\/?s={search_term_string}\"},\"query-input\":\"required name=search_term_string\"}],\"inLanguage\":\"es\"},{\"@type\":\"WebPage\",\"@id\":\"https:\/\/www.elvalledeloscaidos.es\/portal\/?p=2320#webpage\",\"url\":\"https:\/\/www.elvalledeloscaidos.es\/portal\/?p=2320\",\"name\":\"Entrevista en Radio Nacional de Espa\u00f1a (Radio 5) al Presidente de Patrimonio Nacional Sr. Rodr\u00edguez Spiteri - ADVC\",\"isPartOf\":{\"@id\":\"https:\/\/www.elvalledeloscaidos.es\/portal\/#website\"},\"datePublished\":\"2012-05-29T21:57:11+00:00\",\"dateModified\":\"2012-05-29T22:01:48+00:00\",\"author\":{\"@id\":\"https:\/\/www.elvalledeloscaidos.es\/portal\/#\/schema\/person\/b4711176f6b283a7b25ff137a7e34a40\"},\"breadcrumb\":{\"@id\":\"https:\/\/www.elvalledeloscaidos.es\/portal\/?p=2320#breadcrumb\"},\"inLanguage\":\"es\",\"potentialAction\":[{\"@type\":\"ReadAction\",\"target\":[\"https:\/\/www.elvalledeloscaidos.es\/portal\/?p=2320\"]}]},{\"@type\":\"BreadcrumbList\",\"@id\":\"https:\/\/www.elvalledeloscaidos.es\/portal\/?p=2320#breadcrumb\",\"itemListElement\":[{\"@type\":\"ListItem\",\"position\":1,\"name\":\"Portada\",\"item\":\"https:\/\/www.elvalledeloscaidos.es\/portal\"},{\"@type\":\"ListItem\",\"position\":2,\"name\":\"Entrevista en Radio Nacional de Espa\u00f1a (Radio 5) al Presidente de Patrimonio Nacional Sr. Rodr\u00edguez Spiteri\"}]},{\"@type\":\"Person\",\"@id\":\"https:\/\/www.elvalledeloscaidos.es\/portal\/#\/schema\/person\/b4711176f6b283a7b25ff137a7e34a40\",\"name\":\"Redaccion\",\"image\":{\"@type\":\"ImageObject\",\"@id\":\"https:\/\/www.elvalledeloscaidos.es\/portal\/#personlogo\",\"inLanguage\":\"es\",\"url\":\"https:\/\/secure.gravatar.com\/avatar\/43c3c16f338b78edeffdbd22a8090c53?s=96&d=mm&r=g\",\"contentUrl\":\"https:\/\/secure.gravatar.com\/avatar\/43c3c16f338b78edeffdbd22a8090c53?s=96&d=mm&r=g\",\"caption\":\"Redaccion\"},\"url\":\"https:\/\/www.elvalledeloscaidos.es\/portal\/?author=3\"}]}<\/script>\n<!-- \/ Yoast SEO plugin. -->","yoast_head_json":{"title":"Entrevista en Radio Nacional de Espa\u00f1a (Radio 5) al Presidente de Patrimonio Nacional Sr. Rodr\u00edguez Spiteri - ADVC","robots":{"index":"index","follow":"follow","max-snippet":"max-snippet:-1","max-image-preview":"max-image-preview:large","max-video-preview":"max-video-preview:-1"},"canonical":"https:\/\/www.elvalledeloscaidos.es\/portal\/?p=2320","og_locale":"es_ES","og_type":"article","og_title":"Entrevista en Radio Nacional de Espa\u00f1a (Radio 5) al Presidente de Patrimonio Nacional Sr. Rodr\u00edguez Spiteri - ADVC","og_description":"Hablamos en este espacio con Jos\u00e9 Rodr\u00edguez-Spiteri, nuevo presidente de Patrimonio Nacional. Su misi\u00f3n es gestionar los 19 palacios y monasterios de fundaci\u00f3n real, algunos de los cuales sirven como sede a los actos oficiales del Jefe del Estado. Adem\u00e1s, bajo su competencia quedar\u00e1n bienes tan diversos como 135.000 obras [&hellip;]","og_url":"https:\/\/www.elvalledeloscaidos.es\/portal\/?p=2320","og_site_name":"ADVC","article_published_time":"2012-05-29T21:57:11+00:00","article_modified_time":"2012-05-29T22:01:48+00:00","twitter_card":"summary_large_image","twitter_misc":{"Escrito por":"Redaccion","Tiempo de lectura":"1 minuto"},"schema":{"@context":"https:\/\/schema.org","@graph":[{"@type":"WebSite","@id":"https:\/\/www.elvalledeloscaidos.es\/portal\/#website","url":"https:\/\/www.elvalledeloscaidos.es\/portal\/","name":"ADVC","description":"Asociaci\u00f3n Para la Defensa del Valle de los Ca\u00eddos","potentialAction":[{"@type":"SearchAction","target":{"@type":"EntryPoint","urlTemplate":"https:\/\/www.elvalledeloscaidos.es\/portal\/?s={search_term_string}"},"query-input":"required name=search_term_string"}],"inLanguage":"es"},{"@type":"WebPage","@id":"https:\/\/www.elvalledeloscaidos.es\/portal\/?p=2320#webpage","url":"https:\/\/www.elvalledeloscaidos.es\/portal\/?p=2320","name":"Entrevista en Radio Nacional de Espa\u00f1a (Radio 5) al Presidente de Patrimonio Nacional Sr. Rodr\u00edguez Spiteri - ADVC","isPartOf":{"@id":"https:\/\/www.elvalledeloscaidos.es\/portal\/#website"},"datePublished":"2012-05-29T21:57:11+00:00","dateModified":"2012-05-29T22:01:48+00:00","author":{"@id":"https:\/\/www.elvalledeloscaidos.es\/portal\/#\/schema\/person\/b4711176f6b283a7b25ff137a7e34a40"},"breadcrumb":{"@id":"https:\/\/www.elvalledeloscaidos.es\/portal\/?p=2320#breadcrumb"},"inLanguage":"es","potentialAction":[{"@type":"ReadAction","target":["https:\/\/www.elvalledeloscaidos.es\/portal\/?p=2320"]}]},{"@type":"BreadcrumbList","@id":"https:\/\/www.elvalledeloscaidos.es\/portal\/?p=2320#breadcrumb","itemListElement":[{"@type":"ListItem","position":1,"name":"Portada","item":"https:\/\/www.elvalledeloscaidos.es\/portal"},{"@type":"ListItem","position":2,"name":"Entrevista en Radio Nacional de Espa\u00f1a (Radio 5) al Presidente de Patrimonio Nacional Sr. Rodr\u00edguez Spiteri"}]},{"@type":"Person","@id":"https:\/\/www.elvalledeloscaidos.es\/portal\/#\/schema\/person\/b4711176f6b283a7b25ff137a7e34a40","name":"Redaccion","image":{"@type":"ImageObject","@id":"https:\/\/www.elvalledeloscaidos.es\/portal\/#personlogo","inLanguage":"es","url":"https:\/\/secure.gravatar.com\/avatar\/43c3c16f338b78edeffdbd22a8090c53?s=96&d=mm&r=g","contentUrl":"https:\/\/secure.gravatar.com\/avatar\/43c3c16f338b78edeffdbd22a8090c53?s=96&d=mm&r=g","caption":"Redaccion"},"url":"https:\/\/www.elvalledeloscaidos.es\/portal\/?author=3"}]}},"_links":{"self":[{"href":"https:\/\/www.elvalledeloscaidos.es\/portal\/index.php?rest_route=\/wp\/v2\/posts\/2320"}],"collection":[{"href":"https:\/\/www.elvalledeloscaidos.es\/portal\/index.php?rest_route=\/wp\/v2\/posts"}],"about":[{"href":"https:\/\/www.elvalledeloscaidos.es\/portal\/index.php?rest_route=\/wp\/v2\/types\/post"}],"author":[{"embeddable":true,"href":"https:\/\/www.elvalledeloscaidos.es\/portal\/index.php?rest_route=\/wp\/v2\/users\/3"}],"replies":[{"embeddable":true,"href":"https:\/\/www.elvalledeloscaidos.es\/portal\/index.php?rest_route=%2Fwp%2Fv2%2Fcomments&post=2320"}],"version-history":[{"count":8,"href":"https:\/\/www.elvalledeloscaidos.es\/portal\/index.php?rest_route=\/wp\/v2\/posts\/2320\/revisions"}],"predecessor-version":[{"id":2328,"href":"https:\/\/www.elvalledeloscaidos.es\/portal\/index.php?rest_route=\/wp\/v2\/posts\/2320\/revisions\/2328"}],"wp:attachment":[{"href":"https:\/\/www.elvalledeloscaidos.es\/portal\/index.php?rest_route=%2Fwp%2Fv2%2Fmedia&parent=2320"}],"wp:term":[{"taxonomy":"category","embeddable":true,"href":"https:\/\/www.elvalledeloscaidos.es\/portal\/index.php?rest_route=%2Fwp%2Fv2%2Fcategories&post=2320"},{"taxonomy":"post_tag","embeddable":true,"href":"https:\/\/www.elvalledeloscaidos.es\/portal\/index.php?rest_route=%2Fwp%2Fv2%2Ftags&post=2320"}],"curies":[{"name":"wp","href":"https:\/\/api.w.org\/{rel}","templated":true}]}}