{"id":2330,"date":"2012-05-31T18:40:54","date_gmt":"2012-05-31T17:40:54","guid":{"rendered":"http:\/\/www.elvalledeloscaidos.es\/portal\/?p=2330"},"modified":"2012-11-07T21:30:09","modified_gmt":"2012-11-07T20:30:09","slug":"el-valle-de-los-caidos-reabre-definitivamente-sus-puertas","status":"publish","type":"post","link":"https:\/\/www.elvalledeloscaidos.es\/portal\/?p=2330","title":{"rendered":"El Valle de los Ca\u00eddos reabre definitivamente sus puertas"},"content":{"rendered":"<p>Ma\u00f1ana, 1 de junio de 2012, se reabre el Valle de los Ca\u00eddos y se reanuda la actividad turistica en el recinto a trav\u00e9s del cobro de entradas en la puerta de acceso del recinto. Asimismo ma\u00f1ana (de hecho hoy ya ha abierto sus puertas), los visitantes que accedan a la Bas\u00edlica del Valle de los Ca\u00eddos podr\u00e1n comprar sus recuerdos en forma de libros, postales etc, en la tienda de regalos del vest\u00edbulo del templo.<br \/>\nEn los pr\u00f3ximos d\u00edas tambi\u00e9n sale a concurso p\u00fablico la explotaci\u00f3n de la cafeter\u00eda-restaurante del funicular, que abrir\u00e1 sus puertas de nuevo en unas pocas semanas.<\/p>\n<p><!--more--><br \/>\nHan sido necesarios treinta meses para que vuelva la cordura y coherencia a quienes mandan en Patrimonio Nacional. En este tiempo han sido 700.000 el n\u00famero aproximado de visitantes a los que se le ha negado la visita turistica (y en momentos puntuales incluso la religiosa) al Valle de los Ca\u00eddos, y varios millones los euros que se han perdido por el camino fruto de una decisi\u00f3n pol\u00edtica caprichosa y revanchista.<br \/>\nDesde la ADVC aplaudimos la vuelta a esta situaci\u00f3n de normalidad que esperamos no sufra la situaci\u00f3n de provisionalidad que sufrieron otros status parecidos en un pasado no tan lejano.<\/p>\n<p><center><a href=\"http:\/\/www.elvalledeloscaidos.es\/portal\/wp-content\/uploads\/2012\/05\/VALLE021.jpg\" target=\"blank\"><img decoding=\"async\" loading=\"lazy\" class=\"alignnone size-full wp-image-2334\" title=\"VALLE02\" src=\"http:\/\/www.elvalledeloscaidos.es\/portal\/wp-content\/uploads\/2012\/05\/VALLE021.jpg\" alt=\"\" width=\"500\" height=\"375\" \/><\/a><\/center><\/p>\n","protected":false},"excerpt":{"rendered":"<p>Ma\u00f1ana, 1 de junio de 2012, se reabre el Valle de los Ca\u00eddos y se reanuda la actividad turistica en el recinto a trav\u00e9s del cobro de entradas en la puerta de acceso del recinto. Asimismo ma\u00f1ana (de hecho hoy ya ha abierto sus puertas), los visitantes que accedan a [&hellip;]<\/p>\n","protected":false},"author":3,"featured_media":0,"comment_status":"open","ping_status":"open","sticky":false,"template":"","format":"standard","meta":[],"categories":[4],"tags":[],"yoast_head":"<!-- This site is optimized with the Yoast SEO plugin v18.6 - https:\/\/yoast.com\/wordpress\/plugins\/seo\/ -->\n<title>El Valle de los Ca\u00eddos reabre definitivamente sus puertas - ADVC<\/title>\n<meta name=\"robots\" content=\"index, follow, max-snippet:-1, max-image-preview:large, max-video-preview:-1\" \/>\n<link rel=\"canonical\" href=\"https:\/\/www.elvalledeloscaidos.es\/portal\/?p=2330\" \/>\n<meta property=\"og:locale\" content=\"es_ES\" \/>\n<meta property=\"og:type\" content=\"article\" \/>\n<meta property=\"og:title\" content=\"El Valle de los Ca\u00eddos reabre definitivamente sus puertas - ADVC\" \/>\n<meta property=\"og:description\" content=\"Ma\u00f1ana, 1 de junio de 2012, se reabre el Valle de los Ca\u00eddos y se reanuda la actividad turistica en el recinto a trav\u00e9s del cobro de entradas en la puerta de acceso del recinto. Asimismo ma\u00f1ana (de hecho hoy ya ha abierto sus puertas), los visitantes que accedan a [&hellip;]\" \/>\n<meta property=\"og:url\" content=\"https:\/\/www.elvalledeloscaidos.es\/portal\/?p=2330\" \/>\n<meta property=\"og:site_name\" content=\"ADVC\" \/>\n<meta property=\"article:published_time\" content=\"2012-05-31T17:40:54+00:00\" \/>\n<meta property=\"article:modified_time\" content=\"2012-11-07T20:30:09+00:00\" \/>\n<meta property=\"og:image\" content=\"http:\/\/www.elvalledeloscaidos.es\/portal\/wp-content\/uploads\/2012\/05\/VALLE021.jpg\" \/>\n<meta name=\"twitter:card\" content=\"summary_large_image\" \/>\n<meta name=\"twitter:label1\" content=\"Escrito por\" \/>\n\t<meta name=\"twitter:data1\" content=\"Redaccion\" \/>\n\t<meta name=\"twitter:label2\" content=\"Tiempo de lectura\" \/>\n\t<meta name=\"twitter:data2\" content=\"1 minuto\" \/>\n<script type=\"application\/ld+json\" class=\"yoast-schema-graph\">{\"@context\":\"https:\/\/schema.org\",\"@graph\":[{\"@type\":\"WebSite\",\"@id\":\"https:\/\/www.elvalledeloscaidos.es\/portal\/#website\",\"url\":\"https:\/\/www.elvalledeloscaidos.es\/portal\/\",\"name\":\"ADVC\",\"description\":\"Asociaci\u00f3n Para la Defensa del Valle de los Ca\u00eddos\",\"potentialAction\":[{\"@type\":\"SearchAction\",\"target\":{\"@type\":\"EntryPoint\",\"urlTemplate\":\"https:\/\/www.elvalledeloscaidos.es\/portal\/?s={search_term_string}\"},\"query-input\":\"required name=search_term_string\"}],\"inLanguage\":\"es\"},{\"@type\":\"ImageObject\",\"@id\":\"https:\/\/www.elvalledeloscaidos.es\/portal\/?p=2330#primaryimage\",\"inLanguage\":\"es\",\"url\":\"http:\/\/www.elvalledeloscaidos.es\/portal\/wp-content\/uploads\/2012\/05\/VALLE021.jpg\",\"contentUrl\":\"http:\/\/www.elvalledeloscaidos.es\/portal\/wp-content\/uploads\/2012\/05\/VALLE021.jpg\"},{\"@type\":\"WebPage\",\"@id\":\"https:\/\/www.elvalledeloscaidos.es\/portal\/?p=2330#webpage\",\"url\":\"https:\/\/www.elvalledeloscaidos.es\/portal\/?p=2330\",\"name\":\"El Valle de los Ca\u00eddos reabre definitivamente sus puertas - ADVC\",\"isPartOf\":{\"@id\":\"https:\/\/www.elvalledeloscaidos.es\/portal\/#website\"},\"primaryImageOfPage\":{\"@id\":\"https:\/\/www.elvalledeloscaidos.es\/portal\/?p=2330#primaryimage\"},\"datePublished\":\"2012-05-31T17:40:54+00:00\",\"dateModified\":\"2012-11-07T20:30:09+00:00\",\"author\":{\"@id\":\"https:\/\/www.elvalledeloscaidos.es\/portal\/#\/schema\/person\/b4711176f6b283a7b25ff137a7e34a40\"},\"breadcrumb\":{\"@id\":\"https:\/\/www.elvalledeloscaidos.es\/portal\/?p=2330#breadcrumb\"},\"inLanguage\":\"es\",\"potentialAction\":[{\"@type\":\"ReadAction\",\"target\":[\"https:\/\/www.elvalledeloscaidos.es\/portal\/?p=2330\"]}]},{\"@type\":\"BreadcrumbList\",\"@id\":\"https:\/\/www.elvalledeloscaidos.es\/portal\/?p=2330#breadcrumb\",\"itemListElement\":[{\"@type\":\"ListItem\",\"position\":1,\"name\":\"Portada\",\"item\":\"https:\/\/www.elvalledeloscaidos.es\/portal\"},{\"@type\":\"ListItem\",\"position\":2,\"name\":\"El Valle de los Ca\u00eddos reabre definitivamente sus puertas\"}]},{\"@type\":\"Person\",\"@id\":\"https:\/\/www.elvalledeloscaidos.es\/portal\/#\/schema\/person\/b4711176f6b283a7b25ff137a7e34a40\",\"name\":\"Redaccion\",\"image\":{\"@type\":\"ImageObject\",\"@id\":\"https:\/\/www.elvalledeloscaidos.es\/portal\/#personlogo\",\"inLanguage\":\"es\",\"url\":\"https:\/\/secure.gravatar.com\/avatar\/43c3c16f338b78edeffdbd22a8090c53?s=96&d=mm&r=g\",\"contentUrl\":\"https:\/\/secure.gravatar.com\/avatar\/43c3c16f338b78edeffdbd22a8090c53?s=96&d=mm&r=g\",\"caption\":\"Redaccion\"},\"url\":\"https:\/\/www.elvalledeloscaidos.es\/portal\/?author=3\"}]}<\/script>\n<!-- \/ Yoast SEO plugin. -->","yoast_head_json":{"title":"El Valle de los Ca\u00eddos reabre definitivamente sus puertas - ADVC","robots":{"index":"index","follow":"follow","max-snippet":"max-snippet:-1","max-image-preview":"max-image-preview:large","max-video-preview":"max-video-preview:-1"},"canonical":"https:\/\/www.elvalledeloscaidos.es\/portal\/?p=2330","og_locale":"es_ES","og_type":"article","og_title":"El Valle de los Ca\u00eddos reabre definitivamente sus puertas - ADVC","og_description":"Ma\u00f1ana, 1 de junio de 2012, se reabre el Valle de los Ca\u00eddos y se reanuda la actividad turistica en el recinto a trav\u00e9s del cobro de entradas en la puerta de acceso del recinto. Asimismo ma\u00f1ana (de hecho hoy ya ha abierto sus puertas), los visitantes que accedan a [&hellip;]","og_url":"https:\/\/www.elvalledeloscaidos.es\/portal\/?p=2330","og_site_name":"ADVC","article_published_time":"2012-05-31T17:40:54+00:00","article_modified_time":"2012-11-07T20:30:09+00:00","og_image":[{"url":"http:\/\/www.elvalledeloscaidos.es\/portal\/wp-content\/uploads\/2012\/05\/VALLE021.jpg"}],"twitter_card":"summary_large_image","twitter_misc":{"Escrito por":"Redaccion","Tiempo de lectura":"1 minuto"},"schema":{"@context":"https:\/\/schema.org","@graph":[{"@type":"WebSite","@id":"https:\/\/www.elvalledeloscaidos.es\/portal\/#website","url":"https:\/\/www.elvalledeloscaidos.es\/portal\/","name":"ADVC","description":"Asociaci\u00f3n Para la Defensa del Valle de los Ca\u00eddos","potentialAction":[{"@type":"SearchAction","target":{"@type":"EntryPoint","urlTemplate":"https:\/\/www.elvalledeloscaidos.es\/portal\/?s={search_term_string}"},"query-input":"required name=search_term_string"}],"inLanguage":"es"},{"@type":"ImageObject","@id":"https:\/\/www.elvalledeloscaidos.es\/portal\/?p=2330#primaryimage","inLanguage":"es","url":"http:\/\/www.elvalledeloscaidos.es\/portal\/wp-content\/uploads\/2012\/05\/VALLE021.jpg","contentUrl":"http:\/\/www.elvalledeloscaidos.es\/portal\/wp-content\/uploads\/2012\/05\/VALLE021.jpg"},{"@type":"WebPage","@id":"https:\/\/www.elvalledeloscaidos.es\/portal\/?p=2330#webpage","url":"https:\/\/www.elvalledeloscaidos.es\/portal\/?p=2330","name":"El Valle de los Ca\u00eddos reabre definitivamente sus puertas - ADVC","isPartOf":{"@id":"https:\/\/www.elvalledeloscaidos.es\/portal\/#website"},"primaryImageOfPage":{"@id":"https:\/\/www.elvalledeloscaidos.es\/portal\/?p=2330#primaryimage"},"datePublished":"2012-05-31T17:40:54+00:00","dateModified":"2012-11-07T20:30:09+00:00","author":{"@id":"https:\/\/www.elvalledeloscaidos.es\/portal\/#\/schema\/person\/b4711176f6b283a7b25ff137a7e34a40"},"breadcrumb":{"@id":"https:\/\/www.elvalledeloscaidos.es\/portal\/?p=2330#breadcrumb"},"inLanguage":"es","potentialAction":[{"@type":"ReadAction","target":["https:\/\/www.elvalledeloscaidos.es\/portal\/?p=2330"]}]},{"@type":"BreadcrumbList","@id":"https:\/\/www.elvalledeloscaidos.es\/portal\/?p=2330#breadcrumb","itemListElement":[{"@type":"ListItem","position":1,"name":"Portada","item":"https:\/\/www.elvalledeloscaidos.es\/portal"},{"@type":"ListItem","position":2,"name":"El Valle de los Ca\u00eddos reabre definitivamente sus puertas"}]},{"@type":"Person","@id":"https:\/\/www.elvalledeloscaidos.es\/portal\/#\/schema\/person\/b4711176f6b283a7b25ff137a7e34a40","name":"Redaccion","image":{"@type":"ImageObject","@id":"https:\/\/www.elvalledeloscaidos.es\/portal\/#personlogo","inLanguage":"es","url":"https:\/\/secure.gravatar.com\/avatar\/43c3c16f338b78edeffdbd22a8090c53?s=96&d=mm&r=g","contentUrl":"https:\/\/secure.gravatar.com\/avatar\/43c3c16f338b78edeffdbd22a8090c53?s=96&d=mm&r=g","caption":"Redaccion"},"url":"https:\/\/www.elvalledeloscaidos.es\/portal\/?author=3"}]}},"_links":{"self":[{"href":"https:\/\/www.elvalledeloscaidos.es\/portal\/index.php?rest_route=\/wp\/v2\/posts\/2330"}],"collection":[{"href":"https:\/\/www.elvalledeloscaidos.es\/portal\/index.php?rest_route=\/wp\/v2\/posts"}],"about":[{"href":"https:\/\/www.elvalledeloscaidos.es\/portal\/index.php?rest_route=\/wp\/v2\/types\/post"}],"author":[{"embeddable":true,"href":"https:\/\/www.elvalledeloscaidos.es\/portal\/index.php?rest_route=\/wp\/v2\/users\/3"}],"replies":[{"embeddable":true,"href":"https:\/\/www.elvalledeloscaidos.es\/portal\/index.php?rest_route=%2Fwp%2Fv2%2Fcomments&post=2330"}],"version-history":[{"count":8,"href":"https:\/\/www.elvalledeloscaidos.es\/portal\/index.php?rest_route=\/wp\/v2\/posts\/2330\/revisions"}],"predecessor-version":[{"id":2894,"href":"https:\/\/www.elvalledeloscaidos.es\/portal\/index.php?rest_route=\/wp\/v2\/posts\/2330\/revisions\/2894"}],"wp:attachment":[{"href":"https:\/\/www.elvalledeloscaidos.es\/portal\/index.php?rest_route=%2Fwp%2Fv2%2Fmedia&parent=2330"}],"wp:term":[{"taxonomy":"category","embeddable":true,"href":"https:\/\/www.elvalledeloscaidos.es\/portal\/index.php?rest_route=%2Fwp%2Fv2%2Fcategories&post=2330"},{"taxonomy":"post_tag","embeddable":true,"href":"https:\/\/www.elvalledeloscaidos.es\/portal\/index.php?rest_route=%2Fwp%2Fv2%2Ftags&post=2330"}],"curies":[{"name":"wp","href":"https:\/\/api.w.org\/{rel}","templated":true}]}}