{"id":2340,"date":"2012-06-02T16:23:21","date_gmt":"2012-06-02T15:23:21","guid":{"rendered":"http:\/\/www.elvalledeloscaidos.es\/portal\/?p=2340"},"modified":"2012-06-02T16:40:38","modified_gmt":"2012-06-02T15:40:38","slug":"2340","status":"publish","type":"post","link":"https:\/\/www.elvalledeloscaidos.es\/portal\/?p=2340","title":{"rendered":"Los tapices del Apocalipsis de San Juan"},"content":{"rendered":"<p>La soberbia colecci\u00f3n de tapices del Apocalipsis de San Juan de la Bas\u00edlica del Valle de los Ca\u00eddos, se componen de ocho tapices de gran tama\u00f1o (de 5,20-5,30 m de altura a 8,55 a 8,90 de anchura). Fue el emperador Carlos V qui\u00e9n encarg\u00f3 los tapices en Flandes (tal vez en Brujas, Amberes o Bruselas) sobre el 1553.<\/p>\n<p>Dos manufacturas bruselesas fueron las encargadas de tejerlos bajo la direcci\u00f3n de Willem de Pannemaker. Fueron efectuados en hilo de oro, plata, seda y sayeta.<br \/>\nEl pago efectuado por el rey ascendi\u00f3 a 7264 escudos a los cuales a\u00f1adi\u00f3 100 escudos m\u00e1s como gratificaci\u00f3n, entendemos que satisfecho con el resultado final de la tapicer\u00eda.<\/p>\n<p><!--more--><\/p>\n<p>En cuanto a la realizaci\u00f3n de los cartones que sirvieron de base a los tapices parece ya demostrado que fue el brusel\u00e9s Bernard Van Orley qui\u00e9n pint\u00f3 los cartones claramente influenciado por el pintor alem\u00e1n Alberto Durero. Durero pint\u00f3 en 1498 14 xilograf\u00edas sobre el Apocalipsis, inspirados en la Biblia de Colonia y Nuremberg aparecidas en los a\u00f1os 1479 y 1483 respectivamente y ricas ambas en ilustraciones xilogr\u00e1ficas.<br \/>\nDurero conoci\u00f3 a Van Orley en el primero de sus dos viajes a los Pa\u00edses Bajos (entre 1520 y 1521), con quien estableci\u00f3 una relaci\u00f3n de amistad que perdur\u00f3 durante el resto de sus vidas.<\/p>\n<p>Resultar\u00eda complicado precisar el a\u00f1o en que Van Orley dibuj\u00f3 los cartones para los tapices, aunque podr\u00edamos asegurar sin temor a equivocarnos, que fue al final de sus d\u00edas cuando realiz\u00f3 el encarg\u00f3 encomendado por alguno de los mas prestigiosos talleres de Bruselas.<br \/>\nVan Orley muri\u00f3 el 06 de enero de 1542 por lo que, por lo dicho anteriormente, la fecha de creaci\u00f3n de los cartones debe aproximarse a este a\u00f1o de 1542.<\/p>\n<p>El traslado de la colecci\u00f3n de tapices hasta Espa\u00f1a fue muy accidentado. En 1559, el barco que trasportaba los tapices desde Flandes a Laredo (Cantabria), naufrag\u00f3 debido a una gran tormenta perdi\u00e9ndose en el desastre seis de los ocho tapices.<br \/>\nEstos seis tapices tuvieron que ser rehechos siguiendo el modelo de los dos que se salvaron del naufragio y, de nuevo, de los cartones de Van Orley. Una vez m\u00e1s fue Guillermo Pannemaker el encargado de esta labor. Esta vez, y dadas las circunstancias tan \u201cs\u00f3lo\u201d se emplearon dos a\u00f1os en la elaboraci\u00f3n de los seis tapices.<\/p>\n<p>Escarmentados por lo ocurrido tras el naufragio y para no tentar a la suerte, la nueva colecci\u00f3n de tapices emprendi\u00f3 viaje hasta Espa\u00f1a esta vez por tierra, en un lento peregrinar que iniciado en Agosto de 1561 no concluy\u00f3 hasta Octubre de 1562.<\/p>\n<p>Desde su llegada a nuestro pa\u00eds hasta nuestros d\u00edas, han sido m\u00faltiples las ubicaciones de los tapices, hasta encontrar su definitivo emplazamiento. En un primer momento estuvieron ubicados en la capilla del viejo Alc\u00e1zar de Madrid (lo que hoy es el Palacio de Oriente).<br \/>\nAdem\u00e1s se sabe, y el traslado est\u00e1 referenciado, que cuatro de estos tapices se llevaron en 1659 a la isla de los faisanes, con ocasi\u00f3n de los esponsales de Lu\u00eds XIV con Mar\u00eda Teresa de Austria. Tambi\u00e9n hay datos de la presencia de los tapices en la Iglesia de San Jer\u00f3nimo con ocasi\u00f3n del juramento de Felipe V o el bautizo de Lu\u00eds I el 08 de Diciembre de 1707 de nuevo en el Real Alc\u00e1zar de Madrid.<\/p>\n<p>Para fortuna de la que es sin ning\u00fan g\u00e9nero de dudas la mejor colecci\u00f3n de tapices del mundo (en Espa\u00f1a contamos con mas de 14 kil\u00f3metros de tapices), los tapices del Apocalipsis no perecieron pasto de las llamas en el pavoroso incendio que en 1738 asol\u00f3 el Alc\u00e1zar de Madrid.<\/p>\n<p>Los tapices fueron por fin ubicados definitivamente en el Palacio de la Granja de San Ildefonso de donde fueron sacados en 1955 para ser emplazados en la Bas\u00edlica del Valle de los Ca\u00eddos, todav\u00eda en obras. A\u00f1os mas tarde y dadas las especiales condiciones de humedad de la Bas\u00edlica fueron retirados para ser sustituidos por unas esplendidas r\u00e9plicas realizadas por las Industrias Art\u00edsticas Agrupadas, instituci\u00f3n especializada en este tipo de labores.<\/p>\n<p><center><img decoding=\"async\" loading=\"lazy\" class=\"aligncenter size-full wp-image-2352\" title=\"TAPICES DEL APOCALIPSIS. PA\u00d1O 1\" src=\"http:\/\/www.elvalledeloscaidos.es\/portal\/wp-content\/uploads\/2012\/06\/tapiz_001.jpg\" alt=\"\" width=\"500\" height=\"317\" \/><\/p>\n<p><img decoding=\"async\" loading=\"lazy\" class=\"aligncenter size-full wp-image-2352\" title=\"TAPICES DEL APOCALIPSIS. PA\u00d1O 2\" src=\"http:\/\/www.elvalledeloscaidos.es\/portal\/wp-content\/uploads\/2012\/06\/tapiz_002.jpg\" alt=\"\" width=\"500\" height=\"317\" \/><\/p>\n<p><img decoding=\"async\" loading=\"lazy\" class=\"aligncenter size-full wp-image-2352\" title=\"TAPICES DEL APOCALIPSIS. PA\u00d1O 3\" src=\"http:\/\/www.elvalledeloscaidos.es\/portal\/wp-content\/uploads\/2012\/06\/tapiz_003.jpg\" alt=\"\" width=\"500\" height=\"317\" \/><\/p>\n<p><img decoding=\"async\" loading=\"lazy\" class=\"aligncenter size-full wp-image-2352\" title=\"TAPICES DEL APOCALIPSIS. PA\u00d1O 4\" src=\"http:\/\/www.elvalledeloscaidos.es\/portal\/wp-content\/uploads\/2012\/06\/tapiz_004.jpg\" alt=\"\" width=\"500\" height=\"317\" \/><\/p>\n<p><img decoding=\"async\" loading=\"lazy\" class=\"aligncenter size-full wp-image-2352\" title=\"TAPICES DEL APOCALIPSIS. PA\u00d1O 5\" src=\"http:\/\/www.elvalledeloscaidos.es\/portal\/wp-content\/uploads\/2012\/06\/tapiz_005.jpg\" alt=\"\" width=\"500\" height=\"317\" \/><\/p>\n<p><img decoding=\"async\" loading=\"lazy\" class=\"aligncenter size-full wp-image-2352\" title=\"TAPICES DEL APOCALIPSIS. PA\u00d1O 6\" src=\"http:\/\/www.elvalledeloscaidos.es\/portal\/wp-content\/uploads\/2012\/06\/tapiz_006.jpg\" alt=\"\" width=\"500\" height=\"317\" \/><\/p>\n<p><img decoding=\"async\" loading=\"lazy\" class=\"aligncenter size-full wp-image-2352\" title=\"TAPICES DEL APOCALIPSIS. PA\u00d1O 7\" src=\"http:\/\/www.elvalledeloscaidos.es\/portal\/wp-content\/uploads\/2012\/06\/tapiz_007.jpg\" alt=\"\" width=\"500\" height=\"317\" srcset=\"https:\/\/www.elvalledeloscaidos.es\/portal\/wp-content\/uploads\/2012\/06\/tapiz_007.jpg 500w, https:\/\/www.elvalledeloscaidos.es\/portal\/wp-content\/uploads\/2012\/06\/tapiz_007-300x190.jpg 300w\" sizes=\"(max-width: 500px) 100vw, 500px\" \/><\/p>\n<p><img decoding=\"async\" loading=\"lazy\" class=\"aligncenter size-full wp-image-2352\" title=\"TAPICES DEL APOCALIPSIS. PA\u00d1O 8\" src=\"http:\/\/www.elvalledeloscaidos.es\/portal\/wp-content\/uploads\/2012\/06\/tapiz_008.jpg\" alt=\"\" width=\"500\" height=\"317\" \/><\/center><\/p>\n<p>&nbsp;<\/p>\n<p>&nbsp;<\/p>\n","protected":false},"excerpt":{"rendered":"<p>La soberbia colecci\u00f3n de tapices del Apocalipsis de San Juan de la Bas\u00edlica del Valle de los Ca\u00eddos, se componen de ocho tapices de gran tama\u00f1o (de 5,20-5,30 m de altura a 8,55 a 8,90 de anchura). Fue el emperador Carlos V qui\u00e9n encarg\u00f3 los tapices en Flandes (tal vez [&hellip;]<\/p>\n","protected":false},"author":1,"featured_media":0,"comment_status":"open","ping_status":"open","sticky":false,"template":"","format":"standard","meta":[],"categories":[1],"tags":[],"yoast_head":"<!-- This site is optimized with the Yoast SEO plugin v18.6 - https:\/\/yoast.com\/wordpress\/plugins\/seo\/ -->\n<title>Los tapices del Apocalipsis de San Juan - ADVC<\/title>\n<meta name=\"robots\" content=\"index, follow, max-snippet:-1, max-image-preview:large, max-video-preview:-1\" \/>\n<link rel=\"canonical\" href=\"https:\/\/www.elvalledeloscaidos.es\/portal\/?p=2340\" \/>\n<meta property=\"og:locale\" content=\"es_ES\" \/>\n<meta property=\"og:type\" content=\"article\" \/>\n<meta property=\"og:title\" content=\"Los tapices del Apocalipsis de San Juan - ADVC\" \/>\n<meta property=\"og:description\" content=\"La soberbia colecci\u00f3n de tapices del Apocalipsis de San Juan de la Bas\u00edlica del Valle de los Ca\u00eddos, se componen de ocho tapices de gran tama\u00f1o (de 5,20-5,30 m de altura a 8,55 a 8,90 de anchura). Fue el emperador Carlos V qui\u00e9n encarg\u00f3 los tapices en Flandes (tal vez [&hellip;]\" \/>\n<meta property=\"og:url\" content=\"https:\/\/www.elvalledeloscaidos.es\/portal\/?p=2340\" \/>\n<meta property=\"og:site_name\" content=\"ADVC\" \/>\n<meta property=\"article:published_time\" content=\"2012-06-02T15:23:21+00:00\" \/>\n<meta property=\"article:modified_time\" content=\"2012-06-02T15:40:38+00:00\" \/>\n<meta property=\"og:image\" content=\"http:\/\/www.elvalledeloscaidos.es\/portal\/wp-content\/uploads\/2012\/06\/tapiz_001.jpg\" \/>\n<meta name=\"twitter:card\" content=\"summary_large_image\" \/>\n<meta name=\"twitter:label1\" content=\"Escrito por\" \/>\n\t<meta name=\"twitter:data1\" content=\"linares\" \/>\n\t<meta name=\"twitter:label2\" content=\"Tiempo de lectura\" \/>\n\t<meta name=\"twitter:data2\" content=\"4 minutos\" \/>\n<script type=\"application\/ld+json\" class=\"yoast-schema-graph\">{\"@context\":\"https:\/\/schema.org\",\"@graph\":[{\"@type\":\"WebSite\",\"@id\":\"https:\/\/www.elvalledeloscaidos.es\/portal\/#website\",\"url\":\"https:\/\/www.elvalledeloscaidos.es\/portal\/\",\"name\":\"ADVC\",\"description\":\"Asociaci\u00f3n Para la Defensa del Valle de los Ca\u00eddos\",\"potentialAction\":[{\"@type\":\"SearchAction\",\"target\":{\"@type\":\"EntryPoint\",\"urlTemplate\":\"https:\/\/www.elvalledeloscaidos.es\/portal\/?s={search_term_string}\"},\"query-input\":\"required name=search_term_string\"}],\"inLanguage\":\"es\"},{\"@type\":\"ImageObject\",\"@id\":\"https:\/\/www.elvalledeloscaidos.es\/portal\/?p=2340#primaryimage\",\"inLanguage\":\"es\",\"url\":\"http:\/\/www.elvalledeloscaidos.es\/portal\/wp-content\/uploads\/2012\/06\/tapiz_001.jpg\",\"contentUrl\":\"http:\/\/www.elvalledeloscaidos.es\/portal\/wp-content\/uploads\/2012\/06\/tapiz_001.jpg\"},{\"@type\":\"WebPage\",\"@id\":\"https:\/\/www.elvalledeloscaidos.es\/portal\/?p=2340#webpage\",\"url\":\"https:\/\/www.elvalledeloscaidos.es\/portal\/?p=2340\",\"name\":\"Los tapices del Apocalipsis de San Juan - ADVC\",\"isPartOf\":{\"@id\":\"https:\/\/www.elvalledeloscaidos.es\/portal\/#website\"},\"primaryImageOfPage\":{\"@id\":\"https:\/\/www.elvalledeloscaidos.es\/portal\/?p=2340#primaryimage\"},\"datePublished\":\"2012-06-02T15:23:21+00:00\",\"dateModified\":\"2012-06-02T15:40:38+00:00\",\"author\":{\"@id\":\"https:\/\/www.elvalledeloscaidos.es\/portal\/#\/schema\/person\/36b3894dc4f1eb332b7fc369aed7eb58\"},\"breadcrumb\":{\"@id\":\"https:\/\/www.elvalledeloscaidos.es\/portal\/?p=2340#breadcrumb\"},\"inLanguage\":\"es\",\"potentialAction\":[{\"@type\":\"ReadAction\",\"target\":[\"https:\/\/www.elvalledeloscaidos.es\/portal\/?p=2340\"]}]},{\"@type\":\"BreadcrumbList\",\"@id\":\"https:\/\/www.elvalledeloscaidos.es\/portal\/?p=2340#breadcrumb\",\"itemListElement\":[{\"@type\":\"ListItem\",\"position\":1,\"name\":\"Portada\",\"item\":\"https:\/\/www.elvalledeloscaidos.es\/portal\"},{\"@type\":\"ListItem\",\"position\":2,\"name\":\"Los tapices del Apocalipsis de San Juan\"}]},{\"@type\":\"Person\",\"@id\":\"https:\/\/www.elvalledeloscaidos.es\/portal\/#\/schema\/person\/36b3894dc4f1eb332b7fc369aed7eb58\",\"name\":\"linares\",\"image\":{\"@type\":\"ImageObject\",\"@id\":\"https:\/\/www.elvalledeloscaidos.es\/portal\/#personlogo\",\"inLanguage\":\"es\",\"url\":\"https:\/\/secure.gravatar.com\/avatar\/0b6f3a427655ac169c9155e538724b76?s=96&d=mm&r=g\",\"contentUrl\":\"https:\/\/secure.gravatar.com\/avatar\/0b6f3a427655ac169c9155e538724b76?s=96&d=mm&r=g\",\"caption\":\"linares\"},\"url\":\"https:\/\/www.elvalledeloscaidos.es\/portal\/?author=1\"}]}<\/script>\n<!-- \/ Yoast SEO plugin. -->","yoast_head_json":{"title":"Los tapices del Apocalipsis de San Juan - ADVC","robots":{"index":"index","follow":"follow","max-snippet":"max-snippet:-1","max-image-preview":"max-image-preview:large","max-video-preview":"max-video-preview:-1"},"canonical":"https:\/\/www.elvalledeloscaidos.es\/portal\/?p=2340","og_locale":"es_ES","og_type":"article","og_title":"Los tapices del Apocalipsis de San Juan - ADVC","og_description":"La soberbia colecci\u00f3n de tapices del Apocalipsis de San Juan de la Bas\u00edlica del Valle de los Ca\u00eddos, se componen de ocho tapices de gran tama\u00f1o (de 5,20-5,30 m de altura a 8,55 a 8,90 de anchura). Fue el emperador Carlos V qui\u00e9n encarg\u00f3 los tapices en Flandes (tal vez [&hellip;]","og_url":"https:\/\/www.elvalledeloscaidos.es\/portal\/?p=2340","og_site_name":"ADVC","article_published_time":"2012-06-02T15:23:21+00:00","article_modified_time":"2012-06-02T15:40:38+00:00","og_image":[{"url":"http:\/\/www.elvalledeloscaidos.es\/portal\/wp-content\/uploads\/2012\/06\/tapiz_001.jpg"}],"twitter_card":"summary_large_image","twitter_misc":{"Escrito por":"linares","Tiempo de lectura":"4 minutos"},"schema":{"@context":"https:\/\/schema.org","@graph":[{"@type":"WebSite","@id":"https:\/\/www.elvalledeloscaidos.es\/portal\/#website","url":"https:\/\/www.elvalledeloscaidos.es\/portal\/","name":"ADVC","description":"Asociaci\u00f3n Para la Defensa del Valle de los Ca\u00eddos","potentialAction":[{"@type":"SearchAction","target":{"@type":"EntryPoint","urlTemplate":"https:\/\/www.elvalledeloscaidos.es\/portal\/?s={search_term_string}"},"query-input":"required name=search_term_string"}],"inLanguage":"es"},{"@type":"ImageObject","@id":"https:\/\/www.elvalledeloscaidos.es\/portal\/?p=2340#primaryimage","inLanguage":"es","url":"http:\/\/www.elvalledeloscaidos.es\/portal\/wp-content\/uploads\/2012\/06\/tapiz_001.jpg","contentUrl":"http:\/\/www.elvalledeloscaidos.es\/portal\/wp-content\/uploads\/2012\/06\/tapiz_001.jpg"},{"@type":"WebPage","@id":"https:\/\/www.elvalledeloscaidos.es\/portal\/?p=2340#webpage","url":"https:\/\/www.elvalledeloscaidos.es\/portal\/?p=2340","name":"Los tapices del Apocalipsis de San Juan - ADVC","isPartOf":{"@id":"https:\/\/www.elvalledeloscaidos.es\/portal\/#website"},"primaryImageOfPage":{"@id":"https:\/\/www.elvalledeloscaidos.es\/portal\/?p=2340#primaryimage"},"datePublished":"2012-06-02T15:23:21+00:00","dateModified":"2012-06-02T15:40:38+00:00","author":{"@id":"https:\/\/www.elvalledeloscaidos.es\/portal\/#\/schema\/person\/36b3894dc4f1eb332b7fc369aed7eb58"},"breadcrumb":{"@id":"https:\/\/www.elvalledeloscaidos.es\/portal\/?p=2340#breadcrumb"},"inLanguage":"es","potentialAction":[{"@type":"ReadAction","target":["https:\/\/www.elvalledeloscaidos.es\/portal\/?p=2340"]}]},{"@type":"BreadcrumbList","@id":"https:\/\/www.elvalledeloscaidos.es\/portal\/?p=2340#breadcrumb","itemListElement":[{"@type":"ListItem","position":1,"name":"Portada","item":"https:\/\/www.elvalledeloscaidos.es\/portal"},{"@type":"ListItem","position":2,"name":"Los tapices del Apocalipsis de San Juan"}]},{"@type":"Person","@id":"https:\/\/www.elvalledeloscaidos.es\/portal\/#\/schema\/person\/36b3894dc4f1eb332b7fc369aed7eb58","name":"linares","image":{"@type":"ImageObject","@id":"https:\/\/www.elvalledeloscaidos.es\/portal\/#personlogo","inLanguage":"es","url":"https:\/\/secure.gravatar.com\/avatar\/0b6f3a427655ac169c9155e538724b76?s=96&d=mm&r=g","contentUrl":"https:\/\/secure.gravatar.com\/avatar\/0b6f3a427655ac169c9155e538724b76?s=96&d=mm&r=g","caption":"linares"},"url":"https:\/\/www.elvalledeloscaidos.es\/portal\/?author=1"}]}},"_links":{"self":[{"href":"https:\/\/www.elvalledeloscaidos.es\/portal\/index.php?rest_route=\/wp\/v2\/posts\/2340"}],"collection":[{"href":"https:\/\/www.elvalledeloscaidos.es\/portal\/index.php?rest_route=\/wp\/v2\/posts"}],"about":[{"href":"https:\/\/www.elvalledeloscaidos.es\/portal\/index.php?rest_route=\/wp\/v2\/types\/post"}],"author":[{"embeddable":true,"href":"https:\/\/www.elvalledeloscaidos.es\/portal\/index.php?rest_route=\/wp\/v2\/users\/1"}],"replies":[{"embeddable":true,"href":"https:\/\/www.elvalledeloscaidos.es\/portal\/index.php?rest_route=%2Fwp%2Fv2%2Fcomments&post=2340"}],"version-history":[{"count":19,"href":"https:\/\/www.elvalledeloscaidos.es\/portal\/index.php?rest_route=\/wp\/v2\/posts\/2340\/revisions"}],"predecessor-version":[{"id":2368,"href":"https:\/\/www.elvalledeloscaidos.es\/portal\/index.php?rest_route=\/wp\/v2\/posts\/2340\/revisions\/2368"}],"wp:attachment":[{"href":"https:\/\/www.elvalledeloscaidos.es\/portal\/index.php?rest_route=%2Fwp%2Fv2%2Fmedia&parent=2340"}],"wp:term":[{"taxonomy":"category","embeddable":true,"href":"https:\/\/www.elvalledeloscaidos.es\/portal\/index.php?rest_route=%2Fwp%2Fv2%2Fcategories&post=2340"},{"taxonomy":"post_tag","embeddable":true,"href":"https:\/\/www.elvalledeloscaidos.es\/portal\/index.php?rest_route=%2Fwp%2Fv2%2Ftags&post=2340"}],"curies":[{"name":"wp","href":"https:\/\/api.w.org\/{rel}","templated":true}]}}