{"id":2433,"date":"2012-06-13T14:33:01","date_gmt":"2012-06-13T13:33:01","guid":{"rendered":"http:\/\/www.elvalledeloscaidos.es\/portal\/?p=2433"},"modified":"2012-06-13T14:37:05","modified_gmt":"2012-06-13T13:37:05","slug":"una-de-memoria-historica","status":"publish","type":"post","link":"https:\/\/www.elvalledeloscaidos.es\/portal\/?p=2433","title":{"rendered":"Una de memoria hist\u00f3rica."},"content":{"rendered":"<p>Reproducimos aqu\u00ed un interesante documento perteneciente al archivo de la ADVC.<br \/>\nSe trata de la petici\u00f3n de un padre, Guardia Civil retirado, para que los restos de su hijo, fusilado en la guerra por el ej\u00e9rcito rojo, fueran localizados y llevados al Valle de los Ca\u00eddos.<\/p>\n<p><strong>Los restos del ca\u00eddo nunca fueron encontrados.<\/strong><\/p>\n<p>Transcribimos aqu\u00ed la totalidad del texto al no contar el original con la resoluci\u00f3n id\u00f3nea.<\/p>\n<p>&nbsp;<\/p>\n<p><span style=\"color: #000080;\">Excmo. Sr.<\/span><br \/>\n<span style=\"color: #000080;\">JOSE SUCH FERRER, Brigada de la Guardia Civil, retirado, excombatiente, natural de Alfaz del Pi (Alicante) y vecino de esta capital, calle Vicente G\u00f3mez de C\u00e1diz, n\u00ba22, por la presente, hace constar:<\/span><\/p>\n<p><span style=\"color: #000080;\"><!--more--><\/span><\/p>\n<p><span style=\"color: #000080;\">Que con fecha 6 de enero de 1938, fue movilizado uno de sus hijos, llamado Jos\u00e9 Such P\u00e9rez, de 19 a\u00f1os de edad, que resid\u00eda en Alfaz del Pi (Alicante),<span style=\"color: #ff0000;\"> el cual fue destinado a la 2\u00aa compa\u00f1\u00eda del 5\u00ba Batall\u00f3n especial de ametralladoras de la Divisi\u00f3n L\u00edster y<\/span> hall\u00e1ndose destacado en el termino municipal de Perell\u00f3 (Tarragona), a consecuencia de depuraci\u00f3n de aquellas fuerzas, en los primeros d\u00edas del mes de mayo, del expresado a\u00f1o, fue detenido con otros varios y encerrado en un corral de ganado de aquel campo, bajo guardia de vista, donde diariamente eran interrogados y maltratados de palabra y obra, siendo una de las acusaciones contra mi hijo, el que su padre, procedente de Ja\u00e9n, se hab\u00eda pasado a Granada, a los Nacionales, en los primeros d\u00edas del Alzamiento y en estas condiciones con los tormentos diarios, de palabra y obra, realizados por un Sargento de aquellas fuerzas, y dej\u00e1ndolos sin comer algunos d\u00edas, especialmente sin agua, hasta finales del expresado mes de mayo que, con otros seis, fue sacado en un cami\u00f3n y asesinados vilmente en aquellas inmediaciones sin que se pueda precisar punto exacto donde se llev\u00f3 a cabo el referido crimen.<\/span><\/p>\n<p><span style=\"color: #000080;\">Por todo lo expuesto y por si pudiera conseguirse que sus restos mortales fueran depositados, en uni\u00f3n de otros m\u00e1rtires y camaradas, en el Valle de los Ca\u00eddos, acudo a V.E. en cumplimiento a la nota aparecida en el diario Sur del 30 del pasado mes de mayo.<\/span><br \/>\n<span style=\"color: #000080;\">M\u00e1laga, 2 de Junio de 1959<\/span><\/p>\n<p><span style=\"color: #000080;\">Excmo. Sr. Gobernador Civil de la Provincia.<\/span><\/p>\n<p><center><span style=\"color: #000080;\"><img decoding=\"async\" loading=\"lazy\" class=\"alignnone size-full wp-image-2434\" style=\"border: black 1px solid;\" title=\"005\" src=\"http:\/\/www.elvalledeloscaidos.es\/portal\/wp-content\/uploads\/2012\/06\/005.jpg\" alt=\"\" width=\"500\" height=\"890\" srcset=\"https:\/\/www.elvalledeloscaidos.es\/portal\/wp-content\/uploads\/2012\/06\/005.jpg 500w, https:\/\/www.elvalledeloscaidos.es\/portal\/wp-content\/uploads\/2012\/06\/005-168x300.jpg 168w\" sizes=\"(max-width: 500px) 100vw, 500px\" \/><\/span><\/center><\/p>\n","protected":false},"excerpt":{"rendered":"<p>Reproducimos aqu\u00ed un interesante documento perteneciente al archivo de la ADVC. Se trata de la petici\u00f3n de un padre, Guardia Civil retirado, para que los restos de su hijo, fusilado en la guerra por el ej\u00e9rcito rojo, fueran localizados y llevados al Valle de los Ca\u00eddos. Los restos del ca\u00eddo [&hellip;]<\/p>\n","protected":false},"author":3,"featured_media":0,"comment_status":"open","ping_status":"open","sticky":false,"template":"","format":"standard","meta":[],"categories":[4],"tags":[],"yoast_head":"<!-- This site is optimized with the Yoast SEO plugin v18.6 - https:\/\/yoast.com\/wordpress\/plugins\/seo\/ -->\n<title>Una de memoria hist\u00f3rica. - ADVC<\/title>\n<meta name=\"robots\" content=\"index, follow, max-snippet:-1, max-image-preview:large, max-video-preview:-1\" \/>\n<link rel=\"canonical\" href=\"https:\/\/www.elvalledeloscaidos.es\/portal\/?p=2433\" \/>\n<meta property=\"og:locale\" content=\"es_ES\" \/>\n<meta property=\"og:type\" content=\"article\" \/>\n<meta property=\"og:title\" content=\"Una de memoria hist\u00f3rica. - ADVC\" \/>\n<meta property=\"og:description\" content=\"Reproducimos aqu\u00ed un interesante documento perteneciente al archivo de la ADVC. Se trata de la petici\u00f3n de un padre, Guardia Civil retirado, para que los restos de su hijo, fusilado en la guerra por el ej\u00e9rcito rojo, fueran localizados y llevados al Valle de los Ca\u00eddos. Los restos del ca\u00eddo [&hellip;]\" \/>\n<meta property=\"og:url\" content=\"https:\/\/www.elvalledeloscaidos.es\/portal\/?p=2433\" \/>\n<meta property=\"og:site_name\" content=\"ADVC\" \/>\n<meta property=\"article:published_time\" content=\"2012-06-13T13:33:01+00:00\" \/>\n<meta property=\"article:modified_time\" content=\"2012-06-13T13:37:05+00:00\" \/>\n<meta property=\"og:image\" content=\"http:\/\/www.elvalledeloscaidos.es\/portal\/wp-content\/uploads\/2012\/06\/005.jpg\" \/>\n<meta name=\"twitter:card\" content=\"summary_large_image\" \/>\n<meta name=\"twitter:label1\" content=\"Escrito por\" \/>\n\t<meta name=\"twitter:data1\" content=\"Redaccion\" \/>\n\t<meta name=\"twitter:label2\" content=\"Tiempo de lectura\" \/>\n\t<meta name=\"twitter:data2\" content=\"2 minutos\" \/>\n<script type=\"application\/ld+json\" class=\"yoast-schema-graph\">{\"@context\":\"https:\/\/schema.org\",\"@graph\":[{\"@type\":\"WebSite\",\"@id\":\"https:\/\/www.elvalledeloscaidos.es\/portal\/#website\",\"url\":\"https:\/\/www.elvalledeloscaidos.es\/portal\/\",\"name\":\"ADVC\",\"description\":\"Asociaci\u00f3n Para la Defensa del Valle de los Ca\u00eddos\",\"potentialAction\":[{\"@type\":\"SearchAction\",\"target\":{\"@type\":\"EntryPoint\",\"urlTemplate\":\"https:\/\/www.elvalledeloscaidos.es\/portal\/?s={search_term_string}\"},\"query-input\":\"required name=search_term_string\"}],\"inLanguage\":\"es\"},{\"@type\":\"ImageObject\",\"@id\":\"https:\/\/www.elvalledeloscaidos.es\/portal\/?p=2433#primaryimage\",\"inLanguage\":\"es\",\"url\":\"http:\/\/www.elvalledeloscaidos.es\/portal\/wp-content\/uploads\/2012\/06\/005.jpg\",\"contentUrl\":\"http:\/\/www.elvalledeloscaidos.es\/portal\/wp-content\/uploads\/2012\/06\/005.jpg\"},{\"@type\":\"WebPage\",\"@id\":\"https:\/\/www.elvalledeloscaidos.es\/portal\/?p=2433#webpage\",\"url\":\"https:\/\/www.elvalledeloscaidos.es\/portal\/?p=2433\",\"name\":\"Una de memoria hist\u00f3rica. - ADVC\",\"isPartOf\":{\"@id\":\"https:\/\/www.elvalledeloscaidos.es\/portal\/#website\"},\"primaryImageOfPage\":{\"@id\":\"https:\/\/www.elvalledeloscaidos.es\/portal\/?p=2433#primaryimage\"},\"datePublished\":\"2012-06-13T13:33:01+00:00\",\"dateModified\":\"2012-06-13T13:37:05+00:00\",\"author\":{\"@id\":\"https:\/\/www.elvalledeloscaidos.es\/portal\/#\/schema\/person\/b4711176f6b283a7b25ff137a7e34a40\"},\"breadcrumb\":{\"@id\":\"https:\/\/www.elvalledeloscaidos.es\/portal\/?p=2433#breadcrumb\"},\"inLanguage\":\"es\",\"potentialAction\":[{\"@type\":\"ReadAction\",\"target\":[\"https:\/\/www.elvalledeloscaidos.es\/portal\/?p=2433\"]}]},{\"@type\":\"BreadcrumbList\",\"@id\":\"https:\/\/www.elvalledeloscaidos.es\/portal\/?p=2433#breadcrumb\",\"itemListElement\":[{\"@type\":\"ListItem\",\"position\":1,\"name\":\"Portada\",\"item\":\"https:\/\/www.elvalledeloscaidos.es\/portal\"},{\"@type\":\"ListItem\",\"position\":2,\"name\":\"Una de memoria hist\u00f3rica.\"}]},{\"@type\":\"Person\",\"@id\":\"https:\/\/www.elvalledeloscaidos.es\/portal\/#\/schema\/person\/b4711176f6b283a7b25ff137a7e34a40\",\"name\":\"Redaccion\",\"image\":{\"@type\":\"ImageObject\",\"@id\":\"https:\/\/www.elvalledeloscaidos.es\/portal\/#personlogo\",\"inLanguage\":\"es\",\"url\":\"https:\/\/secure.gravatar.com\/avatar\/43c3c16f338b78edeffdbd22a8090c53?s=96&d=mm&r=g\",\"contentUrl\":\"https:\/\/secure.gravatar.com\/avatar\/43c3c16f338b78edeffdbd22a8090c53?s=96&d=mm&r=g\",\"caption\":\"Redaccion\"},\"url\":\"https:\/\/www.elvalledeloscaidos.es\/portal\/?author=3\"}]}<\/script>\n<!-- \/ Yoast SEO plugin. -->","yoast_head_json":{"title":"Una de memoria hist\u00f3rica. - ADVC","robots":{"index":"index","follow":"follow","max-snippet":"max-snippet:-1","max-image-preview":"max-image-preview:large","max-video-preview":"max-video-preview:-1"},"canonical":"https:\/\/www.elvalledeloscaidos.es\/portal\/?p=2433","og_locale":"es_ES","og_type":"article","og_title":"Una de memoria hist\u00f3rica. - ADVC","og_description":"Reproducimos aqu\u00ed un interesante documento perteneciente al archivo de la ADVC. Se trata de la petici\u00f3n de un padre, Guardia Civil retirado, para que los restos de su hijo, fusilado en la guerra por el ej\u00e9rcito rojo, fueran localizados y llevados al Valle de los Ca\u00eddos. Los restos del ca\u00eddo [&hellip;]","og_url":"https:\/\/www.elvalledeloscaidos.es\/portal\/?p=2433","og_site_name":"ADVC","article_published_time":"2012-06-13T13:33:01+00:00","article_modified_time":"2012-06-13T13:37:05+00:00","og_image":[{"url":"http:\/\/www.elvalledeloscaidos.es\/portal\/wp-content\/uploads\/2012\/06\/005.jpg"}],"twitter_card":"summary_large_image","twitter_misc":{"Escrito por":"Redaccion","Tiempo de lectura":"2 minutos"},"schema":{"@context":"https:\/\/schema.org","@graph":[{"@type":"WebSite","@id":"https:\/\/www.elvalledeloscaidos.es\/portal\/#website","url":"https:\/\/www.elvalledeloscaidos.es\/portal\/","name":"ADVC","description":"Asociaci\u00f3n Para la Defensa del Valle de los Ca\u00eddos","potentialAction":[{"@type":"SearchAction","target":{"@type":"EntryPoint","urlTemplate":"https:\/\/www.elvalledeloscaidos.es\/portal\/?s={search_term_string}"},"query-input":"required name=search_term_string"}],"inLanguage":"es"},{"@type":"ImageObject","@id":"https:\/\/www.elvalledeloscaidos.es\/portal\/?p=2433#primaryimage","inLanguage":"es","url":"http:\/\/www.elvalledeloscaidos.es\/portal\/wp-content\/uploads\/2012\/06\/005.jpg","contentUrl":"http:\/\/www.elvalledeloscaidos.es\/portal\/wp-content\/uploads\/2012\/06\/005.jpg"},{"@type":"WebPage","@id":"https:\/\/www.elvalledeloscaidos.es\/portal\/?p=2433#webpage","url":"https:\/\/www.elvalledeloscaidos.es\/portal\/?p=2433","name":"Una de memoria hist\u00f3rica. - ADVC","isPartOf":{"@id":"https:\/\/www.elvalledeloscaidos.es\/portal\/#website"},"primaryImageOfPage":{"@id":"https:\/\/www.elvalledeloscaidos.es\/portal\/?p=2433#primaryimage"},"datePublished":"2012-06-13T13:33:01+00:00","dateModified":"2012-06-13T13:37:05+00:00","author":{"@id":"https:\/\/www.elvalledeloscaidos.es\/portal\/#\/schema\/person\/b4711176f6b283a7b25ff137a7e34a40"},"breadcrumb":{"@id":"https:\/\/www.elvalledeloscaidos.es\/portal\/?p=2433#breadcrumb"},"inLanguage":"es","potentialAction":[{"@type":"ReadAction","target":["https:\/\/www.elvalledeloscaidos.es\/portal\/?p=2433"]}]},{"@type":"BreadcrumbList","@id":"https:\/\/www.elvalledeloscaidos.es\/portal\/?p=2433#breadcrumb","itemListElement":[{"@type":"ListItem","position":1,"name":"Portada","item":"https:\/\/www.elvalledeloscaidos.es\/portal"},{"@type":"ListItem","position":2,"name":"Una de memoria hist\u00f3rica."}]},{"@type":"Person","@id":"https:\/\/www.elvalledeloscaidos.es\/portal\/#\/schema\/person\/b4711176f6b283a7b25ff137a7e34a40","name":"Redaccion","image":{"@type":"ImageObject","@id":"https:\/\/www.elvalledeloscaidos.es\/portal\/#personlogo","inLanguage":"es","url":"https:\/\/secure.gravatar.com\/avatar\/43c3c16f338b78edeffdbd22a8090c53?s=96&d=mm&r=g","contentUrl":"https:\/\/secure.gravatar.com\/avatar\/43c3c16f338b78edeffdbd22a8090c53?s=96&d=mm&r=g","caption":"Redaccion"},"url":"https:\/\/www.elvalledeloscaidos.es\/portal\/?author=3"}]}},"_links":{"self":[{"href":"https:\/\/www.elvalledeloscaidos.es\/portal\/index.php?rest_route=\/wp\/v2\/posts\/2433"}],"collection":[{"href":"https:\/\/www.elvalledeloscaidos.es\/portal\/index.php?rest_route=\/wp\/v2\/posts"}],"about":[{"href":"https:\/\/www.elvalledeloscaidos.es\/portal\/index.php?rest_route=\/wp\/v2\/types\/post"}],"author":[{"embeddable":true,"href":"https:\/\/www.elvalledeloscaidos.es\/portal\/index.php?rest_route=\/wp\/v2\/users\/3"}],"replies":[{"embeddable":true,"href":"https:\/\/www.elvalledeloscaidos.es\/portal\/index.php?rest_route=%2Fwp%2Fv2%2Fcomments&post=2433"}],"version-history":[{"count":7,"href":"https:\/\/www.elvalledeloscaidos.es\/portal\/index.php?rest_route=\/wp\/v2\/posts\/2433\/revisions"}],"predecessor-version":[{"id":2441,"href":"https:\/\/www.elvalledeloscaidos.es\/portal\/index.php?rest_route=\/wp\/v2\/posts\/2433\/revisions\/2441"}],"wp:attachment":[{"href":"https:\/\/www.elvalledeloscaidos.es\/portal\/index.php?rest_route=%2Fwp%2Fv2%2Fmedia&parent=2433"}],"wp:term":[{"taxonomy":"category","embeddable":true,"href":"https:\/\/www.elvalledeloscaidos.es\/portal\/index.php?rest_route=%2Fwp%2Fv2%2Fcategories&post=2433"},{"taxonomy":"post_tag","embeddable":true,"href":"https:\/\/www.elvalledeloscaidos.es\/portal\/index.php?rest_route=%2Fwp%2Fv2%2Ftags&post=2433"}],"curies":[{"name":"wp","href":"https:\/\/api.w.org\/{rel}","templated":true}]}}