{"id":2491,"date":"2012-06-22T22:19:01","date_gmt":"2012-06-22T21:19:01","guid":{"rendered":"http:\/\/www.elvalledeloscaidos.es\/portal\/?p=2491"},"modified":"2012-07-01T01:18:54","modified_gmt":"2012-07-01T00:18:54","slug":"15-beatos-martires","status":"publish","type":"post","link":"https:\/\/www.elvalledeloscaidos.es\/portal\/?p=2491","title":{"rendered":"15 BEATOS M\u00c1RTIRES"},"content":{"rendered":"<p><span style=\"color: #800000;\"><strong>15 BEATOS M\u00c1RTIRES<\/strong><\/span><\/p>\n<p><strong>Fray Santiago Cantera Montenegro, O.S.B.<\/strong><\/p>\n<p>En fechas recientes se han venido diciendo muchas cosas sobre el Valle de los Ca\u00eddos, pero muy pocas de ellas objetivas y verdaderas. No quiero entrar de momento en esos asuntos, pero s\u00ed destacar ahora algo de lo que nada se ha comentado. En la Bas\u00edlica de Santa Cruz del Valle de los Ca\u00eddos, erigida como tal en 1960 por el Beato Juan XXIII y consagrada por el cardenal Cicognani como representante suyo, y a la que aquel Papa de la sonrisa y de coraz\u00f3n abierto honr\u00f3 regal\u00e1ndole un \u201clignum Crucis\u201d, descansan hermanados cerca de 34.000 ca\u00eddos de los dos bandos contendientes en la Guerra de 1936-39, seg\u00fan el registro, pero pueden elevarse hasta 60.000 seg\u00fan otras estimaciones. Y de ellos, 15 son ya beatos m\u00e1rtires.<\/p>\n<p><!--more--><\/p>\n<p>Siete fueron beatificados en fechas distintas por Juan Pablo II. Los primeros lo fueron en 1989: dos religiosos pasionistas de la comunidad de Daimiel (Ciudad Real), de la cual fueron asesinados un total de 26. En el Valle est\u00e1n e<a href=\"http:\/\/es.wikipedia.org\/wiki\/Beatos_M%C3%A1rtires_de_Daimiel\" target=\"_blank\">l P. Juan Pedro de San Antonio (Santa \u00c1gueda, Guip\u00fazcoa, 1890) y el hermano Pablo M\u00aa de San Jos\u00e9 (Leoz, Navarra, 1882).<\/a> Cayeron gritando \u201c\u00a1Viva Cristo Rey!\u201d el 25 de septiembre de 1936 en Carri\u00f3n de Calatrava y sus cad\u00e1veres fueron lanzados a un pozo, al igual que unas otras muchas v\u00edctimas. Los restos de todos los arrojados all\u00ed se llevaron despu\u00e9s al Valle de los Ca\u00eddos.<\/p>\n<p>En 1995 fueron beatificados, entre otros, dos religiosos marianistas sepultados igualmente en el Valle:<a href=\"http:\/\/www.religionenlibertad.com\/articulo.asp?idarticulo=17850\" target=\"_blank\"> Jes\u00fas Hita (Calahorra, Logro\u00f1o, 1900) y Fidel Fuidio (Y\u00e9cora, \u00c1lava, 1880). <\/a>Ambos ejercieron como profesores en varios colegios. El primero fue asesinado el 25 de agosto de 1936 en Carri\u00f3n de Calatrava y el segundo el 16-17 de octubre de 1936.<br \/>\nEn 1998 fueron beatificadas siete m\u00e1rtires salesas (visitandinas), asesinadas en Madrid el 18 de noviembre de 1936. En el Valle se encuentran los restos de las hermanas <a href=\"http:\/\/www.eltestigofiel.org\/lectura\/santoral.php?idu=4283\" target=\"_blank\">Mar\u00eda Cecilia<\/a> (Azpeitia, Guip\u00fazcoa, 1910), <a href=\"http:\/\/tercermonasteriovisitacion.com\/Martires%204.htm\" target=\"_blank\">Mar\u00eda \u00c1ngela<\/a> (tambi\u00e9n de Azpeitia, 1893), y <a href=\"http:\/\/tercermonasteriovisitacion.com\/Martires%206.htm\" target=\"_blank\">Josefa Mar\u00eda<\/a> (El Ferrol, La Coru\u00f1a, 1881).<\/p>\n<p>Estos siete m\u00e1rtires beatificados por Juan Pablo II se hallan sepultados en la Capilla del Sepulcro. Los ocho beatificados por Benedicto XVI el 28 de octubre de 2007 (de un total de 498), se hallan en la Capilla del Pilar. Son los siguientes.<br \/>\nEl dominico P. <a href=\"http:\/\/www.ecured.cu\/index.php\/Jos%C3%A9_Gafo_Mu%C3%B1iz\" target=\"_blank\">Jos\u00e9 Gafo Mu\u00f1iz<\/a> (Tioz, Asturias, 1881) destac\u00f3 como ap\u00f3stol social y sindical con una gran preocupaci\u00f3n por los obreros. En julio de 1936 era superior en funciones del convento de Santo Domingo el Real de Madrid (C.\/ Claudio Coello); conducido a la C\u00e1rcel Modelo, fue sacado por enga\u00f1o para ser asesinado.<\/p>\n<p>En fin, de un total de 23 religiosas adoratrices asesinadas en Madrid el 9-10 de noviembre de 1936, siete reposan tambi\u00e9n en el Valle bajo el concepto de una: son las hermanas <a href=\"http:\/\/www.religionenlibertad.com\/articulo_imprimir.asp?idarticulo=18800\" target=\"_blank\">Josefa de Jes\u00fas <\/a>(Josefa Boix Riera, natural de Angl\u00e9s, Gerona, 1893), Belarmina de Jes\u00fas (<a href=\"http:\/\/www.generalisimofranco.com\/GC\/asesinados01\/imprimir02.htm\" target=\"_blank\">Belarmina P\u00e9rez Mart\u00ednez<\/a>, natural de Villarejo de \u00d3rbigo, Le\u00f3n, 1899), <a href=\"http:\/\/www.radioluzvirtual.com\/23_hermanas_martires_beatificada.asp\" target=\"_blank\">\u00c1ngeles <\/a>(Mercedes Tuni Ustech, natural de Gerona, 1888), Ruperta (<a href=\"http:\/\/religiosasmartiresenlaguerra.blogspot.com.es\/2011_06_01_archive.html\" target=\"_blank\">Concepci\u00f3n V\u00e1zquez Areas<\/a>, natural de B\u00f3veda, Lugo, 1871), <a href=\"http:\/\/religiosasmartiresenlaguerra.blogspot.com.es\/2011_06_01_archive.html\" target=\"_blank\">Felipa <\/a>(Felipa Guti\u00e9rrez Garay, natural de Zaragoza, 1861), <a href=\"http:\/\/religiosasmartiresenlaguerra.blogspot.com.es\/2011_06_01_archive.html\" target=\"_blank\">Cecilia <\/a>(Concepci\u00f3n Iglesias del Campo) y <a href=\"http:\/\/religiosasmartiresenlaguerra.blogspot.com.es\/2011_06_01_archive.html\" target=\"_blank\">Magdalena <\/a>(Magdalena P\u00e9rez).<br \/>\nLos m\u00e1rtires son el mejor ejemplo de que la reconciliaci\u00f3n es posible: no murieron por odio, sino por amor; no desearon la revancha, sino que perdonaron a sus verdugos en el mismo instante de ser asesinados; no anhelaron memorias vengativas, sino ser recibidos por Dios en el Cielo.<\/p>\n<p><center><br \/>\n<img decoding=\"async\" loading=\"lazy\" class=\"alignnone size-full wp-image-2492\" style=\"border: 1px solid black;\" title=\"adoratrices\" src=\"http:\/\/www.elvalledeloscaidos.es\/portal\/wp-content\/uploads\/2012\/06\/adoratrices.jpg\" alt=\"\" width=\"550\" height=\"425\" \/><\/center>&nbsp;<\/p>\n","protected":false},"excerpt":{"rendered":"<p>15 BEATOS M\u00c1RTIRES Fray Santiago Cantera Montenegro, O.S.B. En fechas recientes se han venido diciendo muchas cosas sobre el Valle de los Ca\u00eddos, pero muy pocas de ellas objetivas y verdaderas. No quiero entrar de momento en esos asuntos, pero s\u00ed destacar ahora algo de lo que nada se ha [&hellip;]<\/p>\n","protected":false},"author":3,"featured_media":0,"comment_status":"open","ping_status":"open","sticky":false,"template":"","format":"standard","meta":[],"categories":[4],"tags":[],"yoast_head":"<!-- This site is optimized with the Yoast SEO plugin v18.6 - https:\/\/yoast.com\/wordpress\/plugins\/seo\/ -->\n<title>15 BEATOS M\u00c1RTIRES - ADVC<\/title>\n<meta name=\"robots\" content=\"index, follow, max-snippet:-1, max-image-preview:large, max-video-preview:-1\" \/>\n<link rel=\"canonical\" href=\"https:\/\/www.elvalledeloscaidos.es\/portal\/?p=2491\" \/>\n<meta property=\"og:locale\" content=\"es_ES\" \/>\n<meta property=\"og:type\" content=\"article\" \/>\n<meta property=\"og:title\" content=\"15 BEATOS M\u00c1RTIRES - ADVC\" \/>\n<meta property=\"og:description\" content=\"15 BEATOS M\u00c1RTIRES Fray Santiago Cantera Montenegro, O.S.B. En fechas recientes se han venido diciendo muchas cosas sobre el Valle de los Ca\u00eddos, pero muy pocas de ellas objetivas y verdaderas. No quiero entrar de momento en esos asuntos, pero s\u00ed destacar ahora algo de lo que nada se ha [&hellip;]\" \/>\n<meta property=\"og:url\" content=\"https:\/\/www.elvalledeloscaidos.es\/portal\/?p=2491\" \/>\n<meta property=\"og:site_name\" content=\"ADVC\" \/>\n<meta property=\"article:published_time\" content=\"2012-06-22T21:19:01+00:00\" \/>\n<meta property=\"article:modified_time\" content=\"2012-07-01T00:18:54+00:00\" \/>\n<meta property=\"og:image\" content=\"http:\/\/www.elvalledeloscaidos.es\/portal\/wp-content\/uploads\/2012\/06\/adoratrices.jpg\" \/>\n<meta name=\"twitter:card\" content=\"summary_large_image\" \/>\n<meta name=\"twitter:label1\" content=\"Escrito por\" \/>\n\t<meta name=\"twitter:data1\" content=\"Redaccion\" \/>\n\t<meta name=\"twitter:label2\" content=\"Tiempo de lectura\" \/>\n\t<meta name=\"twitter:data2\" content=\"3 minutos\" \/>\n<script type=\"application\/ld+json\" class=\"yoast-schema-graph\">{\"@context\":\"https:\/\/schema.org\",\"@graph\":[{\"@type\":\"WebSite\",\"@id\":\"https:\/\/www.elvalledeloscaidos.es\/portal\/#website\",\"url\":\"https:\/\/www.elvalledeloscaidos.es\/portal\/\",\"name\":\"ADVC\",\"description\":\"Asociaci\u00f3n Para la Defensa del Valle de los Ca\u00eddos\",\"potentialAction\":[{\"@type\":\"SearchAction\",\"target\":{\"@type\":\"EntryPoint\",\"urlTemplate\":\"https:\/\/www.elvalledeloscaidos.es\/portal\/?s={search_term_string}\"},\"query-input\":\"required name=search_term_string\"}],\"inLanguage\":\"es\"},{\"@type\":\"ImageObject\",\"@id\":\"https:\/\/www.elvalledeloscaidos.es\/portal\/?p=2491#primaryimage\",\"inLanguage\":\"es\",\"url\":\"http:\/\/www.elvalledeloscaidos.es\/portal\/wp-content\/uploads\/2012\/06\/adoratrices.jpg\",\"contentUrl\":\"http:\/\/www.elvalledeloscaidos.es\/portal\/wp-content\/uploads\/2012\/06\/adoratrices.jpg\"},{\"@type\":\"WebPage\",\"@id\":\"https:\/\/www.elvalledeloscaidos.es\/portal\/?p=2491#webpage\",\"url\":\"https:\/\/www.elvalledeloscaidos.es\/portal\/?p=2491\",\"name\":\"15 BEATOS M\u00c1RTIRES - ADVC\",\"isPartOf\":{\"@id\":\"https:\/\/www.elvalledeloscaidos.es\/portal\/#website\"},\"primaryImageOfPage\":{\"@id\":\"https:\/\/www.elvalledeloscaidos.es\/portal\/?p=2491#primaryimage\"},\"datePublished\":\"2012-06-22T21:19:01+00:00\",\"dateModified\":\"2012-07-01T00:18:54+00:00\",\"author\":{\"@id\":\"https:\/\/www.elvalledeloscaidos.es\/portal\/#\/schema\/person\/b4711176f6b283a7b25ff137a7e34a40\"},\"breadcrumb\":{\"@id\":\"https:\/\/www.elvalledeloscaidos.es\/portal\/?p=2491#breadcrumb\"},\"inLanguage\":\"es\",\"potentialAction\":[{\"@type\":\"ReadAction\",\"target\":[\"https:\/\/www.elvalledeloscaidos.es\/portal\/?p=2491\"]}]},{\"@type\":\"BreadcrumbList\",\"@id\":\"https:\/\/www.elvalledeloscaidos.es\/portal\/?p=2491#breadcrumb\",\"itemListElement\":[{\"@type\":\"ListItem\",\"position\":1,\"name\":\"Portada\",\"item\":\"https:\/\/www.elvalledeloscaidos.es\/portal\"},{\"@type\":\"ListItem\",\"position\":2,\"name\":\"15 BEATOS M\u00c1RTIRES\"}]},{\"@type\":\"Person\",\"@id\":\"https:\/\/www.elvalledeloscaidos.es\/portal\/#\/schema\/person\/b4711176f6b283a7b25ff137a7e34a40\",\"name\":\"Redaccion\",\"image\":{\"@type\":\"ImageObject\",\"@id\":\"https:\/\/www.elvalledeloscaidos.es\/portal\/#personlogo\",\"inLanguage\":\"es\",\"url\":\"https:\/\/secure.gravatar.com\/avatar\/43c3c16f338b78edeffdbd22a8090c53?s=96&d=mm&r=g\",\"contentUrl\":\"https:\/\/secure.gravatar.com\/avatar\/43c3c16f338b78edeffdbd22a8090c53?s=96&d=mm&r=g\",\"caption\":\"Redaccion\"},\"url\":\"https:\/\/www.elvalledeloscaidos.es\/portal\/?author=3\"}]}<\/script>\n<!-- \/ Yoast SEO plugin. -->","yoast_head_json":{"title":"15 BEATOS M\u00c1RTIRES - ADVC","robots":{"index":"index","follow":"follow","max-snippet":"max-snippet:-1","max-image-preview":"max-image-preview:large","max-video-preview":"max-video-preview:-1"},"canonical":"https:\/\/www.elvalledeloscaidos.es\/portal\/?p=2491","og_locale":"es_ES","og_type":"article","og_title":"15 BEATOS M\u00c1RTIRES - ADVC","og_description":"15 BEATOS M\u00c1RTIRES Fray Santiago Cantera Montenegro, O.S.B. En fechas recientes se han venido diciendo muchas cosas sobre el Valle de los Ca\u00eddos, pero muy pocas de ellas objetivas y verdaderas. No quiero entrar de momento en esos asuntos, pero s\u00ed destacar ahora algo de lo que nada se ha [&hellip;]","og_url":"https:\/\/www.elvalledeloscaidos.es\/portal\/?p=2491","og_site_name":"ADVC","article_published_time":"2012-06-22T21:19:01+00:00","article_modified_time":"2012-07-01T00:18:54+00:00","og_image":[{"url":"http:\/\/www.elvalledeloscaidos.es\/portal\/wp-content\/uploads\/2012\/06\/adoratrices.jpg"}],"twitter_card":"summary_large_image","twitter_misc":{"Escrito por":"Redaccion","Tiempo de lectura":"3 minutos"},"schema":{"@context":"https:\/\/schema.org","@graph":[{"@type":"WebSite","@id":"https:\/\/www.elvalledeloscaidos.es\/portal\/#website","url":"https:\/\/www.elvalledeloscaidos.es\/portal\/","name":"ADVC","description":"Asociaci\u00f3n Para la Defensa del Valle de los Ca\u00eddos","potentialAction":[{"@type":"SearchAction","target":{"@type":"EntryPoint","urlTemplate":"https:\/\/www.elvalledeloscaidos.es\/portal\/?s={search_term_string}"},"query-input":"required name=search_term_string"}],"inLanguage":"es"},{"@type":"ImageObject","@id":"https:\/\/www.elvalledeloscaidos.es\/portal\/?p=2491#primaryimage","inLanguage":"es","url":"http:\/\/www.elvalledeloscaidos.es\/portal\/wp-content\/uploads\/2012\/06\/adoratrices.jpg","contentUrl":"http:\/\/www.elvalledeloscaidos.es\/portal\/wp-content\/uploads\/2012\/06\/adoratrices.jpg"},{"@type":"WebPage","@id":"https:\/\/www.elvalledeloscaidos.es\/portal\/?p=2491#webpage","url":"https:\/\/www.elvalledeloscaidos.es\/portal\/?p=2491","name":"15 BEATOS M\u00c1RTIRES - ADVC","isPartOf":{"@id":"https:\/\/www.elvalledeloscaidos.es\/portal\/#website"},"primaryImageOfPage":{"@id":"https:\/\/www.elvalledeloscaidos.es\/portal\/?p=2491#primaryimage"},"datePublished":"2012-06-22T21:19:01+00:00","dateModified":"2012-07-01T00:18:54+00:00","author":{"@id":"https:\/\/www.elvalledeloscaidos.es\/portal\/#\/schema\/person\/b4711176f6b283a7b25ff137a7e34a40"},"breadcrumb":{"@id":"https:\/\/www.elvalledeloscaidos.es\/portal\/?p=2491#breadcrumb"},"inLanguage":"es","potentialAction":[{"@type":"ReadAction","target":["https:\/\/www.elvalledeloscaidos.es\/portal\/?p=2491"]}]},{"@type":"BreadcrumbList","@id":"https:\/\/www.elvalledeloscaidos.es\/portal\/?p=2491#breadcrumb","itemListElement":[{"@type":"ListItem","position":1,"name":"Portada","item":"https:\/\/www.elvalledeloscaidos.es\/portal"},{"@type":"ListItem","position":2,"name":"15 BEATOS M\u00c1RTIRES"}]},{"@type":"Person","@id":"https:\/\/www.elvalledeloscaidos.es\/portal\/#\/schema\/person\/b4711176f6b283a7b25ff137a7e34a40","name":"Redaccion","image":{"@type":"ImageObject","@id":"https:\/\/www.elvalledeloscaidos.es\/portal\/#personlogo","inLanguage":"es","url":"https:\/\/secure.gravatar.com\/avatar\/43c3c16f338b78edeffdbd22a8090c53?s=96&d=mm&r=g","contentUrl":"https:\/\/secure.gravatar.com\/avatar\/43c3c16f338b78edeffdbd22a8090c53?s=96&d=mm&r=g","caption":"Redaccion"},"url":"https:\/\/www.elvalledeloscaidos.es\/portal\/?author=3"}]}},"_links":{"self":[{"href":"https:\/\/www.elvalledeloscaidos.es\/portal\/index.php?rest_route=\/wp\/v2\/posts\/2491"}],"collection":[{"href":"https:\/\/www.elvalledeloscaidos.es\/portal\/index.php?rest_route=\/wp\/v2\/posts"}],"about":[{"href":"https:\/\/www.elvalledeloscaidos.es\/portal\/index.php?rest_route=\/wp\/v2\/types\/post"}],"author":[{"embeddable":true,"href":"https:\/\/www.elvalledeloscaidos.es\/portal\/index.php?rest_route=\/wp\/v2\/users\/3"}],"replies":[{"embeddable":true,"href":"https:\/\/www.elvalledeloscaidos.es\/portal\/index.php?rest_route=%2Fwp%2Fv2%2Fcomments&post=2491"}],"version-history":[{"count":11,"href":"https:\/\/www.elvalledeloscaidos.es\/portal\/index.php?rest_route=\/wp\/v2\/posts\/2491\/revisions"}],"predecessor-version":[{"id":2503,"href":"https:\/\/www.elvalledeloscaidos.es\/portal\/index.php?rest_route=\/wp\/v2\/posts\/2491\/revisions\/2503"}],"wp:attachment":[{"href":"https:\/\/www.elvalledeloscaidos.es\/portal\/index.php?rest_route=%2Fwp%2Fv2%2Fmedia&parent=2491"}],"wp:term":[{"taxonomy":"category","embeddable":true,"href":"https:\/\/www.elvalledeloscaidos.es\/portal\/index.php?rest_route=%2Fwp%2Fv2%2Fcategories&post=2491"},{"taxonomy":"post_tag","embeddable":true,"href":"https:\/\/www.elvalledeloscaidos.es\/portal\/index.php?rest_route=%2Fwp%2Fv2%2Ftags&post=2491"}],"curies":[{"name":"wp","href":"https:\/\/api.w.org\/{rel}","templated":true}]}}