{"id":2522,"date":"2012-07-01T11:06:04","date_gmt":"2012-07-01T10:06:04","guid":{"rendered":"http:\/\/www.elvalledeloscaidos.es\/portal\/?p=2522"},"modified":"2012-07-01T11:06:04","modified_gmt":"2012-07-01T10:06:04","slug":"viaje-por-los-secretos-del-valle-de-los-caidos","status":"publish","type":"post","link":"https:\/\/www.elvalledeloscaidos.es\/portal\/?p=2522","title":{"rendered":"Viaje por los secretos del Valle de los Ca\u00eddos"},"content":{"rendered":"<p>Reproducimos aqu\u00ed el articulo de ABC del dia de hoy 01 de julio de 2012, firmado por Mar\u00eda Isabel Serrano.<\/p>\n<p>La cruz del Valle de los Ca\u00eddos siempre impresiona. Este conjunto monumental se cerr\u00f3 al turismo el 2 de diciembre de 2009. Se reabri\u00f3 el pasado 1 de junio. Dos a\u00f1os y medio justos de silencio y con unas p\u00e9rdidas econ\u00f3micas que pasan los cuatro millones de euros. Pero esa imponente cruz, las esculturas, los s\u00edmbolos, la Bas\u00edlica, la Abad\u00eda y la inmensa explanada donde siempre manda el granito y el m\u00e1rmol, no son los \u00fanicos tesoros.<\/p>\n<p><!--more--><\/p>\n<p>Hay muchos m\u00e1s. La majestuosa c\u00fapula del templo que, vista desde arriba, desde la terraza de 40 metros de circunferencia, parece un balc\u00f3n al vac\u00edo. O sus reliquias. O su sacrist\u00eda con objetos lit\u00fargicos de incalculable valor. Tambi\u00e9n, el v\u00e9rtigo de ver escaleras hac\u00eda arriba, hacia la cruz, con 600 escalones. \u00abSin embargo, el mejor tesoro que hay aqu\u00ed es de carne y hueso. Son los ni\u00f1os de nuestra escolan\u00eda\u00bb, asegura orgulloso el padre Santiago Cantera, prior de la Abad\u00eda benedictina y director de esa escolan\u00eda de la que tanto presume.<\/p>\n<p>\u00abVoces blancas\u00bb<\/p>\n<p>Empezamos por ella. Son 40 ni\u00f1os entre los 9 y los 14 a\u00f1os. Est\u00e1n en ese tramo de edad que se conoce como el de las \u00abvoces blancas\u00bb. Y componen el \u00fanico coro de chavales que canta en gregoriano todo el a\u00f1o, en la misa de once de la ma\u00f1ana.<\/p>\n<p>Por sus edades, se cuida su formaci\u00f3n educativa. Son de Primaria y de ESO. Vemos sus dormitorios, el gimnasio, el comedor, las clases. Y esa sala de estudios con pupitres de madera que todav\u00eda guardan el hueco para el tintero y los plumines, ya en total desuso. Les escuchamos cantar a lo lejos. Suena a coro celestial, la verdad.<\/p>\n<p>El padre Santiago nos cuenta que cada 1 de marzo hace una fiesta llamada del \u00abObispillo\u00bb, de origen medieval y parisino. Se elige a un ni\u00f1o y se le viste de obispo. Con su sotana negra y los adornos, fajines y botones de color p\u00farpura. Y anillo. Que no falte. Este a\u00f1o, Roger Andr\u00e9s Sandoval ha sido el primer \u00abobispillo\u00bb latinoamericano de la escolan\u00eda porque procede de Bolivia. Por eso, el \u00abobispillo\u00bb ha presidido la misa y ha dado las \u00f3rdenes. \u00abS\u00ed, s\u00ed, me emocion\u00e9 mucho\u00bb, nos dice medio ruborizado.<\/p>\n<p>Circunferencia de 40 metros<\/p>\n<p>Subimos a la c\u00fapula de la Bas\u00edlica. Sin palabras. El ascensor y un pasadizo nos llevan hasta una circunferencia enorme, de 40 metros de di\u00e1metro. Paseamos alrededor de ella. Notamos que nuestra conversaci\u00f3n, aunque hablemos bajito, se escucha perfectamente enfrente. Por lo visto, aqu\u00ed el sonido forma ondas circulares que, como no rebotan con ning\u00fan obst\u00e1culo, hacen audible hasta la respiraci\u00f3n. Abajo, a otros casi 40 metros, vemos la tumba de Franco, la de Jos\u00e9 Antonio y el altar mayor presidido con uno de los pocos Cristos \u00abvivos\u00bb: tiene los ojos completamente abiertos.<\/p>\n<p>Ah\u00ed mismo, sobre nuestras cabezas, 4 millones de peque\u00f1\u00edsimos mosaicos est\u00e1n representando el Juicio Final. Brilla, toda la c\u00fapula, como una moneda nueva porque se limpi\u00f3 hace un par de a\u00f1os. Estaba ennegrecida por los efectos de una bomba colocada por los terroristas del Grapo en 1991. \u00bfC\u00f3mo se hizo?, preguntamos ensimismados. Se hizo en siete d\u00edas, con agua y jab\u00f3n neutro, a lo alto de una enorme gr\u00faa que se trajo de Alemania<\/p>\n<p>Es un Juicio Final distinto. Representa a los ca\u00eddos civiles que combatieron en los dos bandos de la Guerra Civil. Preside un \u00abpantocrator\u00bb. A su lado, Santiago y San Pedro. Y la Virgen, intercediendo por las almas. Nos hacen que nos fijemos en las caras, a miles. Es cierto, todas est\u00e1n vivas menos dos que, por lo visto, no logran salvarse. Cuando no queda m\u00e1s remedio que abandonar la c\u00fapula, nos espera otra sorpresa: entramos por un peque\u00f1o pasadizo que nos conduce a una especie de tubo bastante estrecho. Ah\u00ed, de pie, tocamos, a la derecha, el hierro fr\u00edo que rodea la parte posterior de la c\u00fapula; a la izquierda, la piedra, la monta\u00f1a. Es entonces cuando nos damos cuenta de que estamos en las entra\u00f1as de la tierra.<\/p>\n<p>La Sacrist\u00eda de la Bas\u00edlica<\/p>\n<p>En nuestro recorrido por los rincones del Valle de los Ca\u00eddos entramos en la Sacrist\u00eda de la Bas\u00edlica. Madera noble, de nogal y pino de Valsa\u00edn. El monje benedictino nos ense\u00f1a un tesoro. Es una reliquia que contiene dos peque\u00f1\u00edsimas astillas de la Cruz de Cristo. Fue un regalo de Juan XXIII con motivo de la apertura del templo y est\u00e1n autentificadas. Cada 14 de septiembre sale de la Sacrist\u00eda y se la venera en la misa. Tambi\u00e9n se usa para presidir el Via Crucis.<\/p>\n<p>Otro rinc\u00f3n entra\u00f1able de la Bas\u00edlica del Valle de los Ca\u00eddos es el Coro. Aqu\u00ed se canta con el \u00abGraduale Triplex\u00bb, el libro del canto gregoriano por excelencia, con c\u00f3dices del Monasterio de Solesmes. Una joya con la que cantan hoy los monjes benedictinos y los ni\u00f1os de la escolan\u00eda.<\/p>\n<p>Junto al Altar Mayor, en el crucero, est\u00e1n los \u00abpenitentes\u00bb. Cuatro a cada lado. Las ocho figuras de granito simulan combatientes de ambos bandos de la guerra. No llevan uniforme. Nada que diga d\u00f3nde luchaban. Son esculturas apenadas y arrepentidas por haber participado en una contienda fraticida. Una de las m\u00e1s crueles.<\/p>\n<p>http:\/\/www.abc.es\/20120701\/local-madrid\/abci-viaje-secretos-valle-caidos-201206302018.html<\/p>\n","protected":false},"excerpt":{"rendered":"<p>Reproducimos aqu\u00ed el articulo de ABC del dia de hoy 01 de julio de 2012, firmado por Mar\u00eda Isabel Serrano. La cruz del Valle de los Ca\u00eddos siempre impresiona. Este conjunto monumental se cerr\u00f3 al turismo el 2 de diciembre de 2009. Se reabri\u00f3 el pasado 1 de junio. Dos [&hellip;]<\/p>\n","protected":false},"author":1,"featured_media":0,"comment_status":"open","ping_status":"open","sticky":false,"template":"","format":"standard","meta":[],"categories":[4],"tags":[],"yoast_head":"<!-- This site is optimized with the Yoast SEO plugin v18.6 - https:\/\/yoast.com\/wordpress\/plugins\/seo\/ -->\n<title>Viaje por los secretos del Valle de los Ca\u00eddos - ADVC<\/title>\n<meta name=\"robots\" content=\"index, follow, max-snippet:-1, max-image-preview:large, max-video-preview:-1\" \/>\n<link rel=\"canonical\" href=\"https:\/\/www.elvalledeloscaidos.es\/portal\/?p=2522\" \/>\n<meta property=\"og:locale\" content=\"es_ES\" \/>\n<meta property=\"og:type\" content=\"article\" \/>\n<meta property=\"og:title\" content=\"Viaje por los secretos del Valle de los Ca\u00eddos - ADVC\" \/>\n<meta property=\"og:description\" content=\"Reproducimos aqu\u00ed el articulo de ABC del dia de hoy 01 de julio de 2012, firmado por Mar\u00eda Isabel Serrano. La cruz del Valle de los Ca\u00eddos siempre impresiona. Este conjunto monumental se cerr\u00f3 al turismo el 2 de diciembre de 2009. Se reabri\u00f3 el pasado 1 de junio. Dos [&hellip;]\" \/>\n<meta property=\"og:url\" content=\"https:\/\/www.elvalledeloscaidos.es\/portal\/?p=2522\" \/>\n<meta property=\"og:site_name\" content=\"ADVC\" \/>\n<meta property=\"article:published_time\" content=\"2012-07-01T10:06:04+00:00\" \/>\n<meta name=\"twitter:card\" content=\"summary_large_image\" \/>\n<meta name=\"twitter:label1\" content=\"Escrito por\" \/>\n\t<meta name=\"twitter:data1\" content=\"linares\" \/>\n\t<meta name=\"twitter:label2\" content=\"Tiempo de lectura\" \/>\n\t<meta name=\"twitter:data2\" content=\"5 minutos\" \/>\n<script type=\"application\/ld+json\" class=\"yoast-schema-graph\">{\"@context\":\"https:\/\/schema.org\",\"@graph\":[{\"@type\":\"WebSite\",\"@id\":\"https:\/\/www.elvalledeloscaidos.es\/portal\/#website\",\"url\":\"https:\/\/www.elvalledeloscaidos.es\/portal\/\",\"name\":\"ADVC\",\"description\":\"Asociaci\u00f3n Para la Defensa del Valle de los Ca\u00eddos\",\"potentialAction\":[{\"@type\":\"SearchAction\",\"target\":{\"@type\":\"EntryPoint\",\"urlTemplate\":\"https:\/\/www.elvalledeloscaidos.es\/portal\/?s={search_term_string}\"},\"query-input\":\"required name=search_term_string\"}],\"inLanguage\":\"es\"},{\"@type\":\"WebPage\",\"@id\":\"https:\/\/www.elvalledeloscaidos.es\/portal\/?p=2522#webpage\",\"url\":\"https:\/\/www.elvalledeloscaidos.es\/portal\/?p=2522\",\"name\":\"Viaje por los secretos del Valle de los Ca\u00eddos - ADVC\",\"isPartOf\":{\"@id\":\"https:\/\/www.elvalledeloscaidos.es\/portal\/#website\"},\"datePublished\":\"2012-07-01T10:06:04+00:00\",\"dateModified\":\"2012-07-01T10:06:04+00:00\",\"author\":{\"@id\":\"https:\/\/www.elvalledeloscaidos.es\/portal\/#\/schema\/person\/36b3894dc4f1eb332b7fc369aed7eb58\"},\"breadcrumb\":{\"@id\":\"https:\/\/www.elvalledeloscaidos.es\/portal\/?p=2522#breadcrumb\"},\"inLanguage\":\"es\",\"potentialAction\":[{\"@type\":\"ReadAction\",\"target\":[\"https:\/\/www.elvalledeloscaidos.es\/portal\/?p=2522\"]}]},{\"@type\":\"BreadcrumbList\",\"@id\":\"https:\/\/www.elvalledeloscaidos.es\/portal\/?p=2522#breadcrumb\",\"itemListElement\":[{\"@type\":\"ListItem\",\"position\":1,\"name\":\"Portada\",\"item\":\"https:\/\/www.elvalledeloscaidos.es\/portal\"},{\"@type\":\"ListItem\",\"position\":2,\"name\":\"Viaje por los secretos del Valle de los Ca\u00eddos\"}]},{\"@type\":\"Person\",\"@id\":\"https:\/\/www.elvalledeloscaidos.es\/portal\/#\/schema\/person\/36b3894dc4f1eb332b7fc369aed7eb58\",\"name\":\"linares\",\"image\":{\"@type\":\"ImageObject\",\"@id\":\"https:\/\/www.elvalledeloscaidos.es\/portal\/#personlogo\",\"inLanguage\":\"es\",\"url\":\"https:\/\/secure.gravatar.com\/avatar\/0b6f3a427655ac169c9155e538724b76?s=96&d=mm&r=g\",\"contentUrl\":\"https:\/\/secure.gravatar.com\/avatar\/0b6f3a427655ac169c9155e538724b76?s=96&d=mm&r=g\",\"caption\":\"linares\"},\"url\":\"https:\/\/www.elvalledeloscaidos.es\/portal\/?author=1\"}]}<\/script>\n<!-- \/ Yoast SEO plugin. -->","yoast_head_json":{"title":"Viaje por los secretos del Valle de los Ca\u00eddos - ADVC","robots":{"index":"index","follow":"follow","max-snippet":"max-snippet:-1","max-image-preview":"max-image-preview:large","max-video-preview":"max-video-preview:-1"},"canonical":"https:\/\/www.elvalledeloscaidos.es\/portal\/?p=2522","og_locale":"es_ES","og_type":"article","og_title":"Viaje por los secretos del Valle de los Ca\u00eddos - ADVC","og_description":"Reproducimos aqu\u00ed el articulo de ABC del dia de hoy 01 de julio de 2012, firmado por Mar\u00eda Isabel Serrano. La cruz del Valle de los Ca\u00eddos siempre impresiona. Este conjunto monumental se cerr\u00f3 al turismo el 2 de diciembre de 2009. Se reabri\u00f3 el pasado 1 de junio. Dos [&hellip;]","og_url":"https:\/\/www.elvalledeloscaidos.es\/portal\/?p=2522","og_site_name":"ADVC","article_published_time":"2012-07-01T10:06:04+00:00","twitter_card":"summary_large_image","twitter_misc":{"Escrito por":"linares","Tiempo de lectura":"5 minutos"},"schema":{"@context":"https:\/\/schema.org","@graph":[{"@type":"WebSite","@id":"https:\/\/www.elvalledeloscaidos.es\/portal\/#website","url":"https:\/\/www.elvalledeloscaidos.es\/portal\/","name":"ADVC","description":"Asociaci\u00f3n Para la Defensa del Valle de los Ca\u00eddos","potentialAction":[{"@type":"SearchAction","target":{"@type":"EntryPoint","urlTemplate":"https:\/\/www.elvalledeloscaidos.es\/portal\/?s={search_term_string}"},"query-input":"required name=search_term_string"}],"inLanguage":"es"},{"@type":"WebPage","@id":"https:\/\/www.elvalledeloscaidos.es\/portal\/?p=2522#webpage","url":"https:\/\/www.elvalledeloscaidos.es\/portal\/?p=2522","name":"Viaje por los secretos del Valle de los Ca\u00eddos - ADVC","isPartOf":{"@id":"https:\/\/www.elvalledeloscaidos.es\/portal\/#website"},"datePublished":"2012-07-01T10:06:04+00:00","dateModified":"2012-07-01T10:06:04+00:00","author":{"@id":"https:\/\/www.elvalledeloscaidos.es\/portal\/#\/schema\/person\/36b3894dc4f1eb332b7fc369aed7eb58"},"breadcrumb":{"@id":"https:\/\/www.elvalledeloscaidos.es\/portal\/?p=2522#breadcrumb"},"inLanguage":"es","potentialAction":[{"@type":"ReadAction","target":["https:\/\/www.elvalledeloscaidos.es\/portal\/?p=2522"]}]},{"@type":"BreadcrumbList","@id":"https:\/\/www.elvalledeloscaidos.es\/portal\/?p=2522#breadcrumb","itemListElement":[{"@type":"ListItem","position":1,"name":"Portada","item":"https:\/\/www.elvalledeloscaidos.es\/portal"},{"@type":"ListItem","position":2,"name":"Viaje por los secretos del Valle de los Ca\u00eddos"}]},{"@type":"Person","@id":"https:\/\/www.elvalledeloscaidos.es\/portal\/#\/schema\/person\/36b3894dc4f1eb332b7fc369aed7eb58","name":"linares","image":{"@type":"ImageObject","@id":"https:\/\/www.elvalledeloscaidos.es\/portal\/#personlogo","inLanguage":"es","url":"https:\/\/secure.gravatar.com\/avatar\/0b6f3a427655ac169c9155e538724b76?s=96&d=mm&r=g","contentUrl":"https:\/\/secure.gravatar.com\/avatar\/0b6f3a427655ac169c9155e538724b76?s=96&d=mm&r=g","caption":"linares"},"url":"https:\/\/www.elvalledeloscaidos.es\/portal\/?author=1"}]}},"_links":{"self":[{"href":"https:\/\/www.elvalledeloscaidos.es\/portal\/index.php?rest_route=\/wp\/v2\/posts\/2522"}],"collection":[{"href":"https:\/\/www.elvalledeloscaidos.es\/portal\/index.php?rest_route=\/wp\/v2\/posts"}],"about":[{"href":"https:\/\/www.elvalledeloscaidos.es\/portal\/index.php?rest_route=\/wp\/v2\/types\/post"}],"author":[{"embeddable":true,"href":"https:\/\/www.elvalledeloscaidos.es\/portal\/index.php?rest_route=\/wp\/v2\/users\/1"}],"replies":[{"embeddable":true,"href":"https:\/\/www.elvalledeloscaidos.es\/portal\/index.php?rest_route=%2Fwp%2Fv2%2Fcomments&post=2522"}],"version-history":[{"count":2,"href":"https:\/\/www.elvalledeloscaidos.es\/portal\/index.php?rest_route=\/wp\/v2\/posts\/2522\/revisions"}],"predecessor-version":[{"id":2524,"href":"https:\/\/www.elvalledeloscaidos.es\/portal\/index.php?rest_route=\/wp\/v2\/posts\/2522\/revisions\/2524"}],"wp:attachment":[{"href":"https:\/\/www.elvalledeloscaidos.es\/portal\/index.php?rest_route=%2Fwp%2Fv2%2Fmedia&parent=2522"}],"wp:term":[{"taxonomy":"category","embeddable":true,"href":"https:\/\/www.elvalledeloscaidos.es\/portal\/index.php?rest_route=%2Fwp%2Fv2%2Fcategories&post=2522"},{"taxonomy":"post_tag","embeddable":true,"href":"https:\/\/www.elvalledeloscaidos.es\/portal\/index.php?rest_route=%2Fwp%2Fv2%2Ftags&post=2522"}],"curies":[{"name":"wp","href":"https:\/\/api.w.org\/{rel}","templated":true}]}}