{"id":2571,"date":"2012-07-14T00:27:45","date_gmt":"2012-07-13T23:27:45","guid":{"rendered":"http:\/\/www.elvalledeloscaidos.es\/portal\/?p=2571"},"modified":"2012-07-14T00:28:54","modified_gmt":"2012-07-13T23:28:54","slug":"entrevista-en-onda-madrid-12-de-octubre-de-2010","status":"publish","type":"post","link":"https:\/\/www.elvalledeloscaidos.es\/portal\/?p=2571","title":{"rendered":"Entrevista en Onda Madrid (12 de octubre de 2010)"},"content":{"rendered":"<p>En nuestra campa\u00f1a de abrir a nuestros socios y simpatizantes el contenido de nuestro archivo, ofrecemos hoy la entrevista que el periodista Manuel Antonio Rico realiz\u00f3 al presidente de la ADVC el 12 de octubre de 2010. En los d\u00edas previos a la entrevista, el Ministerio de la Presidencia abri\u00f3 en secreto los osarios del Valle de los Ca\u00eddos.<\/p>\n<p>En la entrevista tambi\u00e9n se tocan temas de especial sensibilidad como las presuntas obras de \u00abrestauraci\u00f3n\u00bb de la Piedad del maestro Juan de \u00c1valos.<br \/>\nPuede escuchar la entrevista pinchando en el v\u00ednculo siguiente, o descargarla pulsando con el bot\u00f3n derecho del rat\u00f3n y eligiendo la opci\u00f3n: \u00abguardar destino como\u00bb.<\/p>\n<p><a href=\"http:\/\/www.elvalledeloscaidos.es\/portal\/wp-content\/uploads\/2012\/07\/rompeolas.mp3\">ENTREVISTA EN ONDAMADRID<\/a><\/p>\n","protected":false},"excerpt":{"rendered":"<p>En nuestra campa\u00f1a de abrir a nuestros socios y simpatizantes el contenido de nuestro archivo, ofrecemos hoy la entrevista que el periodista Manuel Antonio Rico realiz\u00f3 al presidente de la ADVC el 12 de octubre de 2010. En los d\u00edas previos a la entrevista, el Ministerio de la Presidencia abri\u00f3 [&hellip;]<\/p>\n","protected":false},"author":1,"featured_media":0,"comment_status":"open","ping_status":"open","sticky":false,"template":"","format":"standard","meta":[],"categories":[4],"tags":[],"yoast_head":"<!-- This site is optimized with the Yoast SEO plugin v18.6 - https:\/\/yoast.com\/wordpress\/plugins\/seo\/ -->\n<title>Entrevista en Onda Madrid (12 de octubre de 2010) - ADVC<\/title>\n<meta name=\"robots\" content=\"index, follow, max-snippet:-1, max-image-preview:large, max-video-preview:-1\" \/>\n<link rel=\"canonical\" href=\"https:\/\/www.elvalledeloscaidos.es\/portal\/?p=2571\" \/>\n<meta property=\"og:locale\" content=\"es_ES\" \/>\n<meta property=\"og:type\" content=\"article\" \/>\n<meta property=\"og:title\" content=\"Entrevista en Onda Madrid (12 de octubre de 2010) - ADVC\" \/>\n<meta property=\"og:description\" content=\"En nuestra campa\u00f1a de abrir a nuestros socios y simpatizantes el contenido de nuestro archivo, ofrecemos hoy la entrevista que el periodista Manuel Antonio Rico realiz\u00f3 al presidente de la ADVC el 12 de octubre de 2010. En los d\u00edas previos a la entrevista, el Ministerio de la Presidencia abri\u00f3 [&hellip;]\" \/>\n<meta property=\"og:url\" content=\"https:\/\/www.elvalledeloscaidos.es\/portal\/?p=2571\" \/>\n<meta property=\"og:site_name\" content=\"ADVC\" \/>\n<meta property=\"article:published_time\" content=\"2012-07-13T23:27:45+00:00\" \/>\n<meta property=\"article:modified_time\" content=\"2012-07-13T23:28:54+00:00\" \/>\n<meta name=\"twitter:card\" content=\"summary_large_image\" \/>\n<meta name=\"twitter:label1\" content=\"Escrito por\" \/>\n\t<meta name=\"twitter:data1\" content=\"linares\" \/>\n\t<meta name=\"twitter:label2\" content=\"Tiempo de lectura\" \/>\n\t<meta name=\"twitter:data2\" content=\"1 minuto\" \/>\n<script type=\"application\/ld+json\" class=\"yoast-schema-graph\">{\"@context\":\"https:\/\/schema.org\",\"@graph\":[{\"@type\":\"WebSite\",\"@id\":\"https:\/\/www.elvalledeloscaidos.es\/portal\/#website\",\"url\":\"https:\/\/www.elvalledeloscaidos.es\/portal\/\",\"name\":\"ADVC\",\"description\":\"Asociaci\u00f3n Para la Defensa del Valle de los Ca\u00eddos\",\"potentialAction\":[{\"@type\":\"SearchAction\",\"target\":{\"@type\":\"EntryPoint\",\"urlTemplate\":\"https:\/\/www.elvalledeloscaidos.es\/portal\/?s={search_term_string}\"},\"query-input\":\"required name=search_term_string\"}],\"inLanguage\":\"es\"},{\"@type\":\"WebPage\",\"@id\":\"https:\/\/www.elvalledeloscaidos.es\/portal\/?p=2571#webpage\",\"url\":\"https:\/\/www.elvalledeloscaidos.es\/portal\/?p=2571\",\"name\":\"Entrevista en Onda Madrid (12 de octubre de 2010) - ADVC\",\"isPartOf\":{\"@id\":\"https:\/\/www.elvalledeloscaidos.es\/portal\/#website\"},\"datePublished\":\"2012-07-13T23:27:45+00:00\",\"dateModified\":\"2012-07-13T23:28:54+00:00\",\"author\":{\"@id\":\"https:\/\/www.elvalledeloscaidos.es\/portal\/#\/schema\/person\/36b3894dc4f1eb332b7fc369aed7eb58\"},\"breadcrumb\":{\"@id\":\"https:\/\/www.elvalledeloscaidos.es\/portal\/?p=2571#breadcrumb\"},\"inLanguage\":\"es\",\"potentialAction\":[{\"@type\":\"ReadAction\",\"target\":[\"https:\/\/www.elvalledeloscaidos.es\/portal\/?p=2571\"]}]},{\"@type\":\"BreadcrumbList\",\"@id\":\"https:\/\/www.elvalledeloscaidos.es\/portal\/?p=2571#breadcrumb\",\"itemListElement\":[{\"@type\":\"ListItem\",\"position\":1,\"name\":\"Portada\",\"item\":\"https:\/\/www.elvalledeloscaidos.es\/portal\"},{\"@type\":\"ListItem\",\"position\":2,\"name\":\"Entrevista en Onda Madrid (12 de octubre de 2010)\"}]},{\"@type\":\"Person\",\"@id\":\"https:\/\/www.elvalledeloscaidos.es\/portal\/#\/schema\/person\/36b3894dc4f1eb332b7fc369aed7eb58\",\"name\":\"linares\",\"image\":{\"@type\":\"ImageObject\",\"@id\":\"https:\/\/www.elvalledeloscaidos.es\/portal\/#personlogo\",\"inLanguage\":\"es\",\"url\":\"https:\/\/secure.gravatar.com\/avatar\/0b6f3a427655ac169c9155e538724b76?s=96&d=mm&r=g\",\"contentUrl\":\"https:\/\/secure.gravatar.com\/avatar\/0b6f3a427655ac169c9155e538724b76?s=96&d=mm&r=g\",\"caption\":\"linares\"},\"url\":\"https:\/\/www.elvalledeloscaidos.es\/portal\/?author=1\"}]}<\/script>\n<!-- \/ Yoast SEO plugin. -->","yoast_head_json":{"title":"Entrevista en Onda Madrid (12 de octubre de 2010) - ADVC","robots":{"index":"index","follow":"follow","max-snippet":"max-snippet:-1","max-image-preview":"max-image-preview:large","max-video-preview":"max-video-preview:-1"},"canonical":"https:\/\/www.elvalledeloscaidos.es\/portal\/?p=2571","og_locale":"es_ES","og_type":"article","og_title":"Entrevista en Onda Madrid (12 de octubre de 2010) - ADVC","og_description":"En nuestra campa\u00f1a de abrir a nuestros socios y simpatizantes el contenido de nuestro archivo, ofrecemos hoy la entrevista que el periodista Manuel Antonio Rico realiz\u00f3 al presidente de la ADVC el 12 de octubre de 2010. En los d\u00edas previos a la entrevista, el Ministerio de la Presidencia abri\u00f3 [&hellip;]","og_url":"https:\/\/www.elvalledeloscaidos.es\/portal\/?p=2571","og_site_name":"ADVC","article_published_time":"2012-07-13T23:27:45+00:00","article_modified_time":"2012-07-13T23:28:54+00:00","twitter_card":"summary_large_image","twitter_misc":{"Escrito por":"linares","Tiempo de lectura":"1 minuto"},"schema":{"@context":"https:\/\/schema.org","@graph":[{"@type":"WebSite","@id":"https:\/\/www.elvalledeloscaidos.es\/portal\/#website","url":"https:\/\/www.elvalledeloscaidos.es\/portal\/","name":"ADVC","description":"Asociaci\u00f3n Para la Defensa del Valle de los Ca\u00eddos","potentialAction":[{"@type":"SearchAction","target":{"@type":"EntryPoint","urlTemplate":"https:\/\/www.elvalledeloscaidos.es\/portal\/?s={search_term_string}"},"query-input":"required name=search_term_string"}],"inLanguage":"es"},{"@type":"WebPage","@id":"https:\/\/www.elvalledeloscaidos.es\/portal\/?p=2571#webpage","url":"https:\/\/www.elvalledeloscaidos.es\/portal\/?p=2571","name":"Entrevista en Onda Madrid (12 de octubre de 2010) - ADVC","isPartOf":{"@id":"https:\/\/www.elvalledeloscaidos.es\/portal\/#website"},"datePublished":"2012-07-13T23:27:45+00:00","dateModified":"2012-07-13T23:28:54+00:00","author":{"@id":"https:\/\/www.elvalledeloscaidos.es\/portal\/#\/schema\/person\/36b3894dc4f1eb332b7fc369aed7eb58"},"breadcrumb":{"@id":"https:\/\/www.elvalledeloscaidos.es\/portal\/?p=2571#breadcrumb"},"inLanguage":"es","potentialAction":[{"@type":"ReadAction","target":["https:\/\/www.elvalledeloscaidos.es\/portal\/?p=2571"]}]},{"@type":"BreadcrumbList","@id":"https:\/\/www.elvalledeloscaidos.es\/portal\/?p=2571#breadcrumb","itemListElement":[{"@type":"ListItem","position":1,"name":"Portada","item":"https:\/\/www.elvalledeloscaidos.es\/portal"},{"@type":"ListItem","position":2,"name":"Entrevista en Onda Madrid (12 de octubre de 2010)"}]},{"@type":"Person","@id":"https:\/\/www.elvalledeloscaidos.es\/portal\/#\/schema\/person\/36b3894dc4f1eb332b7fc369aed7eb58","name":"linares","image":{"@type":"ImageObject","@id":"https:\/\/www.elvalledeloscaidos.es\/portal\/#personlogo","inLanguage":"es","url":"https:\/\/secure.gravatar.com\/avatar\/0b6f3a427655ac169c9155e538724b76?s=96&d=mm&r=g","contentUrl":"https:\/\/secure.gravatar.com\/avatar\/0b6f3a427655ac169c9155e538724b76?s=96&d=mm&r=g","caption":"linares"},"url":"https:\/\/www.elvalledeloscaidos.es\/portal\/?author=1"}]}},"_links":{"self":[{"href":"https:\/\/www.elvalledeloscaidos.es\/portal\/index.php?rest_route=\/wp\/v2\/posts\/2571"}],"collection":[{"href":"https:\/\/www.elvalledeloscaidos.es\/portal\/index.php?rest_route=\/wp\/v2\/posts"}],"about":[{"href":"https:\/\/www.elvalledeloscaidos.es\/portal\/index.php?rest_route=\/wp\/v2\/types\/post"}],"author":[{"embeddable":true,"href":"https:\/\/www.elvalledeloscaidos.es\/portal\/index.php?rest_route=\/wp\/v2\/users\/1"}],"replies":[{"embeddable":true,"href":"https:\/\/www.elvalledeloscaidos.es\/portal\/index.php?rest_route=%2Fwp%2Fv2%2Fcomments&post=2571"}],"version-history":[{"count":3,"href":"https:\/\/www.elvalledeloscaidos.es\/portal\/index.php?rest_route=\/wp\/v2\/posts\/2571\/revisions"}],"predecessor-version":[{"id":2574,"href":"https:\/\/www.elvalledeloscaidos.es\/portal\/index.php?rest_route=\/wp\/v2\/posts\/2571\/revisions\/2574"}],"wp:attachment":[{"href":"https:\/\/www.elvalledeloscaidos.es\/portal\/index.php?rest_route=%2Fwp%2Fv2%2Fmedia&parent=2571"}],"wp:term":[{"taxonomy":"category","embeddable":true,"href":"https:\/\/www.elvalledeloscaidos.es\/portal\/index.php?rest_route=%2Fwp%2Fv2%2Fcategories&post=2571"},{"taxonomy":"post_tag","embeddable":true,"href":"https:\/\/www.elvalledeloscaidos.es\/portal\/index.php?rest_route=%2Fwp%2Fv2%2Ftags&post=2571"}],"curies":[{"name":"wp","href":"https:\/\/api.w.org\/{rel}","templated":true}]}}