{"id":2597,"date":"2012-07-19T18:12:12","date_gmt":"2012-07-19T17:12:12","guid":{"rendered":"http:\/\/www.elvalledeloscaidos.es\/portal\/?p=2597"},"modified":"2012-11-07T21:28:43","modified_gmt":"2012-11-07T20:28:43","slug":"queda-mucho-camino","status":"publish","type":"post","link":"https:\/\/www.elvalledeloscaidos.es\/portal\/?p=2597","title":{"rendered":"Queda mucho camino&#8230;"},"content":{"rendered":"<p>Uno de los motivos de existencia de la ADVC, ha sido, es y ser\u00e1 la divulgaci\u00f3n objetiva de cual es la situaci\u00f3n del Valle de los Ca\u00eddos en cada momento puntual. Hemos sido constantes en nuestra labor de denuncia de lo que acontece en el Valle.<\/p>\n<p>Ahora la situaci\u00f3n en el Valle es otra. El Valle se encuentra abierto tanto al culto como al turismo, y a nadie debiera escandalizar este status que, por otra parte, ha sido el vigente durante 51 a\u00f1os antes del cierre del valle y el acoso salvaje sufrido desde estamentos del poder socialista.<\/p>\n<p><!--more--><\/p>\n<p>Estamos de acuerdo en que queda mucho trabajo, puesto que mucho ha sido el da\u00f1o causado, como igualmente muy abundante fue la dejadez que desde el punto de vista del mantenimiento ha sufrido el Valle desde hace muchos m\u00e1s a\u00f1os de los tolerables.<\/p>\n<p>En estos momentos la grave crisis econ\u00f3mica propicia que las reformas o labores de mantenimiento que se acometen en el Valle de los Ca\u00eddos no sean m\u00e1s que los catalogados como de \u00aburgente ejecuci\u00f3n\u00bb. Tiempo habr\u00e1 y presupuesto tambi\u00e9n es exigible que exista (no todo es el Museo de las Colecciones Reales), para recuperar en el Valle de los Ca\u00eddos el tiempo perdido.<\/p>\n<p>NO NOS CONFORMAMOS con lo realizado hasta ahora. De hecho\u00a0serios problemas de tipo electrico, ya subsanados\u00a0y de mantenimiento de estructuras de escayola y jardines no hacen m\u00e1s que darnos\u00a0la raz\u00f3n en nuestra eterna denuncia de falta de un adecuado mantenimiento.<\/p>\n<p>Aplaudimos desde la ADVC, sin embargo, el cambio de rumbo y de criterio de Patrimonio Nacional de la mano de su Presidente, Sr. Rodr\u00edguez Spiteri, de la delegaci\u00f3n de Patrimonio en San Lorenzo del Escorial y del Ministerio de la Presidencia, ahora que su trabajo en el Valle no ha hecho m\u00e1s que empezar.<\/p>\n<p>En cualquier caso, y recurriendo de nuevo al archivo de nuestra asociaci\u00f3n, nos permitimos recordar a todo aquel que quiera escucharnos cual era la situaci\u00f3n hace tan s\u00f3lo unos meses. El proceso de normalizaci\u00f3n es notorio aunque a\u00fan insuficiente y nadie en sus cabales debiera escandalizarse por ello.<\/p>\n<p><center><iframe loading=\"lazy\" src=\"http:\/\/www.youtube.com\/embed\/13S1qTQwxYc\" frameborder=\"0\" width=\"420\" height=\"315\"><\/iframe><\/center><\/p>\n","protected":false},"excerpt":{"rendered":"<p>Uno de los motivos de existencia de la ADVC, ha sido, es y ser\u00e1 la divulgaci\u00f3n objetiva de cual es la situaci\u00f3n del Valle de los Ca\u00eddos en cada momento puntual. Hemos sido constantes en nuestra labor de denuncia de lo que acontece en el Valle. Ahora la situaci\u00f3n en [&hellip;]<\/p>\n","protected":false},"author":1,"featured_media":0,"comment_status":"open","ping_status":"open","sticky":false,"template":"","format":"standard","meta":[],"categories":[4],"tags":[],"yoast_head":"<!-- This site is optimized with the Yoast SEO plugin v18.6 - https:\/\/yoast.com\/wordpress\/plugins\/seo\/ -->\n<title>Queda mucho camino... - ADVC<\/title>\n<meta name=\"robots\" content=\"index, follow, max-snippet:-1, max-image-preview:large, max-video-preview:-1\" \/>\n<link rel=\"canonical\" href=\"https:\/\/www.elvalledeloscaidos.es\/portal\/?p=2597\" \/>\n<meta property=\"og:locale\" content=\"es_ES\" \/>\n<meta property=\"og:type\" content=\"article\" \/>\n<meta property=\"og:title\" content=\"Queda mucho camino... - ADVC\" \/>\n<meta property=\"og:description\" content=\"Uno de los motivos de existencia de la ADVC, ha sido, es y ser\u00e1 la divulgaci\u00f3n objetiva de cual es la situaci\u00f3n del Valle de los Ca\u00eddos en cada momento puntual. Hemos sido constantes en nuestra labor de denuncia de lo que acontece en el Valle. Ahora la situaci\u00f3n en [&hellip;]\" \/>\n<meta property=\"og:url\" content=\"https:\/\/www.elvalledeloscaidos.es\/portal\/?p=2597\" \/>\n<meta property=\"og:site_name\" content=\"ADVC\" \/>\n<meta property=\"article:published_time\" content=\"2012-07-19T17:12:12+00:00\" \/>\n<meta property=\"article:modified_time\" content=\"2012-11-07T20:28:43+00:00\" \/>\n<meta name=\"twitter:card\" content=\"summary_large_image\" \/>\n<meta name=\"twitter:label1\" content=\"Escrito por\" \/>\n\t<meta name=\"twitter:data1\" content=\"linares\" \/>\n\t<meta name=\"twitter:label2\" content=\"Tiempo de lectura\" \/>\n\t<meta name=\"twitter:data2\" content=\"2 minutos\" \/>\n<script type=\"application\/ld+json\" class=\"yoast-schema-graph\">{\"@context\":\"https:\/\/schema.org\",\"@graph\":[{\"@type\":\"WebSite\",\"@id\":\"https:\/\/www.elvalledeloscaidos.es\/portal\/#website\",\"url\":\"https:\/\/www.elvalledeloscaidos.es\/portal\/\",\"name\":\"ADVC\",\"description\":\"Asociaci\u00f3n Para la Defensa del Valle de los Ca\u00eddos\",\"potentialAction\":[{\"@type\":\"SearchAction\",\"target\":{\"@type\":\"EntryPoint\",\"urlTemplate\":\"https:\/\/www.elvalledeloscaidos.es\/portal\/?s={search_term_string}\"},\"query-input\":\"required name=search_term_string\"}],\"inLanguage\":\"es\"},{\"@type\":\"WebPage\",\"@id\":\"https:\/\/www.elvalledeloscaidos.es\/portal\/?p=2597#webpage\",\"url\":\"https:\/\/www.elvalledeloscaidos.es\/portal\/?p=2597\",\"name\":\"Queda mucho camino... - ADVC\",\"isPartOf\":{\"@id\":\"https:\/\/www.elvalledeloscaidos.es\/portal\/#website\"},\"datePublished\":\"2012-07-19T17:12:12+00:00\",\"dateModified\":\"2012-11-07T20:28:43+00:00\",\"author\":{\"@id\":\"https:\/\/www.elvalledeloscaidos.es\/portal\/#\/schema\/person\/36b3894dc4f1eb332b7fc369aed7eb58\"},\"breadcrumb\":{\"@id\":\"https:\/\/www.elvalledeloscaidos.es\/portal\/?p=2597#breadcrumb\"},\"inLanguage\":\"es\",\"potentialAction\":[{\"@type\":\"ReadAction\",\"target\":[\"https:\/\/www.elvalledeloscaidos.es\/portal\/?p=2597\"]}]},{\"@type\":\"BreadcrumbList\",\"@id\":\"https:\/\/www.elvalledeloscaidos.es\/portal\/?p=2597#breadcrumb\",\"itemListElement\":[{\"@type\":\"ListItem\",\"position\":1,\"name\":\"Portada\",\"item\":\"https:\/\/www.elvalledeloscaidos.es\/portal\"},{\"@type\":\"ListItem\",\"position\":2,\"name\":\"Queda mucho camino&#8230;\"}]},{\"@type\":\"Person\",\"@id\":\"https:\/\/www.elvalledeloscaidos.es\/portal\/#\/schema\/person\/36b3894dc4f1eb332b7fc369aed7eb58\",\"name\":\"linares\",\"image\":{\"@type\":\"ImageObject\",\"@id\":\"https:\/\/www.elvalledeloscaidos.es\/portal\/#personlogo\",\"inLanguage\":\"es\",\"url\":\"https:\/\/secure.gravatar.com\/avatar\/0b6f3a427655ac169c9155e538724b76?s=96&d=mm&r=g\",\"contentUrl\":\"https:\/\/secure.gravatar.com\/avatar\/0b6f3a427655ac169c9155e538724b76?s=96&d=mm&r=g\",\"caption\":\"linares\"},\"url\":\"https:\/\/www.elvalledeloscaidos.es\/portal\/?author=1\"}]}<\/script>\n<!-- \/ Yoast SEO plugin. -->","yoast_head_json":{"title":"Queda mucho camino... - ADVC","robots":{"index":"index","follow":"follow","max-snippet":"max-snippet:-1","max-image-preview":"max-image-preview:large","max-video-preview":"max-video-preview:-1"},"canonical":"https:\/\/www.elvalledeloscaidos.es\/portal\/?p=2597","og_locale":"es_ES","og_type":"article","og_title":"Queda mucho camino... - ADVC","og_description":"Uno de los motivos de existencia de la ADVC, ha sido, es y ser\u00e1 la divulgaci\u00f3n objetiva de cual es la situaci\u00f3n del Valle de los Ca\u00eddos en cada momento puntual. Hemos sido constantes en nuestra labor de denuncia de lo que acontece en el Valle. Ahora la situaci\u00f3n en [&hellip;]","og_url":"https:\/\/www.elvalledeloscaidos.es\/portal\/?p=2597","og_site_name":"ADVC","article_published_time":"2012-07-19T17:12:12+00:00","article_modified_time":"2012-11-07T20:28:43+00:00","twitter_card":"summary_large_image","twitter_misc":{"Escrito por":"linares","Tiempo de lectura":"2 minutos"},"schema":{"@context":"https:\/\/schema.org","@graph":[{"@type":"WebSite","@id":"https:\/\/www.elvalledeloscaidos.es\/portal\/#website","url":"https:\/\/www.elvalledeloscaidos.es\/portal\/","name":"ADVC","description":"Asociaci\u00f3n Para la Defensa del Valle de los Ca\u00eddos","potentialAction":[{"@type":"SearchAction","target":{"@type":"EntryPoint","urlTemplate":"https:\/\/www.elvalledeloscaidos.es\/portal\/?s={search_term_string}"},"query-input":"required name=search_term_string"}],"inLanguage":"es"},{"@type":"WebPage","@id":"https:\/\/www.elvalledeloscaidos.es\/portal\/?p=2597#webpage","url":"https:\/\/www.elvalledeloscaidos.es\/portal\/?p=2597","name":"Queda mucho camino... - ADVC","isPartOf":{"@id":"https:\/\/www.elvalledeloscaidos.es\/portal\/#website"},"datePublished":"2012-07-19T17:12:12+00:00","dateModified":"2012-11-07T20:28:43+00:00","author":{"@id":"https:\/\/www.elvalledeloscaidos.es\/portal\/#\/schema\/person\/36b3894dc4f1eb332b7fc369aed7eb58"},"breadcrumb":{"@id":"https:\/\/www.elvalledeloscaidos.es\/portal\/?p=2597#breadcrumb"},"inLanguage":"es","potentialAction":[{"@type":"ReadAction","target":["https:\/\/www.elvalledeloscaidos.es\/portal\/?p=2597"]}]},{"@type":"BreadcrumbList","@id":"https:\/\/www.elvalledeloscaidos.es\/portal\/?p=2597#breadcrumb","itemListElement":[{"@type":"ListItem","position":1,"name":"Portada","item":"https:\/\/www.elvalledeloscaidos.es\/portal"},{"@type":"ListItem","position":2,"name":"Queda mucho camino&#8230;"}]},{"@type":"Person","@id":"https:\/\/www.elvalledeloscaidos.es\/portal\/#\/schema\/person\/36b3894dc4f1eb332b7fc369aed7eb58","name":"linares","image":{"@type":"ImageObject","@id":"https:\/\/www.elvalledeloscaidos.es\/portal\/#personlogo","inLanguage":"es","url":"https:\/\/secure.gravatar.com\/avatar\/0b6f3a427655ac169c9155e538724b76?s=96&d=mm&r=g","contentUrl":"https:\/\/secure.gravatar.com\/avatar\/0b6f3a427655ac169c9155e538724b76?s=96&d=mm&r=g","caption":"linares"},"url":"https:\/\/www.elvalledeloscaidos.es\/portal\/?author=1"}]}},"_links":{"self":[{"href":"https:\/\/www.elvalledeloscaidos.es\/portal\/index.php?rest_route=\/wp\/v2\/posts\/2597"}],"collection":[{"href":"https:\/\/www.elvalledeloscaidos.es\/portal\/index.php?rest_route=\/wp\/v2\/posts"}],"about":[{"href":"https:\/\/www.elvalledeloscaidos.es\/portal\/index.php?rest_route=\/wp\/v2\/types\/post"}],"author":[{"embeddable":true,"href":"https:\/\/www.elvalledeloscaidos.es\/portal\/index.php?rest_route=\/wp\/v2\/users\/1"}],"replies":[{"embeddable":true,"href":"https:\/\/www.elvalledeloscaidos.es\/portal\/index.php?rest_route=%2Fwp%2Fv2%2Fcomments&post=2597"}],"version-history":[{"count":15,"href":"https:\/\/www.elvalledeloscaidos.es\/portal\/index.php?rest_route=\/wp\/v2\/posts\/2597\/revisions"}],"predecessor-version":[{"id":2892,"href":"https:\/\/www.elvalledeloscaidos.es\/portal\/index.php?rest_route=\/wp\/v2\/posts\/2597\/revisions\/2892"}],"wp:attachment":[{"href":"https:\/\/www.elvalledeloscaidos.es\/portal\/index.php?rest_route=%2Fwp%2Fv2%2Fmedia&parent=2597"}],"wp:term":[{"taxonomy":"category","embeddable":true,"href":"https:\/\/www.elvalledeloscaidos.es\/portal\/index.php?rest_route=%2Fwp%2Fv2%2Fcategories&post=2597"},{"taxonomy":"post_tag","embeddable":true,"href":"https:\/\/www.elvalledeloscaidos.es\/portal\/index.php?rest_route=%2Fwp%2Fv2%2Ftags&post=2597"}],"curies":[{"name":"wp","href":"https:\/\/api.w.org\/{rel}","templated":true}]}}