{"id":2613,"date":"2012-07-24T17:12:44","date_gmt":"2012-07-24T16:12:44","guid":{"rendered":"http:\/\/www.elvalledeloscaidos.es\/portal\/?p=2613"},"modified":"2012-07-25T10:38:39","modified_gmt":"2012-07-25T09:38:39","slug":"situacion-actual-del-valle-de-los-caidos-informacion-de-interes","status":"publish","type":"post","link":"https:\/\/www.elvalledeloscaidos.es\/portal\/?p=2613","title":{"rendered":"SITUACI\u00d3N ACTUAL DEL VALLE DE LOS CA\u00cdDOS. INFORMACI\u00d3N DE INTER\u00c9S"},"content":{"rendered":"<p>&nbsp;<\/p>\n<table width=\"550\" border=\"0\">\n<tbody>\n<tr>\n<td class=\"assaassa\" colspan=\"2\">En la actualidad, el Valle de los Ca\u00eddos se encuentra abierto tanto al culto como al turismo. Situaci\u00f3n que no debe variar.<\/td>\n<\/tr>\n<tr>\n<td colspan=\"2\">\u00a0<\/td>\n<\/tr>\n<tr>\n<td class=\"assaassa\" valign=\"top\" width=\"149\">&#8211; Horarios de apertura:<\/td>\n<td width=\"341\">\n<table width=\"100%\" border=\"0\" cellspacing=\"3\" cellpadding=\"3\">\n<tbody>\n<tr>\n<td class=\"tabla2\" bgcolor=\"#ff9966\"><span class=\"tabla2\"><span class=\"tabla2\">Horario de invierno <\/span><\/span>(de Octubre a Marzo)<\/td>\n<td bgcolor=\"#ff9966\"><span class=\"tabla2\">de 10.00 a 18.00h.<\/span><\/td>\n<\/tr>\n<tr>\n<td class=\"tabla2\" bgcolor=\"#66cccc\"><span class=\"tabla2\"><span class=\"tabla2\">Horario de verano <\/span><\/span>(de abril a septiembre)<\/td>\n<td bgcolor=\"#66cccc\"><span class=\"tabla2\">de 10.00 a 19.00h.<\/span><\/td>\n<\/tr>\n<tr>\n<td class=\"tabla2\" colspan=\"2\">La taquilla cierra una hora antes todo el a\u00f1o<\/td>\n<\/tr>\n<\/tbody>\n<\/table>\n<\/td>\n<\/tr>\n<tr>\n<td colspan=\"2\">\u00a0<!--more--><\/td>\n<\/tr>\n<tr>\n<td class=\"assaassa\" valign=\"top\">&#8211; Horarios de culto:<\/td>\n<td valign=\"top\">\n<table width=\"100%\" border=\"0\" cellspacing=\"3\" cellpadding=\"3\" align=\"left\">\n<tbody>\n<tr>\n<td class=\"tabla2\" bgcolor=\"#ff9966\">10:00-17:00 Ininterrumpidamente de martes a domingo<\/td>\n<\/tr>\n<tr>\n<td class=\"tabla2\">HORARIOS DE CELEBRACIONES LIT\u00daRGICAS<\/td>\n<\/tr>\n<tr>\n<td class=\"tabla2\" valign=\"top\" bgcolor=\"#66cccc\">\n<ul>\n<li>Santa Misa conventual cantada: 11:00<\/li>\n<li>Santa Misa domingos ( hospeder\u00eda) : 12:30<\/li>\n<li>Santa Misa domingos y festivos: 13:00<\/li>\n<li>Santa Misa domingos y fest. (invierno): 17:00<\/li>\n<li>Santa Misa domingos y festivos (verano): 17:30<\/li>\n<\/ul>\n<\/td>\n<\/tr>\n<\/tbody>\n<\/table>\n<\/td>\n<\/tr>\n<tr>\n<td colspan=\"2\">\u00a0<\/td>\n<\/tr>\n<tr>\n<td colspan=\"2\">\u00a0<\/td>\n<\/tr>\n<tr>\n<td class=\"assaassa\" valign=\"top\">&#8211; D\u00edas de cierre:<\/td>\n<td bgcolor=\"#ff9966\">\n<ul>\n<li class=\"tabla2\">01 enero<\/li>\n<li class=\"tabla2\">06 enero<\/li>\n<li class=\"tabla2\">01 mayo<\/li>\n<li class=\"tabla2\">17 julio<\/li>\n<li class=\"tabla2\">10 agosto<\/li>\n<li class=\"tabla2\">24 diciembre<\/li>\n<li class=\"tabla2\">25 diciembre<\/li>\n<li class=\"tabla2\">31 diciembre<\/li>\n<li class=\"tabla2\">Todos los lunes del a\u00f1o excepto si se indica lo contrario.<\/li>\n<\/ul>\n<\/td>\n<\/tr>\n<tr>\n<td colspan=\"2\">\u00a0<\/td>\n<\/tr>\n<tr>\n<td><span class=\"assaassa\">&#8211; Tarifas de entrada: <\/span><\/td>\n<td bgcolor=\"#66cccc\">\n<ul>\n<li class=\"tabla2\">Tarifa b\u00e1sica: 5\u20ac visita libre<\/li>\n<li class=\"tabla2\">Tarifa agencias: 4\u20ac<\/li>\n<li class=\"tabla2\">Tarifa reducida: 2.50\u20ac (Entre 5 y 16 a\u00f1os y mayores de 65).<\/li>\n<\/ul>\n<\/td>\n<\/tr>\n<tr>\n<td colspan=\"2\">\u00a0La entrada a efecto de culto es gratu\u00edta. Por este motivo cualquier persona que acceda al recinto entre las 10.30 y 11.00h. tendr\u00e1n acceso gratu\u00edto.<\/td>\n<\/tr>\n<tr>\n<td colspan=\"2\">\u00a0<\/td>\n<\/tr>\n<tr>\n<td class=\"assaassa\" colspan=\"2\">&#8211; Tarifas de la hospeder\u00eda de Santa Cruz<\/td>\n<\/tr>\n<tr>\n<td class=\"assaassa\" colspan=\"2\">\u00a0<\/td>\n<\/tr>\n<tr>\n<td colspan=\"2\" valign=\"top\">\n<table id=\"tabla-tarifas\" class=\"tabla2\" border=\"1\">\n<thead>\n<tr>\n<td class=\"tar1\" width=\"136\">Tipo<\/td>\n<td class=\"tar2\" width=\"218\">R\u00e9gimen<\/td>\n<td class=\"tar3\" width=\"39\">Precio<\/td>\n<td class=\"tar3\" width=\"28\">IVA<\/td>\n<td class=\"tar3\" width=\"49\">Importe<\/td>\n<\/tr>\n<\/thead>\n<tbody>\n<tr>\n<td class=\"tar1\" rowspan=\"4\" bgcolor=\"#cccccc\">Habitaci\u00f3n individual con ba\u00f1o peque\u00f1o<\/td>\n<td class=\"tar2\" bgcolor=\"#ff9966\">S\u00f3lo alojamiento<\/td>\n<td class=\"tar3\" bgcolor=\"#ff9966\">26,99<\/td>\n<td class=\"tar4\" bgcolor=\"#ff9966\">2,16<\/td>\n<td class=\"tar5\" bgcolor=\"#ff9966\">29,15<\/td>\n<\/tr>\n<tr>\n<td class=\"tar2\" bgcolor=\"#66cccc\">Alojamiento y desayuno<\/td>\n<td class=\"tar3\" bgcolor=\"#66cccc\">30,76<\/td>\n<td class=\"tar4\" bgcolor=\"#66cccc\">2,46<\/td>\n<td class=\"tar5\" bgcolor=\"#66cccc\">33,22<\/td>\n<\/tr>\n<tr>\n<td class=\"tar2\" bgcolor=\"#ffcc33\">Media pensi\u00f3n<\/td>\n<td class=\"tar3\" bgcolor=\"#ffcc33\">40,94<\/td>\n<td class=\"tar4\" bgcolor=\"#ffcc33\">3,28<\/td>\n<td class=\"tar5\" bgcolor=\"#ffcc33\">44,22<\/td>\n<\/tr>\n<tr>\n<td class=\"tar2\" bgcolor=\"#cc9966\">Pensi\u00f3n completa<\/td>\n<td class=\"tar3\" bgcolor=\"#cc9966\">50,2<\/td>\n<td class=\"tar4\" bgcolor=\"#cc9966\">4,02<\/td>\n<td class=\"tar5\" bgcolor=\"#cc9966\">54,22<\/td>\n<\/tr>\n<tr>\n<td class=\"tar1\" rowspan=\"4\">Habitaci\u00f3n doble con ducha<\/td>\n<td class=\"tar2\" bgcolor=\"#ff9966\">S\u00f3lo alojamiento<\/td>\n<td class=\"tar3\" bgcolor=\"#ff9966\">24,22<\/td>\n<td class=\"tar4\" bgcolor=\"#ff9966\">1,94<\/td>\n<td class=\"tar5\" bgcolor=\"#ff9966\">26,16<\/td>\n<\/tr>\n<tr>\n<td class=\"tar2\" bgcolor=\"#66cccc\">Alojamiento y desayuno<\/td>\n<td class=\"tar3\" bgcolor=\"#66cccc\">27,99<\/td>\n<td class=\"tar4\" bgcolor=\"#66cccc\">2,24<\/td>\n<td class=\"tar5\" bgcolor=\"#66cccc\">30,23<\/td>\n<\/tr>\n<tr>\n<td class=\"tar2\" bgcolor=\"#ffcc33\">Media pensi\u00f3n<\/td>\n<td class=\"tar3\" bgcolor=\"#ffcc33\">38,18<\/td>\n<td class=\"tar4\" bgcolor=\"#ffcc33\">3,05<\/td>\n<td class=\"tar5\" bgcolor=\"#ffcc33\">41,23<\/td>\n<\/tr>\n<tr>\n<td class=\"tar2\" bgcolor=\"#cc9966\">Pensi\u00f3n completa<\/td>\n<td class=\"tar3\" bgcolor=\"#cc9966\">47,44<\/td>\n<td class=\"tar4\" bgcolor=\"#cc9966\">3,79<\/td>\n<td class=\"tar5\" bgcolor=\"#cc9966\">51,23<\/td>\n<\/tr>\n<tr>\n<td class=\"tar1\" rowspan=\"4\" bgcolor=\"#cccccc\">Habitaci\u00f3n doble con ba\u00f1o peque\u00f1o<\/td>\n<td class=\"tar2\" bgcolor=\"#ff9966\">S\u00f3lo alojamiento<\/td>\n<td class=\"tar3\" bgcolor=\"#ff9966\">26,99<\/td>\n<td class=\"tar4\" bgcolor=\"#ff9966\">2,16<\/td>\n<td class=\"tar5\" bgcolor=\"#ff9966\">29,15<\/td>\n<\/tr>\n<tr>\n<td class=\"tar2\" bgcolor=\"#66cccc\">Alojamiento y desayuno<\/td>\n<td class=\"tar3\" bgcolor=\"#66cccc\">30,76<\/td>\n<td class=\"tar4\" bgcolor=\"#66cccc\">2,46<\/td>\n<td class=\"tar5\" bgcolor=\"#66cccc\">33,22<\/td>\n<\/tr>\n<tr>\n<td class=\"tar2\" bgcolor=\"#ffcc33\">Media pensi\u00f3n<\/td>\n<td class=\"tar3\" bgcolor=\"#ffcc33\">40,94<\/td>\n<td class=\"tar4\" bgcolor=\"#ffcc33\">3,28<\/td>\n<td class=\"tar5\" bgcolor=\"#ffcc33\">44,22<\/td>\n<\/tr>\n<tr>\n<td class=\"tar2\" bgcolor=\"#cc9966\">Pensi\u00f3n completa<\/td>\n<td class=\"tar3\" bgcolor=\"#cc9966\">50,2<\/td>\n<td class=\"tar4\" bgcolor=\"#cc9966\">4,02<\/td>\n<td class=\"tar5\" bgcolor=\"#cc9966\">54,22<\/td>\n<\/tr>\n<tr>\n<td class=\"tar1\" rowspan=\"4\">Habitaci\u00f3n doble con ba\u00f1o grande<\/td>\n<td class=\"tar2\" bgcolor=\"#ff9966\">S\u00f3lo alojamiento<\/td>\n<td class=\"tar3\" bgcolor=\"#ff9966\">28,84<\/td>\n<td class=\"tar4\" bgcolor=\"#ff9966\">2,31<\/td>\n<td class=\"tar5\" bgcolor=\"#ff9966\">31,15<\/td>\n<\/tr>\n<tr>\n<td class=\"tar2\" bgcolor=\"#66cccc\">Alojamiento y desayuno<\/td>\n<td class=\"tar3\" bgcolor=\"#66cccc\">32,61<\/td>\n<td class=\"tar4\" bgcolor=\"#66cccc\">2,61<\/td>\n<td class=\"tar5\" bgcolor=\"#66cccc\">35,22<\/td>\n<\/tr>\n<tr>\n<td class=\"tar2\" bgcolor=\"#ffcc33\">Media pensi\u00f3n<\/td>\n<td class=\"tar3\" bgcolor=\"#ffcc33\">42,8<\/td>\n<td class=\"tar4\" bgcolor=\"#ffcc33\">3,42<\/td>\n<td class=\"tar5\" bgcolor=\"#ffcc33\">46,22<\/td>\n<\/tr>\n<tr>\n<td class=\"tar2\" bgcolor=\"#cc9966\">Pensi\u00f3n completa<\/td>\n<td class=\"tar3\" bgcolor=\"#cc9966\">52,06<\/td>\n<td class=\"tar4\" bgcolor=\"#cc9966\">4,16<\/td>\n<td class=\"tar5\" bgcolor=\"#cc9966\">56,22<\/td>\n<\/tr>\n<tr>\n<td class=\"tar1\" rowspan=\"4\" bgcolor=\"#cccccc\">Sala de los Dominicos<\/td>\n<td class=\"tar2\" bgcolor=\"#ff9966\">S\u00f3lo alojamiento<\/td>\n<td class=\"tar3\" bgcolor=\"#ff9966\">45,53<\/td>\n<td class=\"tar4\" bgcolor=\"#ff9966\">3,64<\/td>\n<td class=\"tar5\" bgcolor=\"#ff9966\">49,17<\/td>\n<\/tr>\n<tr>\n<td class=\"tar2\" bgcolor=\"#66cccc\">Alojamiento y desayuno<\/td>\n<td class=\"tar3\" bgcolor=\"#66cccc\">49,3<\/td>\n<td class=\"tar4\" bgcolor=\"#66cccc\">3,94<\/td>\n<td class=\"tar5\" bgcolor=\"#66cccc\">53,24<\/td>\n<\/tr>\n<tr>\n<td class=\"tar2\" bgcolor=\"#ffcc33\">Media pensi\u00f3n<\/td>\n<td class=\"tar3\" bgcolor=\"#ffcc33\">59,48<\/td>\n<td class=\"tar4\" bgcolor=\"#ffcc33\">4,76<\/td>\n<td class=\"tar5\" bgcolor=\"#ffcc33\">64,24<\/td>\n<\/tr>\n<tr>\n<td class=\"tar2\" bgcolor=\"#cc9966\">Pensi\u00f3n completa<\/td>\n<td class=\"tar3\" bgcolor=\"#cc9966\">68,74<\/td>\n<td class=\"tar4\" bgcolor=\"#cc9966\">5,5<\/td>\n<td class=\"tar5\" bgcolor=\"#cc9966\">74,24<\/td>\n<\/tr>\n<tr>\n<td class=\"tar1\" bgcolor=\"#ff9966\">Desayuno<\/td>\n<td class=\"tar2\" bgcolor=\"#ff9966\">\u00a0<\/td>\n<td class=\"tar3\" bgcolor=\"#ff9966\">3,77<\/td>\n<td class=\"tar4\" bgcolor=\"#ff9966\">0,3<\/td>\n<td class=\"tar5\" bgcolor=\"#ff9966\">4,07<\/td>\n<\/tr>\n<tr>\n<td class=\"tar1\" bgcolor=\"#66cccc\">Comida<\/td>\n<td class=\"tar2\" bgcolor=\"#66cccc\">\u00a0<\/td>\n<td class=\"tar3\" bgcolor=\"#66cccc\">10,19<\/td>\n<td class=\"tar4\" bgcolor=\"#66cccc\">0,81<\/td>\n<td class=\"tar5\" bgcolor=\"#66cccc\">11<\/td>\n<\/tr>\n<tr>\n<td class=\"tar1\" bgcolor=\"#ffcc33\">Cena<\/td>\n<td class=\"tar2\" bgcolor=\"#ffcc33\">\u00a0<\/td>\n<td class=\"tar3\" bgcolor=\"#ffcc33\">9,26<\/td>\n<td class=\"tar4\" bgcolor=\"#ffcc33\">0,74<\/td>\n<td class=\"tar5\" bgcolor=\"#ffcc33\">10<\/td>\n<\/tr>\n<tr>\n<td class=\"tar1\" bgcolor=\"#cc9966\">Suplemento por uso individual de habitaci\u00f3n doble<\/td>\n<td class=\"tar2\" bgcolor=\"#cc9966\">\u00a0<\/td>\n<td class=\"tar3\" bgcolor=\"#cc9966\">11,71<\/td>\n<td class=\"tar4\" bgcolor=\"#cc9966\">0,94<\/td>\n<td class=\"tar5\" bgcolor=\"#cc9966\">12,65<\/td>\n<\/tr>\n<\/tbody>\n<\/table>\n<\/td>\n<\/tr>\n<tr>\n<td colspan=\"2\" bgcolor=\"#cccccc\">&nbsp;<\/p>\n<p class=\"aqqa\">Informaci\u00f3n y reservas: 91 890 55 11 info@hospederiasantacruz.com<\/p>\n<p>&nbsp;<\/td>\n<\/tr>\n<tr>\n<td colspan=\"2\">\u00a0<\/td>\n<\/tr>\n<tr>\n<td class=\"assaassa\" valign=\"top\">&#8211; M\u00e1s informaci\u00f3n<\/td>\n<td>\n<table width=\"100%\" border=\"0\" cellspacing=\"3\" cellpadding=\"3\">\n<tbody>\n<tr>\n<td bgcolor=\"#ff9966\"><span class=\"tabla2\">Patrimonio Nacional<\/span><\/td>\n<td bgcolor=\"#ff9966\"><span class=\"tabla2\">www.patrimonionacional.es<\/span><\/td>\n<\/tr>\n<tr>\n<td bgcolor=\"#66cccc\"><span class=\"tabla2\">Abad\u00eda del Valle<\/span><\/td>\n<td bgcolor=\"#66cccc\"><span class=\"tabla2\">www.valledeloscaidos.es<\/span><\/td>\n<\/tr>\n<\/tbody>\n<\/table>\n<\/td>\n<\/tr>\n<tr>\n<td colspan=\"2\">\u00a0Nota de la ADVC: La informaci\u00f3n aqu\u00ed expuesta est\u00e1 extra\u00edda tanto de los sitios web de la Abad\u00eda como de Patrimonio Nacional, entidades de las que la ADVC mantiene absoluta independencia.<\/td>\n<\/tr>\n<\/tbody>\n<\/table>\n<p>&nbsp;<\/p>\n","protected":false},"excerpt":{"rendered":"<p>&nbsp; En la actualidad, el Valle de los Ca\u00eddos se encuentra abierto tanto al culto como al turismo. Situaci\u00f3n que no debe variar. \u00a0 &#8211; Horarios de apertura: Horario de invierno (de Octubre a Marzo) de 10.00 a 18.00h. Horario de verano (de abril a septiembre) de 10.00 a 19.00h. [&hellip;]<\/p>\n","protected":false},"author":3,"featured_media":0,"comment_status":"open","ping_status":"open","sticky":false,"template":"","format":"standard","meta":[],"categories":[4],"tags":[],"yoast_head":"<!-- This site is optimized with the Yoast SEO plugin v18.6 - https:\/\/yoast.com\/wordpress\/plugins\/seo\/ -->\n<title>SITUACI\u00d3N ACTUAL DEL VALLE DE LOS CA\u00cdDOS. INFORMACI\u00d3N DE INTER\u00c9S  - ADVC<\/title>\n<meta name=\"robots\" content=\"index, follow, max-snippet:-1, max-image-preview:large, max-video-preview:-1\" \/>\n<link rel=\"canonical\" href=\"https:\/\/www.elvalledeloscaidos.es\/portal\/?p=2613\" \/>\n<meta property=\"og:locale\" content=\"es_ES\" \/>\n<meta property=\"og:type\" content=\"article\" \/>\n<meta property=\"og:title\" content=\"SITUACI\u00d3N ACTUAL DEL VALLE DE LOS CA\u00cdDOS. INFORMACI\u00d3N DE INTER\u00c9S  - ADVC\" \/>\n<meta property=\"og:description\" content=\"&nbsp; En la actualidad, el Valle de los Ca\u00eddos se encuentra abierto tanto al culto como al turismo. Situaci\u00f3n que no debe variar. \u00a0 &#8211; Horarios de apertura: Horario de invierno (de Octubre a Marzo) de 10.00 a 18.00h. Horario de verano (de abril a septiembre) de 10.00 a 19.00h. [&hellip;]\" \/>\n<meta property=\"og:url\" content=\"https:\/\/www.elvalledeloscaidos.es\/portal\/?p=2613\" \/>\n<meta property=\"og:site_name\" content=\"ADVC\" \/>\n<meta property=\"article:published_time\" content=\"2012-07-24T16:12:44+00:00\" \/>\n<meta property=\"article:modified_time\" content=\"2012-07-25T09:38:39+00:00\" \/>\n<meta name=\"twitter:card\" content=\"summary_large_image\" \/>\n<meta name=\"twitter:label1\" content=\"Escrito por\" \/>\n\t<meta name=\"twitter:data1\" content=\"Redaccion\" \/>\n\t<meta name=\"twitter:label2\" content=\"Tiempo de lectura\" \/>\n\t<meta name=\"twitter:data2\" content=\"2 minutos\" \/>\n<script type=\"application\/ld+json\" class=\"yoast-schema-graph\">{\"@context\":\"https:\/\/schema.org\",\"@graph\":[{\"@type\":\"WebSite\",\"@id\":\"https:\/\/www.elvalledeloscaidos.es\/portal\/#website\",\"url\":\"https:\/\/www.elvalledeloscaidos.es\/portal\/\",\"name\":\"ADVC\",\"description\":\"Asociaci\u00f3n Para la Defensa del Valle de los Ca\u00eddos\",\"potentialAction\":[{\"@type\":\"SearchAction\",\"target\":{\"@type\":\"EntryPoint\",\"urlTemplate\":\"https:\/\/www.elvalledeloscaidos.es\/portal\/?s={search_term_string}\"},\"query-input\":\"required name=search_term_string\"}],\"inLanguage\":\"es\"},{\"@type\":\"WebPage\",\"@id\":\"https:\/\/www.elvalledeloscaidos.es\/portal\/?p=2613#webpage\",\"url\":\"https:\/\/www.elvalledeloscaidos.es\/portal\/?p=2613\",\"name\":\"SITUACI\u00d3N ACTUAL DEL VALLE DE LOS CA\u00cdDOS. INFORMACI\u00d3N DE INTER\u00c9S - ADVC\",\"isPartOf\":{\"@id\":\"https:\/\/www.elvalledeloscaidos.es\/portal\/#website\"},\"datePublished\":\"2012-07-24T16:12:44+00:00\",\"dateModified\":\"2012-07-25T09:38:39+00:00\",\"author\":{\"@id\":\"https:\/\/www.elvalledeloscaidos.es\/portal\/#\/schema\/person\/b4711176f6b283a7b25ff137a7e34a40\"},\"breadcrumb\":{\"@id\":\"https:\/\/www.elvalledeloscaidos.es\/portal\/?p=2613#breadcrumb\"},\"inLanguage\":\"es\",\"potentialAction\":[{\"@type\":\"ReadAction\",\"target\":[\"https:\/\/www.elvalledeloscaidos.es\/portal\/?p=2613\"]}]},{\"@type\":\"BreadcrumbList\",\"@id\":\"https:\/\/www.elvalledeloscaidos.es\/portal\/?p=2613#breadcrumb\",\"itemListElement\":[{\"@type\":\"ListItem\",\"position\":1,\"name\":\"Portada\",\"item\":\"https:\/\/www.elvalledeloscaidos.es\/portal\"},{\"@type\":\"ListItem\",\"position\":2,\"name\":\"SITUACI\u00d3N ACTUAL DEL VALLE DE LOS CA\u00cdDOS. INFORMACI\u00d3N DE INTER\u00c9S\"}]},{\"@type\":\"Person\",\"@id\":\"https:\/\/www.elvalledeloscaidos.es\/portal\/#\/schema\/person\/b4711176f6b283a7b25ff137a7e34a40\",\"name\":\"Redaccion\",\"image\":{\"@type\":\"ImageObject\",\"@id\":\"https:\/\/www.elvalledeloscaidos.es\/portal\/#personlogo\",\"inLanguage\":\"es\",\"url\":\"https:\/\/secure.gravatar.com\/avatar\/43c3c16f338b78edeffdbd22a8090c53?s=96&d=mm&r=g\",\"contentUrl\":\"https:\/\/secure.gravatar.com\/avatar\/43c3c16f338b78edeffdbd22a8090c53?s=96&d=mm&r=g\",\"caption\":\"Redaccion\"},\"url\":\"https:\/\/www.elvalledeloscaidos.es\/portal\/?author=3\"}]}<\/script>\n<!-- \/ Yoast SEO plugin. -->","yoast_head_json":{"title":"SITUACI\u00d3N ACTUAL DEL VALLE DE LOS CA\u00cdDOS. INFORMACI\u00d3N DE INTER\u00c9S  - ADVC","robots":{"index":"index","follow":"follow","max-snippet":"max-snippet:-1","max-image-preview":"max-image-preview:large","max-video-preview":"max-video-preview:-1"},"canonical":"https:\/\/www.elvalledeloscaidos.es\/portal\/?p=2613","og_locale":"es_ES","og_type":"article","og_title":"SITUACI\u00d3N ACTUAL DEL VALLE DE LOS CA\u00cdDOS. INFORMACI\u00d3N DE INTER\u00c9S  - ADVC","og_description":"&nbsp; En la actualidad, el Valle de los Ca\u00eddos se encuentra abierto tanto al culto como al turismo. Situaci\u00f3n que no debe variar. \u00a0 &#8211; Horarios de apertura: Horario de invierno (de Octubre a Marzo) de 10.00 a 18.00h. Horario de verano (de abril a septiembre) de 10.00 a 19.00h. [&hellip;]","og_url":"https:\/\/www.elvalledeloscaidos.es\/portal\/?p=2613","og_site_name":"ADVC","article_published_time":"2012-07-24T16:12:44+00:00","article_modified_time":"2012-07-25T09:38:39+00:00","twitter_card":"summary_large_image","twitter_misc":{"Escrito por":"Redaccion","Tiempo de lectura":"2 minutos"},"schema":{"@context":"https:\/\/schema.org","@graph":[{"@type":"WebSite","@id":"https:\/\/www.elvalledeloscaidos.es\/portal\/#website","url":"https:\/\/www.elvalledeloscaidos.es\/portal\/","name":"ADVC","description":"Asociaci\u00f3n Para la Defensa del Valle de los Ca\u00eddos","potentialAction":[{"@type":"SearchAction","target":{"@type":"EntryPoint","urlTemplate":"https:\/\/www.elvalledeloscaidos.es\/portal\/?s={search_term_string}"},"query-input":"required name=search_term_string"}],"inLanguage":"es"},{"@type":"WebPage","@id":"https:\/\/www.elvalledeloscaidos.es\/portal\/?p=2613#webpage","url":"https:\/\/www.elvalledeloscaidos.es\/portal\/?p=2613","name":"SITUACI\u00d3N ACTUAL DEL VALLE DE LOS CA\u00cdDOS. INFORMACI\u00d3N DE INTER\u00c9S - ADVC","isPartOf":{"@id":"https:\/\/www.elvalledeloscaidos.es\/portal\/#website"},"datePublished":"2012-07-24T16:12:44+00:00","dateModified":"2012-07-25T09:38:39+00:00","author":{"@id":"https:\/\/www.elvalledeloscaidos.es\/portal\/#\/schema\/person\/b4711176f6b283a7b25ff137a7e34a40"},"breadcrumb":{"@id":"https:\/\/www.elvalledeloscaidos.es\/portal\/?p=2613#breadcrumb"},"inLanguage":"es","potentialAction":[{"@type":"ReadAction","target":["https:\/\/www.elvalledeloscaidos.es\/portal\/?p=2613"]}]},{"@type":"BreadcrumbList","@id":"https:\/\/www.elvalledeloscaidos.es\/portal\/?p=2613#breadcrumb","itemListElement":[{"@type":"ListItem","position":1,"name":"Portada","item":"https:\/\/www.elvalledeloscaidos.es\/portal"},{"@type":"ListItem","position":2,"name":"SITUACI\u00d3N ACTUAL DEL VALLE DE LOS CA\u00cdDOS. INFORMACI\u00d3N DE INTER\u00c9S"}]},{"@type":"Person","@id":"https:\/\/www.elvalledeloscaidos.es\/portal\/#\/schema\/person\/b4711176f6b283a7b25ff137a7e34a40","name":"Redaccion","image":{"@type":"ImageObject","@id":"https:\/\/www.elvalledeloscaidos.es\/portal\/#personlogo","inLanguage":"es","url":"https:\/\/secure.gravatar.com\/avatar\/43c3c16f338b78edeffdbd22a8090c53?s=96&d=mm&r=g","contentUrl":"https:\/\/secure.gravatar.com\/avatar\/43c3c16f338b78edeffdbd22a8090c53?s=96&d=mm&r=g","caption":"Redaccion"},"url":"https:\/\/www.elvalledeloscaidos.es\/portal\/?author=3"}]}},"_links":{"self":[{"href":"https:\/\/www.elvalledeloscaidos.es\/portal\/index.php?rest_route=\/wp\/v2\/posts\/2613"}],"collection":[{"href":"https:\/\/www.elvalledeloscaidos.es\/portal\/index.php?rest_route=\/wp\/v2\/posts"}],"about":[{"href":"https:\/\/www.elvalledeloscaidos.es\/portal\/index.php?rest_route=\/wp\/v2\/types\/post"}],"author":[{"embeddable":true,"href":"https:\/\/www.elvalledeloscaidos.es\/portal\/index.php?rest_route=\/wp\/v2\/users\/3"}],"replies":[{"embeddable":true,"href":"https:\/\/www.elvalledeloscaidos.es\/portal\/index.php?rest_route=%2Fwp%2Fv2%2Fcomments&post=2613"}],"version-history":[{"count":13,"href":"https:\/\/www.elvalledeloscaidos.es\/portal\/index.php?rest_route=\/wp\/v2\/posts\/2613\/revisions"}],"predecessor-version":[{"id":2626,"href":"https:\/\/www.elvalledeloscaidos.es\/portal\/index.php?rest_route=\/wp\/v2\/posts\/2613\/revisions\/2626"}],"wp:attachment":[{"href":"https:\/\/www.elvalledeloscaidos.es\/portal\/index.php?rest_route=%2Fwp%2Fv2%2Fmedia&parent=2613"}],"wp:term":[{"taxonomy":"category","embeddable":true,"href":"https:\/\/www.elvalledeloscaidos.es\/portal\/index.php?rest_route=%2Fwp%2Fv2%2Fcategories&post=2613"},{"taxonomy":"post_tag","embeddable":true,"href":"https:\/\/www.elvalledeloscaidos.es\/portal\/index.php?rest_route=%2Fwp%2Fv2%2Ftags&post=2613"}],"curies":[{"name":"wp","href":"https:\/\/api.w.org\/{rel}","templated":true}]}}