{"id":2691,"date":"2012-08-21T15:36:25","date_gmt":"2012-08-21T14:36:25","guid":{"rendered":"http:\/\/www.elvalledeloscaidos.es\/portal\/?p=2691"},"modified":"2012-08-21T20:23:30","modified_gmt":"2012-08-21T19:23:30","slug":"momentos-ridiculos-de-la-historia-de-la-defensa-del-valle","status":"publish","type":"post","link":"https:\/\/www.elvalledeloscaidos.es\/portal\/?p=2691","title":{"rendered":"Momentos rid\u00edculos de la historia de la defensa del Valle"},"content":{"rendered":"<p>Desde que la ADVC existe, y con su aparici\u00f3n en diferentes medios de comunicaci\u00f3n, se acercaron hasta nosotros todo tipo de periodistas, productoras, programas y cadenas de TV en busca de \u00ablo que vende\u00bb, es decir, el mal gusto, el entretenimiento zafio y la falta de pudor en todos los sentidos. Programas como \u00abLa Noria\u00bb, \u00abEl gran debate\u00bb y otros, se pusieron en contacto con esta Asociaci\u00f3n para \u00abofrecernos sus estudios y c\u00e1maras\u00bb.\u00a0 Adem\u00e1s de las c\u00e1maras y los estudios, tambi\u00e9n ofrec\u00edan contrapartida econ\u00f3mica&#8230;<\/p>\n<p>Ni que decir tiene que la ADVC rechaz\u00f3 todos y cada uno de estos ofrecimientos, al entender que el Valle de los Ca\u00eddos es un tema serio para un\u00a0 programa serio y para una cadena seria&#8230;<\/p>\n<p>Como ejemplo de lo aqu\u00ed expuesto, transcribimos aqu\u00ed uno de esos ofrecimientos recibido por email y, por supuesto igualmente rechazado&#8230;<br \/>\n(Censuramos nombres propios y tel\u00e9fonos por motivos obvios)<\/p>\n<p><!--more--><\/p>\n<p>Buenas tardes,<br \/>\nSoy xxxxxx, redactor del programa Me cambio de familia en Cuatro, hablamos este jueves telef\u00f3nicamente. Le mando informaci\u00f3n por si nos pueden ayudar a encontrar familias. Buscamos:<\/p>\n<ul>\n<li>Familias<\/li>\n<li>Tienen que ser mujeres casadas o que vivan en pareja (porque son las mujeres las que se van de intercambio)<\/li>\n<li>Con un estilo de vida propio, car\u00e1cter y las ideas claras.<\/li>\n<li>Con hijos a su cargo viviendo en casa<\/li>\n<\/ul>\n<p>El programa compensar\u00e1 con 3.000 euros netos a las familias. Adem\u00e1s, en el caso de que alg\u00fan miembro de la familia tenga un negocio, su establecimiento tambi\u00e9n aparecer\u00e1 con la consecuente publicidad que ello supone.<\/p>\n<p>El programa consiste en que dos madres procedentes de dos familias distintas y de distintos puntos de Espa\u00f1a se intercambian durante 10 d\u00edas. Nuestro formato consiste en retratar la convivencia entre la madre que llega y la familia de la que se va.<\/p>\n<p>Adem\u00e1s, la mujer y el marido del otro matrimonio en ning\u00fan momento estar\u00e1n a solas en la casa, siempre habr\u00e1 un miembro del equipo del programa o m\u00e1s que les acompa\u00f1ar\u00e1n. Por otra parte, la mujer no compartir\u00e1 habitaci\u00f3n con el marido de la otra familia, tendr\u00e1 una habitaci\u00f3n independiente.<\/p>\n<p>Las grabaciones de los intercambios tendr\u00e1n lugar de septiembre a noviembre, este \u00faltimo mes incluido.<\/p>\n<p>\u00bfPor qu\u00e9 me dirijo a la Asociaci\u00f3n para la Defensa del Valle de los Ca\u00eddos? Los perfiles seleccionados por este equipo son representativos de los distintos sectores de la sociedad espa\u00f1ola. En el caso de su entidad, buscamos familias que defiendan la conservaci\u00f3n de un monumento que forma parte del patrimonio nacional espa\u00f1ol y entra\u00f1a cierta controversia en cuanto a su futuro. Adem\u00e1s, la fecha del 20-N se acerca y el cierre del Valle as\u00ed como su mantenimiento volver\u00e1 a aparecer en los medios de comunicaci\u00f3n, precisamente una fecha incluida en nuestro plan de grabaci\u00f3n, y nos gustar\u00eda contar con una familia que entienda este monumento como un s\u00edmbolo de reconciliaci\u00f3n. No queremos vincular a su asociaci\u00f3n con ning\u00fan partido pol\u00edtico pero es cierto que el Valle de los Ca\u00eddos tiene una serie de connotaciones pol\u00edticas que pueden convertir este monumento en un punto del programa electoral de las formaciones pol\u00edticas. El car\u00e1cter religioso del Valle, donde se encuentra la Bas\u00edlica Pontificia de la Santa Cruz, tambi\u00e9n resulta interesante para el programa ya que estamos interesados en que una de las familias presentes en los intercambios sea cat\u00f3lica y practicante, de modo que podamos conocer a trav\u00e9s de ellos la liturgia y c\u00f3mo se vive la fe.<\/p>\n<p>No obstante, como me explic\u00f3 el portavoz de esta Asociaci\u00f3n, ning\u00fan interesado participar\u00e1 en el programa como representante de la asociaci\u00f3n. Pero nos gustar\u00eda que, en caso de que fuera a t\u00edtulo personal, la familia s\u00ed defendiera los puntos expuestos m\u00e1s arriba. Por otra parte, como ya coment\u00e9 al portavoz, la gran ventaja del formato de Me Cambio de Familia es que los protagonistas hablan por s\u00ed mismos a diferencia de otros formatos. Adem\u00e1s de la gran difusi\u00f3n del programa con audiencias que superan a la de los formatos televisivos tradicionales.<\/p>\n<p>En caso de que le surja cualquier duda sobre el funcionamiento del programa, por favor, p\u00f3ngase en contacto conmigo a trav\u00e9s de este correo o en el tel\u00e9fono xxx xxx xxx.<br \/>\nMuchas gracias por todo,<\/p>\n<p><strong>xxxxx xxxxx<\/strong><\/p>\n<p>Redacci\u00f3n \u00abMe Cambio de Familia\u00bb<\/p>\n<p>xxx xxxx\u00a0Producciones<\/p>\n<p>xxx xxx xxx<\/p>\n","protected":false},"excerpt":{"rendered":"<p>Desde que la ADVC existe, y con su aparici\u00f3n en diferentes medios de comunicaci\u00f3n, se acercaron hasta nosotros todo tipo de periodistas, productoras, programas y cadenas de TV en busca de \u00ablo que vende\u00bb, es decir, el mal gusto, el entretenimiento zafio y la falta de pudor en todos los [&hellip;]<\/p>\n","protected":false},"author":1,"featured_media":0,"comment_status":"open","ping_status":"open","sticky":false,"template":"","format":"standard","meta":[],"categories":[1],"tags":[],"yoast_head":"<!-- This site is optimized with the Yoast SEO plugin v18.6 - https:\/\/yoast.com\/wordpress\/plugins\/seo\/ -->\n<title>Momentos rid\u00edculos de la historia de la defensa del Valle - ADVC<\/title>\n<meta name=\"robots\" content=\"index, follow, max-snippet:-1, max-image-preview:large, max-video-preview:-1\" \/>\n<link rel=\"canonical\" href=\"https:\/\/www.elvalledeloscaidos.es\/portal\/?p=2691\" \/>\n<meta property=\"og:locale\" content=\"es_ES\" \/>\n<meta property=\"og:type\" content=\"article\" \/>\n<meta property=\"og:title\" content=\"Momentos rid\u00edculos de la historia de la defensa del Valle - ADVC\" \/>\n<meta property=\"og:description\" content=\"Desde que la ADVC existe, y con su aparici\u00f3n en diferentes medios de comunicaci\u00f3n, se acercaron hasta nosotros todo tipo de periodistas, productoras, programas y cadenas de TV en busca de \u00ablo que vende\u00bb, es decir, el mal gusto, el entretenimiento zafio y la falta de pudor en todos los [&hellip;]\" \/>\n<meta property=\"og:url\" content=\"https:\/\/www.elvalledeloscaidos.es\/portal\/?p=2691\" \/>\n<meta property=\"og:site_name\" content=\"ADVC\" \/>\n<meta property=\"article:published_time\" content=\"2012-08-21T14:36:25+00:00\" \/>\n<meta property=\"article:modified_time\" content=\"2012-08-21T19:23:30+00:00\" \/>\n<meta name=\"twitter:card\" content=\"summary_large_image\" \/>\n<meta name=\"twitter:label1\" content=\"Escrito por\" \/>\n\t<meta name=\"twitter:data1\" content=\"linares\" \/>\n\t<meta name=\"twitter:label2\" content=\"Tiempo de lectura\" \/>\n\t<meta name=\"twitter:data2\" content=\"4 minutos\" \/>\n<script type=\"application\/ld+json\" class=\"yoast-schema-graph\">{\"@context\":\"https:\/\/schema.org\",\"@graph\":[{\"@type\":\"WebSite\",\"@id\":\"https:\/\/www.elvalledeloscaidos.es\/portal\/#website\",\"url\":\"https:\/\/www.elvalledeloscaidos.es\/portal\/\",\"name\":\"ADVC\",\"description\":\"Asociaci\u00f3n Para la Defensa del Valle de los Ca\u00eddos\",\"potentialAction\":[{\"@type\":\"SearchAction\",\"target\":{\"@type\":\"EntryPoint\",\"urlTemplate\":\"https:\/\/www.elvalledeloscaidos.es\/portal\/?s={search_term_string}\"},\"query-input\":\"required name=search_term_string\"}],\"inLanguage\":\"es\"},{\"@type\":\"WebPage\",\"@id\":\"https:\/\/www.elvalledeloscaidos.es\/portal\/?p=2691#webpage\",\"url\":\"https:\/\/www.elvalledeloscaidos.es\/portal\/?p=2691\",\"name\":\"Momentos rid\u00edculos de la historia de la defensa del Valle - ADVC\",\"isPartOf\":{\"@id\":\"https:\/\/www.elvalledeloscaidos.es\/portal\/#website\"},\"datePublished\":\"2012-08-21T14:36:25+00:00\",\"dateModified\":\"2012-08-21T19:23:30+00:00\",\"author\":{\"@id\":\"https:\/\/www.elvalledeloscaidos.es\/portal\/#\/schema\/person\/36b3894dc4f1eb332b7fc369aed7eb58\"},\"breadcrumb\":{\"@id\":\"https:\/\/www.elvalledeloscaidos.es\/portal\/?p=2691#breadcrumb\"},\"inLanguage\":\"es\",\"potentialAction\":[{\"@type\":\"ReadAction\",\"target\":[\"https:\/\/www.elvalledeloscaidos.es\/portal\/?p=2691\"]}]},{\"@type\":\"BreadcrumbList\",\"@id\":\"https:\/\/www.elvalledeloscaidos.es\/portal\/?p=2691#breadcrumb\",\"itemListElement\":[{\"@type\":\"ListItem\",\"position\":1,\"name\":\"Portada\",\"item\":\"https:\/\/www.elvalledeloscaidos.es\/portal\"},{\"@type\":\"ListItem\",\"position\":2,\"name\":\"Momentos rid\u00edculos de la historia de la defensa del Valle\"}]},{\"@type\":\"Person\",\"@id\":\"https:\/\/www.elvalledeloscaidos.es\/portal\/#\/schema\/person\/36b3894dc4f1eb332b7fc369aed7eb58\",\"name\":\"linares\",\"image\":{\"@type\":\"ImageObject\",\"@id\":\"https:\/\/www.elvalledeloscaidos.es\/portal\/#personlogo\",\"inLanguage\":\"es\",\"url\":\"https:\/\/secure.gravatar.com\/avatar\/0b6f3a427655ac169c9155e538724b76?s=96&d=mm&r=g\",\"contentUrl\":\"https:\/\/secure.gravatar.com\/avatar\/0b6f3a427655ac169c9155e538724b76?s=96&d=mm&r=g\",\"caption\":\"linares\"},\"url\":\"https:\/\/www.elvalledeloscaidos.es\/portal\/?author=1\"}]}<\/script>\n<!-- \/ Yoast SEO plugin. -->","yoast_head_json":{"title":"Momentos rid\u00edculos de la historia de la defensa del Valle - ADVC","robots":{"index":"index","follow":"follow","max-snippet":"max-snippet:-1","max-image-preview":"max-image-preview:large","max-video-preview":"max-video-preview:-1"},"canonical":"https:\/\/www.elvalledeloscaidos.es\/portal\/?p=2691","og_locale":"es_ES","og_type":"article","og_title":"Momentos rid\u00edculos de la historia de la defensa del Valle - ADVC","og_description":"Desde que la ADVC existe, y con su aparici\u00f3n en diferentes medios de comunicaci\u00f3n, se acercaron hasta nosotros todo tipo de periodistas, productoras, programas y cadenas de TV en busca de \u00ablo que vende\u00bb, es decir, el mal gusto, el entretenimiento zafio y la falta de pudor en todos los [&hellip;]","og_url":"https:\/\/www.elvalledeloscaidos.es\/portal\/?p=2691","og_site_name":"ADVC","article_published_time":"2012-08-21T14:36:25+00:00","article_modified_time":"2012-08-21T19:23:30+00:00","twitter_card":"summary_large_image","twitter_misc":{"Escrito por":"linares","Tiempo de lectura":"4 minutos"},"schema":{"@context":"https:\/\/schema.org","@graph":[{"@type":"WebSite","@id":"https:\/\/www.elvalledeloscaidos.es\/portal\/#website","url":"https:\/\/www.elvalledeloscaidos.es\/portal\/","name":"ADVC","description":"Asociaci\u00f3n Para la Defensa del Valle de los Ca\u00eddos","potentialAction":[{"@type":"SearchAction","target":{"@type":"EntryPoint","urlTemplate":"https:\/\/www.elvalledeloscaidos.es\/portal\/?s={search_term_string}"},"query-input":"required name=search_term_string"}],"inLanguage":"es"},{"@type":"WebPage","@id":"https:\/\/www.elvalledeloscaidos.es\/portal\/?p=2691#webpage","url":"https:\/\/www.elvalledeloscaidos.es\/portal\/?p=2691","name":"Momentos rid\u00edculos de la historia de la defensa del Valle - ADVC","isPartOf":{"@id":"https:\/\/www.elvalledeloscaidos.es\/portal\/#website"},"datePublished":"2012-08-21T14:36:25+00:00","dateModified":"2012-08-21T19:23:30+00:00","author":{"@id":"https:\/\/www.elvalledeloscaidos.es\/portal\/#\/schema\/person\/36b3894dc4f1eb332b7fc369aed7eb58"},"breadcrumb":{"@id":"https:\/\/www.elvalledeloscaidos.es\/portal\/?p=2691#breadcrumb"},"inLanguage":"es","potentialAction":[{"@type":"ReadAction","target":["https:\/\/www.elvalledeloscaidos.es\/portal\/?p=2691"]}]},{"@type":"BreadcrumbList","@id":"https:\/\/www.elvalledeloscaidos.es\/portal\/?p=2691#breadcrumb","itemListElement":[{"@type":"ListItem","position":1,"name":"Portada","item":"https:\/\/www.elvalledeloscaidos.es\/portal"},{"@type":"ListItem","position":2,"name":"Momentos rid\u00edculos de la historia de la defensa del Valle"}]},{"@type":"Person","@id":"https:\/\/www.elvalledeloscaidos.es\/portal\/#\/schema\/person\/36b3894dc4f1eb332b7fc369aed7eb58","name":"linares","image":{"@type":"ImageObject","@id":"https:\/\/www.elvalledeloscaidos.es\/portal\/#personlogo","inLanguage":"es","url":"https:\/\/secure.gravatar.com\/avatar\/0b6f3a427655ac169c9155e538724b76?s=96&d=mm&r=g","contentUrl":"https:\/\/secure.gravatar.com\/avatar\/0b6f3a427655ac169c9155e538724b76?s=96&d=mm&r=g","caption":"linares"},"url":"https:\/\/www.elvalledeloscaidos.es\/portal\/?author=1"}]}},"_links":{"self":[{"href":"https:\/\/www.elvalledeloscaidos.es\/portal\/index.php?rest_route=\/wp\/v2\/posts\/2691"}],"collection":[{"href":"https:\/\/www.elvalledeloscaidos.es\/portal\/index.php?rest_route=\/wp\/v2\/posts"}],"about":[{"href":"https:\/\/www.elvalledeloscaidos.es\/portal\/index.php?rest_route=\/wp\/v2\/types\/post"}],"author":[{"embeddable":true,"href":"https:\/\/www.elvalledeloscaidos.es\/portal\/index.php?rest_route=\/wp\/v2\/users\/1"}],"replies":[{"embeddable":true,"href":"https:\/\/www.elvalledeloscaidos.es\/portal\/index.php?rest_route=%2Fwp%2Fv2%2Fcomments&post=2691"}],"version-history":[{"count":6,"href":"https:\/\/www.elvalledeloscaidos.es\/portal\/index.php?rest_route=\/wp\/v2\/posts\/2691\/revisions"}],"predecessor-version":[{"id":2697,"href":"https:\/\/www.elvalledeloscaidos.es\/portal\/index.php?rest_route=\/wp\/v2\/posts\/2691\/revisions\/2697"}],"wp:attachment":[{"href":"https:\/\/www.elvalledeloscaidos.es\/portal\/index.php?rest_route=%2Fwp%2Fv2%2Fmedia&parent=2691"}],"wp:term":[{"taxonomy":"category","embeddable":true,"href":"https:\/\/www.elvalledeloscaidos.es\/portal\/index.php?rest_route=%2Fwp%2Fv2%2Fcategories&post=2691"},{"taxonomy":"post_tag","embeddable":true,"href":"https:\/\/www.elvalledeloscaidos.es\/portal\/index.php?rest_route=%2Fwp%2Fv2%2Ftags&post=2691"}],"curies":[{"name":"wp","href":"https:\/\/api.w.org\/{rel}","templated":true}]}}