{"id":2728,"date":"2012-09-04T22:28:26","date_gmt":"2012-09-04T21:28:26","guid":{"rendered":"http:\/\/www.elvalledeloscaidos.es\/portal\/?p=2728"},"modified":"2012-09-10T10:52:21","modified_gmt":"2012-09-10T09:52:21","slug":"la-forense-del-caso-breton-colaboro-con-la-comision-de-expertos-del-valle-de-los-caidos","status":"publish","type":"post","link":"https:\/\/www.elvalledeloscaidos.es\/portal\/?p=2728","title":{"rendered":"La forense del &#8216;caso Bret\u00f3n&#8217; colabor\u00f3 con la \u00abComisi\u00f3n de expertos del Valle de los Ca\u00eddos\u00bb"},"content":{"rendered":"<p>Obtuvo una baja calificaci\u00f3n en la oposici\u00f3n, particip\u00f3 en la investigaci\u00f3n de la desaparici\u00f3n de Jeremi Vargas y en la comisi\u00f3n de expertos del Valle de los Ca\u00eddos.<\/p>\n<ul>\n<li>Seg\u00fan apunta el Telediario de Intereconom\u00eda, la forense responsable del informe err\u00f3neo del &#8216;caso Bret\u00f3n&#8217;, obtuvo una de las peores calificaciones en los ex\u00e1menes de la oposici\u00f3n, donde su nota fue de un 5,93.<!--more--><\/li>\n<li>Adem\u00e1s, Josefina Lamas particip\u00f3 en la investigaci\u00f3n tras la desaparici\u00f3n del ni\u00f1o Jeremi Vargas, donde realiz\u00f3 un informe que conclu\u00eda que los restos hallados en el pozo eran de un ave. Ahora, debido a la confusi\u00f3n, el caso se ha reabierto y un segundo an\u00e1lisis precisar\u00e1 los resultados.<\/li>\n<li><strong>Casualmente, Josefina Lamas tambi\u00e9n ha participado en la pol\u00e9mica comisi\u00f3n de expertos del Valle de los Ca\u00eddos.<\/strong><\/li>\n<\/ul>\n<p>&nbsp;<\/p>\n<p><strong><a href=\"http:\/\/www.intereconomia.com\/noticias-gaceta\/sociedad\/sombras-josefina-lamas-forense-caso-breton-20120904\">http:\/\/www.intereconomia.com\/noticias-gaceta\/sociedad\/sombras-josefina-lamas-forense-caso-breton-20120904<\/a><\/strong><\/p>\n<p><strong>ADVC<\/strong><\/p>\n<p><strong>Recordemos que la mal llamada comisi\u00f3n de expertos que Zapatero de sac\u00f3 de sus zapatos anduvo enredando con el Valle como objetivo. Hace unas semanas supimos que uno de los dos presidentes de esa comisi\u00f3n, Virgilio Zapatero ha sido imputado por el \u00abCaso Bankia\u00bb, y ahora nos enteramos que esta sectaria comisi\u00f3n de pseudo expertos, recurri\u00f3 a los servicios profesionales de D\u00aa Josefina Lamas, forense de la polic\u00eda cient\u00edfica, para determinar la idoneidad de las exhumaciones pretendidas en el Valle de los Ca\u00eddos.<\/strong><\/p>\n<p><strong>No parece bastante para esta comisi\u00f3n el informe del Ministerio de Justicia firmado meses atr\u00e1s por una eminencia forense como D. Andr\u00e9s Bedate, en el cual taxativamente reconoc\u00eda la \u00abComplejidad Extrema\u00bb en la identificaci\u00f3n y\/o exhumaci\u00f3n de resto alguno.<\/strong><\/p>\n<p><strong>La ADVC, en cumplimiento de sus estatutos y fines fundacionales, solicitar\u00e1 formalmente al Ministerio de la Presidencia, audite cuanto cost\u00f3 al erario p\u00fablico espa\u00f1ol tan sectaria \u00abComisi\u00f3n de Expertos\u00bb, y se reserva en su caso la adopci\u00f3n de otro tipo de medidas en el \u00e1mbito judicial.<\/strong><\/p>\n<p>El informe forense del Ministerio de Justicia se puede descargar <a href=\"http:\/\/www.elvalledeloscaidos.es\/downloads\/informe.pdf\" target=\"_blank\">aqu\u00ed<\/a><\/p>\n<p>&nbsp;<\/p>\n<p>&nbsp;<\/p>\n<p>&nbsp;<\/p>\n","protected":false},"excerpt":{"rendered":"<p>Obtuvo una baja calificaci\u00f3n en la oposici\u00f3n, particip\u00f3 en la investigaci\u00f3n de la desaparici\u00f3n de Jeremi Vargas y en la comisi\u00f3n de expertos del Valle de los Ca\u00eddos. Seg\u00fan apunta el Telediario de Intereconom\u00eda, la forense responsable del informe err\u00f3neo del &#8216;caso Bret\u00f3n&#8217;, obtuvo una de las peores calificaciones en [&hellip;]<\/p>\n","protected":false},"author":3,"featured_media":0,"comment_status":"open","ping_status":"open","sticky":false,"template":"","format":"standard","meta":[],"categories":[4],"tags":[],"yoast_head":"<!-- This site is optimized with the Yoast SEO plugin v18.6 - https:\/\/yoast.com\/wordpress\/plugins\/seo\/ -->\n<title>La forense del &#039;caso Bret\u00f3n&#039; colabor\u00f3 con la &quot;Comisi\u00f3n de expertos del Valle de los Ca\u00eddos&quot; - ADVC<\/title>\n<meta name=\"robots\" content=\"index, follow, max-snippet:-1, max-image-preview:large, max-video-preview:-1\" \/>\n<link rel=\"canonical\" href=\"https:\/\/www.elvalledeloscaidos.es\/portal\/?p=2728\" \/>\n<meta property=\"og:locale\" content=\"es_ES\" \/>\n<meta property=\"og:type\" content=\"article\" \/>\n<meta property=\"og:title\" content=\"La forense del &#039;caso Bret\u00f3n&#039; colabor\u00f3 con la &quot;Comisi\u00f3n de expertos del Valle de los Ca\u00eddos&quot; - ADVC\" \/>\n<meta property=\"og:description\" content=\"Obtuvo una baja calificaci\u00f3n en la oposici\u00f3n, particip\u00f3 en la investigaci\u00f3n de la desaparici\u00f3n de Jeremi Vargas y en la comisi\u00f3n de expertos del Valle de los Ca\u00eddos. Seg\u00fan apunta el Telediario de Intereconom\u00eda, la forense responsable del informe err\u00f3neo del &#8216;caso Bret\u00f3n&#8217;, obtuvo una de las peores calificaciones en [&hellip;]\" \/>\n<meta property=\"og:url\" content=\"https:\/\/www.elvalledeloscaidos.es\/portal\/?p=2728\" \/>\n<meta property=\"og:site_name\" content=\"ADVC\" \/>\n<meta property=\"article:published_time\" content=\"2012-09-04T21:28:26+00:00\" \/>\n<meta property=\"article:modified_time\" content=\"2012-09-10T09:52:21+00:00\" \/>\n<meta name=\"twitter:card\" content=\"summary_large_image\" \/>\n<meta name=\"twitter:label1\" content=\"Escrito por\" \/>\n\t<meta name=\"twitter:data1\" content=\"Redaccion\" \/>\n\t<meta name=\"twitter:label2\" content=\"Tiempo de lectura\" \/>\n\t<meta name=\"twitter:data2\" content=\"2 minutos\" \/>\n<script type=\"application\/ld+json\" class=\"yoast-schema-graph\">{\"@context\":\"https:\/\/schema.org\",\"@graph\":[{\"@type\":\"WebSite\",\"@id\":\"https:\/\/www.elvalledeloscaidos.es\/portal\/#website\",\"url\":\"https:\/\/www.elvalledeloscaidos.es\/portal\/\",\"name\":\"ADVC\",\"description\":\"Asociaci\u00f3n Para la Defensa del Valle de los Ca\u00eddos\",\"potentialAction\":[{\"@type\":\"SearchAction\",\"target\":{\"@type\":\"EntryPoint\",\"urlTemplate\":\"https:\/\/www.elvalledeloscaidos.es\/portal\/?s={search_term_string}\"},\"query-input\":\"required name=search_term_string\"}],\"inLanguage\":\"es\"},{\"@type\":\"WebPage\",\"@id\":\"https:\/\/www.elvalledeloscaidos.es\/portal\/?p=2728#webpage\",\"url\":\"https:\/\/www.elvalledeloscaidos.es\/portal\/?p=2728\",\"name\":\"La forense del 'caso Bret\u00f3n' colabor\u00f3 con la \\\"Comisi\u00f3n de expertos del Valle de los Ca\u00eddos\\\" - ADVC\",\"isPartOf\":{\"@id\":\"https:\/\/www.elvalledeloscaidos.es\/portal\/#website\"},\"datePublished\":\"2012-09-04T21:28:26+00:00\",\"dateModified\":\"2012-09-10T09:52:21+00:00\",\"author\":{\"@id\":\"https:\/\/www.elvalledeloscaidos.es\/portal\/#\/schema\/person\/b4711176f6b283a7b25ff137a7e34a40\"},\"breadcrumb\":{\"@id\":\"https:\/\/www.elvalledeloscaidos.es\/portal\/?p=2728#breadcrumb\"},\"inLanguage\":\"es\",\"potentialAction\":[{\"@type\":\"ReadAction\",\"target\":[\"https:\/\/www.elvalledeloscaidos.es\/portal\/?p=2728\"]}]},{\"@type\":\"BreadcrumbList\",\"@id\":\"https:\/\/www.elvalledeloscaidos.es\/portal\/?p=2728#breadcrumb\",\"itemListElement\":[{\"@type\":\"ListItem\",\"position\":1,\"name\":\"Portada\",\"item\":\"https:\/\/www.elvalledeloscaidos.es\/portal\"},{\"@type\":\"ListItem\",\"position\":2,\"name\":\"La forense del &#8216;caso Bret\u00f3n&#8217; colabor\u00f3 con la \u00abComisi\u00f3n de expertos del Valle de los Ca\u00eddos\u00bb\"}]},{\"@type\":\"Person\",\"@id\":\"https:\/\/www.elvalledeloscaidos.es\/portal\/#\/schema\/person\/b4711176f6b283a7b25ff137a7e34a40\",\"name\":\"Redaccion\",\"image\":{\"@type\":\"ImageObject\",\"@id\":\"https:\/\/www.elvalledeloscaidos.es\/portal\/#personlogo\",\"inLanguage\":\"es\",\"url\":\"https:\/\/secure.gravatar.com\/avatar\/43c3c16f338b78edeffdbd22a8090c53?s=96&d=mm&r=g\",\"contentUrl\":\"https:\/\/secure.gravatar.com\/avatar\/43c3c16f338b78edeffdbd22a8090c53?s=96&d=mm&r=g\",\"caption\":\"Redaccion\"},\"url\":\"https:\/\/www.elvalledeloscaidos.es\/portal\/?author=3\"}]}<\/script>\n<!-- \/ Yoast SEO plugin. -->","yoast_head_json":{"title":"La forense del 'caso Bret\u00f3n' colabor\u00f3 con la \"Comisi\u00f3n de expertos del Valle de los Ca\u00eddos\" - ADVC","robots":{"index":"index","follow":"follow","max-snippet":"max-snippet:-1","max-image-preview":"max-image-preview:large","max-video-preview":"max-video-preview:-1"},"canonical":"https:\/\/www.elvalledeloscaidos.es\/portal\/?p=2728","og_locale":"es_ES","og_type":"article","og_title":"La forense del 'caso Bret\u00f3n' colabor\u00f3 con la \"Comisi\u00f3n de expertos del Valle de los Ca\u00eddos\" - ADVC","og_description":"Obtuvo una baja calificaci\u00f3n en la oposici\u00f3n, particip\u00f3 en la investigaci\u00f3n de la desaparici\u00f3n de Jeremi Vargas y en la comisi\u00f3n de expertos del Valle de los Ca\u00eddos. Seg\u00fan apunta el Telediario de Intereconom\u00eda, la forense responsable del informe err\u00f3neo del &#8216;caso Bret\u00f3n&#8217;, obtuvo una de las peores calificaciones en [&hellip;]","og_url":"https:\/\/www.elvalledeloscaidos.es\/portal\/?p=2728","og_site_name":"ADVC","article_published_time":"2012-09-04T21:28:26+00:00","article_modified_time":"2012-09-10T09:52:21+00:00","twitter_card":"summary_large_image","twitter_misc":{"Escrito por":"Redaccion","Tiempo de lectura":"2 minutos"},"schema":{"@context":"https:\/\/schema.org","@graph":[{"@type":"WebSite","@id":"https:\/\/www.elvalledeloscaidos.es\/portal\/#website","url":"https:\/\/www.elvalledeloscaidos.es\/portal\/","name":"ADVC","description":"Asociaci\u00f3n Para la Defensa del Valle de los Ca\u00eddos","potentialAction":[{"@type":"SearchAction","target":{"@type":"EntryPoint","urlTemplate":"https:\/\/www.elvalledeloscaidos.es\/portal\/?s={search_term_string}"},"query-input":"required name=search_term_string"}],"inLanguage":"es"},{"@type":"WebPage","@id":"https:\/\/www.elvalledeloscaidos.es\/portal\/?p=2728#webpage","url":"https:\/\/www.elvalledeloscaidos.es\/portal\/?p=2728","name":"La forense del 'caso Bret\u00f3n' colabor\u00f3 con la \"Comisi\u00f3n de expertos del Valle de los Ca\u00eddos\" - ADVC","isPartOf":{"@id":"https:\/\/www.elvalledeloscaidos.es\/portal\/#website"},"datePublished":"2012-09-04T21:28:26+00:00","dateModified":"2012-09-10T09:52:21+00:00","author":{"@id":"https:\/\/www.elvalledeloscaidos.es\/portal\/#\/schema\/person\/b4711176f6b283a7b25ff137a7e34a40"},"breadcrumb":{"@id":"https:\/\/www.elvalledeloscaidos.es\/portal\/?p=2728#breadcrumb"},"inLanguage":"es","potentialAction":[{"@type":"ReadAction","target":["https:\/\/www.elvalledeloscaidos.es\/portal\/?p=2728"]}]},{"@type":"BreadcrumbList","@id":"https:\/\/www.elvalledeloscaidos.es\/portal\/?p=2728#breadcrumb","itemListElement":[{"@type":"ListItem","position":1,"name":"Portada","item":"https:\/\/www.elvalledeloscaidos.es\/portal"},{"@type":"ListItem","position":2,"name":"La forense del &#8216;caso Bret\u00f3n&#8217; colabor\u00f3 con la \u00abComisi\u00f3n de expertos del Valle de los Ca\u00eddos\u00bb"}]},{"@type":"Person","@id":"https:\/\/www.elvalledeloscaidos.es\/portal\/#\/schema\/person\/b4711176f6b283a7b25ff137a7e34a40","name":"Redaccion","image":{"@type":"ImageObject","@id":"https:\/\/www.elvalledeloscaidos.es\/portal\/#personlogo","inLanguage":"es","url":"https:\/\/secure.gravatar.com\/avatar\/43c3c16f338b78edeffdbd22a8090c53?s=96&d=mm&r=g","contentUrl":"https:\/\/secure.gravatar.com\/avatar\/43c3c16f338b78edeffdbd22a8090c53?s=96&d=mm&r=g","caption":"Redaccion"},"url":"https:\/\/www.elvalledeloscaidos.es\/portal\/?author=3"}]}},"_links":{"self":[{"href":"https:\/\/www.elvalledeloscaidos.es\/portal\/index.php?rest_route=\/wp\/v2\/posts\/2728"}],"collection":[{"href":"https:\/\/www.elvalledeloscaidos.es\/portal\/index.php?rest_route=\/wp\/v2\/posts"}],"about":[{"href":"https:\/\/www.elvalledeloscaidos.es\/portal\/index.php?rest_route=\/wp\/v2\/types\/post"}],"author":[{"embeddable":true,"href":"https:\/\/www.elvalledeloscaidos.es\/portal\/index.php?rest_route=\/wp\/v2\/users\/3"}],"replies":[{"embeddable":true,"href":"https:\/\/www.elvalledeloscaidos.es\/portal\/index.php?rest_route=%2Fwp%2Fv2%2Fcomments&post=2728"}],"version-history":[{"count":10,"href":"https:\/\/www.elvalledeloscaidos.es\/portal\/index.php?rest_route=\/wp\/v2\/posts\/2728\/revisions"}],"predecessor-version":[{"id":2745,"href":"https:\/\/www.elvalledeloscaidos.es\/portal\/index.php?rest_route=\/wp\/v2\/posts\/2728\/revisions\/2745"}],"wp:attachment":[{"href":"https:\/\/www.elvalledeloscaidos.es\/portal\/index.php?rest_route=%2Fwp%2Fv2%2Fmedia&parent=2728"}],"wp:term":[{"taxonomy":"category","embeddable":true,"href":"https:\/\/www.elvalledeloscaidos.es\/portal\/index.php?rest_route=%2Fwp%2Fv2%2Fcategories&post=2728"},{"taxonomy":"post_tag","embeddable":true,"href":"https:\/\/www.elvalledeloscaidos.es\/portal\/index.php?rest_route=%2Fwp%2Fv2%2Ftags&post=2728"}],"curies":[{"name":"wp","href":"https:\/\/api.w.org\/{rel}","templated":true}]}}