{"id":2794,"date":"2012-10-09T14:41:47","date_gmt":"2012-10-09T13:41:47","guid":{"rendered":"http:\/\/www.elvalledeloscaidos.es\/portal\/?p=2794"},"modified":"2012-10-10T10:13:27","modified_gmt":"2012-10-10T09:13:27","slug":"texto-del-escrito-que-ha-advc-ha-hecho-llegar-al-grupo-vasco-del-senado","status":"publish","type":"post","link":"https:\/\/www.elvalledeloscaidos.es\/portal\/?p=2794","title":{"rendered":"Texto del escrito que la ADVC ha hecho llegar al Grupo Vasco del Senado"},"content":{"rendered":"<p>La Asociaci\u00f3n Para la Defensa del Valle de los Ca\u00eddos ha hecho llegar sendos escritos al Grupo Vasco en el Senado y al Presidente de la C\u00e1mara Alta, D. P\u00edo Garc\u00eda Escudero, en contra de la propuesta del PNV de trasladar los restos de Francisco Franco del Valle de los Ca\u00eddos en cumplimiento de lo dictaminado por la \u00abComisi\u00f3n de expertos del Valle de los Ca\u00eddos\u00bb.<\/p>\n<p>Reproducimos aqu\u00ed, integro, el texto de dicho escrito:<\/p>\n<p>AL GRUPO PARLAMENTARIO VASCO EN EL SENADO:<\/p>\n<p><!--more--><\/p>\n<p>Mediante la presente le insto a que retire la moci\u00f3n n\u00ba 662\/000040 relativa al futuro del monumento del Valle de los Ca\u00eddos y la retirada de los restos mortales del anterior Jefe del Estado Espa\u00f1ol. El Valle de los Ca\u00eddos ya es un lugar de paz y reconciliaci\u00f3n. Mociones como esta y palabras como las del Senador Anasagasti que incitaban a dinamitar el Valle de los Ca\u00eddos no son sino una provocaci\u00f3n a odios trasnochados que incluso entendemos puede estar tipificada en el C\u00f3digo Penal, si estuvieran conformes en conceder el suplicatorio. Les instamos a que pongan sus esfuerzos, no en poner fronteras f\u00edsicas e ideol\u00f3gicas, sino a trabajar para que todos los espa\u00f1oles salgamos de la crisis econ\u00f3mica, que debe ser la principal preocupaci\u00f3n de ese Grupo y del Senado.<\/p>\n<p>Por otra parte y no menos importante, esta ADVC quiere recordar dos aspectos de categor\u00eda legal e hist\u00f3rica que impiden exhumar los restos del anterior Jefe del Estado de su actual enterramiento:<\/p>\n<p>1\u00b0\/ Fue el actual Jefe del Estado, el rey de Espa\u00f1a, don Juan Carlos de Borb\u00f3n, el que dict\u00f3 la orden de que Francisco Franco fuera sepultado en el lugar en que lo est\u00e1.<\/p>\n<p>2\u00b0\/ Es tradici\u00f3n de la Iglesia Cat\u00f3lica que los promotores e impulsores de la construcci\u00f3n de templos religiosos (y el Valle de los Ca\u00eddos lo es con la categor\u00eda de Bas\u00edlica Pontificia, es decir, bajo la autoridad directa del Papa) puedan ser enterrados en su interior. Francisco Franco cumple tal condici\u00f3n por ser el principal impulsor de su construcci\u00f3n. Ninguna autoridad no pontificia tiene potestad legal para contravenir dicha tradici\u00f3n ancestral, recogida en el Derecho Can\u00f3nico y en los tratados internacionales).<\/p>\n<p>Por otra parte, en cuanto al dictamen de la mal llamada Comisi\u00f3n de Expertos, queremos ponerles de manifiesto, y en relaci\u00f3n a la misma, lo siguiente:<\/p>\n<p>&#8211; La propia comisi\u00f3n de \u201cexpertos\u201d, entendemos carece de cualquier objetividad exigible en un asunto de esta importancia.<br \/>\n&#8211; El dictamen se produjo sin mayor\u00eda cualificada en su seno.<br \/>\n&#8211; La forense de la Polic\u00eda Cient\u00edfica, D\u00aa Josefina Lamas, que intervino en la expresada Comisi\u00f3n, para hacernos una idea, es la misma que ha actuado recientemente en un conocido caso en que ha confundido los restos mortales de ni\u00f1os, con los de animales.<br \/>\n&#8211; El que fue Copresidente de dicha Comisi\u00f3n mal llamada de expertos, Virgilio Zapatero, ha sido imputado en el conocido caso Bankia.<br \/>\n&#8211; Y, por si todo fuera poco, el entonces Ministro de la Presidencia Ram\u00f3n J\u00e1uregui, anticip\u00f3 en un programa de televisi\u00f3n lo que iba a decir la expresada Comisi\u00f3n varios meses despu\u00e9s, lo que induce a pensar en que dicho dictamen, m\u00e1s que cient\u00edfico fue de encargo.<\/p>\n<p>La retirada o remoci\u00f3n de cualquier resto mortal inhumado en el templo del Valle de los Ca\u00eddos, incluyendo los de Francisco Franco y Jos\u00e9 Antonio Primo de Rivera, es totalmente inviable jur\u00eddicamente e innegociable. Por todo ello, sin perjuicio de las acciones que correspondan, le instamos a la retirada de la moci\u00f3n expresada, en beneficio de la paz y reconciliaci\u00f3n de todos los espa\u00f1oles.<\/p>\n<p>Madrid, 9 de octubre de 2012.<\/p>\n<p>Fdo.: Pablo Linares.<br \/>\nPresidente de la Asociaci\u00f3n para la Defensa del Valle de los Ca\u00eddos.<\/p>\n","protected":false},"excerpt":{"rendered":"<p>La Asociaci\u00f3n Para la Defensa del Valle de los Ca\u00eddos ha hecho llegar sendos escritos al Grupo Vasco en el Senado y al Presidente de la C\u00e1mara Alta, D. P\u00edo Garc\u00eda Escudero, en contra de la propuesta del PNV de trasladar los restos de Francisco Franco del Valle de los [&hellip;]<\/p>\n","protected":false},"author":1,"featured_media":0,"comment_status":"open","ping_status":"open","sticky":false,"template":"","format":"standard","meta":[],"categories":[4],"tags":[],"yoast_head":"<!-- This site is optimized with the Yoast SEO plugin v18.6 - https:\/\/yoast.com\/wordpress\/plugins\/seo\/ -->\n<title>Texto del escrito que la ADVC ha hecho llegar al Grupo Vasco del Senado - ADVC<\/title>\n<meta name=\"robots\" content=\"index, follow, max-snippet:-1, max-image-preview:large, max-video-preview:-1\" \/>\n<link rel=\"canonical\" href=\"https:\/\/www.elvalledeloscaidos.es\/portal\/?p=2794\" \/>\n<meta property=\"og:locale\" content=\"es_ES\" \/>\n<meta property=\"og:type\" content=\"article\" \/>\n<meta property=\"og:title\" content=\"Texto del escrito que la ADVC ha hecho llegar al Grupo Vasco del Senado - ADVC\" \/>\n<meta property=\"og:description\" content=\"La Asociaci\u00f3n Para la Defensa del Valle de los Ca\u00eddos ha hecho llegar sendos escritos al Grupo Vasco en el Senado y al Presidente de la C\u00e1mara Alta, D. P\u00edo Garc\u00eda Escudero, en contra de la propuesta del PNV de trasladar los restos de Francisco Franco del Valle de los [&hellip;]\" \/>\n<meta property=\"og:url\" content=\"https:\/\/www.elvalledeloscaidos.es\/portal\/?p=2794\" \/>\n<meta property=\"og:site_name\" content=\"ADVC\" \/>\n<meta property=\"article:published_time\" content=\"2012-10-09T13:41:47+00:00\" \/>\n<meta property=\"article:modified_time\" content=\"2012-10-10T09:13:27+00:00\" \/>\n<meta name=\"twitter:card\" content=\"summary_large_image\" \/>\n<meta name=\"twitter:label1\" content=\"Escrito por\" \/>\n\t<meta name=\"twitter:data1\" content=\"linares\" \/>\n\t<meta name=\"twitter:label2\" content=\"Tiempo de lectura\" \/>\n\t<meta name=\"twitter:data2\" content=\"3 minutos\" \/>\n<script type=\"application\/ld+json\" class=\"yoast-schema-graph\">{\"@context\":\"https:\/\/schema.org\",\"@graph\":[{\"@type\":\"WebSite\",\"@id\":\"https:\/\/www.elvalledeloscaidos.es\/portal\/#website\",\"url\":\"https:\/\/www.elvalledeloscaidos.es\/portal\/\",\"name\":\"ADVC\",\"description\":\"Asociaci\u00f3n Para la Defensa del Valle de los Ca\u00eddos\",\"potentialAction\":[{\"@type\":\"SearchAction\",\"target\":{\"@type\":\"EntryPoint\",\"urlTemplate\":\"https:\/\/www.elvalledeloscaidos.es\/portal\/?s={search_term_string}\"},\"query-input\":\"required name=search_term_string\"}],\"inLanguage\":\"es\"},{\"@type\":\"WebPage\",\"@id\":\"https:\/\/www.elvalledeloscaidos.es\/portal\/?p=2794#webpage\",\"url\":\"https:\/\/www.elvalledeloscaidos.es\/portal\/?p=2794\",\"name\":\"Texto del escrito que la ADVC ha hecho llegar al Grupo Vasco del Senado - ADVC\",\"isPartOf\":{\"@id\":\"https:\/\/www.elvalledeloscaidos.es\/portal\/#website\"},\"datePublished\":\"2012-10-09T13:41:47+00:00\",\"dateModified\":\"2012-10-10T09:13:27+00:00\",\"author\":{\"@id\":\"https:\/\/www.elvalledeloscaidos.es\/portal\/#\/schema\/person\/36b3894dc4f1eb332b7fc369aed7eb58\"},\"breadcrumb\":{\"@id\":\"https:\/\/www.elvalledeloscaidos.es\/portal\/?p=2794#breadcrumb\"},\"inLanguage\":\"es\",\"potentialAction\":[{\"@type\":\"ReadAction\",\"target\":[\"https:\/\/www.elvalledeloscaidos.es\/portal\/?p=2794\"]}]},{\"@type\":\"BreadcrumbList\",\"@id\":\"https:\/\/www.elvalledeloscaidos.es\/portal\/?p=2794#breadcrumb\",\"itemListElement\":[{\"@type\":\"ListItem\",\"position\":1,\"name\":\"Portada\",\"item\":\"https:\/\/www.elvalledeloscaidos.es\/portal\"},{\"@type\":\"ListItem\",\"position\":2,\"name\":\"Texto del escrito que la ADVC ha hecho llegar al Grupo Vasco del Senado\"}]},{\"@type\":\"Person\",\"@id\":\"https:\/\/www.elvalledeloscaidos.es\/portal\/#\/schema\/person\/36b3894dc4f1eb332b7fc369aed7eb58\",\"name\":\"linares\",\"image\":{\"@type\":\"ImageObject\",\"@id\":\"https:\/\/www.elvalledeloscaidos.es\/portal\/#personlogo\",\"inLanguage\":\"es\",\"url\":\"https:\/\/secure.gravatar.com\/avatar\/0b6f3a427655ac169c9155e538724b76?s=96&d=mm&r=g\",\"contentUrl\":\"https:\/\/secure.gravatar.com\/avatar\/0b6f3a427655ac169c9155e538724b76?s=96&d=mm&r=g\",\"caption\":\"linares\"},\"url\":\"https:\/\/www.elvalledeloscaidos.es\/portal\/?author=1\"}]}<\/script>\n<!-- \/ Yoast SEO plugin. -->","yoast_head_json":{"title":"Texto del escrito que la ADVC ha hecho llegar al Grupo Vasco del Senado - ADVC","robots":{"index":"index","follow":"follow","max-snippet":"max-snippet:-1","max-image-preview":"max-image-preview:large","max-video-preview":"max-video-preview:-1"},"canonical":"https:\/\/www.elvalledeloscaidos.es\/portal\/?p=2794","og_locale":"es_ES","og_type":"article","og_title":"Texto del escrito que la ADVC ha hecho llegar al Grupo Vasco del Senado - ADVC","og_description":"La Asociaci\u00f3n Para la Defensa del Valle de los Ca\u00eddos ha hecho llegar sendos escritos al Grupo Vasco en el Senado y al Presidente de la C\u00e1mara Alta, D. P\u00edo Garc\u00eda Escudero, en contra de la propuesta del PNV de trasladar los restos de Francisco Franco del Valle de los [&hellip;]","og_url":"https:\/\/www.elvalledeloscaidos.es\/portal\/?p=2794","og_site_name":"ADVC","article_published_time":"2012-10-09T13:41:47+00:00","article_modified_time":"2012-10-10T09:13:27+00:00","twitter_card":"summary_large_image","twitter_misc":{"Escrito por":"linares","Tiempo de lectura":"3 minutos"},"schema":{"@context":"https:\/\/schema.org","@graph":[{"@type":"WebSite","@id":"https:\/\/www.elvalledeloscaidos.es\/portal\/#website","url":"https:\/\/www.elvalledeloscaidos.es\/portal\/","name":"ADVC","description":"Asociaci\u00f3n Para la Defensa del Valle de los Ca\u00eddos","potentialAction":[{"@type":"SearchAction","target":{"@type":"EntryPoint","urlTemplate":"https:\/\/www.elvalledeloscaidos.es\/portal\/?s={search_term_string}"},"query-input":"required name=search_term_string"}],"inLanguage":"es"},{"@type":"WebPage","@id":"https:\/\/www.elvalledeloscaidos.es\/portal\/?p=2794#webpage","url":"https:\/\/www.elvalledeloscaidos.es\/portal\/?p=2794","name":"Texto del escrito que la ADVC ha hecho llegar al Grupo Vasco del Senado - ADVC","isPartOf":{"@id":"https:\/\/www.elvalledeloscaidos.es\/portal\/#website"},"datePublished":"2012-10-09T13:41:47+00:00","dateModified":"2012-10-10T09:13:27+00:00","author":{"@id":"https:\/\/www.elvalledeloscaidos.es\/portal\/#\/schema\/person\/36b3894dc4f1eb332b7fc369aed7eb58"},"breadcrumb":{"@id":"https:\/\/www.elvalledeloscaidos.es\/portal\/?p=2794#breadcrumb"},"inLanguage":"es","potentialAction":[{"@type":"ReadAction","target":["https:\/\/www.elvalledeloscaidos.es\/portal\/?p=2794"]}]},{"@type":"BreadcrumbList","@id":"https:\/\/www.elvalledeloscaidos.es\/portal\/?p=2794#breadcrumb","itemListElement":[{"@type":"ListItem","position":1,"name":"Portada","item":"https:\/\/www.elvalledeloscaidos.es\/portal"},{"@type":"ListItem","position":2,"name":"Texto del escrito que la ADVC ha hecho llegar al Grupo Vasco del Senado"}]},{"@type":"Person","@id":"https:\/\/www.elvalledeloscaidos.es\/portal\/#\/schema\/person\/36b3894dc4f1eb332b7fc369aed7eb58","name":"linares","image":{"@type":"ImageObject","@id":"https:\/\/www.elvalledeloscaidos.es\/portal\/#personlogo","inLanguage":"es","url":"https:\/\/secure.gravatar.com\/avatar\/0b6f3a427655ac169c9155e538724b76?s=96&d=mm&r=g","contentUrl":"https:\/\/secure.gravatar.com\/avatar\/0b6f3a427655ac169c9155e538724b76?s=96&d=mm&r=g","caption":"linares"},"url":"https:\/\/www.elvalledeloscaidos.es\/portal\/?author=1"}]}},"_links":{"self":[{"href":"https:\/\/www.elvalledeloscaidos.es\/portal\/index.php?rest_route=\/wp\/v2\/posts\/2794"}],"collection":[{"href":"https:\/\/www.elvalledeloscaidos.es\/portal\/index.php?rest_route=\/wp\/v2\/posts"}],"about":[{"href":"https:\/\/www.elvalledeloscaidos.es\/portal\/index.php?rest_route=\/wp\/v2\/types\/post"}],"author":[{"embeddable":true,"href":"https:\/\/www.elvalledeloscaidos.es\/portal\/index.php?rest_route=\/wp\/v2\/users\/1"}],"replies":[{"embeddable":true,"href":"https:\/\/www.elvalledeloscaidos.es\/portal\/index.php?rest_route=%2Fwp%2Fv2%2Fcomments&post=2794"}],"version-history":[{"count":5,"href":"https:\/\/www.elvalledeloscaidos.es\/portal\/index.php?rest_route=\/wp\/v2\/posts\/2794\/revisions"}],"predecessor-version":[{"id":2799,"href":"https:\/\/www.elvalledeloscaidos.es\/portal\/index.php?rest_route=\/wp\/v2\/posts\/2794\/revisions\/2799"}],"wp:attachment":[{"href":"https:\/\/www.elvalledeloscaidos.es\/portal\/index.php?rest_route=%2Fwp%2Fv2%2Fmedia&parent=2794"}],"wp:term":[{"taxonomy":"category","embeddable":true,"href":"https:\/\/www.elvalledeloscaidos.es\/portal\/index.php?rest_route=%2Fwp%2Fv2%2Fcategories&post=2794"},{"taxonomy":"post_tag","embeddable":true,"href":"https:\/\/www.elvalledeloscaidos.es\/portal\/index.php?rest_route=%2Fwp%2Fv2%2Ftags&post=2794"}],"curies":[{"name":"wp","href":"https:\/\/api.w.org\/{rel}","templated":true}]}}