{"id":2802,"date":"2012-10-10T14:11:07","date_gmt":"2012-10-10T13:11:07","guid":{"rendered":"http:\/\/www.elvalledeloscaidos.es\/portal\/?p=2802"},"modified":"2012-10-10T16:30:28","modified_gmt":"2012-10-10T15:30:28","slug":"el-pp-no-a-reformar-el-valle-de-los-caidos-importan-mas-los-problemas-de-los-vivos","status":"publish","type":"post","link":"https:\/\/www.elvalledeloscaidos.es\/portal\/?p=2802","title":{"rendered":"Cr\u00f3nica del pleno del Senado del dia de hoy, con el Valle de los Ca\u00eddos como tema de debate."},"content":{"rendered":"<p>\u00a0El PP ha rechazado una moci\u00f3n en el Pleno del Senado para poner en marcha la reforma del Valle de los Ca\u00eddos y crear para ello una comisi\u00f3n parlamentaria que busque consensos sobre c\u00f3mo hacerlo, <strong>ya ha asegurado que este es un asunto \u00abtotalmente agotado\u00bb<\/strong> y superado adem\u00e1s por la crisis econ\u00f3mica.<\/p>\n<p>\u00ab<strong>Dejad que los muertos entierren a sus muertos<\/strong>. Es una invitaci\u00f3n a ocuparse de los problemas de los vivos, que en estos tiempos que corren no son pocos ni sencillos\u00bb, le ha dicho el portavoz &#8216;popular&#8217; Alejandro Mu\u00f1oz-Alonso al vasco I\u00f1aki Anasagasti (PNV), autor de la moci\u00f3n.<\/p>\n<p><strong>Facilitamos aqu\u00ed los v\u00ednculos con la web del Senado, donde se pueden ver las intervenciones de los ponentes en el plano de esta misma ma\u00f1ana.<\/strong><\/p>\n<p><span style=\"color: #800000;\"><strong>&#8211; 1\u00aa<\/strong> Intervenci\u00f3n de\u00a0<span style=\"color: #000000;\">IGNACIO ANASAGASTI<\/span>,\u00a0en defensa de la moci\u00f3n<strong> <a href=\"http:\/\/senstream.senado.es\/semidirecto\/10_s000040_018_01_1\/i_10_S000040_018_01_563867.wsx\" target=\"_blank\"><span style=\"color: #800000;\">[ver]<\/span><\/a><\/strong><\/span><\/p>\n<p><span style=\"color: #800000;\"><strong>-2\u00aa <\/strong>Intervenci\u00f3n: <span style=\"color: #000000;\">FRANCESC ANTICH OLIVER, <\/span>\u00a0por el Grupo Socialista, en defensa de la enmienda:<strong> <a href=\"http:\/\/senstream.senado.es\/semidirecto\/10_s000040_018_01_1\/i_10_S000040_018_01_563820.wsx\" target=\"_blank\"><span style=\"color: #800000;\">[ver]<\/span><\/a><\/strong><\/span><\/p>\n<p><span style=\"color: #800000;\"><strong>-3\u00aa <\/strong>Intervenci\u00f3n: <span style=\"color: #000000;\">IGNACIO ANASAGASTI<\/span>,\u00a0 en turno de posicionamiento sobre las enmiendas:<strong> <a href=\"http:\/\/senstream.senado.es\/semidirecto\/10_s000040_018_01_1\/i_10_S000040_018_01_563826.wsx\" target=\"_blank\"><span style=\"color: #800000;\">[ver]<\/span><\/a><\/strong><\/span><\/p>\n<p><span style=\"color: #800000;\"><strong>-4\u00aa <\/strong>Intervenci\u00f3n: <span style=\"color: #000000;\">JES\u00daS IGLESIAS FERN\u00c1NDEZ<\/span>, del Grupo Izquierda Unida:<strong> <a href=\"http:\/\/senstream.senado.es\/semidirecto\/10_s000040_018_01_1\/i_10_S000040_018_01_563825.wsx\" target=\"_blank\"><span style=\"color: #800000;\">[ver]<\/span><\/a><\/strong><\/span><\/p>\n<p><span style=\"color: #800000;\"><strong>-5\u00aa <\/strong>Intervenci\u00f3n: <span style=\"color: #000000;\">IGNACIO ANASAGASTI<\/span>:<strong> <a href=\"http:\/\/senstream.senado.es\/semidirecto\/10_s000040_018_01_1\/i_10_S000040_018_01_563828.wsx\" target=\"_blank\"><span style=\"color: #800000;\">[ver]<\/span><\/a><\/strong><\/span><\/p>\n<p><span style=\"color: #800000;\"><strong>-6\u00aa <\/strong>Intervenci\u00f3n: <span style=\"color: #000000;\">JOAN SAURA LAPORTA,<\/span> de Iniciativa por Catalu\u00f1a, Verdes:<strong> <a href=\"http:\/\/senstream.senado.es\/semidirecto\/10_s000040_018_01_1\/i_10_S000040_018_01_563821.wsx\" target=\"_blank\"><span style=\"color: #800000;\">[ver]<\/span><\/a><\/strong><\/span><\/p>\n<p><span style=\"color: #800000;\"><strong>-7\u00aa <\/strong>Intervenci\u00f3n: <span style=\"color: #000000;\">JUAN BAUTISTA RAGU\u00c9,<\/span> del Grupo CIU:<strong> <a href=\"http:\/\/senstream.senado.es\/semidirecto\/10_s000040_018_01_1\/i_10_S000040_018_01_563822.wsx\" target=\"_blank\"><span style=\"color: #800000;\">[ver]<\/span><\/a><\/strong><\/span><\/p>\n<p><span style=\"color: #800000;\"><strong>-8\u00aa <\/strong>Intervenci\u00f3n: <span style=\"color: #000000;\">FRANCESC ANTICH OLIVER<\/span>:<strong> <a href=\"http:\/\/senstream.senado.es\/semidirecto\/10_s000040_018_01_1\/i_10_S000040_018_01_563823.wsx\" target=\"_blank\"><span style=\"color: #800000;\">[ver]<\/span><\/a><\/strong><\/span><\/p>\n<p><span style=\"color: #800000;\"><strong>-9\u00aa <\/strong>Intervenci\u00f3n: <span style=\"color: #000000;\">ALEJANDRO MU\u00d1OZ ALONSO<\/span>, del Grupo Popular:<strong> <a href=\"http:\/\/senstream.senado.es\/semidirecto\/10_s000040_018_01_1\/i_10_S000040_018_01_563824.wsx\" target=\"_blank\"><span style=\"color: #800000;\">[ver]<\/span><\/a><\/strong><\/span><\/p>\n<p><span style=\"color: #800000;\"><strong>-10\u00ba <\/strong>Votaci\u00f3n:<strong> <a href=\"http:\/\/senstream.senado.es\/semidirecto\/10_s000040_018_01_2\/i_10_S000040_018_01_563829.wsx\" target=\"_blank\"><span style=\"color: #800000;\">[ver]<\/span><\/a><\/strong><\/span><\/p>\n","protected":false},"excerpt":{"rendered":"<p>\u00a0El PP ha rechazado una moci\u00f3n en el Pleno del Senado para poner en marcha la reforma del Valle de los Ca\u00eddos y crear para ello una comisi\u00f3n parlamentaria que busque consensos sobre c\u00f3mo hacerlo, ya ha asegurado que este es un asunto \u00abtotalmente agotado\u00bb y superado adem\u00e1s por la [&hellip;]<\/p>\n","protected":false},"author":1,"featured_media":0,"comment_status":"open","ping_status":"open","sticky":false,"template":"","format":"standard","meta":[],"categories":[4],"tags":[],"yoast_head":"<!-- This site is optimized with the Yoast SEO plugin v18.6 - https:\/\/yoast.com\/wordpress\/plugins\/seo\/ -->\n<title>Cr\u00f3nica del pleno del Senado del dia de hoy, con el Valle de los Ca\u00eddos como tema de debate. - ADVC<\/title>\n<meta name=\"robots\" content=\"index, follow, max-snippet:-1, max-image-preview:large, max-video-preview:-1\" \/>\n<link rel=\"canonical\" href=\"https:\/\/www.elvalledeloscaidos.es\/portal\/?p=2802\" \/>\n<meta property=\"og:locale\" content=\"es_ES\" \/>\n<meta property=\"og:type\" content=\"article\" \/>\n<meta property=\"og:title\" content=\"Cr\u00f3nica del pleno del Senado del dia de hoy, con el Valle de los Ca\u00eddos como tema de debate. - ADVC\" \/>\n<meta property=\"og:description\" content=\"\u00a0El PP ha rechazado una moci\u00f3n en el Pleno del Senado para poner en marcha la reforma del Valle de los Ca\u00eddos y crear para ello una comisi\u00f3n parlamentaria que busque consensos sobre c\u00f3mo hacerlo, ya ha asegurado que este es un asunto \u00abtotalmente agotado\u00bb y superado adem\u00e1s por la [&hellip;]\" \/>\n<meta property=\"og:url\" content=\"https:\/\/www.elvalledeloscaidos.es\/portal\/?p=2802\" \/>\n<meta property=\"og:site_name\" content=\"ADVC\" \/>\n<meta property=\"article:published_time\" content=\"2012-10-10T13:11:07+00:00\" \/>\n<meta property=\"article:modified_time\" content=\"2012-10-10T15:30:28+00:00\" \/>\n<meta name=\"twitter:card\" content=\"summary_large_image\" \/>\n<meta name=\"twitter:label1\" content=\"Escrito por\" \/>\n\t<meta name=\"twitter:data1\" content=\"linares\" \/>\n\t<meta name=\"twitter:label2\" content=\"Tiempo de lectura\" \/>\n\t<meta name=\"twitter:data2\" content=\"1 minuto\" \/>\n<script type=\"application\/ld+json\" class=\"yoast-schema-graph\">{\"@context\":\"https:\/\/schema.org\",\"@graph\":[{\"@type\":\"WebSite\",\"@id\":\"https:\/\/www.elvalledeloscaidos.es\/portal\/#website\",\"url\":\"https:\/\/www.elvalledeloscaidos.es\/portal\/\",\"name\":\"ADVC\",\"description\":\"Asociaci\u00f3n Para la Defensa del Valle de los Ca\u00eddos\",\"potentialAction\":[{\"@type\":\"SearchAction\",\"target\":{\"@type\":\"EntryPoint\",\"urlTemplate\":\"https:\/\/www.elvalledeloscaidos.es\/portal\/?s={search_term_string}\"},\"query-input\":\"required name=search_term_string\"}],\"inLanguage\":\"es\"},{\"@type\":\"WebPage\",\"@id\":\"https:\/\/www.elvalledeloscaidos.es\/portal\/?p=2802#webpage\",\"url\":\"https:\/\/www.elvalledeloscaidos.es\/portal\/?p=2802\",\"name\":\"Cr\u00f3nica del pleno del Senado del dia de hoy, con el Valle de los Ca\u00eddos como tema de debate. - ADVC\",\"isPartOf\":{\"@id\":\"https:\/\/www.elvalledeloscaidos.es\/portal\/#website\"},\"datePublished\":\"2012-10-10T13:11:07+00:00\",\"dateModified\":\"2012-10-10T15:30:28+00:00\",\"author\":{\"@id\":\"https:\/\/www.elvalledeloscaidos.es\/portal\/#\/schema\/person\/36b3894dc4f1eb332b7fc369aed7eb58\"},\"breadcrumb\":{\"@id\":\"https:\/\/www.elvalledeloscaidos.es\/portal\/?p=2802#breadcrumb\"},\"inLanguage\":\"es\",\"potentialAction\":[{\"@type\":\"ReadAction\",\"target\":[\"https:\/\/www.elvalledeloscaidos.es\/portal\/?p=2802\"]}]},{\"@type\":\"BreadcrumbList\",\"@id\":\"https:\/\/www.elvalledeloscaidos.es\/portal\/?p=2802#breadcrumb\",\"itemListElement\":[{\"@type\":\"ListItem\",\"position\":1,\"name\":\"Portada\",\"item\":\"https:\/\/www.elvalledeloscaidos.es\/portal\"},{\"@type\":\"ListItem\",\"position\":2,\"name\":\"Cr\u00f3nica del pleno del Senado del dia de hoy, con el Valle de los Ca\u00eddos como tema de debate.\"}]},{\"@type\":\"Person\",\"@id\":\"https:\/\/www.elvalledeloscaidos.es\/portal\/#\/schema\/person\/36b3894dc4f1eb332b7fc369aed7eb58\",\"name\":\"linares\",\"image\":{\"@type\":\"ImageObject\",\"@id\":\"https:\/\/www.elvalledeloscaidos.es\/portal\/#personlogo\",\"inLanguage\":\"es\",\"url\":\"https:\/\/secure.gravatar.com\/avatar\/0b6f3a427655ac169c9155e538724b76?s=96&d=mm&r=g\",\"contentUrl\":\"https:\/\/secure.gravatar.com\/avatar\/0b6f3a427655ac169c9155e538724b76?s=96&d=mm&r=g\",\"caption\":\"linares\"},\"url\":\"https:\/\/www.elvalledeloscaidos.es\/portal\/?author=1\"}]}<\/script>\n<!-- \/ Yoast SEO plugin. -->","yoast_head_json":{"title":"Cr\u00f3nica del pleno del Senado del dia de hoy, con el Valle de los Ca\u00eddos como tema de debate. - ADVC","robots":{"index":"index","follow":"follow","max-snippet":"max-snippet:-1","max-image-preview":"max-image-preview:large","max-video-preview":"max-video-preview:-1"},"canonical":"https:\/\/www.elvalledeloscaidos.es\/portal\/?p=2802","og_locale":"es_ES","og_type":"article","og_title":"Cr\u00f3nica del pleno del Senado del dia de hoy, con el Valle de los Ca\u00eddos como tema de debate. - ADVC","og_description":"\u00a0El PP ha rechazado una moci\u00f3n en el Pleno del Senado para poner en marcha la reforma del Valle de los Ca\u00eddos y crear para ello una comisi\u00f3n parlamentaria que busque consensos sobre c\u00f3mo hacerlo, ya ha asegurado que este es un asunto \u00abtotalmente agotado\u00bb y superado adem\u00e1s por la [&hellip;]","og_url":"https:\/\/www.elvalledeloscaidos.es\/portal\/?p=2802","og_site_name":"ADVC","article_published_time":"2012-10-10T13:11:07+00:00","article_modified_time":"2012-10-10T15:30:28+00:00","twitter_card":"summary_large_image","twitter_misc":{"Escrito por":"linares","Tiempo de lectura":"1 minuto"},"schema":{"@context":"https:\/\/schema.org","@graph":[{"@type":"WebSite","@id":"https:\/\/www.elvalledeloscaidos.es\/portal\/#website","url":"https:\/\/www.elvalledeloscaidos.es\/portal\/","name":"ADVC","description":"Asociaci\u00f3n Para la Defensa del Valle de los Ca\u00eddos","potentialAction":[{"@type":"SearchAction","target":{"@type":"EntryPoint","urlTemplate":"https:\/\/www.elvalledeloscaidos.es\/portal\/?s={search_term_string}"},"query-input":"required name=search_term_string"}],"inLanguage":"es"},{"@type":"WebPage","@id":"https:\/\/www.elvalledeloscaidos.es\/portal\/?p=2802#webpage","url":"https:\/\/www.elvalledeloscaidos.es\/portal\/?p=2802","name":"Cr\u00f3nica del pleno del Senado del dia de hoy, con el Valle de los Ca\u00eddos como tema de debate. - ADVC","isPartOf":{"@id":"https:\/\/www.elvalledeloscaidos.es\/portal\/#website"},"datePublished":"2012-10-10T13:11:07+00:00","dateModified":"2012-10-10T15:30:28+00:00","author":{"@id":"https:\/\/www.elvalledeloscaidos.es\/portal\/#\/schema\/person\/36b3894dc4f1eb332b7fc369aed7eb58"},"breadcrumb":{"@id":"https:\/\/www.elvalledeloscaidos.es\/portal\/?p=2802#breadcrumb"},"inLanguage":"es","potentialAction":[{"@type":"ReadAction","target":["https:\/\/www.elvalledeloscaidos.es\/portal\/?p=2802"]}]},{"@type":"BreadcrumbList","@id":"https:\/\/www.elvalledeloscaidos.es\/portal\/?p=2802#breadcrumb","itemListElement":[{"@type":"ListItem","position":1,"name":"Portada","item":"https:\/\/www.elvalledeloscaidos.es\/portal"},{"@type":"ListItem","position":2,"name":"Cr\u00f3nica del pleno del Senado del dia de hoy, con el Valle de los Ca\u00eddos como tema de debate."}]},{"@type":"Person","@id":"https:\/\/www.elvalledeloscaidos.es\/portal\/#\/schema\/person\/36b3894dc4f1eb332b7fc369aed7eb58","name":"linares","image":{"@type":"ImageObject","@id":"https:\/\/www.elvalledeloscaidos.es\/portal\/#personlogo","inLanguage":"es","url":"https:\/\/secure.gravatar.com\/avatar\/0b6f3a427655ac169c9155e538724b76?s=96&d=mm&r=g","contentUrl":"https:\/\/secure.gravatar.com\/avatar\/0b6f3a427655ac169c9155e538724b76?s=96&d=mm&r=g","caption":"linares"},"url":"https:\/\/www.elvalledeloscaidos.es\/portal\/?author=1"}]}},"_links":{"self":[{"href":"https:\/\/www.elvalledeloscaidos.es\/portal\/index.php?rest_route=\/wp\/v2\/posts\/2802"}],"collection":[{"href":"https:\/\/www.elvalledeloscaidos.es\/portal\/index.php?rest_route=\/wp\/v2\/posts"}],"about":[{"href":"https:\/\/www.elvalledeloscaidos.es\/portal\/index.php?rest_route=\/wp\/v2\/types\/post"}],"author":[{"embeddable":true,"href":"https:\/\/www.elvalledeloscaidos.es\/portal\/index.php?rest_route=\/wp\/v2\/users\/1"}],"replies":[{"embeddable":true,"href":"https:\/\/www.elvalledeloscaidos.es\/portal\/index.php?rest_route=%2Fwp%2Fv2%2Fcomments&post=2802"}],"version-history":[{"count":42,"href":"https:\/\/www.elvalledeloscaidos.es\/portal\/index.php?rest_route=\/wp\/v2\/posts\/2802\/revisions"}],"predecessor-version":[{"id":2843,"href":"https:\/\/www.elvalledeloscaidos.es\/portal\/index.php?rest_route=\/wp\/v2\/posts\/2802\/revisions\/2843"}],"wp:attachment":[{"href":"https:\/\/www.elvalledeloscaidos.es\/portal\/index.php?rest_route=%2Fwp%2Fv2%2Fmedia&parent=2802"}],"wp:term":[{"taxonomy":"category","embeddable":true,"href":"https:\/\/www.elvalledeloscaidos.es\/portal\/index.php?rest_route=%2Fwp%2Fv2%2Fcategories&post=2802"},{"taxonomy":"post_tag","embeddable":true,"href":"https:\/\/www.elvalledeloscaidos.es\/portal\/index.php?rest_route=%2Fwp%2Fv2%2Ftags&post=2802"}],"curies":[{"name":"wp","href":"https:\/\/api.w.org\/{rel}","templated":true}]}}