{"id":2866,"date":"2012-10-24T12:20:49","date_gmt":"2012-10-24T11:20:49","guid":{"rendered":"http:\/\/www.elvalledeloscaidos.es\/portal\/?p=2866"},"modified":"2012-10-24T12:20:49","modified_gmt":"2012-10-24T11:20:49","slug":"homilia-del-p-carlos-mata-en-la-basilica-del-valle-de-los-caidos-21102012","status":"publish","type":"post","link":"https:\/\/www.elvalledeloscaidos.es\/portal\/?p=2866","title":{"rendered":"Homil\u00eda del P. Carlos Mata en la Bas\u00edlica del Valle de los Ca\u00eddos. (21\/10\/2012)"},"content":{"rendered":"<p>Ante el buen n\u00famero de peticiones recibidas, transcribimos aqu\u00ed la Homil\u00eda del P. Carlos Mata correspondiente al domingo 21 de Octubre del presente 2012.<\/p>\n<p>No tiene desperdicio alguno.<\/p>\n<p>ADVC<\/p>\n<p>&nbsp;<\/p>\n<p>&nbsp;<\/p>\n<p>Querido hermanos en Xto Jes\u00fas:<\/p>\n<p>Hoy la Iglesia celebra el Domingo Mundial por la Evangelizaci\u00f3n de los Pueblos, el DOMUND, y con ello se nos recuerda que todos los creyentes hemos sido llamados por Xto para predicar el Evangelio a todos los hombres y que, adem\u00e1s, debemos cooperar econ\u00f3micamente con aquellas personas que han dejado todo, hasta su patria, para cumplir este mandato de Xto. Esto ya lo sabemos y no supone ninguna novedad porque lo hemos o\u00eddo a lo largo de los a\u00f1os en multitud de ocasiones, tantas que, tal vez, nos deje indiferentes el escucharlo una vez m\u00e1s.<\/p>\n<p><!--more--><\/p>\n<p>Igualmente se nos ha dicho que Occidente, que Europa, que Espa\u00f1a es tambi\u00e9n tierra de misi\u00f3n y que ahora es igualmente necesario evangelizar las naciones que en otro tiempo eran el n\u00facleo de la cristiandad. Pero vamos a detenernos brevemente y veamos por qu\u00e9 Espa\u00f1a puede ser tierra de misi\u00f3n.<\/p>\n<p>Espa\u00f1a, a lo largo de su historia, siempre ha tenido la caracter\u00edstica, que no han pose\u00eddo otras naciones europeas, de realizar sus grandes gestas hist\u00f3ricas teniendo, de un modo u otro, como trasfondo la fe y la religi\u00f3n: pensemos en los ocho siglos de reconquista, en la \u00e9poca de la conquista de Am\u00e9rica y de las guerras en Europa en la \u00e9poca del imperio y, m\u00e1s recientemente, tenemos nuestra \u00faltima guerra civil.<\/p>\n<p>En las \u00faltimas d\u00e9cadas hemos ido dejando de lado esta particularidad y nuestra vida social, pol\u00edtica y econ\u00f3mica se ha ido desligando de todo cuanto pueda significar religioso. Hemos sido siempre una naci\u00f3n de extremos: o somos los m\u00e1s cat\u00f3licos del mundo o, por el contrario, si se trata de perseguir la religi\u00f3n nadie nos gana. Esta es otra de nuestras peculiaridades.<\/p>\n<p>Pero porqu\u00e9 somos tierra de misi\u00f3n si, al menos estad\u00edsticamente, Espa\u00f1a sigue siendo una naci\u00f3n cat\u00f3lica. Para empezar ya no somos casi ni naci\u00f3n pero es que, adem\u00e1s, los valores morales que rigen a nuestros dirigentes y que, cuando menos, parece que son aceptados socialmente por una gran mayor\u00eda son valores edulcorados y con muy poca sustancia; por otro lado, hemos de recordar que nuestras instituciones b\u00e1sicas est\u00e1n atravesando una grave crisis: por ejemplo, la familia ya no responde al \u00fanico modelo aceptable de hombre y mujer, sin mencionar el importante hecho de la, cada vez m\u00e1s alarmante, disminuci\u00f3n de nacimientos; tambi\u00e9n poseemos una legislaci\u00f3n aceptada socialmente por una mayor\u00eda que permite el aborto; el tipo de formaci\u00f3n para nuestra juventud y para nuestra ni\u00f1ez dista mucho de fomentar los valores cristianos y de ah\u00ed que tengamos el uso de la p\u00edldora del d\u00eda despu\u00e9s, los macro botellones, la iniciaci\u00f3n temprana en las pr\u00e1cticas sexuales de todo tipo, el aniquilamiento sistem\u00e1tico de la inocencia. La perversi\u00f3n de valores es tal que ya no es solamente que sean este tipo de cosas las que se legitimen sino que, por si fuera poco, ay de aqu\u00e9l que ose decir que todo esto est\u00e1 mal y que nos conduce al desastre. As\u00ed llegamos a que hemos transformado lo bueno en malo y a lo realmente bueno lo hemos de hacer callar hasta desaparecer.<\/p>\n<p>Por si todo esto fuera poco consideremos el n\u00famero de matrimonios fracasados, el retroceso de la pr\u00e1ctica religiosa entre nuestra poblaci\u00f3n, la disminuci\u00f3n constante de los matrimonios realizados en el seno de la Iglesia Cat\u00f3lica, as\u00ed como de bautizos, de primeras comuniones, etc\u00e9tera; ahora, adem\u00e1s, contamos con el nuevo elemento de una incipiente persecuci\u00f3n a los cristianos (recordemos lo que ha sucedido hace pocos d\u00edas en un colegio cat\u00f3lico de Espa\u00f1a). Seg\u00fan esto es de suponer que, efectivamente, Espa\u00f1a s\u00ed es tierra de misi\u00f3n.<\/p>\n<p>Pero, \u00bfc\u00f3mo ser misioneros en Espa\u00f1a? Pues con los mismos medios que lo fue San Pablo, San Francisco Javier, o Santa Teresa del ni\u00f1o Jes\u00fas, con los mismos medios que Xto nos dej\u00f3 cuando vino a este mundo: ante todo con su gracia que ha de plasmarse en nuestras palabras y en nuestras obras. Los sacerdotes deberemos de predicar con valent\u00eda y vivir con coherencia lo que predicamos, los creyentes tendremos que vencer nuestro miedo, nuestro respeto humano, nuestra apat\u00eda y somnolencia y defender el nombre de Xto y de su Iglesia, propagar su ense\u00f1anza a tiempo y a destiempo. Tendremos que ser coherentes con nuestra fe y vivir seg\u00fan las ense\u00f1anzas del Evangelio, aceptando lo que no nos agrada o lo que no est\u00e1 de moda.<\/p>\n<p>Deberemos acudir a la oraci\u00f3n como medio indispensable para propagar el Evangelio, al igual que hiciera Santa Teresita; estaremos obligados a recurrir a la limosna aut\u00e9ntica, es decir, no a lo que nos sobre, para poder poner en pr\u00e1ctica el mandato de la caridad (y por limosna deberemos de entender dar lo que tenemos: tiempo, dinero, conocimiento, etc\u00e9tera). Tambi\u00e9n deberemos emplear el sacrificio pues Xto fue, a trav\u00e9s del sufrimiento, como nos redimi\u00f3, nosotros tambi\u00e9n hemos de hacer lo que hizo \u00c9l: tomar nuestra cruz y seguirle.<\/p>\n<p>Pero para ser misioneros, para evangelizar a Espa\u00f1a y al mundo el primer paso esencial es convertirnos nosotros mismos de nuestra mala conducta, arrepentirnos sinceramente y seguir con determinaci\u00f3n los mandatos del Se\u00f1or. No podemos dar lo que no tenemos, de ah\u00ed que lo primero que hemos de hacer es fortalecer nuestra propia fe y nuestra propia caridad.<\/p>\n","protected":false},"excerpt":{"rendered":"<p>Ante el buen n\u00famero de peticiones recibidas, transcribimos aqu\u00ed la Homil\u00eda del P. Carlos Mata correspondiente al domingo 21 de Octubre del presente 2012. No tiene desperdicio alguno. ADVC &nbsp; &nbsp; Querido hermanos en Xto Jes\u00fas: Hoy la Iglesia celebra el Domingo Mundial por la Evangelizaci\u00f3n de los Pueblos, el [&hellip;]<\/p>\n","protected":false},"author":3,"featured_media":0,"comment_status":"open","ping_status":"open","sticky":false,"template":"","format":"standard","meta":[],"categories":[4],"tags":[],"yoast_head":"<!-- This site is optimized with the Yoast SEO plugin v18.6 - https:\/\/yoast.com\/wordpress\/plugins\/seo\/ -->\n<title>Homil\u00eda del P. Carlos Mata en la Bas\u00edlica del Valle de los Ca\u00eddos. (21\/10\/2012) - ADVC<\/title>\n<meta name=\"robots\" content=\"index, follow, max-snippet:-1, max-image-preview:large, max-video-preview:-1\" \/>\n<link rel=\"canonical\" href=\"https:\/\/www.elvalledeloscaidos.es\/portal\/?p=2866\" \/>\n<meta property=\"og:locale\" content=\"es_ES\" \/>\n<meta property=\"og:type\" content=\"article\" \/>\n<meta property=\"og:title\" content=\"Homil\u00eda del P. Carlos Mata en la Bas\u00edlica del Valle de los Ca\u00eddos. (21\/10\/2012) - ADVC\" \/>\n<meta property=\"og:description\" content=\"Ante el buen n\u00famero de peticiones recibidas, transcribimos aqu\u00ed la Homil\u00eda del P. Carlos Mata correspondiente al domingo 21 de Octubre del presente 2012. No tiene desperdicio alguno. ADVC &nbsp; &nbsp; Querido hermanos en Xto Jes\u00fas: Hoy la Iglesia celebra el Domingo Mundial por la Evangelizaci\u00f3n de los Pueblos, el [&hellip;]\" \/>\n<meta property=\"og:url\" content=\"https:\/\/www.elvalledeloscaidos.es\/portal\/?p=2866\" \/>\n<meta property=\"og:site_name\" content=\"ADVC\" \/>\n<meta property=\"article:published_time\" content=\"2012-10-24T11:20:49+00:00\" \/>\n<meta name=\"twitter:card\" content=\"summary_large_image\" \/>\n<meta name=\"twitter:label1\" content=\"Escrito por\" \/>\n\t<meta name=\"twitter:data1\" content=\"Redaccion\" \/>\n\t<meta name=\"twitter:label2\" content=\"Tiempo de lectura\" \/>\n\t<meta name=\"twitter:data2\" content=\"5 minutos\" \/>\n<script type=\"application\/ld+json\" class=\"yoast-schema-graph\">{\"@context\":\"https:\/\/schema.org\",\"@graph\":[{\"@type\":\"WebSite\",\"@id\":\"https:\/\/www.elvalledeloscaidos.es\/portal\/#website\",\"url\":\"https:\/\/www.elvalledeloscaidos.es\/portal\/\",\"name\":\"ADVC\",\"description\":\"Asociaci\u00f3n Para la Defensa del Valle de los Ca\u00eddos\",\"potentialAction\":[{\"@type\":\"SearchAction\",\"target\":{\"@type\":\"EntryPoint\",\"urlTemplate\":\"https:\/\/www.elvalledeloscaidos.es\/portal\/?s={search_term_string}\"},\"query-input\":\"required name=search_term_string\"}],\"inLanguage\":\"es\"},{\"@type\":\"WebPage\",\"@id\":\"https:\/\/www.elvalledeloscaidos.es\/portal\/?p=2866#webpage\",\"url\":\"https:\/\/www.elvalledeloscaidos.es\/portal\/?p=2866\",\"name\":\"Homil\u00eda del P. Carlos Mata en la Bas\u00edlica del Valle de los Ca\u00eddos. (21\/10\/2012) - ADVC\",\"isPartOf\":{\"@id\":\"https:\/\/www.elvalledeloscaidos.es\/portal\/#website\"},\"datePublished\":\"2012-10-24T11:20:49+00:00\",\"dateModified\":\"2012-10-24T11:20:49+00:00\",\"author\":{\"@id\":\"https:\/\/www.elvalledeloscaidos.es\/portal\/#\/schema\/person\/b4711176f6b283a7b25ff137a7e34a40\"},\"breadcrumb\":{\"@id\":\"https:\/\/www.elvalledeloscaidos.es\/portal\/?p=2866#breadcrumb\"},\"inLanguage\":\"es\",\"potentialAction\":[{\"@type\":\"ReadAction\",\"target\":[\"https:\/\/www.elvalledeloscaidos.es\/portal\/?p=2866\"]}]},{\"@type\":\"BreadcrumbList\",\"@id\":\"https:\/\/www.elvalledeloscaidos.es\/portal\/?p=2866#breadcrumb\",\"itemListElement\":[{\"@type\":\"ListItem\",\"position\":1,\"name\":\"Portada\",\"item\":\"https:\/\/www.elvalledeloscaidos.es\/portal\"},{\"@type\":\"ListItem\",\"position\":2,\"name\":\"Homil\u00eda del P. Carlos Mata en la Bas\u00edlica del Valle de los Ca\u00eddos. (21\/10\/2012)\"}]},{\"@type\":\"Person\",\"@id\":\"https:\/\/www.elvalledeloscaidos.es\/portal\/#\/schema\/person\/b4711176f6b283a7b25ff137a7e34a40\",\"name\":\"Redaccion\",\"image\":{\"@type\":\"ImageObject\",\"@id\":\"https:\/\/www.elvalledeloscaidos.es\/portal\/#personlogo\",\"inLanguage\":\"es\",\"url\":\"https:\/\/secure.gravatar.com\/avatar\/43c3c16f338b78edeffdbd22a8090c53?s=96&d=mm&r=g\",\"contentUrl\":\"https:\/\/secure.gravatar.com\/avatar\/43c3c16f338b78edeffdbd22a8090c53?s=96&d=mm&r=g\",\"caption\":\"Redaccion\"},\"url\":\"https:\/\/www.elvalledeloscaidos.es\/portal\/?author=3\"}]}<\/script>\n<!-- \/ Yoast SEO plugin. -->","yoast_head_json":{"title":"Homil\u00eda del P. Carlos Mata en la Bas\u00edlica del Valle de los Ca\u00eddos. (21\/10\/2012) - ADVC","robots":{"index":"index","follow":"follow","max-snippet":"max-snippet:-1","max-image-preview":"max-image-preview:large","max-video-preview":"max-video-preview:-1"},"canonical":"https:\/\/www.elvalledeloscaidos.es\/portal\/?p=2866","og_locale":"es_ES","og_type":"article","og_title":"Homil\u00eda del P. Carlos Mata en la Bas\u00edlica del Valle de los Ca\u00eddos. (21\/10\/2012) - ADVC","og_description":"Ante el buen n\u00famero de peticiones recibidas, transcribimos aqu\u00ed la Homil\u00eda del P. Carlos Mata correspondiente al domingo 21 de Octubre del presente 2012. No tiene desperdicio alguno. ADVC &nbsp; &nbsp; Querido hermanos en Xto Jes\u00fas: Hoy la Iglesia celebra el Domingo Mundial por la Evangelizaci\u00f3n de los Pueblos, el [&hellip;]","og_url":"https:\/\/www.elvalledeloscaidos.es\/portal\/?p=2866","og_site_name":"ADVC","article_published_time":"2012-10-24T11:20:49+00:00","twitter_card":"summary_large_image","twitter_misc":{"Escrito por":"Redaccion","Tiempo de lectura":"5 minutos"},"schema":{"@context":"https:\/\/schema.org","@graph":[{"@type":"WebSite","@id":"https:\/\/www.elvalledeloscaidos.es\/portal\/#website","url":"https:\/\/www.elvalledeloscaidos.es\/portal\/","name":"ADVC","description":"Asociaci\u00f3n Para la Defensa del Valle de los Ca\u00eddos","potentialAction":[{"@type":"SearchAction","target":{"@type":"EntryPoint","urlTemplate":"https:\/\/www.elvalledeloscaidos.es\/portal\/?s={search_term_string}"},"query-input":"required name=search_term_string"}],"inLanguage":"es"},{"@type":"WebPage","@id":"https:\/\/www.elvalledeloscaidos.es\/portal\/?p=2866#webpage","url":"https:\/\/www.elvalledeloscaidos.es\/portal\/?p=2866","name":"Homil\u00eda del P. Carlos Mata en la Bas\u00edlica del Valle de los Ca\u00eddos. (21\/10\/2012) - ADVC","isPartOf":{"@id":"https:\/\/www.elvalledeloscaidos.es\/portal\/#website"},"datePublished":"2012-10-24T11:20:49+00:00","dateModified":"2012-10-24T11:20:49+00:00","author":{"@id":"https:\/\/www.elvalledeloscaidos.es\/portal\/#\/schema\/person\/b4711176f6b283a7b25ff137a7e34a40"},"breadcrumb":{"@id":"https:\/\/www.elvalledeloscaidos.es\/portal\/?p=2866#breadcrumb"},"inLanguage":"es","potentialAction":[{"@type":"ReadAction","target":["https:\/\/www.elvalledeloscaidos.es\/portal\/?p=2866"]}]},{"@type":"BreadcrumbList","@id":"https:\/\/www.elvalledeloscaidos.es\/portal\/?p=2866#breadcrumb","itemListElement":[{"@type":"ListItem","position":1,"name":"Portada","item":"https:\/\/www.elvalledeloscaidos.es\/portal"},{"@type":"ListItem","position":2,"name":"Homil\u00eda del P. Carlos Mata en la Bas\u00edlica del Valle de los Ca\u00eddos. (21\/10\/2012)"}]},{"@type":"Person","@id":"https:\/\/www.elvalledeloscaidos.es\/portal\/#\/schema\/person\/b4711176f6b283a7b25ff137a7e34a40","name":"Redaccion","image":{"@type":"ImageObject","@id":"https:\/\/www.elvalledeloscaidos.es\/portal\/#personlogo","inLanguage":"es","url":"https:\/\/secure.gravatar.com\/avatar\/43c3c16f338b78edeffdbd22a8090c53?s=96&d=mm&r=g","contentUrl":"https:\/\/secure.gravatar.com\/avatar\/43c3c16f338b78edeffdbd22a8090c53?s=96&d=mm&r=g","caption":"Redaccion"},"url":"https:\/\/www.elvalledeloscaidos.es\/portal\/?author=3"}]}},"_links":{"self":[{"href":"https:\/\/www.elvalledeloscaidos.es\/portal\/index.php?rest_route=\/wp\/v2\/posts\/2866"}],"collection":[{"href":"https:\/\/www.elvalledeloscaidos.es\/portal\/index.php?rest_route=\/wp\/v2\/posts"}],"about":[{"href":"https:\/\/www.elvalledeloscaidos.es\/portal\/index.php?rest_route=\/wp\/v2\/types\/post"}],"author":[{"embeddable":true,"href":"https:\/\/www.elvalledeloscaidos.es\/portal\/index.php?rest_route=\/wp\/v2\/users\/3"}],"replies":[{"embeddable":true,"href":"https:\/\/www.elvalledeloscaidos.es\/portal\/index.php?rest_route=%2Fwp%2Fv2%2Fcomments&post=2866"}],"version-history":[{"count":2,"href":"https:\/\/www.elvalledeloscaidos.es\/portal\/index.php?rest_route=\/wp\/v2\/posts\/2866\/revisions"}],"predecessor-version":[{"id":2868,"href":"https:\/\/www.elvalledeloscaidos.es\/portal\/index.php?rest_route=\/wp\/v2\/posts\/2866\/revisions\/2868"}],"wp:attachment":[{"href":"https:\/\/www.elvalledeloscaidos.es\/portal\/index.php?rest_route=%2Fwp%2Fv2%2Fmedia&parent=2866"}],"wp:term":[{"taxonomy":"category","embeddable":true,"href":"https:\/\/www.elvalledeloscaidos.es\/portal\/index.php?rest_route=%2Fwp%2Fv2%2Fcategories&post=2866"},{"taxonomy":"post_tag","embeddable":true,"href":"https:\/\/www.elvalledeloscaidos.es\/portal\/index.php?rest_route=%2Fwp%2Fv2%2Ftags&post=2866"}],"curies":[{"name":"wp","href":"https:\/\/api.w.org\/{rel}","templated":true}]}}