{"id":2872,"date":"2012-11-06T14:10:43","date_gmt":"2012-11-06T13:10:43","guid":{"rendered":"http:\/\/www.elvalledeloscaidos.es\/portal\/?p=2872"},"modified":"2013-04-23T14:02:20","modified_gmt":"2013-04-23T13:02:20","slug":"cuando-una-nacion-rompe-con-dios-corre-el-riesgo-de-romperse-a-si-misma","status":"publish","type":"post","link":"https:\/\/www.elvalledeloscaidos.es\/portal\/?p=2872","title":{"rendered":"&#8216;Cuando una naci\u00f3n rompe con Dios corre el riesgo de romperse a s\u00ed misma&#8217;"},"content":{"rendered":"<p>El abad del Valle de los Ca\u00eddos advierte del riesgo del secularismo y recuerda la misi\u00f3n reconciliadora de la abad\u00eda de Cuelgamuros.<\/p>\n<p>&nbsp;<\/p>\n<p>S\u00e1bado 3 de noviembre. Once horas. Por tercer a\u00f1o la abad\u00eda del <strong>Valle de los Ca\u00eddos <\/strong>celebra la misa especial por todos los ca\u00eddos. El abad recuerda que la misi\u00f3n de la abad\u00eda no es otra que elevar las plegarias por la reconciliaci\u00f3n: \u00abcontribuir a superar los desplazamientos internos de la sociedad espa\u00f1ola\u00bb.<\/p>\n<p><!--more--><\/p>\n<p>Un llamamiento a la concordia \u00absobre la base de la magnanimidad y tolerancia rec\u00edprocos\u00bb. Eso s\u00ed, el abad advierte que el proyecto com\u00fan debe contar con el factor espiritual \u00abporque cuando este es abandonado, cuando una naci\u00f3n rompe con Dios, corre el riesgo de romperse a s\u00ed misma porque su aglutinante esencial se ha disuelto\u00bb.<\/p>\n<p>La clave para superar las \u00abpalabras de discordia heredadas\u00bb \u2013seg\u00fan el abad- no ser\u00e1n las leyes ni los partidos ni los formadores de la opini\u00f3n p\u00fablica sino \u00ablos corazones y las voluntades de colaborar al bien com\u00fan respetando la Ley Suprema de Dios\u00bb. Eso permitir\u00e1 \u00abponer fin a las contiendas, superar los enconos y consolidar en lugar de resquebrajar nuestra convivencia\u00bb. Y todo ello, a la sombra de la cruz, que no es sino el s\u00edmbolo cristiano de la reconciliaci\u00f3n, \u00abla garant\u00eda eficaz de la confraternizaci\u00f3n rec\u00edproca\u00bb.<\/p>\n<p>Es m\u00e1s, el abad considera que todo intento de reconciliaci\u00f3n que no pase por la cruz y el altar \u00abno resultar\u00e1 eficaz\u00bb. Por eso el abad advierte de \u00abamenazas a la paz religiosa que se cre\u00edan ya superadas\u00bb. A saber: \u00abel antagonismo hacia los s\u00edmbolos religiosos y las opciones morales del cristianismo\u00bb.<\/p>\n<p>Luis Losada. La Gaceta<\/p>\n<p><a href=\"http:\/\/www.intereconomia.com\/noticias-gaceta\/sociedad\/una-nacion-rompe-dios-corre-riesgo-romperse-si-misma-20121106\">http:\/\/www.intereconomia.com\/noticias-gaceta\/sociedad\/una-nacion-rompe-dios-corre-riesgo-romperse-si-misma-20121106<\/a><\/p>\n<p style=\"text-align: center;\"><img decoding=\"async\" loading=\"lazy\" class=\"aligncenter  wp-image-2873\" title=\"cruz\" alt=\"\" src=\"http:\/\/www.elvalledeloscaidos.es\/portal\/wp-content\/uploads\/2012\/11\/cruz.jpg\" width=\"550\" height=\"320\" \/><\/p>\n","protected":false},"excerpt":{"rendered":"<p>El abad del Valle de los Ca\u00eddos advierte del riesgo del secularismo y recuerda la misi\u00f3n reconciliadora de la abad\u00eda de Cuelgamuros. &nbsp; S\u00e1bado 3 de noviembre. Once horas. Por tercer a\u00f1o la abad\u00eda del Valle de los Ca\u00eddos celebra la misa especial por todos los ca\u00eddos. El abad recuerda [&hellip;]<\/p>\n","protected":false},"author":1,"featured_media":0,"comment_status":"open","ping_status":"open","sticky":false,"template":"","format":"standard","meta":[],"categories":[4],"tags":[],"yoast_head":"<!-- This site is optimized with the Yoast SEO plugin v18.6 - https:\/\/yoast.com\/wordpress\/plugins\/seo\/ -->\n<title>&#039;Cuando una naci\u00f3n rompe con Dios corre el riesgo de romperse a s\u00ed misma&#039; - ADVC<\/title>\n<meta name=\"robots\" content=\"index, follow, max-snippet:-1, max-image-preview:large, max-video-preview:-1\" \/>\n<link rel=\"canonical\" href=\"https:\/\/www.elvalledeloscaidos.es\/portal\/?p=2872\" \/>\n<meta property=\"og:locale\" content=\"es_ES\" \/>\n<meta property=\"og:type\" content=\"article\" \/>\n<meta property=\"og:title\" content=\"&#039;Cuando una naci\u00f3n rompe con Dios corre el riesgo de romperse a s\u00ed misma&#039; - ADVC\" \/>\n<meta property=\"og:description\" content=\"El abad del Valle de los Ca\u00eddos advierte del riesgo del secularismo y recuerda la misi\u00f3n reconciliadora de la abad\u00eda de Cuelgamuros. &nbsp; S\u00e1bado 3 de noviembre. Once horas. Por tercer a\u00f1o la abad\u00eda del Valle de los Ca\u00eddos celebra la misa especial por todos los ca\u00eddos. El abad recuerda [&hellip;]\" \/>\n<meta property=\"og:url\" content=\"https:\/\/www.elvalledeloscaidos.es\/portal\/?p=2872\" \/>\n<meta property=\"og:site_name\" content=\"ADVC\" \/>\n<meta property=\"article:published_time\" content=\"2012-11-06T13:10:43+00:00\" \/>\n<meta property=\"article:modified_time\" content=\"2013-04-23T13:02:20+00:00\" \/>\n<meta property=\"og:image\" content=\"http:\/\/www.elvalledeloscaidos.es\/portal\/wp-content\/uploads\/2012\/11\/cruz.jpg\" \/>\n<meta name=\"twitter:card\" content=\"summary_large_image\" \/>\n<meta name=\"twitter:label1\" content=\"Escrito por\" \/>\n\t<meta name=\"twitter:data1\" content=\"linares\" \/>\n\t<meta name=\"twitter:label2\" content=\"Tiempo de lectura\" \/>\n\t<meta name=\"twitter:data2\" content=\"2 minutos\" \/>\n<script type=\"application\/ld+json\" class=\"yoast-schema-graph\">{\"@context\":\"https:\/\/schema.org\",\"@graph\":[{\"@type\":\"WebSite\",\"@id\":\"https:\/\/www.elvalledeloscaidos.es\/portal\/#website\",\"url\":\"https:\/\/www.elvalledeloscaidos.es\/portal\/\",\"name\":\"ADVC\",\"description\":\"Asociaci\u00f3n Para la Defensa del Valle de los Ca\u00eddos\",\"potentialAction\":[{\"@type\":\"SearchAction\",\"target\":{\"@type\":\"EntryPoint\",\"urlTemplate\":\"https:\/\/www.elvalledeloscaidos.es\/portal\/?s={search_term_string}\"},\"query-input\":\"required name=search_term_string\"}],\"inLanguage\":\"es\"},{\"@type\":\"ImageObject\",\"@id\":\"https:\/\/www.elvalledeloscaidos.es\/portal\/?p=2872#primaryimage\",\"inLanguage\":\"es\",\"url\":\"http:\/\/www.elvalledeloscaidos.es\/portal\/wp-content\/uploads\/2012\/11\/cruz.jpg\",\"contentUrl\":\"http:\/\/www.elvalledeloscaidos.es\/portal\/wp-content\/uploads\/2012\/11\/cruz.jpg\"},{\"@type\":\"WebPage\",\"@id\":\"https:\/\/www.elvalledeloscaidos.es\/portal\/?p=2872#webpage\",\"url\":\"https:\/\/www.elvalledeloscaidos.es\/portal\/?p=2872\",\"name\":\"'Cuando una naci\u00f3n rompe con Dios corre el riesgo de romperse a s\u00ed misma' - ADVC\",\"isPartOf\":{\"@id\":\"https:\/\/www.elvalledeloscaidos.es\/portal\/#website\"},\"primaryImageOfPage\":{\"@id\":\"https:\/\/www.elvalledeloscaidos.es\/portal\/?p=2872#primaryimage\"},\"datePublished\":\"2012-11-06T13:10:43+00:00\",\"dateModified\":\"2013-04-23T13:02:20+00:00\",\"author\":{\"@id\":\"https:\/\/www.elvalledeloscaidos.es\/portal\/#\/schema\/person\/36b3894dc4f1eb332b7fc369aed7eb58\"},\"breadcrumb\":{\"@id\":\"https:\/\/www.elvalledeloscaidos.es\/portal\/?p=2872#breadcrumb\"},\"inLanguage\":\"es\",\"potentialAction\":[{\"@type\":\"ReadAction\",\"target\":[\"https:\/\/www.elvalledeloscaidos.es\/portal\/?p=2872\"]}]},{\"@type\":\"BreadcrumbList\",\"@id\":\"https:\/\/www.elvalledeloscaidos.es\/portal\/?p=2872#breadcrumb\",\"itemListElement\":[{\"@type\":\"ListItem\",\"position\":1,\"name\":\"Portada\",\"item\":\"https:\/\/www.elvalledeloscaidos.es\/portal\"},{\"@type\":\"ListItem\",\"position\":2,\"name\":\"&#8216;Cuando una naci\u00f3n rompe con Dios corre el riesgo de romperse a s\u00ed misma&#8217;\"}]},{\"@type\":\"Person\",\"@id\":\"https:\/\/www.elvalledeloscaidos.es\/portal\/#\/schema\/person\/36b3894dc4f1eb332b7fc369aed7eb58\",\"name\":\"linares\",\"image\":{\"@type\":\"ImageObject\",\"@id\":\"https:\/\/www.elvalledeloscaidos.es\/portal\/#personlogo\",\"inLanguage\":\"es\",\"url\":\"https:\/\/secure.gravatar.com\/avatar\/0b6f3a427655ac169c9155e538724b76?s=96&d=mm&r=g\",\"contentUrl\":\"https:\/\/secure.gravatar.com\/avatar\/0b6f3a427655ac169c9155e538724b76?s=96&d=mm&r=g\",\"caption\":\"linares\"},\"url\":\"https:\/\/www.elvalledeloscaidos.es\/portal\/?author=1\"}]}<\/script>\n<!-- \/ Yoast SEO plugin. -->","yoast_head_json":{"title":"'Cuando una naci\u00f3n rompe con Dios corre el riesgo de romperse a s\u00ed misma' - ADVC","robots":{"index":"index","follow":"follow","max-snippet":"max-snippet:-1","max-image-preview":"max-image-preview:large","max-video-preview":"max-video-preview:-1"},"canonical":"https:\/\/www.elvalledeloscaidos.es\/portal\/?p=2872","og_locale":"es_ES","og_type":"article","og_title":"'Cuando una naci\u00f3n rompe con Dios corre el riesgo de romperse a s\u00ed misma' - ADVC","og_description":"El abad del Valle de los Ca\u00eddos advierte del riesgo del secularismo y recuerda la misi\u00f3n reconciliadora de la abad\u00eda de Cuelgamuros. &nbsp; S\u00e1bado 3 de noviembre. Once horas. Por tercer a\u00f1o la abad\u00eda del Valle de los Ca\u00eddos celebra la misa especial por todos los ca\u00eddos. El abad recuerda [&hellip;]","og_url":"https:\/\/www.elvalledeloscaidos.es\/portal\/?p=2872","og_site_name":"ADVC","article_published_time":"2012-11-06T13:10:43+00:00","article_modified_time":"2013-04-23T13:02:20+00:00","og_image":[{"url":"http:\/\/www.elvalledeloscaidos.es\/portal\/wp-content\/uploads\/2012\/11\/cruz.jpg"}],"twitter_card":"summary_large_image","twitter_misc":{"Escrito por":"linares","Tiempo de lectura":"2 minutos"},"schema":{"@context":"https:\/\/schema.org","@graph":[{"@type":"WebSite","@id":"https:\/\/www.elvalledeloscaidos.es\/portal\/#website","url":"https:\/\/www.elvalledeloscaidos.es\/portal\/","name":"ADVC","description":"Asociaci\u00f3n Para la Defensa del Valle de los Ca\u00eddos","potentialAction":[{"@type":"SearchAction","target":{"@type":"EntryPoint","urlTemplate":"https:\/\/www.elvalledeloscaidos.es\/portal\/?s={search_term_string}"},"query-input":"required name=search_term_string"}],"inLanguage":"es"},{"@type":"ImageObject","@id":"https:\/\/www.elvalledeloscaidos.es\/portal\/?p=2872#primaryimage","inLanguage":"es","url":"http:\/\/www.elvalledeloscaidos.es\/portal\/wp-content\/uploads\/2012\/11\/cruz.jpg","contentUrl":"http:\/\/www.elvalledeloscaidos.es\/portal\/wp-content\/uploads\/2012\/11\/cruz.jpg"},{"@type":"WebPage","@id":"https:\/\/www.elvalledeloscaidos.es\/portal\/?p=2872#webpage","url":"https:\/\/www.elvalledeloscaidos.es\/portal\/?p=2872","name":"'Cuando una naci\u00f3n rompe con Dios corre el riesgo de romperse a s\u00ed misma' - ADVC","isPartOf":{"@id":"https:\/\/www.elvalledeloscaidos.es\/portal\/#website"},"primaryImageOfPage":{"@id":"https:\/\/www.elvalledeloscaidos.es\/portal\/?p=2872#primaryimage"},"datePublished":"2012-11-06T13:10:43+00:00","dateModified":"2013-04-23T13:02:20+00:00","author":{"@id":"https:\/\/www.elvalledeloscaidos.es\/portal\/#\/schema\/person\/36b3894dc4f1eb332b7fc369aed7eb58"},"breadcrumb":{"@id":"https:\/\/www.elvalledeloscaidos.es\/portal\/?p=2872#breadcrumb"},"inLanguage":"es","potentialAction":[{"@type":"ReadAction","target":["https:\/\/www.elvalledeloscaidos.es\/portal\/?p=2872"]}]},{"@type":"BreadcrumbList","@id":"https:\/\/www.elvalledeloscaidos.es\/portal\/?p=2872#breadcrumb","itemListElement":[{"@type":"ListItem","position":1,"name":"Portada","item":"https:\/\/www.elvalledeloscaidos.es\/portal"},{"@type":"ListItem","position":2,"name":"&#8216;Cuando una naci\u00f3n rompe con Dios corre el riesgo de romperse a s\u00ed misma&#8217;"}]},{"@type":"Person","@id":"https:\/\/www.elvalledeloscaidos.es\/portal\/#\/schema\/person\/36b3894dc4f1eb332b7fc369aed7eb58","name":"linares","image":{"@type":"ImageObject","@id":"https:\/\/www.elvalledeloscaidos.es\/portal\/#personlogo","inLanguage":"es","url":"https:\/\/secure.gravatar.com\/avatar\/0b6f3a427655ac169c9155e538724b76?s=96&d=mm&r=g","contentUrl":"https:\/\/secure.gravatar.com\/avatar\/0b6f3a427655ac169c9155e538724b76?s=96&d=mm&r=g","caption":"linares"},"url":"https:\/\/www.elvalledeloscaidos.es\/portal\/?author=1"}]}},"_links":{"self":[{"href":"https:\/\/www.elvalledeloscaidos.es\/portal\/index.php?rest_route=\/wp\/v2\/posts\/2872"}],"collection":[{"href":"https:\/\/www.elvalledeloscaidos.es\/portal\/index.php?rest_route=\/wp\/v2\/posts"}],"about":[{"href":"https:\/\/www.elvalledeloscaidos.es\/portal\/index.php?rest_route=\/wp\/v2\/types\/post"}],"author":[{"embeddable":true,"href":"https:\/\/www.elvalledeloscaidos.es\/portal\/index.php?rest_route=\/wp\/v2\/users\/1"}],"replies":[{"embeddable":true,"href":"https:\/\/www.elvalledeloscaidos.es\/portal\/index.php?rest_route=%2Fwp%2Fv2%2Fcomments&post=2872"}],"version-history":[{"count":4,"href":"https:\/\/www.elvalledeloscaidos.es\/portal\/index.php?rest_route=\/wp\/v2\/posts\/2872\/revisions"}],"predecessor-version":[{"id":2878,"href":"https:\/\/www.elvalledeloscaidos.es\/portal\/index.php?rest_route=\/wp\/v2\/posts\/2872\/revisions\/2878"}],"wp:attachment":[{"href":"https:\/\/www.elvalledeloscaidos.es\/portal\/index.php?rest_route=%2Fwp%2Fv2%2Fmedia&parent=2872"}],"wp:term":[{"taxonomy":"category","embeddable":true,"href":"https:\/\/www.elvalledeloscaidos.es\/portal\/index.php?rest_route=%2Fwp%2Fv2%2Fcategories&post=2872"},{"taxonomy":"post_tag","embeddable":true,"href":"https:\/\/www.elvalledeloscaidos.es\/portal\/index.php?rest_route=%2Fwp%2Fv2%2Ftags&post=2872"}],"curies":[{"name":"wp","href":"https:\/\/api.w.org\/{rel}","templated":true}]}}