{"id":292,"date":"2011-02-14T12:46:23","date_gmt":"2011-02-14T11:46:23","guid":{"rendered":"http:\/\/www.elvalledeloscaidos.es\/portal\/?p=292"},"modified":"2011-02-14T13:09:28","modified_gmt":"2011-02-14T12:09:28","slug":"manifiesto-de-la-asociacion-fe-y-trabajo","status":"publish","type":"post","link":"https:\/\/www.elvalledeloscaidos.es\/portal\/?p=292","title":{"rendered":"Manifiesto de la Asociaci\u00f3n Fe Y Trabajo"},"content":{"rendered":"<p><img decoding=\"async\" loading=\"lazy\" class=\"alignleft size-full wp-image-293\" title=\"feytrabajo\" src=\"http:\/\/www.elvalledeloscaidos.es\/portal\/wp-content\/uploads\/2011\/02\/feytrabajo.gif\" alt=\"\" width=\"150\" height=\"45\" \/><\/p>\n<p>Ante el silencio cobarde que est\u00e1n manteniendo algunos medios de la prensa escrita local como La Gaceta Escurialense y de la prensa digital comarcal como El Faro de Guadarrama, en relaci\u00f3n a la suspensi\u00f3n del ciclo de conferencias que esta asociaci\u00f3n cultural ven\u00eda desarrollando en la Casa de la Cultura de San Lorenzo de El Escorial, la directiva del Fe y Trabajo quiere poner en conocimiento de la opini\u00f3n p\u00fablica el comunicado que, con fecha 3 de enero de 2011, ha recibido de la Concejal\u00eda de Cultura del Ayuntamiento de San Lorenzo de El Escorial. Asimismo, Fe y Trabaj\u00f3 se pregunta si la posible p\u00e9rdida de las remuneraciones, que en forma de propaganda institucional viene recibiendo al menos una de dichas publicaciones, no ser\u00e1 el motivo por el cual La Gaceta Escurialense y El Faro de Guadarrama guardan un ominoso silencio ante una decisi\u00f3n basada en la sinraz\u00f3n y en la arbitrariedad m\u00e1s burda.<\/p>\n<p><!--more--><\/p>\n<p><em>Conferencia Asociaci\u00f3n Cultural \u201cFe y Trabajo\u201d<\/em><\/p>\n<p><em>\u00a0\u00a0\u00a0\u00a0\u00a0\u00a0\u00a0\u00a0 Jos\u00e9 Antonio Vara (Edil &#8211; Ayt\u00ba.) 03\/01\/2011<\/em><\/p>\n<p><em>\u00a0\u00a0\u00a0\u00a0\u00a0\u00a0\u00a0\u00a0 Para asociaci\u00f3nf\u00e9ytrabajo@hotmail.com<\/em><\/p>\n<p><em>Estimado Presidente A. C. Fe y Trabajo: Le participo que de momento el ciclo de conferencias que ven\u00edan impartiendo en la Casa de Cultura, quedan suspendidas.<\/em><\/p>\n<p><em>Le agradezco y felicito por las dos conferencias que se han impartido, que han tenido un gran \u00e9xito tanto por la conferencia y conferenciante as\u00ed como de p\u00fablico asistente.<\/em><\/p>\n<p><em>Un cordial saludo\u00a0\u00a0\u00a0\u00a0\u00a0\u00a0\u00a0\u00a0\u00a0\u00a0\u00a0\u00a0\u00a0\u00a0\u00a0\u00a0\u00a0\u00a0\u00a0\u00a0\u00a0\u00a0\u00a0\u00a0\u00a0\u00a0\u00a0\u00a0\u00a0\u00a0\u00a0\u00a0\u00a0\u00a0\u00a0\u00a0\u00a0\u00a0\u00a0\u00a0\u00a0\u00a0\u00a0 <\/em><\/p>\n<p><em>Jos\u00e9 Antonio Vara<\/em><\/p>\n<p><em>Concejal de Cultura y Relaciones Institucionales.<\/em><\/p>\n<p>En consecuencia, Fe y Trabajo desea puntualizar lo siguiente:<\/p>\n<p>\u00a0\u00a0\u00a0\u00a0\u00a0\u00a0\u00a0\u00a0 1\u00ba.- Que ante todo siente el deber de agradecer a D. Jos\u00e9 Antonio Vara la comprensi\u00f3n, amabilidad y apoyo que nos ha dispensado, durante el transcurso del tiempo que hemos tenido para cumplir el compromiso adquirido con el Ayuntamiento de San Lorenzo de El Escorial, que nos ha permitido desarrollar parcialmente el ciclo de conferencias 2010-2011 acordado<strong> por escrito por ambas partes, pero tan brusca como extra\u00f1amente suspendido.<\/strong><\/p>\n<p>\u00a0\u00a0\u00a0\u00a0\u00a0\u00a0\u00a0\u00a0 2\u00ba.- Que por el comunicado del Sr. Vara creemos que la suspensi\u00f3n de dichas conferencias se debe a una decisi\u00f3n ajena a su voluntad, tomada por una autoridad superior que ha empleado como argumento la poderosa raz\u00f3n de la sinraz\u00f3n.<\/p>\n<p>\u00a0\u00a0\u00a0\u00a0\u00a0\u00a0\u00a0\u00a0 3\u00ba.- Que, probablemente, la competente autoridad haya tomado su arbitraria decisi\u00f3n suponiendo que la aceptar\u00edamos con el sumiso silencio de los corderos, tan acorde por otra parte con el talante que se gasta el individuo.<\/p>\n<p>\u00a0\u00a0\u00a0\u00a0\u00a0\u00a0\u00a0\u00a0 4\u00ba.- Craso error, pues no es as\u00ed como Fe y Trabajo entiende las relaciones humanas e institucionales. En una autentica sociedad democr\u00e1tica, plenamente consciente de sus derechos y obligaciones, la autoridad pol\u00edtica no debe desarrollar sus funciones y responsabilidades enarbolando argumentos tales como la sinraz\u00f3n y el capricho.<\/p>\n<p>\u00a0\u00a0\u00a0\u00a0\u00a0\u00a0\u00a0\u00a0 5\u00ba.- En definitiva, por una causa u otra, la cultura es acallada, y precisamente se la silencia cuando se acercan los comicios municipales. \u00bfSimple casualidad?<\/p>\n<p>\u00a0\u00a0\u00a0\u00a0\u00a0\u00a0\u00a0\u00a0 6\u00ba.- A pesar de la incomprensible suspensi\u00f3n de nuestras conferencias por parte del Ayuntamiento, vamos a seguir celebr\u00e1ndolas fuera de la Casa de la Cultura. As\u00ed, vamos a continuar con la cuarta, programada para el pr\u00f3ximo 29 de febrero, que versar\u00e1 sobre \u201cla leyenda negra\u201d, que ser\u00e1 impartida por Jos\u00e9 Javier Esparza, y que se celebrar\u00e1 a las 19:30 en el sal\u00f3n Felipe II del Hotel Miranda Suizo. En la confianza de poder contar con quienes nos distinguen con su amistad y asistencia, esperamos vuestra habitual y masiva presencia.<\/p>\n<p>7\u00ba.- Por \u00faltimo, deseamos que, en lo sucesivo, las conferencias que se celebren en la Casa de la Cultura no se vean reprobadas, \u201cmanu militari\u201d, por la autoridad pol\u00edtica que gobierna hoy el municipio de San Lorenzo de El Escorial.<\/p>\n<p><strong><span style=\"text-decoration: underline;\">Email: <em>aociacion.feytrabajo@hotmail.com<\/em><\/span><\/strong><\/p>\n","protected":false},"excerpt":{"rendered":"<p>Ante el silencio cobarde que est\u00e1n manteniendo algunos medios de la prensa escrita local como La Gaceta Escurialense y de la prensa digital comarcal como El Faro de Guadarrama, en relaci\u00f3n a la suspensi\u00f3n del ciclo de conferencias que esta asociaci\u00f3n cultural ven\u00eda desarrollando en la Casa de la Cultura [&hellip;]<\/p>\n","protected":false},"author":1,"featured_media":0,"comment_status":"open","ping_status":"open","sticky":false,"template":"","format":"standard","meta":[],"categories":[1],"tags":[],"yoast_head":"<!-- This site is optimized with the Yoast SEO plugin v18.6 - https:\/\/yoast.com\/wordpress\/plugins\/seo\/ -->\n<title>Manifiesto de la Asociaci\u00f3n Fe Y Trabajo - ADVC<\/title>\n<meta name=\"robots\" content=\"index, follow, max-snippet:-1, max-image-preview:large, max-video-preview:-1\" \/>\n<link rel=\"canonical\" href=\"https:\/\/www.elvalledeloscaidos.es\/portal\/?p=292\" \/>\n<meta property=\"og:locale\" content=\"es_ES\" \/>\n<meta property=\"og:type\" content=\"article\" \/>\n<meta property=\"og:title\" content=\"Manifiesto de la Asociaci\u00f3n Fe Y Trabajo - ADVC\" \/>\n<meta property=\"og:description\" content=\"Ante el silencio cobarde que est\u00e1n manteniendo algunos medios de la prensa escrita local como La Gaceta Escurialense y de la prensa digital comarcal como El Faro de Guadarrama, en relaci\u00f3n a la suspensi\u00f3n del ciclo de conferencias que esta asociaci\u00f3n cultural ven\u00eda desarrollando en la Casa de la Cultura [&hellip;]\" \/>\n<meta property=\"og:url\" content=\"https:\/\/www.elvalledeloscaidos.es\/portal\/?p=292\" \/>\n<meta property=\"og:site_name\" content=\"ADVC\" \/>\n<meta property=\"article:published_time\" content=\"2011-02-14T11:46:23+00:00\" \/>\n<meta property=\"article:modified_time\" content=\"2011-02-14T12:09:28+00:00\" \/>\n<meta property=\"og:image\" content=\"http:\/\/www.elvalledeloscaidos.es\/portal\/wp-content\/uploads\/2011\/02\/feytrabajo.gif\" \/>\n<meta name=\"twitter:card\" content=\"summary_large_image\" \/>\n<meta name=\"twitter:label1\" content=\"Escrito por\" \/>\n\t<meta name=\"twitter:data1\" content=\"linares\" \/>\n\t<meta name=\"twitter:label2\" content=\"Tiempo de lectura\" \/>\n\t<meta name=\"twitter:data2\" content=\"3 minutos\" \/>\n<script type=\"application\/ld+json\" class=\"yoast-schema-graph\">{\"@context\":\"https:\/\/schema.org\",\"@graph\":[{\"@type\":\"WebSite\",\"@id\":\"https:\/\/www.elvalledeloscaidos.es\/portal\/#website\",\"url\":\"https:\/\/www.elvalledeloscaidos.es\/portal\/\",\"name\":\"ADVC\",\"description\":\"Asociaci\u00f3n Para la Defensa del Valle de los Ca\u00eddos\",\"potentialAction\":[{\"@type\":\"SearchAction\",\"target\":{\"@type\":\"EntryPoint\",\"urlTemplate\":\"https:\/\/www.elvalledeloscaidos.es\/portal\/?s={search_term_string}\"},\"query-input\":\"required name=search_term_string\"}],\"inLanguage\":\"es\"},{\"@type\":\"ImageObject\",\"@id\":\"https:\/\/www.elvalledeloscaidos.es\/portal\/?p=292#primaryimage\",\"inLanguage\":\"es\",\"url\":\"http:\/\/www.elvalledeloscaidos.es\/portal\/wp-content\/uploads\/2011\/02\/feytrabajo.gif\",\"contentUrl\":\"http:\/\/www.elvalledeloscaidos.es\/portal\/wp-content\/uploads\/2011\/02\/feytrabajo.gif\"},{\"@type\":\"WebPage\",\"@id\":\"https:\/\/www.elvalledeloscaidos.es\/portal\/?p=292#webpage\",\"url\":\"https:\/\/www.elvalledeloscaidos.es\/portal\/?p=292\",\"name\":\"Manifiesto de la Asociaci\u00f3n Fe Y Trabajo - ADVC\",\"isPartOf\":{\"@id\":\"https:\/\/www.elvalledeloscaidos.es\/portal\/#website\"},\"primaryImageOfPage\":{\"@id\":\"https:\/\/www.elvalledeloscaidos.es\/portal\/?p=292#primaryimage\"},\"datePublished\":\"2011-02-14T11:46:23+00:00\",\"dateModified\":\"2011-02-14T12:09:28+00:00\",\"author\":{\"@id\":\"https:\/\/www.elvalledeloscaidos.es\/portal\/#\/schema\/person\/36b3894dc4f1eb332b7fc369aed7eb58\"},\"breadcrumb\":{\"@id\":\"https:\/\/www.elvalledeloscaidos.es\/portal\/?p=292#breadcrumb\"},\"inLanguage\":\"es\",\"potentialAction\":[{\"@type\":\"ReadAction\",\"target\":[\"https:\/\/www.elvalledeloscaidos.es\/portal\/?p=292\"]}]},{\"@type\":\"BreadcrumbList\",\"@id\":\"https:\/\/www.elvalledeloscaidos.es\/portal\/?p=292#breadcrumb\",\"itemListElement\":[{\"@type\":\"ListItem\",\"position\":1,\"name\":\"Portada\",\"item\":\"https:\/\/www.elvalledeloscaidos.es\/portal\"},{\"@type\":\"ListItem\",\"position\":2,\"name\":\"Manifiesto de la Asociaci\u00f3n Fe Y Trabajo\"}]},{\"@type\":\"Person\",\"@id\":\"https:\/\/www.elvalledeloscaidos.es\/portal\/#\/schema\/person\/36b3894dc4f1eb332b7fc369aed7eb58\",\"name\":\"linares\",\"image\":{\"@type\":\"ImageObject\",\"@id\":\"https:\/\/www.elvalledeloscaidos.es\/portal\/#personlogo\",\"inLanguage\":\"es\",\"url\":\"https:\/\/secure.gravatar.com\/avatar\/0b6f3a427655ac169c9155e538724b76?s=96&d=mm&r=g\",\"contentUrl\":\"https:\/\/secure.gravatar.com\/avatar\/0b6f3a427655ac169c9155e538724b76?s=96&d=mm&r=g\",\"caption\":\"linares\"},\"url\":\"https:\/\/www.elvalledeloscaidos.es\/portal\/?author=1\"}]}<\/script>\n<!-- \/ Yoast SEO plugin. -->","yoast_head_json":{"title":"Manifiesto de la Asociaci\u00f3n Fe Y Trabajo - ADVC","robots":{"index":"index","follow":"follow","max-snippet":"max-snippet:-1","max-image-preview":"max-image-preview:large","max-video-preview":"max-video-preview:-1"},"canonical":"https:\/\/www.elvalledeloscaidos.es\/portal\/?p=292","og_locale":"es_ES","og_type":"article","og_title":"Manifiesto de la Asociaci\u00f3n Fe Y Trabajo - ADVC","og_description":"Ante el silencio cobarde que est\u00e1n manteniendo algunos medios de la prensa escrita local como La Gaceta Escurialense y de la prensa digital comarcal como El Faro de Guadarrama, en relaci\u00f3n a la suspensi\u00f3n del ciclo de conferencias que esta asociaci\u00f3n cultural ven\u00eda desarrollando en la Casa de la Cultura [&hellip;]","og_url":"https:\/\/www.elvalledeloscaidos.es\/portal\/?p=292","og_site_name":"ADVC","article_published_time":"2011-02-14T11:46:23+00:00","article_modified_time":"2011-02-14T12:09:28+00:00","og_image":[{"url":"http:\/\/www.elvalledeloscaidos.es\/portal\/wp-content\/uploads\/2011\/02\/feytrabajo.gif"}],"twitter_card":"summary_large_image","twitter_misc":{"Escrito por":"linares","Tiempo de lectura":"3 minutos"},"schema":{"@context":"https:\/\/schema.org","@graph":[{"@type":"WebSite","@id":"https:\/\/www.elvalledeloscaidos.es\/portal\/#website","url":"https:\/\/www.elvalledeloscaidos.es\/portal\/","name":"ADVC","description":"Asociaci\u00f3n Para la Defensa del Valle de los Ca\u00eddos","potentialAction":[{"@type":"SearchAction","target":{"@type":"EntryPoint","urlTemplate":"https:\/\/www.elvalledeloscaidos.es\/portal\/?s={search_term_string}"},"query-input":"required name=search_term_string"}],"inLanguage":"es"},{"@type":"ImageObject","@id":"https:\/\/www.elvalledeloscaidos.es\/portal\/?p=292#primaryimage","inLanguage":"es","url":"http:\/\/www.elvalledeloscaidos.es\/portal\/wp-content\/uploads\/2011\/02\/feytrabajo.gif","contentUrl":"http:\/\/www.elvalledeloscaidos.es\/portal\/wp-content\/uploads\/2011\/02\/feytrabajo.gif"},{"@type":"WebPage","@id":"https:\/\/www.elvalledeloscaidos.es\/portal\/?p=292#webpage","url":"https:\/\/www.elvalledeloscaidos.es\/portal\/?p=292","name":"Manifiesto de la Asociaci\u00f3n Fe Y Trabajo - ADVC","isPartOf":{"@id":"https:\/\/www.elvalledeloscaidos.es\/portal\/#website"},"primaryImageOfPage":{"@id":"https:\/\/www.elvalledeloscaidos.es\/portal\/?p=292#primaryimage"},"datePublished":"2011-02-14T11:46:23+00:00","dateModified":"2011-02-14T12:09:28+00:00","author":{"@id":"https:\/\/www.elvalledeloscaidos.es\/portal\/#\/schema\/person\/36b3894dc4f1eb332b7fc369aed7eb58"},"breadcrumb":{"@id":"https:\/\/www.elvalledeloscaidos.es\/portal\/?p=292#breadcrumb"},"inLanguage":"es","potentialAction":[{"@type":"ReadAction","target":["https:\/\/www.elvalledeloscaidos.es\/portal\/?p=292"]}]},{"@type":"BreadcrumbList","@id":"https:\/\/www.elvalledeloscaidos.es\/portal\/?p=292#breadcrumb","itemListElement":[{"@type":"ListItem","position":1,"name":"Portada","item":"https:\/\/www.elvalledeloscaidos.es\/portal"},{"@type":"ListItem","position":2,"name":"Manifiesto de la Asociaci\u00f3n Fe Y Trabajo"}]},{"@type":"Person","@id":"https:\/\/www.elvalledeloscaidos.es\/portal\/#\/schema\/person\/36b3894dc4f1eb332b7fc369aed7eb58","name":"linares","image":{"@type":"ImageObject","@id":"https:\/\/www.elvalledeloscaidos.es\/portal\/#personlogo","inLanguage":"es","url":"https:\/\/secure.gravatar.com\/avatar\/0b6f3a427655ac169c9155e538724b76?s=96&d=mm&r=g","contentUrl":"https:\/\/secure.gravatar.com\/avatar\/0b6f3a427655ac169c9155e538724b76?s=96&d=mm&r=g","caption":"linares"},"url":"https:\/\/www.elvalledeloscaidos.es\/portal\/?author=1"}]}},"_links":{"self":[{"href":"https:\/\/www.elvalledeloscaidos.es\/portal\/index.php?rest_route=\/wp\/v2\/posts\/292"}],"collection":[{"href":"https:\/\/www.elvalledeloscaidos.es\/portal\/index.php?rest_route=\/wp\/v2\/posts"}],"about":[{"href":"https:\/\/www.elvalledeloscaidos.es\/portal\/index.php?rest_route=\/wp\/v2\/types\/post"}],"author":[{"embeddable":true,"href":"https:\/\/www.elvalledeloscaidos.es\/portal\/index.php?rest_route=\/wp\/v2\/users\/1"}],"replies":[{"embeddable":true,"href":"https:\/\/www.elvalledeloscaidos.es\/portal\/index.php?rest_route=%2Fwp%2Fv2%2Fcomments&post=292"}],"version-history":[{"count":3,"href":"https:\/\/www.elvalledeloscaidos.es\/portal\/index.php?rest_route=\/wp\/v2\/posts\/292\/revisions"}],"predecessor-version":[{"id":295,"href":"https:\/\/www.elvalledeloscaidos.es\/portal\/index.php?rest_route=\/wp\/v2\/posts\/292\/revisions\/295"}],"wp:attachment":[{"href":"https:\/\/www.elvalledeloscaidos.es\/portal\/index.php?rest_route=%2Fwp%2Fv2%2Fmedia&parent=292"}],"wp:term":[{"taxonomy":"category","embeddable":true,"href":"https:\/\/www.elvalledeloscaidos.es\/portal\/index.php?rest_route=%2Fwp%2Fv2%2Fcategories&post=292"},{"taxonomy":"post_tag","embeddable":true,"href":"https:\/\/www.elvalledeloscaidos.es\/portal\/index.php?rest_route=%2Fwp%2Fv2%2Ftags&post=292"}],"curies":[{"name":"wp","href":"https:\/\/api.w.org\/{rel}","templated":true}]}}