{"id":2931,"date":"2012-11-14T07:58:35","date_gmt":"2012-11-14T06:58:35","guid":{"rendered":"http:\/\/www.elvalledeloscaidos.es\/portal\/?p=2931"},"modified":"2012-11-14T08:11:20","modified_gmt":"2012-11-14T07:11:20","slug":"zapatero-fue-forzado-a-reabrir-el-valle-de-los-caidos","status":"publish","type":"post","link":"https:\/\/www.elvalledeloscaidos.es\/portal\/?p=2931","title":{"rendered":"Zapatero, fue forzado a reabrir el Valle de los Ca\u00eddos"},"content":{"rendered":"<p>Tal d\u00eda como hoy, 14 de noviembre, pero de 2010, <strong>Libertad Digital<\/strong> llevaba en su portada que \u00ab<strong>El Gobierno reabre el Valle de los Ca\u00eddos forzado por la asistencia masiva de fieles<\/strong>\u00ab. Una semana despu\u00e9s de que el Ejecutivo de Zapatero diera \u00f3rdenes a la Guardia Civil de <strong>impedir el acceso al lugar<\/strong>, la Misa de ese d\u00eda se convirti\u00f3 entre una de las m\u00e1s concurridas en el m\u00e1s de medio siglo de historia de la Abad\u00eda de la Santa Cruz. A pesar de que era una ma\u00f1ana fr\u00eda y lluviosa, entre 6.000 y 8.000 personas colapsaron la carretera de El Escorial desde la A-6 para acceder al templo.<\/p>\n<p><!--more--><\/p>\n<p>Los asistentes se quejaron porque antes de entrar se tuvieron que someter a un <strong>control de banderas<\/strong> para cumplir la <strong>Ley de Memoria Hist\u00f3rica<\/strong>, en virtud de la cual no est\u00e1 permitido entrar con banderas ni simbolog\u00eda pol\u00edtica dentro del recinto. A\u00fan as\u00ed, los feligreses estaban encantados con recibir una Misa en la que se pod\u00eda disfrutar de la voz de los ni\u00f1os de la Escolan\u00eda.<\/p>\n<p>La decisi\u00f3n del Gobierno de Zapatero de cerrar el Valle de los Ca\u00eddos en abril de 2010 vino motivada por unas obras de restauraci\u00f3n de \u00ab<strong>La Piedad<\/strong>\u00bb y que por razones de seguridad, dec\u00edan, hab\u00eda que cerrar todo el templo a las visitas tur\u00edsticas. Hay que recordar que es uno de los monumentos m\u00e1s visitados que gestiona Patrimonio Nacional y que recibe m\u00e1s de medio mill\u00f3n de visitantes anuales. Con la medida de cerrarlo al culto religioso se convirti\u00f3 en \u00ab<strong>la \u00fanica iglesia del mundo cerrada por orden gubernamental<\/strong>\u00ab, seg\u00fan <strong>Pablo Linares<\/strong>, presidente de la Asociaci\u00f3n para la Defensa del Valle de los Ca\u00eddos.<\/p>\n<p>Tras el cierre hubo quien no se conform\u00f3 con eso. El Foro por la Memoria de la Comunidad de Madrid y el Foro Social de la Sierra de Guadarrama <strong>pidieron la voladura de la cruz del Valle de los Ca\u00eddos<\/strong> \u00abcomo culminaci\u00f3n de un gran acto p\u00fablico nacional de <strong>desagravio a las v\u00edctimas del franquismo<\/strong>\u00ab. El senador del PNV <strong>I\u00f1aki Anasagasti<\/strong> quiso m\u00e1s y pidi\u00f3 que se volara el Valle de los Ca\u00eddos entero, como se hizo con el puente sobre el r\u00edo Kwai o la canciller\u00eda del Tercer Reich.<\/p>\n<p>Lejos de atender a los estos deseos y tras contemplar domingo tras domingo las im\u00e1genes de las misas a la intemperie repletas de gente, el Gobierno decidi\u00f3 <strong>reabrir la bas\u00edlica<\/strong> en diciembre de 2010. Seg\u00fan el ministro de Presidencia, <strong>Ram\u00f3n J\u00e1uregui<\/strong>, quer\u00edan evitar cualquier uso \u00absectario\u00bb o pol\u00edtico del recinto y con la intenci\u00f3n de que el lugar termine teniendo el objetivo de \u00ab<strong>honrar y rehabilitar la memoria de todas las v\u00edctimas de la guerra<\/strong> y de la represi\u00f3n pol\u00edtica, de la verdad hist\u00f3rica y de la reconciliaci\u00f3n de los espa\u00f1oles\u00bb.<\/p>\n<p>A\u00fan as\u00ed, el Gobierno no ten\u00eda muy claro qu\u00e9 hacer con el Valle de los Ca\u00eddos por lo que cre\u00f3 un <strong>comit\u00e9 de expertos<\/strong> para decidir su futuro. Dicha comisi\u00f3n pidi\u00f3, aunque con tres votos en contra, <strong>exhumar a Franco<\/strong> y trasladar sus restos fuera del recinto ya que \u00abes la \u00fanica persona enterrada all\u00ed que no falleci\u00f3 durante la Guerra Civil\u00bb. Adem\u00e1s, reclam\u00f3 la restauraci\u00f3n tanto de los edificios como de algunos elementos art\u00edsticos. El informe se public\u00f3 tras la <strong>victoria del Partido Popular <\/strong>en las elecciones generales del 20-N que ya hab\u00eda apuntado que dejar\u00eda de lado el asunto del Valle de los Ca\u00eddos.<\/p>\n<p>&nbsp;<\/p>\n<p><a href=\"http:\/\/www.libertaddigital.com\/espana\/2012-11-14\/zapatero-forzado-a-reabrir-el-valle-de-los-caidos-1276474165\/\">http:\/\/www.libertaddigital.com\/espana\/2012-11-14\/zapatero-forzado-a-reabrir-el-valle-de-los-caidos-1276474165\/<\/a><\/p>\n<p>&nbsp;<\/p>\n<p style=\"text-align: center;\"><img decoding=\"async\" loading=\"lazy\" class=\"size-full wp-image-2934 aligncenter\" title=\"050\" src=\"http:\/\/www.elvalledeloscaidos.es\/portal\/wp-content\/uploads\/2012\/11\/050.jpg\" alt=\"\" width=\"480\" height=\"319\" srcset=\"https:\/\/www.elvalledeloscaidos.es\/portal\/wp-content\/uploads\/2012\/11\/050.jpg 480w, https:\/\/www.elvalledeloscaidos.es\/portal\/wp-content\/uploads\/2012\/11\/050-300x199.jpg 300w\" sizes=\"(max-width: 480px) 100vw, 480px\" \/><\/p>\n<p>&nbsp;<\/p>\n<p>&nbsp;<\/p>\n","protected":false},"excerpt":{"rendered":"<p>Tal d\u00eda como hoy, 14 de noviembre, pero de 2010, Libertad Digital llevaba en su portada que \u00abEl Gobierno reabre el Valle de los Ca\u00eddos forzado por la asistencia masiva de fieles\u00ab. Una semana despu\u00e9s de que el Ejecutivo de Zapatero diera \u00f3rdenes a la Guardia Civil de impedir el [&hellip;]<\/p>\n","protected":false},"author":1,"featured_media":0,"comment_status":"open","ping_status":"open","sticky":false,"template":"","format":"standard","meta":[],"categories":[4],"tags":[],"yoast_head":"<!-- This site is optimized with the Yoast SEO plugin v18.6 - https:\/\/yoast.com\/wordpress\/plugins\/seo\/ -->\n<title>Zapatero, fue forzado a reabrir el Valle de los Ca\u00eddos - ADVC<\/title>\n<meta name=\"robots\" content=\"index, follow, max-snippet:-1, max-image-preview:large, max-video-preview:-1\" \/>\n<link rel=\"canonical\" href=\"https:\/\/www.elvalledeloscaidos.es\/portal\/?p=2931\" \/>\n<meta property=\"og:locale\" content=\"es_ES\" \/>\n<meta property=\"og:type\" content=\"article\" \/>\n<meta property=\"og:title\" content=\"Zapatero, fue forzado a reabrir el Valle de los Ca\u00eddos - ADVC\" \/>\n<meta property=\"og:description\" content=\"Tal d\u00eda como hoy, 14 de noviembre, pero de 2010, Libertad Digital llevaba en su portada que \u00abEl Gobierno reabre el Valle de los Ca\u00eddos forzado por la asistencia masiva de fieles\u00ab. Una semana despu\u00e9s de que el Ejecutivo de Zapatero diera \u00f3rdenes a la Guardia Civil de impedir el [&hellip;]\" \/>\n<meta property=\"og:url\" content=\"https:\/\/www.elvalledeloscaidos.es\/portal\/?p=2931\" \/>\n<meta property=\"og:site_name\" content=\"ADVC\" \/>\n<meta property=\"article:published_time\" content=\"2012-11-14T06:58:35+00:00\" \/>\n<meta property=\"article:modified_time\" content=\"2012-11-14T07:11:20+00:00\" \/>\n<meta property=\"og:image\" content=\"http:\/\/www.elvalledeloscaidos.es\/portal\/wp-content\/uploads\/2012\/11\/050.jpg\" \/>\n<meta name=\"twitter:card\" content=\"summary_large_image\" \/>\n<meta name=\"twitter:label1\" content=\"Escrito por\" \/>\n\t<meta name=\"twitter:data1\" content=\"linares\" \/>\n\t<meta name=\"twitter:label2\" content=\"Tiempo de lectura\" \/>\n\t<meta name=\"twitter:data2\" content=\"3 minutos\" \/>\n<script type=\"application\/ld+json\" class=\"yoast-schema-graph\">{\"@context\":\"https:\/\/schema.org\",\"@graph\":[{\"@type\":\"WebSite\",\"@id\":\"https:\/\/www.elvalledeloscaidos.es\/portal\/#website\",\"url\":\"https:\/\/www.elvalledeloscaidos.es\/portal\/\",\"name\":\"ADVC\",\"description\":\"Asociaci\u00f3n Para la Defensa del Valle de los Ca\u00eddos\",\"potentialAction\":[{\"@type\":\"SearchAction\",\"target\":{\"@type\":\"EntryPoint\",\"urlTemplate\":\"https:\/\/www.elvalledeloscaidos.es\/portal\/?s={search_term_string}\"},\"query-input\":\"required name=search_term_string\"}],\"inLanguage\":\"es\"},{\"@type\":\"ImageObject\",\"@id\":\"https:\/\/www.elvalledeloscaidos.es\/portal\/?p=2931#primaryimage\",\"inLanguage\":\"es\",\"url\":\"http:\/\/www.elvalledeloscaidos.es\/portal\/wp-content\/uploads\/2012\/11\/050.jpg\",\"contentUrl\":\"http:\/\/www.elvalledeloscaidos.es\/portal\/wp-content\/uploads\/2012\/11\/050.jpg\"},{\"@type\":\"WebPage\",\"@id\":\"https:\/\/www.elvalledeloscaidos.es\/portal\/?p=2931#webpage\",\"url\":\"https:\/\/www.elvalledeloscaidos.es\/portal\/?p=2931\",\"name\":\"Zapatero, fue forzado a reabrir el Valle de los Ca\u00eddos - ADVC\",\"isPartOf\":{\"@id\":\"https:\/\/www.elvalledeloscaidos.es\/portal\/#website\"},\"primaryImageOfPage\":{\"@id\":\"https:\/\/www.elvalledeloscaidos.es\/portal\/?p=2931#primaryimage\"},\"datePublished\":\"2012-11-14T06:58:35+00:00\",\"dateModified\":\"2012-11-14T07:11:20+00:00\",\"author\":{\"@id\":\"https:\/\/www.elvalledeloscaidos.es\/portal\/#\/schema\/person\/36b3894dc4f1eb332b7fc369aed7eb58\"},\"breadcrumb\":{\"@id\":\"https:\/\/www.elvalledeloscaidos.es\/portal\/?p=2931#breadcrumb\"},\"inLanguage\":\"es\",\"potentialAction\":[{\"@type\":\"ReadAction\",\"target\":[\"https:\/\/www.elvalledeloscaidos.es\/portal\/?p=2931\"]}]},{\"@type\":\"BreadcrumbList\",\"@id\":\"https:\/\/www.elvalledeloscaidos.es\/portal\/?p=2931#breadcrumb\",\"itemListElement\":[{\"@type\":\"ListItem\",\"position\":1,\"name\":\"Portada\",\"item\":\"https:\/\/www.elvalledeloscaidos.es\/portal\"},{\"@type\":\"ListItem\",\"position\":2,\"name\":\"Zapatero, fue forzado a reabrir el Valle de los Ca\u00eddos\"}]},{\"@type\":\"Person\",\"@id\":\"https:\/\/www.elvalledeloscaidos.es\/portal\/#\/schema\/person\/36b3894dc4f1eb332b7fc369aed7eb58\",\"name\":\"linares\",\"image\":{\"@type\":\"ImageObject\",\"@id\":\"https:\/\/www.elvalledeloscaidos.es\/portal\/#personlogo\",\"inLanguage\":\"es\",\"url\":\"https:\/\/secure.gravatar.com\/avatar\/0b6f3a427655ac169c9155e538724b76?s=96&d=mm&r=g\",\"contentUrl\":\"https:\/\/secure.gravatar.com\/avatar\/0b6f3a427655ac169c9155e538724b76?s=96&d=mm&r=g\",\"caption\":\"linares\"},\"url\":\"https:\/\/www.elvalledeloscaidos.es\/portal\/?author=1\"}]}<\/script>\n<!-- \/ Yoast SEO plugin. -->","yoast_head_json":{"title":"Zapatero, fue forzado a reabrir el Valle de los Ca\u00eddos - ADVC","robots":{"index":"index","follow":"follow","max-snippet":"max-snippet:-1","max-image-preview":"max-image-preview:large","max-video-preview":"max-video-preview:-1"},"canonical":"https:\/\/www.elvalledeloscaidos.es\/portal\/?p=2931","og_locale":"es_ES","og_type":"article","og_title":"Zapatero, fue forzado a reabrir el Valle de los Ca\u00eddos - ADVC","og_description":"Tal d\u00eda como hoy, 14 de noviembre, pero de 2010, Libertad Digital llevaba en su portada que \u00abEl Gobierno reabre el Valle de los Ca\u00eddos forzado por la asistencia masiva de fieles\u00ab. Una semana despu\u00e9s de que el Ejecutivo de Zapatero diera \u00f3rdenes a la Guardia Civil de impedir el [&hellip;]","og_url":"https:\/\/www.elvalledeloscaidos.es\/portal\/?p=2931","og_site_name":"ADVC","article_published_time":"2012-11-14T06:58:35+00:00","article_modified_time":"2012-11-14T07:11:20+00:00","og_image":[{"url":"http:\/\/www.elvalledeloscaidos.es\/portal\/wp-content\/uploads\/2012\/11\/050.jpg"}],"twitter_card":"summary_large_image","twitter_misc":{"Escrito por":"linares","Tiempo de lectura":"3 minutos"},"schema":{"@context":"https:\/\/schema.org","@graph":[{"@type":"WebSite","@id":"https:\/\/www.elvalledeloscaidos.es\/portal\/#website","url":"https:\/\/www.elvalledeloscaidos.es\/portal\/","name":"ADVC","description":"Asociaci\u00f3n Para la Defensa del Valle de los Ca\u00eddos","potentialAction":[{"@type":"SearchAction","target":{"@type":"EntryPoint","urlTemplate":"https:\/\/www.elvalledeloscaidos.es\/portal\/?s={search_term_string}"},"query-input":"required name=search_term_string"}],"inLanguage":"es"},{"@type":"ImageObject","@id":"https:\/\/www.elvalledeloscaidos.es\/portal\/?p=2931#primaryimage","inLanguage":"es","url":"http:\/\/www.elvalledeloscaidos.es\/portal\/wp-content\/uploads\/2012\/11\/050.jpg","contentUrl":"http:\/\/www.elvalledeloscaidos.es\/portal\/wp-content\/uploads\/2012\/11\/050.jpg"},{"@type":"WebPage","@id":"https:\/\/www.elvalledeloscaidos.es\/portal\/?p=2931#webpage","url":"https:\/\/www.elvalledeloscaidos.es\/portal\/?p=2931","name":"Zapatero, fue forzado a reabrir el Valle de los Ca\u00eddos - ADVC","isPartOf":{"@id":"https:\/\/www.elvalledeloscaidos.es\/portal\/#website"},"primaryImageOfPage":{"@id":"https:\/\/www.elvalledeloscaidos.es\/portal\/?p=2931#primaryimage"},"datePublished":"2012-11-14T06:58:35+00:00","dateModified":"2012-11-14T07:11:20+00:00","author":{"@id":"https:\/\/www.elvalledeloscaidos.es\/portal\/#\/schema\/person\/36b3894dc4f1eb332b7fc369aed7eb58"},"breadcrumb":{"@id":"https:\/\/www.elvalledeloscaidos.es\/portal\/?p=2931#breadcrumb"},"inLanguage":"es","potentialAction":[{"@type":"ReadAction","target":["https:\/\/www.elvalledeloscaidos.es\/portal\/?p=2931"]}]},{"@type":"BreadcrumbList","@id":"https:\/\/www.elvalledeloscaidos.es\/portal\/?p=2931#breadcrumb","itemListElement":[{"@type":"ListItem","position":1,"name":"Portada","item":"https:\/\/www.elvalledeloscaidos.es\/portal"},{"@type":"ListItem","position":2,"name":"Zapatero, fue forzado a reabrir el Valle de los Ca\u00eddos"}]},{"@type":"Person","@id":"https:\/\/www.elvalledeloscaidos.es\/portal\/#\/schema\/person\/36b3894dc4f1eb332b7fc369aed7eb58","name":"linares","image":{"@type":"ImageObject","@id":"https:\/\/www.elvalledeloscaidos.es\/portal\/#personlogo","inLanguage":"es","url":"https:\/\/secure.gravatar.com\/avatar\/0b6f3a427655ac169c9155e538724b76?s=96&d=mm&r=g","contentUrl":"https:\/\/secure.gravatar.com\/avatar\/0b6f3a427655ac169c9155e538724b76?s=96&d=mm&r=g","caption":"linares"},"url":"https:\/\/www.elvalledeloscaidos.es\/portal\/?author=1"}]}},"_links":{"self":[{"href":"https:\/\/www.elvalledeloscaidos.es\/portal\/index.php?rest_route=\/wp\/v2\/posts\/2931"}],"collection":[{"href":"https:\/\/www.elvalledeloscaidos.es\/portal\/index.php?rest_route=\/wp\/v2\/posts"}],"about":[{"href":"https:\/\/www.elvalledeloscaidos.es\/portal\/index.php?rest_route=\/wp\/v2\/types\/post"}],"author":[{"embeddable":true,"href":"https:\/\/www.elvalledeloscaidos.es\/portal\/index.php?rest_route=\/wp\/v2\/users\/1"}],"replies":[{"embeddable":true,"href":"https:\/\/www.elvalledeloscaidos.es\/portal\/index.php?rest_route=%2Fwp%2Fv2%2Fcomments&post=2931"}],"version-history":[{"count":8,"href":"https:\/\/www.elvalledeloscaidos.es\/portal\/index.php?rest_route=\/wp\/v2\/posts\/2931\/revisions"}],"predecessor-version":[{"id":2940,"href":"https:\/\/www.elvalledeloscaidos.es\/portal\/index.php?rest_route=\/wp\/v2\/posts\/2931\/revisions\/2940"}],"wp:attachment":[{"href":"https:\/\/www.elvalledeloscaidos.es\/portal\/index.php?rest_route=%2Fwp%2Fv2%2Fmedia&parent=2931"}],"wp:term":[{"taxonomy":"category","embeddable":true,"href":"https:\/\/www.elvalledeloscaidos.es\/portal\/index.php?rest_route=%2Fwp%2Fv2%2Fcategories&post=2931"},{"taxonomy":"post_tag","embeddable":true,"href":"https:\/\/www.elvalledeloscaidos.es\/portal\/index.php?rest_route=%2Fwp%2Fv2%2Ftags&post=2931"}],"curies":[{"name":"wp","href":"https:\/\/api.w.org\/{rel}","templated":true}]}}