{"id":2985,"date":"2012-12-27T15:50:16","date_gmt":"2012-12-27T14:50:16","guid":{"rendered":"http:\/\/www.elvalledeloscaidos.es\/portal\/?p=2985"},"modified":"2012-12-27T15:51:35","modified_gmt":"2012-12-27T14:51:35","slug":"como-pudo-ser-el-valle-de-los-caidos","status":"publish","type":"post","link":"https:\/\/www.elvalledeloscaidos.es\/portal\/?p=2985","title":{"rendered":"As\u00ed pudo ser el Valle de los Ca\u00eddos"},"content":{"rendered":"<p>El Valle de los Ca\u00eddos es como es, pero podr\u00eda haber sido de otra manera si no hubiera sido porque el primer arquitecto del Valle, Pedro Muguruza, hubo de abandonar la direcci\u00f3n t\u00e9cnica de las obras por enfermedad. Le sucedi\u00f3 Diego M\u00e9ndez, arquitecto de la Casa Civil de Franco. A M\u00e9ndez, gran arquitecto, se le deben las edificaciones del Valle seg\u00fan como las conocemos, especialmente la Cruz, de la que Muguruza no dej\u00f3 m\u00e1s que unos pocos bocetos.<\/p>\n<p><!--more--><\/p>\n<p><img decoding=\"async\" loading=\"lazy\" class=\"aligncenter size-full wp-image-2986\" alt=\"valle_caidos_muguruza_000\" src=\"http:\/\/www.elvalledeloscaidos.es\/portal\/wp-content\/uploads\/2012\/12\/valle_caidos_muguruza_000.jpg\" width=\"530\" height=\"489\" srcset=\"https:\/\/www.elvalledeloscaidos.es\/portal\/wp-content\/uploads\/2012\/12\/valle_caidos_muguruza_000.jpg 530w, https:\/\/www.elvalledeloscaidos.es\/portal\/wp-content\/uploads\/2012\/12\/valle_caidos_muguruza_000-300x276.jpg 300w\" sizes=\"(max-width: 530px) 100vw, 530px\" \/><\/p>\n<p><img decoding=\"async\" loading=\"lazy\" class=\"aligncenter size-full wp-image-2987\" alt=\"valle_caidos_muguruza_001\" src=\"http:\/\/www.elvalledeloscaidos.es\/portal\/wp-content\/uploads\/2012\/12\/valle_caidos_muguruza_001.jpg\" width=\"530\" height=\"185\" srcset=\"https:\/\/www.elvalledeloscaidos.es\/portal\/wp-content\/uploads\/2012\/12\/valle_caidos_muguruza_001.jpg 530w, https:\/\/www.elvalledeloscaidos.es\/portal\/wp-content\/uploads\/2012\/12\/valle_caidos_muguruza_001-300x104.jpg 300w\" sizes=\"(max-width: 530px) 100vw, 530px\" \/><\/p>\n<p><img decoding=\"async\" loading=\"lazy\" class=\"aligncenter size-full wp-image-2988\" alt=\"valle_caidos_muguruza_002\" src=\"http:\/\/www.elvalledeloscaidos.es\/portal\/wp-content\/uploads\/2012\/12\/valle_caidos_muguruza_002.jpg\" width=\"530\" height=\"304\" srcset=\"https:\/\/www.elvalledeloscaidos.es\/portal\/wp-content\/uploads\/2012\/12\/valle_caidos_muguruza_002.jpg 530w, https:\/\/www.elvalledeloscaidos.es\/portal\/wp-content\/uploads\/2012\/12\/valle_caidos_muguruza_002-300x172.jpg 300w\" sizes=\"(max-width: 530px) 100vw, 530px\" \/><\/p>\n<p><img decoding=\"async\" loading=\"lazy\" class=\"aligncenter size-full wp-image-2989\" alt=\"valle_caidos_muguruza_003\" src=\"http:\/\/www.elvalledeloscaidos.es\/portal\/wp-content\/uploads\/2012\/12\/valle_caidos_muguruza_003.jpg\" width=\"530\" height=\"742\" srcset=\"https:\/\/www.elvalledeloscaidos.es\/portal\/wp-content\/uploads\/2012\/12\/valle_caidos_muguruza_003.jpg 530w, https:\/\/www.elvalledeloscaidos.es\/portal\/wp-content\/uploads\/2012\/12\/valle_caidos_muguruza_003-214x300.jpg 214w\" sizes=\"(max-width: 530px) 100vw, 530px\" \/><\/p>\n<p><img decoding=\"async\" loading=\"lazy\" class=\"aligncenter size-full wp-image-2990\" alt=\"valle_caidos_muguruza_004\" src=\"http:\/\/www.elvalledeloscaidos.es\/portal\/wp-content\/uploads\/2012\/12\/valle_caidos_muguruza_004.jpg\" width=\"530\" height=\"744\" srcset=\"https:\/\/www.elvalledeloscaidos.es\/portal\/wp-content\/uploads\/2012\/12\/valle_caidos_muguruza_004.jpg 530w, https:\/\/www.elvalledeloscaidos.es\/portal\/wp-content\/uploads\/2012\/12\/valle_caidos_muguruza_004-213x300.jpg 213w\" sizes=\"(max-width: 530px) 100vw, 530px\" \/><\/p>\n<p><img decoding=\"async\" loading=\"lazy\" class=\"aligncenter size-full wp-image-2992\" alt=\"valle_caidos_muguruza_006\" src=\"http:\/\/www.elvalledeloscaidos.es\/portal\/wp-content\/uploads\/2012\/12\/valle_caidos_muguruza_006.jpg\" width=\"530\" height=\"750\" srcset=\"https:\/\/www.elvalledeloscaidos.es\/portal\/wp-content\/uploads\/2012\/12\/valle_caidos_muguruza_006.jpg 530w, https:\/\/www.elvalledeloscaidos.es\/portal\/wp-content\/uploads\/2012\/12\/valle_caidos_muguruza_006-212x300.jpg 212w\" sizes=\"(max-width: 530px) 100vw, 530px\" \/><\/p>\n<p><img decoding=\"async\" loading=\"lazy\" class=\"aligncenter size-full wp-image-2993\" alt=\"valle_caidos_muguruza_007\" src=\"http:\/\/www.elvalledeloscaidos.es\/portal\/wp-content\/uploads\/2012\/12\/valle_caidos_muguruza_007.jpg\" width=\"530\" height=\"516\" srcset=\"https:\/\/www.elvalledeloscaidos.es\/portal\/wp-content\/uploads\/2012\/12\/valle_caidos_muguruza_007.jpg 530w, https:\/\/www.elvalledeloscaidos.es\/portal\/wp-content\/uploads\/2012\/12\/valle_caidos_muguruza_007-300x292.jpg 300w\" sizes=\"(max-width: 530px) 100vw, 530px\" \/><\/p>\n<p><img decoding=\"async\" loading=\"lazy\" class=\"aligncenter size-full wp-image-2994\" alt=\"valle_caidos_muguruza_008\" src=\"http:\/\/www.elvalledeloscaidos.es\/portal\/wp-content\/uploads\/2012\/12\/valle_caidos_muguruza_008.jpg\" width=\"530\" height=\"273\" srcset=\"https:\/\/www.elvalledeloscaidos.es\/portal\/wp-content\/uploads\/2012\/12\/valle_caidos_muguruza_008.jpg 530w, https:\/\/www.elvalledeloscaidos.es\/portal\/wp-content\/uploads\/2012\/12\/valle_caidos_muguruza_008-300x154.jpg 300w\" sizes=\"(max-width: 530px) 100vw, 530px\" \/><\/p>\n<p><img decoding=\"async\" loading=\"lazy\" class=\"aligncenter size-full wp-image-2995\" alt=\"valle_caidos_muguruza_009\" src=\"http:\/\/www.elvalledeloscaidos.es\/portal\/wp-content\/uploads\/2012\/12\/valle_caidos_muguruza_009.jpg\" width=\"530\" height=\"734\" srcset=\"https:\/\/www.elvalledeloscaidos.es\/portal\/wp-content\/uploads\/2012\/12\/valle_caidos_muguruza_009.jpg 530w, https:\/\/www.elvalledeloscaidos.es\/portal\/wp-content\/uploads\/2012\/12\/valle_caidos_muguruza_009-216x300.jpg 216w\" sizes=\"(max-width: 530px) 100vw, 530px\" \/><\/p>\n<p><img decoding=\"async\" loading=\"lazy\" class=\"aligncenter size-full wp-image-2996\" alt=\"valle_caidos_muguruza_010\" src=\"http:\/\/www.elvalledeloscaidos.es\/portal\/wp-content\/uploads\/2012\/12\/valle_caidos_muguruza_010.jpg\" width=\"530\" height=\"368\" srcset=\"https:\/\/www.elvalledeloscaidos.es\/portal\/wp-content\/uploads\/2012\/12\/valle_caidos_muguruza_010.jpg 530w, https:\/\/www.elvalledeloscaidos.es\/portal\/wp-content\/uploads\/2012\/12\/valle_caidos_muguruza_010-300x208.jpg 300w\" sizes=\"(max-width: 530px) 100vw, 530px\" \/><\/p>\n<p><img decoding=\"async\" loading=\"lazy\" class=\"aligncenter size-full wp-image-2997\" alt=\"valle_caidos_muguruza_011\" src=\"http:\/\/www.elvalledeloscaidos.es\/portal\/wp-content\/uploads\/2012\/12\/valle_caidos_muguruza_011.jpg\" width=\"530\" height=\"742\" srcset=\"https:\/\/www.elvalledeloscaidos.es\/portal\/wp-content\/uploads\/2012\/12\/valle_caidos_muguruza_011.jpg 530w, https:\/\/www.elvalledeloscaidos.es\/portal\/wp-content\/uploads\/2012\/12\/valle_caidos_muguruza_011-214x300.jpg 214w\" sizes=\"(max-width: 530px) 100vw, 530px\" \/><\/p>\n<p><img decoding=\"async\" loading=\"lazy\" class=\"aligncenter size-full wp-image-2998\" alt=\"valle_caidos_muguruza_012\" src=\"http:\/\/www.elvalledeloscaidos.es\/portal\/wp-content\/uploads\/2012\/12\/valle_caidos_muguruza_012.jpg\" width=\"530\" height=\"367\" srcset=\"https:\/\/www.elvalledeloscaidos.es\/portal\/wp-content\/uploads\/2012\/12\/valle_caidos_muguruza_012.jpg 530w, https:\/\/www.elvalledeloscaidos.es\/portal\/wp-content\/uploads\/2012\/12\/valle_caidos_muguruza_012-300x207.jpg 300w\" sizes=\"(max-width: 530px) 100vw, 530px\" \/><\/p>\n","protected":false},"excerpt":{"rendered":"<p>El Valle de los Ca\u00eddos es como es, pero podr\u00eda haber sido de otra manera si no hubiera sido porque el primer arquitecto del Valle, Pedro Muguruza, hubo de abandonar la direcci\u00f3n t\u00e9cnica de las obras por enfermedad. Le sucedi\u00f3 Diego M\u00e9ndez, arquitecto de la Casa Civil de Franco. A [&hellip;]<\/p>\n","protected":false},"author":1,"featured_media":0,"comment_status":"open","ping_status":"open","sticky":false,"template":"","format":"standard","meta":[],"categories":[4],"tags":[],"yoast_head":"<!-- This site is optimized with the Yoast SEO plugin v18.6 - https:\/\/yoast.com\/wordpress\/plugins\/seo\/ -->\n<title>As\u00ed pudo ser el Valle de los Ca\u00eddos - ADVC<\/title>\n<meta name=\"robots\" content=\"index, follow, max-snippet:-1, max-image-preview:large, max-video-preview:-1\" \/>\n<link rel=\"canonical\" href=\"https:\/\/www.elvalledeloscaidos.es\/portal\/?p=2985\" \/>\n<meta property=\"og:locale\" content=\"es_ES\" \/>\n<meta property=\"og:type\" content=\"article\" \/>\n<meta property=\"og:title\" content=\"As\u00ed pudo ser el Valle de los Ca\u00eddos - ADVC\" \/>\n<meta property=\"og:description\" content=\"El Valle de los Ca\u00eddos es como es, pero podr\u00eda haber sido de otra manera si no hubiera sido porque el primer arquitecto del Valle, Pedro Muguruza, hubo de abandonar la direcci\u00f3n t\u00e9cnica de las obras por enfermedad. Le sucedi\u00f3 Diego M\u00e9ndez, arquitecto de la Casa Civil de Franco. A [&hellip;]\" \/>\n<meta property=\"og:url\" content=\"https:\/\/www.elvalledeloscaidos.es\/portal\/?p=2985\" \/>\n<meta property=\"og:site_name\" content=\"ADVC\" \/>\n<meta property=\"article:published_time\" content=\"2012-12-27T14:50:16+00:00\" \/>\n<meta property=\"article:modified_time\" content=\"2012-12-27T14:51:35+00:00\" \/>\n<meta property=\"og:image\" content=\"http:\/\/www.elvalledeloscaidos.es\/portal\/wp-content\/uploads\/2012\/12\/valle_caidos_muguruza_000.jpg\" \/>\n<meta name=\"twitter:card\" content=\"summary_large_image\" \/>\n<meta name=\"twitter:label1\" content=\"Escrito por\" \/>\n\t<meta name=\"twitter:data1\" content=\"linares\" \/>\n<script type=\"application\/ld+json\" class=\"yoast-schema-graph\">{\"@context\":\"https:\/\/schema.org\",\"@graph\":[{\"@type\":\"WebSite\",\"@id\":\"https:\/\/www.elvalledeloscaidos.es\/portal\/#website\",\"url\":\"https:\/\/www.elvalledeloscaidos.es\/portal\/\",\"name\":\"ADVC\",\"description\":\"Asociaci\u00f3n Para la Defensa del Valle de los Ca\u00eddos\",\"potentialAction\":[{\"@type\":\"SearchAction\",\"target\":{\"@type\":\"EntryPoint\",\"urlTemplate\":\"https:\/\/www.elvalledeloscaidos.es\/portal\/?s={search_term_string}\"},\"query-input\":\"required name=search_term_string\"}],\"inLanguage\":\"es\"},{\"@type\":\"ImageObject\",\"@id\":\"https:\/\/www.elvalledeloscaidos.es\/portal\/?p=2985#primaryimage\",\"inLanguage\":\"es\",\"url\":\"http:\/\/www.elvalledeloscaidos.es\/portal\/wp-content\/uploads\/2012\/12\/valle_caidos_muguruza_000.jpg\",\"contentUrl\":\"http:\/\/www.elvalledeloscaidos.es\/portal\/wp-content\/uploads\/2012\/12\/valle_caidos_muguruza_000.jpg\"},{\"@type\":\"WebPage\",\"@id\":\"https:\/\/www.elvalledeloscaidos.es\/portal\/?p=2985#webpage\",\"url\":\"https:\/\/www.elvalledeloscaidos.es\/portal\/?p=2985\",\"name\":\"As\u00ed pudo ser el Valle de los Ca\u00eddos - ADVC\",\"isPartOf\":{\"@id\":\"https:\/\/www.elvalledeloscaidos.es\/portal\/#website\"},\"primaryImageOfPage\":{\"@id\":\"https:\/\/www.elvalledeloscaidos.es\/portal\/?p=2985#primaryimage\"},\"datePublished\":\"2012-12-27T14:50:16+00:00\",\"dateModified\":\"2012-12-27T14:51:35+00:00\",\"author\":{\"@id\":\"https:\/\/www.elvalledeloscaidos.es\/portal\/#\/schema\/person\/36b3894dc4f1eb332b7fc369aed7eb58\"},\"breadcrumb\":{\"@id\":\"https:\/\/www.elvalledeloscaidos.es\/portal\/?p=2985#breadcrumb\"},\"inLanguage\":\"es\",\"potentialAction\":[{\"@type\":\"ReadAction\",\"target\":[\"https:\/\/www.elvalledeloscaidos.es\/portal\/?p=2985\"]}]},{\"@type\":\"BreadcrumbList\",\"@id\":\"https:\/\/www.elvalledeloscaidos.es\/portal\/?p=2985#breadcrumb\",\"itemListElement\":[{\"@type\":\"ListItem\",\"position\":1,\"name\":\"Portada\",\"item\":\"https:\/\/www.elvalledeloscaidos.es\/portal\"},{\"@type\":\"ListItem\",\"position\":2,\"name\":\"As\u00ed pudo ser el Valle de los Ca\u00eddos\"}]},{\"@type\":\"Person\",\"@id\":\"https:\/\/www.elvalledeloscaidos.es\/portal\/#\/schema\/person\/36b3894dc4f1eb332b7fc369aed7eb58\",\"name\":\"linares\",\"image\":{\"@type\":\"ImageObject\",\"@id\":\"https:\/\/www.elvalledeloscaidos.es\/portal\/#personlogo\",\"inLanguage\":\"es\",\"url\":\"https:\/\/secure.gravatar.com\/avatar\/0b6f3a427655ac169c9155e538724b76?s=96&d=mm&r=g\",\"contentUrl\":\"https:\/\/secure.gravatar.com\/avatar\/0b6f3a427655ac169c9155e538724b76?s=96&d=mm&r=g\",\"caption\":\"linares\"},\"url\":\"https:\/\/www.elvalledeloscaidos.es\/portal\/?author=1\"}]}<\/script>\n<!-- \/ Yoast SEO plugin. -->","yoast_head_json":{"title":"As\u00ed pudo ser el Valle de los Ca\u00eddos - ADVC","robots":{"index":"index","follow":"follow","max-snippet":"max-snippet:-1","max-image-preview":"max-image-preview:large","max-video-preview":"max-video-preview:-1"},"canonical":"https:\/\/www.elvalledeloscaidos.es\/portal\/?p=2985","og_locale":"es_ES","og_type":"article","og_title":"As\u00ed pudo ser el Valle de los Ca\u00eddos - ADVC","og_description":"El Valle de los Ca\u00eddos es como es, pero podr\u00eda haber sido de otra manera si no hubiera sido porque el primer arquitecto del Valle, Pedro Muguruza, hubo de abandonar la direcci\u00f3n t\u00e9cnica de las obras por enfermedad. Le sucedi\u00f3 Diego M\u00e9ndez, arquitecto de la Casa Civil de Franco. A [&hellip;]","og_url":"https:\/\/www.elvalledeloscaidos.es\/portal\/?p=2985","og_site_name":"ADVC","article_published_time":"2012-12-27T14:50:16+00:00","article_modified_time":"2012-12-27T14:51:35+00:00","og_image":[{"url":"http:\/\/www.elvalledeloscaidos.es\/portal\/wp-content\/uploads\/2012\/12\/valle_caidos_muguruza_000.jpg"}],"twitter_card":"summary_large_image","twitter_misc":{"Escrito por":"linares"},"schema":{"@context":"https:\/\/schema.org","@graph":[{"@type":"WebSite","@id":"https:\/\/www.elvalledeloscaidos.es\/portal\/#website","url":"https:\/\/www.elvalledeloscaidos.es\/portal\/","name":"ADVC","description":"Asociaci\u00f3n Para la Defensa del Valle de los Ca\u00eddos","potentialAction":[{"@type":"SearchAction","target":{"@type":"EntryPoint","urlTemplate":"https:\/\/www.elvalledeloscaidos.es\/portal\/?s={search_term_string}"},"query-input":"required name=search_term_string"}],"inLanguage":"es"},{"@type":"ImageObject","@id":"https:\/\/www.elvalledeloscaidos.es\/portal\/?p=2985#primaryimage","inLanguage":"es","url":"http:\/\/www.elvalledeloscaidos.es\/portal\/wp-content\/uploads\/2012\/12\/valle_caidos_muguruza_000.jpg","contentUrl":"http:\/\/www.elvalledeloscaidos.es\/portal\/wp-content\/uploads\/2012\/12\/valle_caidos_muguruza_000.jpg"},{"@type":"WebPage","@id":"https:\/\/www.elvalledeloscaidos.es\/portal\/?p=2985#webpage","url":"https:\/\/www.elvalledeloscaidos.es\/portal\/?p=2985","name":"As\u00ed pudo ser el Valle de los Ca\u00eddos - ADVC","isPartOf":{"@id":"https:\/\/www.elvalledeloscaidos.es\/portal\/#website"},"primaryImageOfPage":{"@id":"https:\/\/www.elvalledeloscaidos.es\/portal\/?p=2985#primaryimage"},"datePublished":"2012-12-27T14:50:16+00:00","dateModified":"2012-12-27T14:51:35+00:00","author":{"@id":"https:\/\/www.elvalledeloscaidos.es\/portal\/#\/schema\/person\/36b3894dc4f1eb332b7fc369aed7eb58"},"breadcrumb":{"@id":"https:\/\/www.elvalledeloscaidos.es\/portal\/?p=2985#breadcrumb"},"inLanguage":"es","potentialAction":[{"@type":"ReadAction","target":["https:\/\/www.elvalledeloscaidos.es\/portal\/?p=2985"]}]},{"@type":"BreadcrumbList","@id":"https:\/\/www.elvalledeloscaidos.es\/portal\/?p=2985#breadcrumb","itemListElement":[{"@type":"ListItem","position":1,"name":"Portada","item":"https:\/\/www.elvalledeloscaidos.es\/portal"},{"@type":"ListItem","position":2,"name":"As\u00ed pudo ser el Valle de los Ca\u00eddos"}]},{"@type":"Person","@id":"https:\/\/www.elvalledeloscaidos.es\/portal\/#\/schema\/person\/36b3894dc4f1eb332b7fc369aed7eb58","name":"linares","image":{"@type":"ImageObject","@id":"https:\/\/www.elvalledeloscaidos.es\/portal\/#personlogo","inLanguage":"es","url":"https:\/\/secure.gravatar.com\/avatar\/0b6f3a427655ac169c9155e538724b76?s=96&d=mm&r=g","contentUrl":"https:\/\/secure.gravatar.com\/avatar\/0b6f3a427655ac169c9155e538724b76?s=96&d=mm&r=g","caption":"linares"},"url":"https:\/\/www.elvalledeloscaidos.es\/portal\/?author=1"}]}},"_links":{"self":[{"href":"https:\/\/www.elvalledeloscaidos.es\/portal\/index.php?rest_route=\/wp\/v2\/posts\/2985"}],"collection":[{"href":"https:\/\/www.elvalledeloscaidos.es\/portal\/index.php?rest_route=\/wp\/v2\/posts"}],"about":[{"href":"https:\/\/www.elvalledeloscaidos.es\/portal\/index.php?rest_route=\/wp\/v2\/types\/post"}],"author":[{"embeddable":true,"href":"https:\/\/www.elvalledeloscaidos.es\/portal\/index.php?rest_route=\/wp\/v2\/users\/1"}],"replies":[{"embeddable":true,"href":"https:\/\/www.elvalledeloscaidos.es\/portal\/index.php?rest_route=%2Fwp%2Fv2%2Fcomments&post=2985"}],"version-history":[{"count":4,"href":"https:\/\/www.elvalledeloscaidos.es\/portal\/index.php?rest_route=\/wp\/v2\/posts\/2985\/revisions"}],"predecessor-version":[{"id":3002,"href":"https:\/\/www.elvalledeloscaidos.es\/portal\/index.php?rest_route=\/wp\/v2\/posts\/2985\/revisions\/3002"}],"wp:attachment":[{"href":"https:\/\/www.elvalledeloscaidos.es\/portal\/index.php?rest_route=%2Fwp%2Fv2%2Fmedia&parent=2985"}],"wp:term":[{"taxonomy":"category","embeddable":true,"href":"https:\/\/www.elvalledeloscaidos.es\/portal\/index.php?rest_route=%2Fwp%2Fv2%2Fcategories&post=2985"},{"taxonomy":"post_tag","embeddable":true,"href":"https:\/\/www.elvalledeloscaidos.es\/portal\/index.php?rest_route=%2Fwp%2Fv2%2Ftags&post=2985"}],"curies":[{"name":"wp","href":"https:\/\/api.w.org\/{rel}","templated":true}]}}