{"id":3086,"date":"2013-02-09T17:39:53","date_gmt":"2013-02-09T16:39:53","guid":{"rendered":"http:\/\/www.elvalledeloscaidos.es\/portal\/?p=3086"},"modified":"2013-02-09T17:46:39","modified_gmt":"2013-02-09T16:46:39","slug":"refresquemos-las-memoria","status":"publish","type":"post","link":"https:\/\/www.elvalledeloscaidos.es\/portal\/?p=3086","title":{"rendered":"Refresquemos la memoria&#8230;"},"content":{"rendered":"<p>Una vez m\u00e1s, nos permitimos la licencia de recordar a quien corresponda, que la exhumaci\u00f3n de restos en la Basilica del Valle de los Ca\u00eddos es INVIABLE. Adjuntamos de nuevo el informe forense del Ministerio de Justicia de fecha 15 de febrero de 2011, en el que queda claro que no se pueden exhumar y mucho menos identificar restos. La ADVC representa legalmente a 87 familias que, teniendo los restos de los suyos enterrados en el Valle, NO PERMITIR\u00c1N MANIPULACIONES, CATAS, PROSPECCIONES NI ACTITUD INVASIVA ALGUNA CON LOS RESTOS DE LOS SUYOS.<br \/>\n\u00c9sta asociaci\u00f3n siempre ha sido y ser\u00e1 absolutamente respetuosa con los deseos de aquellas familias que han expresado su deseo de exhumar los restos de los suyos del Valle de los Ca\u00eddos, pero ocurre que exigimos el mismo respeto para nuestros representados, los cuales han expresado taxativamente su deseo en sentido contrario.<\/p>\n<p>&nbsp;<br \/>\n<a href=\"http:\/\/www.elvalledeloscaidos.es\/portal\/wp-content\/uploads\/2013\/02\/informeforensevalledeloscaidos1.pdf\">Click aqu\u00ed para descargar el informe forense del Ministerio de Justicia<\/a><\/p>\n","protected":false},"excerpt":{"rendered":"<p>Una vez m\u00e1s, nos permitimos la licencia de recordar a quien corresponda, que la exhumaci\u00f3n de restos en la Basilica del Valle de los Ca\u00eddos es INVIABLE. Adjuntamos de nuevo el informe forense del Ministerio de Justicia de fecha 15 de febrero de 2011, en el que queda claro que [&hellip;]<\/p>\n","protected":false},"author":3,"featured_media":0,"comment_status":"open","ping_status":"open","sticky":false,"template":"","format":"standard","meta":[],"categories":[4],"tags":[],"yoast_head":"<!-- This site is optimized with the Yoast SEO plugin v18.6 - https:\/\/yoast.com\/wordpress\/plugins\/seo\/ -->\n<title>Refresquemos la memoria... - ADVC<\/title>\n<meta name=\"robots\" content=\"index, follow, max-snippet:-1, max-image-preview:large, max-video-preview:-1\" \/>\n<link rel=\"canonical\" href=\"https:\/\/www.elvalledeloscaidos.es\/portal\/?p=3086\" \/>\n<meta property=\"og:locale\" content=\"es_ES\" \/>\n<meta property=\"og:type\" content=\"article\" \/>\n<meta property=\"og:title\" content=\"Refresquemos la memoria... - ADVC\" \/>\n<meta property=\"og:description\" content=\"Una vez m\u00e1s, nos permitimos la licencia de recordar a quien corresponda, que la exhumaci\u00f3n de restos en la Basilica del Valle de los Ca\u00eddos es INVIABLE. Adjuntamos de nuevo el informe forense del Ministerio de Justicia de fecha 15 de febrero de 2011, en el que queda claro que [&hellip;]\" \/>\n<meta property=\"og:url\" content=\"https:\/\/www.elvalledeloscaidos.es\/portal\/?p=3086\" \/>\n<meta property=\"og:site_name\" content=\"ADVC\" \/>\n<meta property=\"article:published_time\" content=\"2013-02-09T16:39:53+00:00\" \/>\n<meta property=\"article:modified_time\" content=\"2013-02-09T16:46:39+00:00\" \/>\n<meta name=\"twitter:card\" content=\"summary_large_image\" \/>\n<meta name=\"twitter:label1\" content=\"Escrito por\" \/>\n\t<meta name=\"twitter:data1\" content=\"Redaccion\" \/>\n\t<meta name=\"twitter:label2\" content=\"Tiempo de lectura\" \/>\n\t<meta name=\"twitter:data2\" content=\"1 minuto\" \/>\n<script type=\"application\/ld+json\" class=\"yoast-schema-graph\">{\"@context\":\"https:\/\/schema.org\",\"@graph\":[{\"@type\":\"WebSite\",\"@id\":\"https:\/\/www.elvalledeloscaidos.es\/portal\/#website\",\"url\":\"https:\/\/www.elvalledeloscaidos.es\/portal\/\",\"name\":\"ADVC\",\"description\":\"Asociaci\u00f3n Para la Defensa del Valle de los Ca\u00eddos\",\"potentialAction\":[{\"@type\":\"SearchAction\",\"target\":{\"@type\":\"EntryPoint\",\"urlTemplate\":\"https:\/\/www.elvalledeloscaidos.es\/portal\/?s={search_term_string}\"},\"query-input\":\"required name=search_term_string\"}],\"inLanguage\":\"es\"},{\"@type\":\"WebPage\",\"@id\":\"https:\/\/www.elvalledeloscaidos.es\/portal\/?p=3086#webpage\",\"url\":\"https:\/\/www.elvalledeloscaidos.es\/portal\/?p=3086\",\"name\":\"Refresquemos la memoria... - ADVC\",\"isPartOf\":{\"@id\":\"https:\/\/www.elvalledeloscaidos.es\/portal\/#website\"},\"datePublished\":\"2013-02-09T16:39:53+00:00\",\"dateModified\":\"2013-02-09T16:46:39+00:00\",\"author\":{\"@id\":\"https:\/\/www.elvalledeloscaidos.es\/portal\/#\/schema\/person\/b4711176f6b283a7b25ff137a7e34a40\"},\"breadcrumb\":{\"@id\":\"https:\/\/www.elvalledeloscaidos.es\/portal\/?p=3086#breadcrumb\"},\"inLanguage\":\"es\",\"potentialAction\":[{\"@type\":\"ReadAction\",\"target\":[\"https:\/\/www.elvalledeloscaidos.es\/portal\/?p=3086\"]}]},{\"@type\":\"BreadcrumbList\",\"@id\":\"https:\/\/www.elvalledeloscaidos.es\/portal\/?p=3086#breadcrumb\",\"itemListElement\":[{\"@type\":\"ListItem\",\"position\":1,\"name\":\"Portada\",\"item\":\"https:\/\/www.elvalledeloscaidos.es\/portal\"},{\"@type\":\"ListItem\",\"position\":2,\"name\":\"Refresquemos la memoria&#8230;\"}]},{\"@type\":\"Person\",\"@id\":\"https:\/\/www.elvalledeloscaidos.es\/portal\/#\/schema\/person\/b4711176f6b283a7b25ff137a7e34a40\",\"name\":\"Redaccion\",\"image\":{\"@type\":\"ImageObject\",\"@id\":\"https:\/\/www.elvalledeloscaidos.es\/portal\/#personlogo\",\"inLanguage\":\"es\",\"url\":\"https:\/\/secure.gravatar.com\/avatar\/43c3c16f338b78edeffdbd22a8090c53?s=96&d=mm&r=g\",\"contentUrl\":\"https:\/\/secure.gravatar.com\/avatar\/43c3c16f338b78edeffdbd22a8090c53?s=96&d=mm&r=g\",\"caption\":\"Redaccion\"},\"url\":\"https:\/\/www.elvalledeloscaidos.es\/portal\/?author=3\"}]}<\/script>\n<!-- \/ Yoast SEO plugin. -->","yoast_head_json":{"title":"Refresquemos la memoria... - ADVC","robots":{"index":"index","follow":"follow","max-snippet":"max-snippet:-1","max-image-preview":"max-image-preview:large","max-video-preview":"max-video-preview:-1"},"canonical":"https:\/\/www.elvalledeloscaidos.es\/portal\/?p=3086","og_locale":"es_ES","og_type":"article","og_title":"Refresquemos la memoria... - ADVC","og_description":"Una vez m\u00e1s, nos permitimos la licencia de recordar a quien corresponda, que la exhumaci\u00f3n de restos en la Basilica del Valle de los Ca\u00eddos es INVIABLE. Adjuntamos de nuevo el informe forense del Ministerio de Justicia de fecha 15 de febrero de 2011, en el que queda claro que [&hellip;]","og_url":"https:\/\/www.elvalledeloscaidos.es\/portal\/?p=3086","og_site_name":"ADVC","article_published_time":"2013-02-09T16:39:53+00:00","article_modified_time":"2013-02-09T16:46:39+00:00","twitter_card":"summary_large_image","twitter_misc":{"Escrito por":"Redaccion","Tiempo de lectura":"1 minuto"},"schema":{"@context":"https:\/\/schema.org","@graph":[{"@type":"WebSite","@id":"https:\/\/www.elvalledeloscaidos.es\/portal\/#website","url":"https:\/\/www.elvalledeloscaidos.es\/portal\/","name":"ADVC","description":"Asociaci\u00f3n Para la Defensa del Valle de los Ca\u00eddos","potentialAction":[{"@type":"SearchAction","target":{"@type":"EntryPoint","urlTemplate":"https:\/\/www.elvalledeloscaidos.es\/portal\/?s={search_term_string}"},"query-input":"required name=search_term_string"}],"inLanguage":"es"},{"@type":"WebPage","@id":"https:\/\/www.elvalledeloscaidos.es\/portal\/?p=3086#webpage","url":"https:\/\/www.elvalledeloscaidos.es\/portal\/?p=3086","name":"Refresquemos la memoria... - ADVC","isPartOf":{"@id":"https:\/\/www.elvalledeloscaidos.es\/portal\/#website"},"datePublished":"2013-02-09T16:39:53+00:00","dateModified":"2013-02-09T16:46:39+00:00","author":{"@id":"https:\/\/www.elvalledeloscaidos.es\/portal\/#\/schema\/person\/b4711176f6b283a7b25ff137a7e34a40"},"breadcrumb":{"@id":"https:\/\/www.elvalledeloscaidos.es\/portal\/?p=3086#breadcrumb"},"inLanguage":"es","potentialAction":[{"@type":"ReadAction","target":["https:\/\/www.elvalledeloscaidos.es\/portal\/?p=3086"]}]},{"@type":"BreadcrumbList","@id":"https:\/\/www.elvalledeloscaidos.es\/portal\/?p=3086#breadcrumb","itemListElement":[{"@type":"ListItem","position":1,"name":"Portada","item":"https:\/\/www.elvalledeloscaidos.es\/portal"},{"@type":"ListItem","position":2,"name":"Refresquemos la memoria&#8230;"}]},{"@type":"Person","@id":"https:\/\/www.elvalledeloscaidos.es\/portal\/#\/schema\/person\/b4711176f6b283a7b25ff137a7e34a40","name":"Redaccion","image":{"@type":"ImageObject","@id":"https:\/\/www.elvalledeloscaidos.es\/portal\/#personlogo","inLanguage":"es","url":"https:\/\/secure.gravatar.com\/avatar\/43c3c16f338b78edeffdbd22a8090c53?s=96&d=mm&r=g","contentUrl":"https:\/\/secure.gravatar.com\/avatar\/43c3c16f338b78edeffdbd22a8090c53?s=96&d=mm&r=g","caption":"Redaccion"},"url":"https:\/\/www.elvalledeloscaidos.es\/portal\/?author=3"}]}},"_links":{"self":[{"href":"https:\/\/www.elvalledeloscaidos.es\/portal\/index.php?rest_route=\/wp\/v2\/posts\/3086"}],"collection":[{"href":"https:\/\/www.elvalledeloscaidos.es\/portal\/index.php?rest_route=\/wp\/v2\/posts"}],"about":[{"href":"https:\/\/www.elvalledeloscaidos.es\/portal\/index.php?rest_route=\/wp\/v2\/types\/post"}],"author":[{"embeddable":true,"href":"https:\/\/www.elvalledeloscaidos.es\/portal\/index.php?rest_route=\/wp\/v2\/users\/3"}],"replies":[{"embeddable":true,"href":"https:\/\/www.elvalledeloscaidos.es\/portal\/index.php?rest_route=%2Fwp%2Fv2%2Fcomments&post=3086"}],"version-history":[{"count":9,"href":"https:\/\/www.elvalledeloscaidos.es\/portal\/index.php?rest_route=\/wp\/v2\/posts\/3086\/revisions"}],"predecessor-version":[{"id":3097,"href":"https:\/\/www.elvalledeloscaidos.es\/portal\/index.php?rest_route=\/wp\/v2\/posts\/3086\/revisions\/3097"}],"wp:attachment":[{"href":"https:\/\/www.elvalledeloscaidos.es\/portal\/index.php?rest_route=%2Fwp%2Fv2%2Fmedia&parent=3086"}],"wp:term":[{"taxonomy":"category","embeddable":true,"href":"https:\/\/www.elvalledeloscaidos.es\/portal\/index.php?rest_route=%2Fwp%2Fv2%2Fcategories&post=3086"},{"taxonomy":"post_tag","embeddable":true,"href":"https:\/\/www.elvalledeloscaidos.es\/portal\/index.php?rest_route=%2Fwp%2Fv2%2Ftags&post=3086"}],"curies":[{"name":"wp","href":"https:\/\/api.w.org\/{rel}","templated":true}]}}