{"id":3192,"date":"2013-02-26T19:54:16","date_gmt":"2013-02-26T18:54:16","guid":{"rendered":"http:\/\/www.elvalledeloscaidos.es\/portal\/?p=3192"},"modified":"2013-04-08T22:20:23","modified_gmt":"2013-04-08T21:20:23","slug":"la-advc-presenta-una-querella-contra-el-senador-anasagasti","status":"publish","type":"post","link":"https:\/\/www.elvalledeloscaidos.es\/portal\/?p=3192","title":{"rendered":"La ADVC presenta una querella contra el senador Anasagasti."},"content":{"rendered":"<p style=\"text-align: justify;\">La Asociaci\u00f3n Para la Defensa del Valle de los Ca\u00eddos, ha interpuesto hoy d\u00eda 26 de febrero una querella contra el Senador I\u00f1aqui Anasagasti por un presunto delito de incitaci\u00f3n al odio y a la violencia del art. 510.1 del C\u00f3digo Penal.<\/p>\n<p style=\"text-align: justify;\"><!--more--><\/p>\n<p style=\"text-align: justify;\">El senador Anasagasti public\u00f3 el 21 de Octubre de 2012 en el diario \u00abDEIA\u00bb, \u00a0un\u00a0art\u00edculo titulado \u201cLA DERECHA ESPA\u00d1OLA VUELVE A ENSE\u00d1AR LOS DIENTES\u201d, plagado de expresiones b\u00e9licas, como viene siendo frecuente en su l\u00e9xico. En dicho art\u00edculo reconoc\u00eda haber dicho en un debate\u00a0 \u00ab<span style=\"color: #690c18;\"><strong><span style=\"font-family: TT19o00;\"><span style=\"font-family: TT18o00;\">QUE LO MEJOR QUE POD\u00cdAN HACER CON EL <\/span><\/span>MONUMENTO (EL VALLE DE LOS CAIDOS), PREVIO EL HECHO DE SACAR LOS RESTOS DE LOS ALLI ENTERRADOS, ERA VOLAR TODO AQUELLO\u00bb.<\/strong><\/span><\/p>\n<p style=\"text-align: justify;\" align=\"left\"><span style=\"color: #333300;\">\u00abLa reiterada provocaci\u00f3n del Senador Anasagasti proponiendo la voladura de la Cruz m\u00e1s grande del mundo y de la Bas\u00edlica, donde est\u00e1 ubicado un Convento de la Orden Benedictina, as\u00ed como una Escolan\u00eda de prestigio internacional e incontables obras de arte contenidas en su interior, ha de entenderse en sentido estricto como una provocaci\u00f3n inequ\u00edvoca dirigida al \u00abodio\u00bb, y una incitaci\u00f3n directa a la violencia, por unos medios concretos contra un objetivo concreto, que ha sido secundada por grupos minoritarios, como se demostrar\u00e1 en el curso del procedimiento. Cuando se habla a la sociedad por un Senador de usar dinamita o de voladuras contra el patrimonio hist\u00f3rico art\u00edstico de un pueblo, y contra un templo al que el Vaticano dio categor\u00eda de Bas\u00edlica, no estamos ante un uso sano ejercicio de la libertad de expresi\u00f3n, sino ante el tipo previsto en el art. 510 del C\u00f3digo Penal Espa\u00f1ol.\u00bb (extra\u00eddo del texto de la propia querella).<\/span><\/p>\n<p align=\"left\">Puede descargar la querella en pdf, pinchando <a href=\"http:\/\/www.elvalledeloscaidos.es\/descargas\/querella.pdf\" target=\"_blank\">aqu\u00ed<\/a><\/p>\n<p align=\"left\">A continuaci\u00f3n, facilitamos el corte del video, de la intervenci\u00f3n del senador Anasagasti el 26 de junio de 2011 y que se ha aportado a la querella.<\/p>\n<p><center><iframe loading=\"lazy\" src=\"http:\/\/www.youtube.com\/embed\/b7-nDIuFqQI\" height=\"315\" width=\"420\" allowfullscreen=\"\" frameborder=\"0\"><\/iframe><\/center><\/p>\n","protected":false},"excerpt":{"rendered":"<p>La Asociaci\u00f3n Para la Defensa del Valle de los Ca\u00eddos, ha interpuesto hoy d\u00eda 26 de febrero una querella contra el Senador I\u00f1aqui Anasagasti por un presunto delito de incitaci\u00f3n al odio y a la violencia del art. 510.1 del C\u00f3digo Penal.<\/p>\n","protected":false},"author":1,"featured_media":0,"comment_status":"open","ping_status":"open","sticky":false,"template":"","format":"standard","meta":[],"categories":[4],"tags":[],"yoast_head":"<!-- This site is optimized with the Yoast SEO plugin v18.6 - https:\/\/yoast.com\/wordpress\/plugins\/seo\/ -->\n<title>La ADVC presenta una querella contra el senador Anasagasti. - ADVC<\/title>\n<meta name=\"robots\" content=\"index, follow, max-snippet:-1, max-image-preview:large, max-video-preview:-1\" \/>\n<link rel=\"canonical\" href=\"https:\/\/www.elvalledeloscaidos.es\/portal\/?p=3192\" \/>\n<meta property=\"og:locale\" content=\"es_ES\" \/>\n<meta property=\"og:type\" content=\"article\" \/>\n<meta property=\"og:title\" content=\"La ADVC presenta una querella contra el senador Anasagasti. - ADVC\" \/>\n<meta property=\"og:description\" content=\"La Asociaci\u00f3n Para la Defensa del Valle de los Ca\u00eddos, ha interpuesto hoy d\u00eda 26 de febrero una querella contra el Senador I\u00f1aqui Anasagasti por un presunto delito de incitaci\u00f3n al odio y a la violencia del art. 510.1 del C\u00f3digo Penal.\" \/>\n<meta property=\"og:url\" content=\"https:\/\/www.elvalledeloscaidos.es\/portal\/?p=3192\" \/>\n<meta property=\"og:site_name\" content=\"ADVC\" \/>\n<meta property=\"article:published_time\" content=\"2013-02-26T18:54:16+00:00\" \/>\n<meta property=\"article:modified_time\" content=\"2013-04-08T21:20:23+00:00\" \/>\n<meta name=\"twitter:card\" content=\"summary_large_image\" \/>\n<meta name=\"twitter:label1\" content=\"Escrito por\" \/>\n\t<meta name=\"twitter:data1\" content=\"linares\" \/>\n\t<meta name=\"twitter:label2\" content=\"Tiempo de lectura\" \/>\n\t<meta name=\"twitter:data2\" content=\"2 minutos\" \/>\n<script type=\"application\/ld+json\" class=\"yoast-schema-graph\">{\"@context\":\"https:\/\/schema.org\",\"@graph\":[{\"@type\":\"WebSite\",\"@id\":\"https:\/\/www.elvalledeloscaidos.es\/portal\/#website\",\"url\":\"https:\/\/www.elvalledeloscaidos.es\/portal\/\",\"name\":\"ADVC\",\"description\":\"Asociaci\u00f3n Para la Defensa del Valle de los Ca\u00eddos\",\"potentialAction\":[{\"@type\":\"SearchAction\",\"target\":{\"@type\":\"EntryPoint\",\"urlTemplate\":\"https:\/\/www.elvalledeloscaidos.es\/portal\/?s={search_term_string}\"},\"query-input\":\"required name=search_term_string\"}],\"inLanguage\":\"es\"},{\"@type\":\"WebPage\",\"@id\":\"https:\/\/www.elvalledeloscaidos.es\/portal\/?p=3192#webpage\",\"url\":\"https:\/\/www.elvalledeloscaidos.es\/portal\/?p=3192\",\"name\":\"La ADVC presenta una querella contra el senador Anasagasti. - ADVC\",\"isPartOf\":{\"@id\":\"https:\/\/www.elvalledeloscaidos.es\/portal\/#website\"},\"datePublished\":\"2013-02-26T18:54:16+00:00\",\"dateModified\":\"2013-04-08T21:20:23+00:00\",\"author\":{\"@id\":\"https:\/\/www.elvalledeloscaidos.es\/portal\/#\/schema\/person\/36b3894dc4f1eb332b7fc369aed7eb58\"},\"breadcrumb\":{\"@id\":\"https:\/\/www.elvalledeloscaidos.es\/portal\/?p=3192#breadcrumb\"},\"inLanguage\":\"es\",\"potentialAction\":[{\"@type\":\"ReadAction\",\"target\":[\"https:\/\/www.elvalledeloscaidos.es\/portal\/?p=3192\"]}]},{\"@type\":\"BreadcrumbList\",\"@id\":\"https:\/\/www.elvalledeloscaidos.es\/portal\/?p=3192#breadcrumb\",\"itemListElement\":[{\"@type\":\"ListItem\",\"position\":1,\"name\":\"Portada\",\"item\":\"https:\/\/www.elvalledeloscaidos.es\/portal\"},{\"@type\":\"ListItem\",\"position\":2,\"name\":\"La ADVC presenta una querella contra el senador Anasagasti.\"}]},{\"@type\":\"Person\",\"@id\":\"https:\/\/www.elvalledeloscaidos.es\/portal\/#\/schema\/person\/36b3894dc4f1eb332b7fc369aed7eb58\",\"name\":\"linares\",\"image\":{\"@type\":\"ImageObject\",\"@id\":\"https:\/\/www.elvalledeloscaidos.es\/portal\/#personlogo\",\"inLanguage\":\"es\",\"url\":\"https:\/\/secure.gravatar.com\/avatar\/0b6f3a427655ac169c9155e538724b76?s=96&d=mm&r=g\",\"contentUrl\":\"https:\/\/secure.gravatar.com\/avatar\/0b6f3a427655ac169c9155e538724b76?s=96&d=mm&r=g\",\"caption\":\"linares\"},\"url\":\"https:\/\/www.elvalledeloscaidos.es\/portal\/?author=1\"}]}<\/script>\n<!-- \/ Yoast SEO plugin. -->","yoast_head_json":{"title":"La ADVC presenta una querella contra el senador Anasagasti. - ADVC","robots":{"index":"index","follow":"follow","max-snippet":"max-snippet:-1","max-image-preview":"max-image-preview:large","max-video-preview":"max-video-preview:-1"},"canonical":"https:\/\/www.elvalledeloscaidos.es\/portal\/?p=3192","og_locale":"es_ES","og_type":"article","og_title":"La ADVC presenta una querella contra el senador Anasagasti. - ADVC","og_description":"La Asociaci\u00f3n Para la Defensa del Valle de los Ca\u00eddos, ha interpuesto hoy d\u00eda 26 de febrero una querella contra el Senador I\u00f1aqui Anasagasti por un presunto delito de incitaci\u00f3n al odio y a la violencia del art. 510.1 del C\u00f3digo Penal.","og_url":"https:\/\/www.elvalledeloscaidos.es\/portal\/?p=3192","og_site_name":"ADVC","article_published_time":"2013-02-26T18:54:16+00:00","article_modified_time":"2013-04-08T21:20:23+00:00","twitter_card":"summary_large_image","twitter_misc":{"Escrito por":"linares","Tiempo de lectura":"2 minutos"},"schema":{"@context":"https:\/\/schema.org","@graph":[{"@type":"WebSite","@id":"https:\/\/www.elvalledeloscaidos.es\/portal\/#website","url":"https:\/\/www.elvalledeloscaidos.es\/portal\/","name":"ADVC","description":"Asociaci\u00f3n Para la Defensa del Valle de los Ca\u00eddos","potentialAction":[{"@type":"SearchAction","target":{"@type":"EntryPoint","urlTemplate":"https:\/\/www.elvalledeloscaidos.es\/portal\/?s={search_term_string}"},"query-input":"required name=search_term_string"}],"inLanguage":"es"},{"@type":"WebPage","@id":"https:\/\/www.elvalledeloscaidos.es\/portal\/?p=3192#webpage","url":"https:\/\/www.elvalledeloscaidos.es\/portal\/?p=3192","name":"La ADVC presenta una querella contra el senador Anasagasti. - ADVC","isPartOf":{"@id":"https:\/\/www.elvalledeloscaidos.es\/portal\/#website"},"datePublished":"2013-02-26T18:54:16+00:00","dateModified":"2013-04-08T21:20:23+00:00","author":{"@id":"https:\/\/www.elvalledeloscaidos.es\/portal\/#\/schema\/person\/36b3894dc4f1eb332b7fc369aed7eb58"},"breadcrumb":{"@id":"https:\/\/www.elvalledeloscaidos.es\/portal\/?p=3192#breadcrumb"},"inLanguage":"es","potentialAction":[{"@type":"ReadAction","target":["https:\/\/www.elvalledeloscaidos.es\/portal\/?p=3192"]}]},{"@type":"BreadcrumbList","@id":"https:\/\/www.elvalledeloscaidos.es\/portal\/?p=3192#breadcrumb","itemListElement":[{"@type":"ListItem","position":1,"name":"Portada","item":"https:\/\/www.elvalledeloscaidos.es\/portal"},{"@type":"ListItem","position":2,"name":"La ADVC presenta una querella contra el senador Anasagasti."}]},{"@type":"Person","@id":"https:\/\/www.elvalledeloscaidos.es\/portal\/#\/schema\/person\/36b3894dc4f1eb332b7fc369aed7eb58","name":"linares","image":{"@type":"ImageObject","@id":"https:\/\/www.elvalledeloscaidos.es\/portal\/#personlogo","inLanguage":"es","url":"https:\/\/secure.gravatar.com\/avatar\/0b6f3a427655ac169c9155e538724b76?s=96&d=mm&r=g","contentUrl":"https:\/\/secure.gravatar.com\/avatar\/0b6f3a427655ac169c9155e538724b76?s=96&d=mm&r=g","caption":"linares"},"url":"https:\/\/www.elvalledeloscaidos.es\/portal\/?author=1"}]}},"_links":{"self":[{"href":"https:\/\/www.elvalledeloscaidos.es\/portal\/index.php?rest_route=\/wp\/v2\/posts\/3192"}],"collection":[{"href":"https:\/\/www.elvalledeloscaidos.es\/portal\/index.php?rest_route=\/wp\/v2\/posts"}],"about":[{"href":"https:\/\/www.elvalledeloscaidos.es\/portal\/index.php?rest_route=\/wp\/v2\/types\/post"}],"author":[{"embeddable":true,"href":"https:\/\/www.elvalledeloscaidos.es\/portal\/index.php?rest_route=\/wp\/v2\/users\/1"}],"replies":[{"embeddable":true,"href":"https:\/\/www.elvalledeloscaidos.es\/portal\/index.php?rest_route=%2Fwp%2Fv2%2Fcomments&post=3192"}],"version-history":[{"count":12,"href":"https:\/\/www.elvalledeloscaidos.es\/portal\/index.php?rest_route=\/wp\/v2\/posts\/3192\/revisions"}],"predecessor-version":[{"id":3550,"href":"https:\/\/www.elvalledeloscaidos.es\/portal\/index.php?rest_route=\/wp\/v2\/posts\/3192\/revisions\/3550"}],"wp:attachment":[{"href":"https:\/\/www.elvalledeloscaidos.es\/portal\/index.php?rest_route=%2Fwp%2Fv2%2Fmedia&parent=3192"}],"wp:term":[{"taxonomy":"category","embeddable":true,"href":"https:\/\/www.elvalledeloscaidos.es\/portal\/index.php?rest_route=%2Fwp%2Fv2%2Fcategories&post=3192"},{"taxonomy":"post_tag","embeddable":true,"href":"https:\/\/www.elvalledeloscaidos.es\/portal\/index.php?rest_route=%2Fwp%2Fv2%2Ftags&post=3192"}],"curies":[{"name":"wp","href":"https:\/\/api.w.org\/{rel}","templated":true}]}}