{"id":3228,"date":"2013-03-13T23:45:23","date_gmt":"2013-03-13T22:45:23","guid":{"rendered":"http:\/\/www.elvalledeloscaidos.es\/portal\/?p=3228"},"modified":"2013-04-23T13:59:24","modified_gmt":"2013-04-23T12:59:24","slug":"noticias-de-la-advc","status":"publish","type":"post","link":"https:\/\/www.elvalledeloscaidos.es\/portal\/?p=3228","title":{"rendered":"Noticias de la ADVC"},"content":{"rendered":"<p style=\"text-align: justify;\">La Asociaci\u00f3n Para la Defensa del Valle de los Ca\u00eddos quiere poner en conocimiento de su colectivo de socios y simpatizantes, que en el <strong>Procedimiento Especial abierto en la Sala Segunda del Tribunal Supremo como consecuencia de la querella presentada por la ADVC contra el senador nacionalista I\u00f1aki Anasagasti<\/strong> por la presunta comisi\u00f3n de un delito de incitaci\u00f3n al odio y a la violencia, la Sala ha acordado que por el Secretario de Gobierno del propio Tribunal Supremo se remita al Tribunal certificaci\u00f3n acreditativa de si D. I\u00f1aki Anasagasti ostenta en la actual legistatura la condici\u00f3n de Senador.<\/p>\n","protected":false},"excerpt":{"rendered":"<p>La Asociaci\u00f3n Para la Defensa del Valle de los Ca\u00eddos quiere poner en conocimiento de su colectivo de socios y simpatizantes, que en el Procedimiento Especial abierto en la Sala Segunda del Tribunal Supremo como consecuencia de la querella presentada por la ADVC contra el senador nacionalista I\u00f1aki Anasagasti por [&hellip;]<\/p>\n","protected":false},"author":3,"featured_media":0,"comment_status":"open","ping_status":"open","sticky":false,"template":"","format":"standard","meta":[],"categories":[4],"tags":[],"yoast_head":"<!-- This site is optimized with the Yoast SEO plugin v18.6 - https:\/\/yoast.com\/wordpress\/plugins\/seo\/ -->\n<title>Noticias de la ADVC - ADVC<\/title>\n<meta name=\"robots\" content=\"index, follow, max-snippet:-1, max-image-preview:large, max-video-preview:-1\" \/>\n<link rel=\"canonical\" href=\"https:\/\/www.elvalledeloscaidos.es\/portal\/?p=3228\" \/>\n<meta property=\"og:locale\" content=\"es_ES\" \/>\n<meta property=\"og:type\" content=\"article\" \/>\n<meta property=\"og:title\" content=\"Noticias de la ADVC - ADVC\" \/>\n<meta property=\"og:description\" content=\"La Asociaci\u00f3n Para la Defensa del Valle de los Ca\u00eddos quiere poner en conocimiento de su colectivo de socios y simpatizantes, que en el Procedimiento Especial abierto en la Sala Segunda del Tribunal Supremo como consecuencia de la querella presentada por la ADVC contra el senador nacionalista I\u00f1aki Anasagasti por [&hellip;]\" \/>\n<meta property=\"og:url\" content=\"https:\/\/www.elvalledeloscaidos.es\/portal\/?p=3228\" \/>\n<meta property=\"og:site_name\" content=\"ADVC\" \/>\n<meta property=\"article:published_time\" content=\"2013-03-13T22:45:23+00:00\" \/>\n<meta property=\"article:modified_time\" content=\"2013-04-23T12:59:24+00:00\" \/>\n<meta name=\"twitter:card\" content=\"summary_large_image\" \/>\n<meta name=\"twitter:label1\" content=\"Escrito por\" \/>\n\t<meta name=\"twitter:data1\" content=\"Redaccion\" \/>\n\t<meta name=\"twitter:label2\" content=\"Tiempo de lectura\" \/>\n\t<meta name=\"twitter:data2\" content=\"1 minuto\" \/>\n<script type=\"application\/ld+json\" class=\"yoast-schema-graph\">{\"@context\":\"https:\/\/schema.org\",\"@graph\":[{\"@type\":\"WebSite\",\"@id\":\"https:\/\/www.elvalledeloscaidos.es\/portal\/#website\",\"url\":\"https:\/\/www.elvalledeloscaidos.es\/portal\/\",\"name\":\"ADVC\",\"description\":\"Asociaci\u00f3n Para la Defensa del Valle de los Ca\u00eddos\",\"potentialAction\":[{\"@type\":\"SearchAction\",\"target\":{\"@type\":\"EntryPoint\",\"urlTemplate\":\"https:\/\/www.elvalledeloscaidos.es\/portal\/?s={search_term_string}\"},\"query-input\":\"required name=search_term_string\"}],\"inLanguage\":\"es\"},{\"@type\":\"WebPage\",\"@id\":\"https:\/\/www.elvalledeloscaidos.es\/portal\/?p=3228#webpage\",\"url\":\"https:\/\/www.elvalledeloscaidos.es\/portal\/?p=3228\",\"name\":\"Noticias de la ADVC - ADVC\",\"isPartOf\":{\"@id\":\"https:\/\/www.elvalledeloscaidos.es\/portal\/#website\"},\"datePublished\":\"2013-03-13T22:45:23+00:00\",\"dateModified\":\"2013-04-23T12:59:24+00:00\",\"author\":{\"@id\":\"https:\/\/www.elvalledeloscaidos.es\/portal\/#\/schema\/person\/b4711176f6b283a7b25ff137a7e34a40\"},\"breadcrumb\":{\"@id\":\"https:\/\/www.elvalledeloscaidos.es\/portal\/?p=3228#breadcrumb\"},\"inLanguage\":\"es\",\"potentialAction\":[{\"@type\":\"ReadAction\",\"target\":[\"https:\/\/www.elvalledeloscaidos.es\/portal\/?p=3228\"]}]},{\"@type\":\"BreadcrumbList\",\"@id\":\"https:\/\/www.elvalledeloscaidos.es\/portal\/?p=3228#breadcrumb\",\"itemListElement\":[{\"@type\":\"ListItem\",\"position\":1,\"name\":\"Portada\",\"item\":\"https:\/\/www.elvalledeloscaidos.es\/portal\"},{\"@type\":\"ListItem\",\"position\":2,\"name\":\"Noticias de la ADVC\"}]},{\"@type\":\"Person\",\"@id\":\"https:\/\/www.elvalledeloscaidos.es\/portal\/#\/schema\/person\/b4711176f6b283a7b25ff137a7e34a40\",\"name\":\"Redaccion\",\"image\":{\"@type\":\"ImageObject\",\"@id\":\"https:\/\/www.elvalledeloscaidos.es\/portal\/#personlogo\",\"inLanguage\":\"es\",\"url\":\"https:\/\/secure.gravatar.com\/avatar\/43c3c16f338b78edeffdbd22a8090c53?s=96&d=mm&r=g\",\"contentUrl\":\"https:\/\/secure.gravatar.com\/avatar\/43c3c16f338b78edeffdbd22a8090c53?s=96&d=mm&r=g\",\"caption\":\"Redaccion\"},\"url\":\"https:\/\/www.elvalledeloscaidos.es\/portal\/?author=3\"}]}<\/script>\n<!-- \/ Yoast SEO plugin. -->","yoast_head_json":{"title":"Noticias de la ADVC - ADVC","robots":{"index":"index","follow":"follow","max-snippet":"max-snippet:-1","max-image-preview":"max-image-preview:large","max-video-preview":"max-video-preview:-1"},"canonical":"https:\/\/www.elvalledeloscaidos.es\/portal\/?p=3228","og_locale":"es_ES","og_type":"article","og_title":"Noticias de la ADVC - ADVC","og_description":"La Asociaci\u00f3n Para la Defensa del Valle de los Ca\u00eddos quiere poner en conocimiento de su colectivo de socios y simpatizantes, que en el Procedimiento Especial abierto en la Sala Segunda del Tribunal Supremo como consecuencia de la querella presentada por la ADVC contra el senador nacionalista I\u00f1aki Anasagasti por [&hellip;]","og_url":"https:\/\/www.elvalledeloscaidos.es\/portal\/?p=3228","og_site_name":"ADVC","article_published_time":"2013-03-13T22:45:23+00:00","article_modified_time":"2013-04-23T12:59:24+00:00","twitter_card":"summary_large_image","twitter_misc":{"Escrito por":"Redaccion","Tiempo de lectura":"1 minuto"},"schema":{"@context":"https:\/\/schema.org","@graph":[{"@type":"WebSite","@id":"https:\/\/www.elvalledeloscaidos.es\/portal\/#website","url":"https:\/\/www.elvalledeloscaidos.es\/portal\/","name":"ADVC","description":"Asociaci\u00f3n Para la Defensa del Valle de los Ca\u00eddos","potentialAction":[{"@type":"SearchAction","target":{"@type":"EntryPoint","urlTemplate":"https:\/\/www.elvalledeloscaidos.es\/portal\/?s={search_term_string}"},"query-input":"required name=search_term_string"}],"inLanguage":"es"},{"@type":"WebPage","@id":"https:\/\/www.elvalledeloscaidos.es\/portal\/?p=3228#webpage","url":"https:\/\/www.elvalledeloscaidos.es\/portal\/?p=3228","name":"Noticias de la ADVC - ADVC","isPartOf":{"@id":"https:\/\/www.elvalledeloscaidos.es\/portal\/#website"},"datePublished":"2013-03-13T22:45:23+00:00","dateModified":"2013-04-23T12:59:24+00:00","author":{"@id":"https:\/\/www.elvalledeloscaidos.es\/portal\/#\/schema\/person\/b4711176f6b283a7b25ff137a7e34a40"},"breadcrumb":{"@id":"https:\/\/www.elvalledeloscaidos.es\/portal\/?p=3228#breadcrumb"},"inLanguage":"es","potentialAction":[{"@type":"ReadAction","target":["https:\/\/www.elvalledeloscaidos.es\/portal\/?p=3228"]}]},{"@type":"BreadcrumbList","@id":"https:\/\/www.elvalledeloscaidos.es\/portal\/?p=3228#breadcrumb","itemListElement":[{"@type":"ListItem","position":1,"name":"Portada","item":"https:\/\/www.elvalledeloscaidos.es\/portal"},{"@type":"ListItem","position":2,"name":"Noticias de la ADVC"}]},{"@type":"Person","@id":"https:\/\/www.elvalledeloscaidos.es\/portal\/#\/schema\/person\/b4711176f6b283a7b25ff137a7e34a40","name":"Redaccion","image":{"@type":"ImageObject","@id":"https:\/\/www.elvalledeloscaidos.es\/portal\/#personlogo","inLanguage":"es","url":"https:\/\/secure.gravatar.com\/avatar\/43c3c16f338b78edeffdbd22a8090c53?s=96&d=mm&r=g","contentUrl":"https:\/\/secure.gravatar.com\/avatar\/43c3c16f338b78edeffdbd22a8090c53?s=96&d=mm&r=g","caption":"Redaccion"},"url":"https:\/\/www.elvalledeloscaidos.es\/portal\/?author=3"}]}},"_links":{"self":[{"href":"https:\/\/www.elvalledeloscaidos.es\/portal\/index.php?rest_route=\/wp\/v2\/posts\/3228"}],"collection":[{"href":"https:\/\/www.elvalledeloscaidos.es\/portal\/index.php?rest_route=\/wp\/v2\/posts"}],"about":[{"href":"https:\/\/www.elvalledeloscaidos.es\/portal\/index.php?rest_route=\/wp\/v2\/types\/post"}],"author":[{"embeddable":true,"href":"https:\/\/www.elvalledeloscaidos.es\/portal\/index.php?rest_route=\/wp\/v2\/users\/3"}],"replies":[{"embeddable":true,"href":"https:\/\/www.elvalledeloscaidos.es\/portal\/index.php?rest_route=%2Fwp%2Fv2%2Fcomments&post=3228"}],"version-history":[{"count":8,"href":"https:\/\/www.elvalledeloscaidos.es\/portal\/index.php?rest_route=\/wp\/v2\/posts\/3228\/revisions"}],"predecessor-version":[{"id":3378,"href":"https:\/\/www.elvalledeloscaidos.es\/portal\/index.php?rest_route=\/wp\/v2\/posts\/3228\/revisions\/3378"}],"wp:attachment":[{"href":"https:\/\/www.elvalledeloscaidos.es\/portal\/index.php?rest_route=%2Fwp%2Fv2%2Fmedia&parent=3228"}],"wp:term":[{"taxonomy":"category","embeddable":true,"href":"https:\/\/www.elvalledeloscaidos.es\/portal\/index.php?rest_route=%2Fwp%2Fv2%2Fcategories&post=3228"},{"taxonomy":"post_tag","embeddable":true,"href":"https:\/\/www.elvalledeloscaidos.es\/portal\/index.php?rest_route=%2Fwp%2Fv2%2Ftags&post=3228"}],"curies":[{"name":"wp","href":"https:\/\/api.w.org\/{rel}","templated":true}]}}