{"id":3282,"date":"2013-04-05T21:26:20","date_gmt":"2013-04-05T20:26:20","guid":{"rendered":"http:\/\/www.elvalledeloscaidos.es\/portal\/?p=3282"},"modified":"2013-04-05T23:45:34","modified_gmt":"2013-04-05T22:45:34","slug":"las-instalaciones-cientificas-del-valle-de-los-caidos","status":"publish","type":"post","link":"https:\/\/www.elvalledeloscaidos.es\/portal\/?p=3282","title":{"rendered":"Las instalaciones cient\u00edficas del Valle de los Ca\u00eddos."},"content":{"rendered":"<p>En el ya lejano a\u00f1o de 1972 el Instituto de Astronom\u00eda y Geodesia, entidad dependiente del Consejo Superior de Investigaciones Cient\u00edficas, alcanz\u00f3 un acuerdo con Patrimonio Nacional para instalar en el subsuelo de la Bas\u00edlica del Valle de los Ca\u00eddos, unas instalaciones destinadas a medir las mareas terrestres y realizar importantes estudios cient\u00edficos sobre gravimetr\u00eda.<\/p>\n<p><!--more--><\/p>\n<p>Se da la circunstancia que el enclave geogr\u00e1fico d\u00f3nde est\u00e1 ubicado el Valle de los Ca\u00eddos <strong>\u201ccuenta con unas condiciones excepcionales, de una gran estabilidad, que permite hacer de una forma magnifica las medidas geod\u00e9sicas\u201d,<\/strong> como aseguraba D. Ricardo Vieira, doctor en ciencias f\u00edsicas con grado de maestro de investigaciones (el m\u00e1s alto existente), \u00a0fundador y responsable del laboratorio desde 1972 y Director de Instituto de Astronom\u00eda y Geodesia hasta su jubilaci\u00f3n.<\/p>\n<p>Las instalaciones existentes en el Valle son:<\/p>\n<ul>\n<li>Un laboratorio subterr\u00e1neo de mareas terrestres.<\/li>\n<li>Una estaci\u00f3n de gravedad absoluta.<\/li>\n<li>Una l\u00ednea de calibraci\u00f3n de grav\u00edmetros.<\/li>\n<\/ul>\n<p>Adem\u00e1s, y como parte del convenio entre el Instituto de Astronom\u00eda y Geodesia y \u00a0Patrimonio Nacional, se instal\u00f3 en la base de la Cruz del Valle, un laboratorio de flexi\u00f3n de la Cruz.<\/p>\n<p>Durante m\u00e1s de 37 a\u00f1os las instalaciones del I.A.G en el Valle de los Ca\u00eddos fueron constantemente atendidas realiz\u00e1ndose numerosos estudios cient\u00edficos, y \u00a0dada la calidad de \u00a0estas instalaciones, fueron numerosos los cient\u00edficos espa\u00f1oles y extranjeros (sobre todo finlandeses y alemanes), los que solicitaron la utilizaci\u00f3n de las instalaciones y de sus avanzados aparatos de medici\u00f3n.<\/p>\n<p><strong>Todos estos cient\u00edficos, espa\u00f1oles e internacionales, han coincidido al afirmar que las instalaciones del Valle de los Ca\u00eddos son con\u00a0toda seguridad \u201clas mejores de Europa\u201d.<\/strong><\/p>\n<p>Sin embargo hace ahora 3 a\u00f1os que estas cualificadas instalaciones dependen administrativamente del <a href=\"http:\/\/www.igeo.ucm-csic.es\/\" target=\"_blank\">I.G.E.O<\/a> (Instituto de Geociencias de la Universidad Complutense de Madrid), cuyo inter\u00e9s parece ser se decanta m\u00e1s hacia la rama geol\u00f3gica y no tanto por aquellas materias para las que las instalaciones del Valle podr\u00edan seguir siendo de una gran importancia, lo cual supone un hecho m\u00e1s que lamentable dado el inmenso potencial que dichas instalaciones atesoran.<\/p>\n<p>En la Asociaci\u00f3n Para la Defensa del Valle de los Ca\u00eddos creemos que supone un verdadero esc\u00e1ndalo que estas instalaciones se encuentren en el estado de semi abandono en el que presuntamente podr\u00edan encontrarse.<\/p>\n<p><strong>Por este motivo desde la ADVC hacemos un llamamiento a la Universidad Complutense de Madrid, en la figura administrativa de su Instituto de Geociencias, responsable actual de las instalaciones del Valle, para que sin demora se reanuden las labores de utilizaci\u00f3n de tan magn\u00edficas instalaciones o en su defecto se cedan al organismo u organismos espa\u00f1oles y\/o extranjeros que sepan valorar convenientemente el potencial cient\u00edfico de las instalaciones del Valle de los Ca\u00eddos.<\/strong><\/p>\n<p>En los pr\u00f3ximos d\u00edas esta asociaci\u00f3n har\u00e1 llegar esta petici\u00f3n por escrito al Instituto de Geociencias de la Universidad Complutense de Madrid, con copia al Consejo de Administraci\u00f3n de Patrimonio Nacional.<\/p>\n<p>&nbsp;<\/p>\n<hr \/>\n<p>En las dos primeras imagenes podemos observar aparatos de observaci\u00f3n grav\u00edmetricas (grav\u00edmetros absolutos)\u00a0de las citadas instalaciones del Valle de los Ca\u00eddos.<\/p>\n<p>En la imagen inferior podemos ver\u00a0 una veleta-anem\u00f3metro, tipo \u00ab<i>propellor<\/i>\u00ab, protegida por una jaula de Faraday, instaladas en su dia en lo m\u00e1s alto de la Cruz del Valle de los Ca\u00eddos,\u00a0para el estudio y seguimiento de su\u00a0flexi\u00f3n por impacto e\u00f3lico.<\/p>\n<p>&nbsp;<\/p>\n<p style=\"text-align: center;\"><img decoding=\"async\" loading=\"lazy\" class=\"aligncenter size-full wp-image-3284\" style=\"border: black 1px solid;\" alt=\"002\" src=\"http:\/\/www.elvalledeloscaidos.es\/portal\/wp-content\/uploads\/2013\/04\/002.jpg\" width=\"400\" height=\"533\" srcset=\"https:\/\/www.elvalledeloscaidos.es\/portal\/wp-content\/uploads\/2013\/04\/002.jpg 400w, https:\/\/www.elvalledeloscaidos.es\/portal\/wp-content\/uploads\/2013\/04\/002-225x300.jpg 225w\" sizes=\"(max-width: 400px) 100vw, 400px\" \/><\/p>\n<p style=\"text-align: center;\"><img decoding=\"async\" loading=\"lazy\" class=\"aligncenter size-full wp-image-3283\" style=\"border: black 1px solid;\" alt=\"001\" src=\"http:\/\/www.elvalledeloscaidos.es\/portal\/wp-content\/uploads\/2013\/04\/001.jpg\" width=\"400\" height=\"451\" srcset=\"https:\/\/www.elvalledeloscaidos.es\/portal\/wp-content\/uploads\/2013\/04\/001.jpg 400w, https:\/\/www.elvalledeloscaidos.es\/portal\/wp-content\/uploads\/2013\/04\/001-266x300.jpg 266w\" sizes=\"(max-width: 400px) 100vw, 400px\" \/><\/p>\n<p style=\"text-align: center;\"><img decoding=\"async\" loading=\"lazy\" class=\"aligncenter\" style=\"border: black 1px solid;\" alt=\"\" src=\"http:\/\/www.elvalledeloscaidos.es\/img\/003.jpg\" width=\"400\" height=\"470\" \/><\/p>\n","protected":false},"excerpt":{"rendered":"<p>En el ya lejano a\u00f1o de 1972 el Instituto de Astronom\u00eda y Geodesia, entidad dependiente del Consejo Superior de Investigaciones Cient\u00edficas, alcanz\u00f3 un acuerdo con Patrimonio Nacional para instalar en el subsuelo de la Bas\u00edlica del Valle de los Ca\u00eddos, unas instalaciones destinadas a medir las mareas terrestres y realizar [&hellip;]<\/p>\n","protected":false},"author":3,"featured_media":0,"comment_status":"open","ping_status":"open","sticky":false,"template":"","format":"standard","meta":[],"categories":[4],"tags":[],"yoast_head":"<!-- This site is optimized with the Yoast SEO plugin v18.6 - https:\/\/yoast.com\/wordpress\/plugins\/seo\/ -->\n<title>Las instalaciones cient\u00edficas del Valle de los Ca\u00eddos. - ADVC<\/title>\n<meta name=\"robots\" content=\"index, follow, max-snippet:-1, max-image-preview:large, max-video-preview:-1\" \/>\n<link rel=\"canonical\" href=\"https:\/\/www.elvalledeloscaidos.es\/portal\/?p=3282\" \/>\n<meta property=\"og:locale\" content=\"es_ES\" \/>\n<meta property=\"og:type\" content=\"article\" \/>\n<meta property=\"og:title\" content=\"Las instalaciones cient\u00edficas del Valle de los Ca\u00eddos. - ADVC\" \/>\n<meta property=\"og:description\" content=\"En el ya lejano a\u00f1o de 1972 el Instituto de Astronom\u00eda y Geodesia, entidad dependiente del Consejo Superior de Investigaciones Cient\u00edficas, alcanz\u00f3 un acuerdo con Patrimonio Nacional para instalar en el subsuelo de la Bas\u00edlica del Valle de los Ca\u00eddos, unas instalaciones destinadas a medir las mareas terrestres y realizar [&hellip;]\" \/>\n<meta property=\"og:url\" content=\"https:\/\/www.elvalledeloscaidos.es\/portal\/?p=3282\" \/>\n<meta property=\"og:site_name\" content=\"ADVC\" \/>\n<meta property=\"article:published_time\" content=\"2013-04-05T20:26:20+00:00\" \/>\n<meta property=\"article:modified_time\" content=\"2013-04-05T22:45:34+00:00\" \/>\n<meta property=\"og:image\" content=\"http:\/\/www.elvalledeloscaidos.es\/portal\/wp-content\/uploads\/2013\/04\/002.jpg\" \/>\n<meta name=\"twitter:card\" content=\"summary_large_image\" \/>\n<meta name=\"twitter:label1\" content=\"Escrito por\" \/>\n\t<meta name=\"twitter:data1\" content=\"Redaccion\" \/>\n\t<meta name=\"twitter:label2\" content=\"Tiempo de lectura\" \/>\n\t<meta name=\"twitter:data2\" content=\"3 minutos\" \/>\n<script type=\"application\/ld+json\" class=\"yoast-schema-graph\">{\"@context\":\"https:\/\/schema.org\",\"@graph\":[{\"@type\":\"WebSite\",\"@id\":\"https:\/\/www.elvalledeloscaidos.es\/portal\/#website\",\"url\":\"https:\/\/www.elvalledeloscaidos.es\/portal\/\",\"name\":\"ADVC\",\"description\":\"Asociaci\u00f3n Para la Defensa del Valle de los Ca\u00eddos\",\"potentialAction\":[{\"@type\":\"SearchAction\",\"target\":{\"@type\":\"EntryPoint\",\"urlTemplate\":\"https:\/\/www.elvalledeloscaidos.es\/portal\/?s={search_term_string}\"},\"query-input\":\"required name=search_term_string\"}],\"inLanguage\":\"es\"},{\"@type\":\"ImageObject\",\"@id\":\"https:\/\/www.elvalledeloscaidos.es\/portal\/?p=3282#primaryimage\",\"inLanguage\":\"es\",\"url\":\"http:\/\/www.elvalledeloscaidos.es\/portal\/wp-content\/uploads\/2013\/04\/002.jpg\",\"contentUrl\":\"http:\/\/www.elvalledeloscaidos.es\/portal\/wp-content\/uploads\/2013\/04\/002.jpg\"},{\"@type\":\"WebPage\",\"@id\":\"https:\/\/www.elvalledeloscaidos.es\/portal\/?p=3282#webpage\",\"url\":\"https:\/\/www.elvalledeloscaidos.es\/portal\/?p=3282\",\"name\":\"Las instalaciones cient\u00edficas del Valle de los Ca\u00eddos. - ADVC\",\"isPartOf\":{\"@id\":\"https:\/\/www.elvalledeloscaidos.es\/portal\/#website\"},\"primaryImageOfPage\":{\"@id\":\"https:\/\/www.elvalledeloscaidos.es\/portal\/?p=3282#primaryimage\"},\"datePublished\":\"2013-04-05T20:26:20+00:00\",\"dateModified\":\"2013-04-05T22:45:34+00:00\",\"author\":{\"@id\":\"https:\/\/www.elvalledeloscaidos.es\/portal\/#\/schema\/person\/b4711176f6b283a7b25ff137a7e34a40\"},\"breadcrumb\":{\"@id\":\"https:\/\/www.elvalledeloscaidos.es\/portal\/?p=3282#breadcrumb\"},\"inLanguage\":\"es\",\"potentialAction\":[{\"@type\":\"ReadAction\",\"target\":[\"https:\/\/www.elvalledeloscaidos.es\/portal\/?p=3282\"]}]},{\"@type\":\"BreadcrumbList\",\"@id\":\"https:\/\/www.elvalledeloscaidos.es\/portal\/?p=3282#breadcrumb\",\"itemListElement\":[{\"@type\":\"ListItem\",\"position\":1,\"name\":\"Portada\",\"item\":\"https:\/\/www.elvalledeloscaidos.es\/portal\"},{\"@type\":\"ListItem\",\"position\":2,\"name\":\"Las instalaciones cient\u00edficas del Valle de los Ca\u00eddos.\"}]},{\"@type\":\"Person\",\"@id\":\"https:\/\/www.elvalledeloscaidos.es\/portal\/#\/schema\/person\/b4711176f6b283a7b25ff137a7e34a40\",\"name\":\"Redaccion\",\"image\":{\"@type\":\"ImageObject\",\"@id\":\"https:\/\/www.elvalledeloscaidos.es\/portal\/#personlogo\",\"inLanguage\":\"es\",\"url\":\"https:\/\/secure.gravatar.com\/avatar\/43c3c16f338b78edeffdbd22a8090c53?s=96&d=mm&r=g\",\"contentUrl\":\"https:\/\/secure.gravatar.com\/avatar\/43c3c16f338b78edeffdbd22a8090c53?s=96&d=mm&r=g\",\"caption\":\"Redaccion\"},\"url\":\"https:\/\/www.elvalledeloscaidos.es\/portal\/?author=3\"}]}<\/script>\n<!-- \/ Yoast SEO plugin. -->","yoast_head_json":{"title":"Las instalaciones cient\u00edficas del Valle de los Ca\u00eddos. - ADVC","robots":{"index":"index","follow":"follow","max-snippet":"max-snippet:-1","max-image-preview":"max-image-preview:large","max-video-preview":"max-video-preview:-1"},"canonical":"https:\/\/www.elvalledeloscaidos.es\/portal\/?p=3282","og_locale":"es_ES","og_type":"article","og_title":"Las instalaciones cient\u00edficas del Valle de los Ca\u00eddos. - ADVC","og_description":"En el ya lejano a\u00f1o de 1972 el Instituto de Astronom\u00eda y Geodesia, entidad dependiente del Consejo Superior de Investigaciones Cient\u00edficas, alcanz\u00f3 un acuerdo con Patrimonio Nacional para instalar en el subsuelo de la Bas\u00edlica del Valle de los Ca\u00eddos, unas instalaciones destinadas a medir las mareas terrestres y realizar [&hellip;]","og_url":"https:\/\/www.elvalledeloscaidos.es\/portal\/?p=3282","og_site_name":"ADVC","article_published_time":"2013-04-05T20:26:20+00:00","article_modified_time":"2013-04-05T22:45:34+00:00","og_image":[{"url":"http:\/\/www.elvalledeloscaidos.es\/portal\/wp-content\/uploads\/2013\/04\/002.jpg"}],"twitter_card":"summary_large_image","twitter_misc":{"Escrito por":"Redaccion","Tiempo de lectura":"3 minutos"},"schema":{"@context":"https:\/\/schema.org","@graph":[{"@type":"WebSite","@id":"https:\/\/www.elvalledeloscaidos.es\/portal\/#website","url":"https:\/\/www.elvalledeloscaidos.es\/portal\/","name":"ADVC","description":"Asociaci\u00f3n Para la Defensa del Valle de los Ca\u00eddos","potentialAction":[{"@type":"SearchAction","target":{"@type":"EntryPoint","urlTemplate":"https:\/\/www.elvalledeloscaidos.es\/portal\/?s={search_term_string}"},"query-input":"required name=search_term_string"}],"inLanguage":"es"},{"@type":"ImageObject","@id":"https:\/\/www.elvalledeloscaidos.es\/portal\/?p=3282#primaryimage","inLanguage":"es","url":"http:\/\/www.elvalledeloscaidos.es\/portal\/wp-content\/uploads\/2013\/04\/002.jpg","contentUrl":"http:\/\/www.elvalledeloscaidos.es\/portal\/wp-content\/uploads\/2013\/04\/002.jpg"},{"@type":"WebPage","@id":"https:\/\/www.elvalledeloscaidos.es\/portal\/?p=3282#webpage","url":"https:\/\/www.elvalledeloscaidos.es\/portal\/?p=3282","name":"Las instalaciones cient\u00edficas del Valle de los Ca\u00eddos. - ADVC","isPartOf":{"@id":"https:\/\/www.elvalledeloscaidos.es\/portal\/#website"},"primaryImageOfPage":{"@id":"https:\/\/www.elvalledeloscaidos.es\/portal\/?p=3282#primaryimage"},"datePublished":"2013-04-05T20:26:20+00:00","dateModified":"2013-04-05T22:45:34+00:00","author":{"@id":"https:\/\/www.elvalledeloscaidos.es\/portal\/#\/schema\/person\/b4711176f6b283a7b25ff137a7e34a40"},"breadcrumb":{"@id":"https:\/\/www.elvalledeloscaidos.es\/portal\/?p=3282#breadcrumb"},"inLanguage":"es","potentialAction":[{"@type":"ReadAction","target":["https:\/\/www.elvalledeloscaidos.es\/portal\/?p=3282"]}]},{"@type":"BreadcrumbList","@id":"https:\/\/www.elvalledeloscaidos.es\/portal\/?p=3282#breadcrumb","itemListElement":[{"@type":"ListItem","position":1,"name":"Portada","item":"https:\/\/www.elvalledeloscaidos.es\/portal"},{"@type":"ListItem","position":2,"name":"Las instalaciones cient\u00edficas del Valle de los Ca\u00eddos."}]},{"@type":"Person","@id":"https:\/\/www.elvalledeloscaidos.es\/portal\/#\/schema\/person\/b4711176f6b283a7b25ff137a7e34a40","name":"Redaccion","image":{"@type":"ImageObject","@id":"https:\/\/www.elvalledeloscaidos.es\/portal\/#personlogo","inLanguage":"es","url":"https:\/\/secure.gravatar.com\/avatar\/43c3c16f338b78edeffdbd22a8090c53?s=96&d=mm&r=g","contentUrl":"https:\/\/secure.gravatar.com\/avatar\/43c3c16f338b78edeffdbd22a8090c53?s=96&d=mm&r=g","caption":"Redaccion"},"url":"https:\/\/www.elvalledeloscaidos.es\/portal\/?author=3"}]}},"_links":{"self":[{"href":"https:\/\/www.elvalledeloscaidos.es\/portal\/index.php?rest_route=\/wp\/v2\/posts\/3282"}],"collection":[{"href":"https:\/\/www.elvalledeloscaidos.es\/portal\/index.php?rest_route=\/wp\/v2\/posts"}],"about":[{"href":"https:\/\/www.elvalledeloscaidos.es\/portal\/index.php?rest_route=\/wp\/v2\/types\/post"}],"author":[{"embeddable":true,"href":"https:\/\/www.elvalledeloscaidos.es\/portal\/index.php?rest_route=\/wp\/v2\/users\/3"}],"replies":[{"embeddable":true,"href":"https:\/\/www.elvalledeloscaidos.es\/portal\/index.php?rest_route=%2Fwp%2Fv2%2Fcomments&post=3282"}],"version-history":[{"count":21,"href":"https:\/\/www.elvalledeloscaidos.es\/portal\/index.php?rest_route=\/wp\/v2\/posts\/3282\/revisions"}],"predecessor-version":[{"id":3304,"href":"https:\/\/www.elvalledeloscaidos.es\/portal\/index.php?rest_route=\/wp\/v2\/posts\/3282\/revisions\/3304"}],"wp:attachment":[{"href":"https:\/\/www.elvalledeloscaidos.es\/portal\/index.php?rest_route=%2Fwp%2Fv2%2Fmedia&parent=3282"}],"wp:term":[{"taxonomy":"category","embeddable":true,"href":"https:\/\/www.elvalledeloscaidos.es\/portal\/index.php?rest_route=%2Fwp%2Fv2%2Fcategories&post=3282"},{"taxonomy":"post_tag","embeddable":true,"href":"https:\/\/www.elvalledeloscaidos.es\/portal\/index.php?rest_route=%2Fwp%2Fv2%2Ftags&post=3282"}],"curies":[{"name":"wp","href":"https:\/\/api.w.org\/{rel}","templated":true}]}}