{"id":3390,"date":"2013-04-25T19:29:36","date_gmt":"2013-04-25T18:29:36","guid":{"rendered":"http:\/\/www.elvalledeloscaidos.es\/portal\/?p=3390"},"modified":"2013-04-25T19:36:15","modified_gmt":"2013-04-25T18:36:15","slug":"audio-de-la-conferencia-sobre-la-redencion-de-penas-en-el-valle-de-los-caidos","status":"publish","type":"post","link":"https:\/\/www.elvalledeloscaidos.es\/portal\/?p=3390","title":{"rendered":"Audio de la conferencia sobre la Redenci\u00f3n de Penas en el Valle de los Ca\u00eddos"},"content":{"rendered":"<p>A continuaci\u00f3n os facilitamos el audio de la interesant\u00edsima conferencia del Prof. Alberto B\u00e1rcena sobre la Redenci\u00f3n de penas en el Valle de los Ca\u00eddos, acaecida ayer dia 24 de abril de 2013 en el aula magna de la facultad de derecho de la Universidad San Pablo CEU de Madrid. La conferencia se celebr\u00f3 con un lleno total en el auditorio, teniendo que permanecer en pie varias decenas de personas.<\/p>\n<p>Desde aqu\u00ed nuestro agradecimiento, tanto al Profesor B\u00e1rcena como a la Universidad San Pablo CEU, por facilitar la labor de divulgaci\u00f3n de la verdad hist\u00f3rica de lo que fue la construcci\u00f3n del Valle de los Ca\u00eddos, le pese a quien le pese.<\/p>\n<p>Se puede\u00a0escuchar el audio entero de la conferencia,\u00a0pulsando <a href=\"http:\/\/www.elvalledeloscaidos.es\/descargas\/conferencia.MP3\" target=\"_blank\">aqu\u00ed<\/a>. Para descargarlo, haced \u00abclick\u00bb sobre el v\u00ednculo con el bot\u00f3n derecho del rat\u00f3n y elegid la opci\u00f3n \u00abguardar destino como\u00bb (Internet Explorer), o \u00abguardar enlace como\u00bb\u00a0(Google Chrome).<\/p>\n","protected":false},"excerpt":{"rendered":"<p>A continuaci\u00f3n os facilitamos el audio de la interesant\u00edsima conferencia del Prof. Alberto B\u00e1rcena sobre la Redenci\u00f3n de penas en el Valle de los Ca\u00eddos, acaecida ayer dia 24 de abril de 2013 en el aula magna de la facultad de derecho de la Universidad San Pablo CEU de Madrid. [&hellip;]<\/p>\n","protected":false},"author":1,"featured_media":0,"comment_status":"open","ping_status":"open","sticky":false,"template":"","format":"standard","meta":[],"categories":[4],"tags":[],"yoast_head":"<!-- This site is optimized with the Yoast SEO plugin v18.6 - https:\/\/yoast.com\/wordpress\/plugins\/seo\/ -->\n<title>Audio de la conferencia sobre la Redenci\u00f3n de Penas en el Valle de los Ca\u00eddos - ADVC<\/title>\n<meta name=\"robots\" content=\"index, follow, max-snippet:-1, max-image-preview:large, max-video-preview:-1\" \/>\n<link rel=\"canonical\" href=\"https:\/\/www.elvalledeloscaidos.es\/portal\/?p=3390\" \/>\n<meta property=\"og:locale\" content=\"es_ES\" \/>\n<meta property=\"og:type\" content=\"article\" \/>\n<meta property=\"og:title\" content=\"Audio de la conferencia sobre la Redenci\u00f3n de Penas en el Valle de los Ca\u00eddos - ADVC\" \/>\n<meta property=\"og:description\" content=\"A continuaci\u00f3n os facilitamos el audio de la interesant\u00edsima conferencia del Prof. Alberto B\u00e1rcena sobre la Redenci\u00f3n de penas en el Valle de los Ca\u00eddos, acaecida ayer dia 24 de abril de 2013 en el aula magna de la facultad de derecho de la Universidad San Pablo CEU de Madrid. [&hellip;]\" \/>\n<meta property=\"og:url\" content=\"https:\/\/www.elvalledeloscaidos.es\/portal\/?p=3390\" \/>\n<meta property=\"og:site_name\" content=\"ADVC\" \/>\n<meta property=\"article:published_time\" content=\"2013-04-25T18:29:36+00:00\" \/>\n<meta property=\"article:modified_time\" content=\"2013-04-25T18:36:15+00:00\" \/>\n<meta name=\"twitter:card\" content=\"summary_large_image\" \/>\n<meta name=\"twitter:label1\" content=\"Escrito por\" \/>\n\t<meta name=\"twitter:data1\" content=\"linares\" \/>\n\t<meta name=\"twitter:label2\" content=\"Tiempo de lectura\" \/>\n\t<meta name=\"twitter:data2\" content=\"1 minuto\" \/>\n<script type=\"application\/ld+json\" class=\"yoast-schema-graph\">{\"@context\":\"https:\/\/schema.org\",\"@graph\":[{\"@type\":\"WebSite\",\"@id\":\"https:\/\/www.elvalledeloscaidos.es\/portal\/#website\",\"url\":\"https:\/\/www.elvalledeloscaidos.es\/portal\/\",\"name\":\"ADVC\",\"description\":\"Asociaci\u00f3n Para la Defensa del Valle de los Ca\u00eddos\",\"potentialAction\":[{\"@type\":\"SearchAction\",\"target\":{\"@type\":\"EntryPoint\",\"urlTemplate\":\"https:\/\/www.elvalledeloscaidos.es\/portal\/?s={search_term_string}\"},\"query-input\":\"required name=search_term_string\"}],\"inLanguage\":\"es\"},{\"@type\":\"WebPage\",\"@id\":\"https:\/\/www.elvalledeloscaidos.es\/portal\/?p=3390#webpage\",\"url\":\"https:\/\/www.elvalledeloscaidos.es\/portal\/?p=3390\",\"name\":\"Audio de la conferencia sobre la Redenci\u00f3n de Penas en el Valle de los Ca\u00eddos - ADVC\",\"isPartOf\":{\"@id\":\"https:\/\/www.elvalledeloscaidos.es\/portal\/#website\"},\"datePublished\":\"2013-04-25T18:29:36+00:00\",\"dateModified\":\"2013-04-25T18:36:15+00:00\",\"author\":{\"@id\":\"https:\/\/www.elvalledeloscaidos.es\/portal\/#\/schema\/person\/36b3894dc4f1eb332b7fc369aed7eb58\"},\"breadcrumb\":{\"@id\":\"https:\/\/www.elvalledeloscaidos.es\/portal\/?p=3390#breadcrumb\"},\"inLanguage\":\"es\",\"potentialAction\":[{\"@type\":\"ReadAction\",\"target\":[\"https:\/\/www.elvalledeloscaidos.es\/portal\/?p=3390\"]}]},{\"@type\":\"BreadcrumbList\",\"@id\":\"https:\/\/www.elvalledeloscaidos.es\/portal\/?p=3390#breadcrumb\",\"itemListElement\":[{\"@type\":\"ListItem\",\"position\":1,\"name\":\"Portada\",\"item\":\"https:\/\/www.elvalledeloscaidos.es\/portal\"},{\"@type\":\"ListItem\",\"position\":2,\"name\":\"Audio de la conferencia sobre la Redenci\u00f3n de Penas en el Valle de los Ca\u00eddos\"}]},{\"@type\":\"Person\",\"@id\":\"https:\/\/www.elvalledeloscaidos.es\/portal\/#\/schema\/person\/36b3894dc4f1eb332b7fc369aed7eb58\",\"name\":\"linares\",\"image\":{\"@type\":\"ImageObject\",\"@id\":\"https:\/\/www.elvalledeloscaidos.es\/portal\/#personlogo\",\"inLanguage\":\"es\",\"url\":\"https:\/\/secure.gravatar.com\/avatar\/0b6f3a427655ac169c9155e538724b76?s=96&d=mm&r=g\",\"contentUrl\":\"https:\/\/secure.gravatar.com\/avatar\/0b6f3a427655ac169c9155e538724b76?s=96&d=mm&r=g\",\"caption\":\"linares\"},\"url\":\"https:\/\/www.elvalledeloscaidos.es\/portal\/?author=1\"}]}<\/script>\n<!-- \/ Yoast SEO plugin. -->","yoast_head_json":{"title":"Audio de la conferencia sobre la Redenci\u00f3n de Penas en el Valle de los Ca\u00eddos - ADVC","robots":{"index":"index","follow":"follow","max-snippet":"max-snippet:-1","max-image-preview":"max-image-preview:large","max-video-preview":"max-video-preview:-1"},"canonical":"https:\/\/www.elvalledeloscaidos.es\/portal\/?p=3390","og_locale":"es_ES","og_type":"article","og_title":"Audio de la conferencia sobre la Redenci\u00f3n de Penas en el Valle de los Ca\u00eddos - ADVC","og_description":"A continuaci\u00f3n os facilitamos el audio de la interesant\u00edsima conferencia del Prof. Alberto B\u00e1rcena sobre la Redenci\u00f3n de penas en el Valle de los Ca\u00eddos, acaecida ayer dia 24 de abril de 2013 en el aula magna de la facultad de derecho de la Universidad San Pablo CEU de Madrid. [&hellip;]","og_url":"https:\/\/www.elvalledeloscaidos.es\/portal\/?p=3390","og_site_name":"ADVC","article_published_time":"2013-04-25T18:29:36+00:00","article_modified_time":"2013-04-25T18:36:15+00:00","twitter_card":"summary_large_image","twitter_misc":{"Escrito por":"linares","Tiempo de lectura":"1 minuto"},"schema":{"@context":"https:\/\/schema.org","@graph":[{"@type":"WebSite","@id":"https:\/\/www.elvalledeloscaidos.es\/portal\/#website","url":"https:\/\/www.elvalledeloscaidos.es\/portal\/","name":"ADVC","description":"Asociaci\u00f3n Para la Defensa del Valle de los Ca\u00eddos","potentialAction":[{"@type":"SearchAction","target":{"@type":"EntryPoint","urlTemplate":"https:\/\/www.elvalledeloscaidos.es\/portal\/?s={search_term_string}"},"query-input":"required name=search_term_string"}],"inLanguage":"es"},{"@type":"WebPage","@id":"https:\/\/www.elvalledeloscaidos.es\/portal\/?p=3390#webpage","url":"https:\/\/www.elvalledeloscaidos.es\/portal\/?p=3390","name":"Audio de la conferencia sobre la Redenci\u00f3n de Penas en el Valle de los Ca\u00eddos - ADVC","isPartOf":{"@id":"https:\/\/www.elvalledeloscaidos.es\/portal\/#website"},"datePublished":"2013-04-25T18:29:36+00:00","dateModified":"2013-04-25T18:36:15+00:00","author":{"@id":"https:\/\/www.elvalledeloscaidos.es\/portal\/#\/schema\/person\/36b3894dc4f1eb332b7fc369aed7eb58"},"breadcrumb":{"@id":"https:\/\/www.elvalledeloscaidos.es\/portal\/?p=3390#breadcrumb"},"inLanguage":"es","potentialAction":[{"@type":"ReadAction","target":["https:\/\/www.elvalledeloscaidos.es\/portal\/?p=3390"]}]},{"@type":"BreadcrumbList","@id":"https:\/\/www.elvalledeloscaidos.es\/portal\/?p=3390#breadcrumb","itemListElement":[{"@type":"ListItem","position":1,"name":"Portada","item":"https:\/\/www.elvalledeloscaidos.es\/portal"},{"@type":"ListItem","position":2,"name":"Audio de la conferencia sobre la Redenci\u00f3n de Penas en el Valle de los Ca\u00eddos"}]},{"@type":"Person","@id":"https:\/\/www.elvalledeloscaidos.es\/portal\/#\/schema\/person\/36b3894dc4f1eb332b7fc369aed7eb58","name":"linares","image":{"@type":"ImageObject","@id":"https:\/\/www.elvalledeloscaidos.es\/portal\/#personlogo","inLanguage":"es","url":"https:\/\/secure.gravatar.com\/avatar\/0b6f3a427655ac169c9155e538724b76?s=96&d=mm&r=g","contentUrl":"https:\/\/secure.gravatar.com\/avatar\/0b6f3a427655ac169c9155e538724b76?s=96&d=mm&r=g","caption":"linares"},"url":"https:\/\/www.elvalledeloscaidos.es\/portal\/?author=1"}]}},"_links":{"self":[{"href":"https:\/\/www.elvalledeloscaidos.es\/portal\/index.php?rest_route=\/wp\/v2\/posts\/3390"}],"collection":[{"href":"https:\/\/www.elvalledeloscaidos.es\/portal\/index.php?rest_route=\/wp\/v2\/posts"}],"about":[{"href":"https:\/\/www.elvalledeloscaidos.es\/portal\/index.php?rest_route=\/wp\/v2\/types\/post"}],"author":[{"embeddable":true,"href":"https:\/\/www.elvalledeloscaidos.es\/portal\/index.php?rest_route=\/wp\/v2\/users\/1"}],"replies":[{"embeddable":true,"href":"https:\/\/www.elvalledeloscaidos.es\/portal\/index.php?rest_route=%2Fwp%2Fv2%2Fcomments&post=3390"}],"version-history":[{"count":8,"href":"https:\/\/www.elvalledeloscaidos.es\/portal\/index.php?rest_route=\/wp\/v2\/posts\/3390\/revisions"}],"predecessor-version":[{"id":3398,"href":"https:\/\/www.elvalledeloscaidos.es\/portal\/index.php?rest_route=\/wp\/v2\/posts\/3390\/revisions\/3398"}],"wp:attachment":[{"href":"https:\/\/www.elvalledeloscaidos.es\/portal\/index.php?rest_route=%2Fwp%2Fv2%2Fmedia&parent=3390"}],"wp:term":[{"taxonomy":"category","embeddable":true,"href":"https:\/\/www.elvalledeloscaidos.es\/portal\/index.php?rest_route=%2Fwp%2Fv2%2Fcategories&post=3390"},{"taxonomy":"post_tag","embeddable":true,"href":"https:\/\/www.elvalledeloscaidos.es\/portal\/index.php?rest_route=%2Fwp%2Fv2%2Ftags&post=3390"}],"curies":[{"name":"wp","href":"https:\/\/api.w.org\/{rel}","templated":true}]}}