{"id":340,"date":"2011-02-20T23:50:55","date_gmt":"2011-02-20T22:50:55","guid":{"rendered":"http:\/\/www.elvalledeloscaidos.es\/portal\/?p=340"},"modified":"2011-02-22T14:48:54","modified_gmt":"2011-02-22T13:48:54","slug":"%c2%abfueron-los-anos-mas-felices-de-mi-vida%c2%bb","status":"publish","type":"post","link":"https:\/\/www.elvalledeloscaidos.es\/portal\/?p=340","title":{"rendered":"\u00abFueron los a\u00f1os m\u00e1s felices de mi vida\u00bb"},"content":{"rendered":"<p><span style=\"color: #3366ff;\">Escolan\u00eda del Valle de los Ca\u00eddos<\/span><\/p>\n<p class=\"Estilo2\">Hasta finales de mayo est\u00e1 abierto el periodo de inscripci\u00f3n. Son pocas las plazas, pero muchas las razones por las que son tan demandadas.<\/p>\n<p><span class=\"Estilo4\">La Escolan\u00eda del Valle de los Ca\u00eddos nace con la bas\u00edlica y con la comunidad benedictina que la atiende desde su fundaci\u00f3n. Hasta tal punto forma parte de la identidad del complejo de Cuelgamuros, que los primeros alumnos entraron el 11 de noviembre de 1958&#8230; y cantaron por primera vez el 8 de diciembre de ese a\u00f1o. \u00abFue un empe\u00f1o personal del primer abad, Fray Justo P\u00e9rez de Urbel\u00bb, nos cuenta Fray Santiago Cantera, actual responsable acad\u00e9mico de la Escolan\u00eda: \u00abEra un desaf\u00edo completo prepararlos en tan pocas semanas, pero&#8230; \u00a1sali\u00f3 bien!\u00bb<\/span><\/p>\n<p><span style=\"color: #003366;\"><br \/>\n<!--more--><br \/>\n<\/span><\/p>\n<p><span class=\"Estilo4\">En Espa\u00f1a s\u00f3lo hay una escolan\u00eda similar de titularidad mon\u00e1stica, la de Montserrat, aunque tambi\u00e9n tienen merecida fama las escolan\u00edas de El Escorial o Covadonga, entre otras.<\/span>Por todas estas razones, el medio centenar de plazas que ofrece cada a\u00f1o la Escolan\u00eda del Valle de los Ca\u00eddos tienen una fuerte demanda. Justo est\u00e1 empezando ahora la captaci\u00f3n de alumnos para el curso que viene, y durar\u00e1 hasta mayo, con una doble v\u00eda. Por un lado, los monjes responsables viajan por Espa\u00f1a buscando alumnos en colegios y catequesis. Por otro, <a href=\"http:\/\/www.valledeloscaidos.es\/escolania\/objetivos\">los padres pueden solicitar motu proprio una entrevista para que sus hijos entren en ese selecto grupo<\/a>.<\/p>\n<p class=\"Estilo2\"><span style=\"color: #003366;\">La captaci\u00f3n<\/span><\/p>\n<p>En ambos casos, lo primero que se hace es una prueba de canto que sirve para filtrar a los que tienen mejor capacidad. Los que sean elegidos pasar\u00e1n un fin de semana en el Valle de los Ca\u00eddos donde se estudiar\u00e1 su aptitud para la convivencia y para la disciplina de la vida escol\u00e1n.<\/p>\n<p>A las 7.30 se levantan (8.30 los fines de semana). Oraci\u00f3n, desayuno y clases del \u00e1rea acad\u00e9mica, por la ma\u00f1ana, con una interrupci\u00f3n para la misa y el recreo. Siguen la comida, otro rato de esparcimiento, estudio o educaci\u00f3n f\u00edsica, y por la tarde estudio o clases de m\u00fasica: canto gregoriano y polif\u00f3nico, solfeo y aprendizaje de instrumento. Luego viene un rato de conversaci\u00f3n telef\u00f3nica con los padres, la cena, la oraci\u00f3n y la retreta. Los s\u00e1bados por la tarde hay paseo, y los domingos visita familiar, aunque los m\u00e1s peque\u00f1os tienen todo el fin de semana libre para ir con los suyos.<\/p>\n<p>Son ni\u00f1os de entre 8 y 9 a\u00f1os (4\u00ba de Primaria) y 13-14 a\u00f1os (2\u00ba de Secundaria), pero lo m\u00e1s duro del internado&#8230; no es para ellos. \u00abSu adaptaci\u00f3n es sorprendentemente buena\u00bb, dice Fray Santiago: \u00abA algunos les cuesta separarse de sus padres, pero enseguida echan aqu\u00ed sus ra\u00edces y se sienten integrados muy pronto. Se hacen a esto y sienten el Valle de los Ca\u00eddos como algo propio\u00bb.<\/p>\n<p class=\"Estilo2\"><span style=\"color: #003366;\">Buen ambiente y vida espiritual<\/span><\/p>\n<p><span class=\"Estilo4\">A quienes m\u00e1s cuesta el r\u00e9gimen interno es, pues, a los padres, a pesar de que hablan con los ni\u00f1os a diario y los ven semanalmente y en las vacaciones habituales. \u00abPero est\u00e1n contentos de verlos aqu\u00ed. Primero, porque ven que les tratamos muy bien. Y luego, porque valoran todo lo que aqu\u00ed reciben: la formaci\u00f3n musical, las posibilidades acad\u00e9micas (su incorporaci\u00f3n posterior al sistema educativo es con buen nivel) y la vida espiritual, que cuidamos de manera muy particular\u00bb, nos explica el padre Cantera, quien destaca que \u00abactualmente existe un ambiente estupendo no solamente entre los chicos, sino tambi\u00e9n entre sus padres\u00bb, que acaban formando una buena comunidad de amigos con sus frecuentes visitas a la Escolan\u00eda. Contra lo que podr\u00eda pensarse, la procedencia m\u00e1s numerosa de los ni\u00f1os no es madrile\u00f1a, abulense o segoviana (aunque tambi\u00e9n hay), sino castellano-manchega. De all\u00ed vinieron las primeras captaciones en los a\u00f1os sesenta, y luego la tradici\u00f3n en los distintos pueblos de origen pesa mucho en las solicitudes, con lo cual se llevan bastantes plazas.<\/span><\/p>\n<p>La Escolan\u00eda del Valle de los Ca\u00eddos es un colegio privado, no concertado, con un r\u00e9gimen especial correspondiente a su dependencia de la abad\u00eda benedictina. Los alumnos cursan estudios becados por Patrimonio Nacional, por lo cual s\u00f3lo hay que abonar una cuota en torno a los 90 euros mensuales.<\/p>\n<p class=\"Estilo1\">\u00bfY despu\u00e9s?<\/p>\n<p><span class=\"Estilo4\">Pero \u00bfqu\u00e9 pasa cuando abandonan el Valle? Para continuar su formaci\u00f3n musical quien lo desee, est\u00e1 la Schola Antiqua, formada por antiguos alumnos y dirigida actualmente por Juan Carlos Asensio, profesor de conservatorio. Hay alumnos que comienzan a descubrir su vocaci\u00f3n sacerdotal o religiosa entre las piedras de Cuelgamuros. El \u00faltimo postulante que ha entrado en la abad\u00eda del Valle de los Ca\u00eddos, por ejemplo, Fray Javier Mart\u00edn, de 19 a\u00f1os, es un antiguo escolano. Y, por hablar de las \u00faltimas promociones, hace dos a\u00f1os se orden\u00f3 sacerdote en C\u00f3rdoba un ex alumno, y hay ahora varios en los seminarios menores de Madrid, Toledo y Getafe.<\/span><\/p>\n<p>Algo debe tener, pues, esta Escolan\u00eda, cuyos alumnos -y sus padres- estuvieron como un solo hombre junto a los monjes durante la reciente persecuci\u00f3n contra la misa dominical. Sus paredes marcan de forma especial, y lo se\u00f1ala Fray Santiago al evocar sus encuentros con varios antiguos escolanes: \u00abA m\u00e1s de uno le he o\u00eddo decir: \u00ab<strong>Fueron los a\u00f1os m\u00e1s felices de mi vida<\/strong>\u00ab\u00bb.<\/p>\n<p>Fuente: <a href=\"http:\/\/www.religionenlibertad.com\" target=\"_blank\">http:\/\/www.religionenlibertad.com<\/a><\/p>\n","protected":false},"excerpt":{"rendered":"<p>Escolan\u00eda del Valle de los Ca\u00eddos Hasta finales de mayo est\u00e1 abierto el periodo de inscripci\u00f3n. Son pocas las plazas, pero muchas las razones por las que son tan demandadas. La Escolan\u00eda del Valle de los Ca\u00eddos nace con la bas\u00edlica y con la comunidad benedictina que la atiende desde [&hellip;]<\/p>\n","protected":false},"author":1,"featured_media":0,"comment_status":"open","ping_status":"open","sticky":false,"template":"","format":"standard","meta":[],"categories":[1],"tags":[],"yoast_head":"<!-- This site is optimized with the Yoast SEO plugin v18.6 - https:\/\/yoast.com\/wordpress\/plugins\/seo\/ -->\n<title>\u00abFueron los a\u00f1os m\u00e1s felices de mi vida\u00bb - ADVC<\/title>\n<meta name=\"robots\" content=\"index, follow, max-snippet:-1, max-image-preview:large, max-video-preview:-1\" \/>\n<link rel=\"canonical\" href=\"https:\/\/www.elvalledeloscaidos.es\/portal\/?p=340\" \/>\n<meta property=\"og:locale\" content=\"es_ES\" \/>\n<meta property=\"og:type\" content=\"article\" \/>\n<meta property=\"og:title\" content=\"\u00abFueron los a\u00f1os m\u00e1s felices de mi vida\u00bb - ADVC\" \/>\n<meta property=\"og:description\" content=\"Escolan\u00eda del Valle de los Ca\u00eddos Hasta finales de mayo est\u00e1 abierto el periodo de inscripci\u00f3n. Son pocas las plazas, pero muchas las razones por las que son tan demandadas. La Escolan\u00eda del Valle de los Ca\u00eddos nace con la bas\u00edlica y con la comunidad benedictina que la atiende desde [&hellip;]\" \/>\n<meta property=\"og:url\" content=\"https:\/\/www.elvalledeloscaidos.es\/portal\/?p=340\" \/>\n<meta property=\"og:site_name\" content=\"ADVC\" \/>\n<meta property=\"article:published_time\" content=\"2011-02-20T22:50:55+00:00\" \/>\n<meta property=\"article:modified_time\" content=\"2011-02-22T13:48:54+00:00\" \/>\n<meta name=\"twitter:card\" content=\"summary_large_image\" \/>\n<meta name=\"twitter:label1\" content=\"Escrito por\" \/>\n\t<meta name=\"twitter:data1\" content=\"linares\" \/>\n\t<meta name=\"twitter:label2\" content=\"Tiempo de lectura\" \/>\n\t<meta name=\"twitter:data2\" content=\"5 minutos\" \/>\n<script type=\"application\/ld+json\" class=\"yoast-schema-graph\">{\"@context\":\"https:\/\/schema.org\",\"@graph\":[{\"@type\":\"WebSite\",\"@id\":\"https:\/\/www.elvalledeloscaidos.es\/portal\/#website\",\"url\":\"https:\/\/www.elvalledeloscaidos.es\/portal\/\",\"name\":\"ADVC\",\"description\":\"Asociaci\u00f3n Para la Defensa del Valle de los Ca\u00eddos\",\"potentialAction\":[{\"@type\":\"SearchAction\",\"target\":{\"@type\":\"EntryPoint\",\"urlTemplate\":\"https:\/\/www.elvalledeloscaidos.es\/portal\/?s={search_term_string}\"},\"query-input\":\"required name=search_term_string\"}],\"inLanguage\":\"es\"},{\"@type\":\"WebPage\",\"@id\":\"https:\/\/www.elvalledeloscaidos.es\/portal\/?p=340#webpage\",\"url\":\"https:\/\/www.elvalledeloscaidos.es\/portal\/?p=340\",\"name\":\"\u00abFueron los a\u00f1os m\u00e1s felices de mi vida\u00bb - ADVC\",\"isPartOf\":{\"@id\":\"https:\/\/www.elvalledeloscaidos.es\/portal\/#website\"},\"datePublished\":\"2011-02-20T22:50:55+00:00\",\"dateModified\":\"2011-02-22T13:48:54+00:00\",\"author\":{\"@id\":\"https:\/\/www.elvalledeloscaidos.es\/portal\/#\/schema\/person\/36b3894dc4f1eb332b7fc369aed7eb58\"},\"breadcrumb\":{\"@id\":\"https:\/\/www.elvalledeloscaidos.es\/portal\/?p=340#breadcrumb\"},\"inLanguage\":\"es\",\"potentialAction\":[{\"@type\":\"ReadAction\",\"target\":[\"https:\/\/www.elvalledeloscaidos.es\/portal\/?p=340\"]}]},{\"@type\":\"BreadcrumbList\",\"@id\":\"https:\/\/www.elvalledeloscaidos.es\/portal\/?p=340#breadcrumb\",\"itemListElement\":[{\"@type\":\"ListItem\",\"position\":1,\"name\":\"Portada\",\"item\":\"https:\/\/www.elvalledeloscaidos.es\/portal\"},{\"@type\":\"ListItem\",\"position\":2,\"name\":\"\u00abFueron los a\u00f1os m\u00e1s felices de mi vida\u00bb\"}]},{\"@type\":\"Person\",\"@id\":\"https:\/\/www.elvalledeloscaidos.es\/portal\/#\/schema\/person\/36b3894dc4f1eb332b7fc369aed7eb58\",\"name\":\"linares\",\"image\":{\"@type\":\"ImageObject\",\"@id\":\"https:\/\/www.elvalledeloscaidos.es\/portal\/#personlogo\",\"inLanguage\":\"es\",\"url\":\"https:\/\/secure.gravatar.com\/avatar\/0b6f3a427655ac169c9155e538724b76?s=96&d=mm&r=g\",\"contentUrl\":\"https:\/\/secure.gravatar.com\/avatar\/0b6f3a427655ac169c9155e538724b76?s=96&d=mm&r=g\",\"caption\":\"linares\"},\"url\":\"https:\/\/www.elvalledeloscaidos.es\/portal\/?author=1\"}]}<\/script>\n<!-- \/ Yoast SEO plugin. -->","yoast_head_json":{"title":"\u00abFueron los a\u00f1os m\u00e1s felices de mi vida\u00bb - ADVC","robots":{"index":"index","follow":"follow","max-snippet":"max-snippet:-1","max-image-preview":"max-image-preview:large","max-video-preview":"max-video-preview:-1"},"canonical":"https:\/\/www.elvalledeloscaidos.es\/portal\/?p=340","og_locale":"es_ES","og_type":"article","og_title":"\u00abFueron los a\u00f1os m\u00e1s felices de mi vida\u00bb - ADVC","og_description":"Escolan\u00eda del Valle de los Ca\u00eddos Hasta finales de mayo est\u00e1 abierto el periodo de inscripci\u00f3n. Son pocas las plazas, pero muchas las razones por las que son tan demandadas. La Escolan\u00eda del Valle de los Ca\u00eddos nace con la bas\u00edlica y con la comunidad benedictina que la atiende desde [&hellip;]","og_url":"https:\/\/www.elvalledeloscaidos.es\/portal\/?p=340","og_site_name":"ADVC","article_published_time":"2011-02-20T22:50:55+00:00","article_modified_time":"2011-02-22T13:48:54+00:00","twitter_card":"summary_large_image","twitter_misc":{"Escrito por":"linares","Tiempo de lectura":"5 minutos"},"schema":{"@context":"https:\/\/schema.org","@graph":[{"@type":"WebSite","@id":"https:\/\/www.elvalledeloscaidos.es\/portal\/#website","url":"https:\/\/www.elvalledeloscaidos.es\/portal\/","name":"ADVC","description":"Asociaci\u00f3n Para la Defensa del Valle de los Ca\u00eddos","potentialAction":[{"@type":"SearchAction","target":{"@type":"EntryPoint","urlTemplate":"https:\/\/www.elvalledeloscaidos.es\/portal\/?s={search_term_string}"},"query-input":"required name=search_term_string"}],"inLanguage":"es"},{"@type":"WebPage","@id":"https:\/\/www.elvalledeloscaidos.es\/portal\/?p=340#webpage","url":"https:\/\/www.elvalledeloscaidos.es\/portal\/?p=340","name":"\u00abFueron los a\u00f1os m\u00e1s felices de mi vida\u00bb - ADVC","isPartOf":{"@id":"https:\/\/www.elvalledeloscaidos.es\/portal\/#website"},"datePublished":"2011-02-20T22:50:55+00:00","dateModified":"2011-02-22T13:48:54+00:00","author":{"@id":"https:\/\/www.elvalledeloscaidos.es\/portal\/#\/schema\/person\/36b3894dc4f1eb332b7fc369aed7eb58"},"breadcrumb":{"@id":"https:\/\/www.elvalledeloscaidos.es\/portal\/?p=340#breadcrumb"},"inLanguage":"es","potentialAction":[{"@type":"ReadAction","target":["https:\/\/www.elvalledeloscaidos.es\/portal\/?p=340"]}]},{"@type":"BreadcrumbList","@id":"https:\/\/www.elvalledeloscaidos.es\/portal\/?p=340#breadcrumb","itemListElement":[{"@type":"ListItem","position":1,"name":"Portada","item":"https:\/\/www.elvalledeloscaidos.es\/portal"},{"@type":"ListItem","position":2,"name":"\u00abFueron los a\u00f1os m\u00e1s felices de mi vida\u00bb"}]},{"@type":"Person","@id":"https:\/\/www.elvalledeloscaidos.es\/portal\/#\/schema\/person\/36b3894dc4f1eb332b7fc369aed7eb58","name":"linares","image":{"@type":"ImageObject","@id":"https:\/\/www.elvalledeloscaidos.es\/portal\/#personlogo","inLanguage":"es","url":"https:\/\/secure.gravatar.com\/avatar\/0b6f3a427655ac169c9155e538724b76?s=96&d=mm&r=g","contentUrl":"https:\/\/secure.gravatar.com\/avatar\/0b6f3a427655ac169c9155e538724b76?s=96&d=mm&r=g","caption":"linares"},"url":"https:\/\/www.elvalledeloscaidos.es\/portal\/?author=1"}]}},"_links":{"self":[{"href":"https:\/\/www.elvalledeloscaidos.es\/portal\/index.php?rest_route=\/wp\/v2\/posts\/340"}],"collection":[{"href":"https:\/\/www.elvalledeloscaidos.es\/portal\/index.php?rest_route=\/wp\/v2\/posts"}],"about":[{"href":"https:\/\/www.elvalledeloscaidos.es\/portal\/index.php?rest_route=\/wp\/v2\/types\/post"}],"author":[{"embeddable":true,"href":"https:\/\/www.elvalledeloscaidos.es\/portal\/index.php?rest_route=\/wp\/v2\/users\/1"}],"replies":[{"embeddable":true,"href":"https:\/\/www.elvalledeloscaidos.es\/portal\/index.php?rest_route=%2Fwp%2Fv2%2Fcomments&post=340"}],"version-history":[{"count":14,"href":"https:\/\/www.elvalledeloscaidos.es\/portal\/index.php?rest_route=\/wp\/v2\/posts\/340\/revisions"}],"predecessor-version":[{"id":342,"href":"https:\/\/www.elvalledeloscaidos.es\/portal\/index.php?rest_route=\/wp\/v2\/posts\/340\/revisions\/342"}],"wp:attachment":[{"href":"https:\/\/www.elvalledeloscaidos.es\/portal\/index.php?rest_route=%2Fwp%2Fv2%2Fmedia&parent=340"}],"wp:term":[{"taxonomy":"category","embeddable":true,"href":"https:\/\/www.elvalledeloscaidos.es\/portal\/index.php?rest_route=%2Fwp%2Fv2%2Fcategories&post=340"},{"taxonomy":"post_tag","embeddable":true,"href":"https:\/\/www.elvalledeloscaidos.es\/portal\/index.php?rest_route=%2Fwp%2Fv2%2Ftags&post=340"}],"curies":[{"name":"wp","href":"https:\/\/api.w.org\/{rel}","templated":true}]}}