{"id":3408,"date":"2013-05-02T23:25:09","date_gmt":"2013-05-02T22:25:09","guid":{"rendered":"http:\/\/www.elvalledeloscaidos.es\/portal\/?p=3408"},"modified":"2013-05-02T23:28:19","modified_gmt":"2013-05-02T22:28:19","slug":"aniversario-de-la-muerte-de-santiago-padros-autor-del-mosaico-de-la-cupula-del-valle-de-los-caidos","status":"publish","type":"post","link":"https:\/\/www.elvalledeloscaidos.es\/portal\/?p=3408","title":{"rendered":"Aniversario de la muerte de Santiago Padr\u00f3s, autor del mosaico de la c\u00fapula del Valle de los Ca\u00eddos."},"content":{"rendered":"<p><p>El d\u00eda 3 de mayo de 1971, hoy hace 42 a\u00f1os, Santiago Padr\u00f3s El\u00edas perd\u00eda la vida en un desgraciado accidente automovilistico en el Vendrell (Tarragona). Padr\u00f3s fue el creador del magnifico mosaico de la c\u00fapula de la Bas\u00edlica del Valle de los Ca\u00eddos.<\/p>\n<p>Hace ya unos a\u00f1os que editamos un video con una peque\u00f1a biograf\u00eda de este gran catal\u00e1n y por tanto gran espa\u00f1ol que fue Santiago Padr\u00f3s El\u00edas.<\/p>\n<p>Sirva como particular y permanente homenaje.<\/p>\n<p><p>\n<center><iframe loading=\"lazy\" src=\"http:\/\/www.youtube.com\/embed\/T4LMGX6bZIM\" height=\"315\" width=\"420\" allowfullscreen=\"\" frameborder=\"0\"><\/iframe><center><\/p>\n","protected":false},"excerpt":{"rendered":"<p>El d\u00eda 3 de mayo de 1971, hoy hace 42 a\u00f1os, Santiago Padr\u00f3s El\u00edas perd\u00eda la vida en un desgraciado accidente automovilistico en el Vendrell (Tarragona). Padr\u00f3s fue el creador del magnifico mosaico de la c\u00fapula de la Bas\u00edlica del Valle de los Ca\u00eddos. Hace ya unos a\u00f1os que editamos [&hellip;]<\/p>\n","protected":false},"author":1,"featured_media":0,"comment_status":"open","ping_status":"open","sticky":false,"template":"","format":"standard","meta":[],"categories":[4],"tags":[],"yoast_head":"<!-- This site is optimized with the Yoast SEO plugin v18.6 - https:\/\/yoast.com\/wordpress\/plugins\/seo\/ -->\n<title>Aniversario de la muerte de Santiago Padr\u00f3s, autor del mosaico de la c\u00fapula del Valle de los Ca\u00eddos. - ADVC<\/title>\n<meta name=\"robots\" content=\"index, follow, max-snippet:-1, max-image-preview:large, max-video-preview:-1\" \/>\n<link rel=\"canonical\" href=\"https:\/\/www.elvalledeloscaidos.es\/portal\/?p=3408\" \/>\n<meta property=\"og:locale\" content=\"es_ES\" \/>\n<meta property=\"og:type\" content=\"article\" \/>\n<meta property=\"og:title\" content=\"Aniversario de la muerte de Santiago Padr\u00f3s, autor del mosaico de la c\u00fapula del Valle de los Ca\u00eddos. - ADVC\" \/>\n<meta property=\"og:description\" content=\"El d\u00eda 3 de mayo de 1971, hoy hace 42 a\u00f1os, Santiago Padr\u00f3s El\u00edas perd\u00eda la vida en un desgraciado accidente automovilistico en el Vendrell (Tarragona). Padr\u00f3s fue el creador del magnifico mosaico de la c\u00fapula de la Bas\u00edlica del Valle de los Ca\u00eddos. Hace ya unos a\u00f1os que editamos [&hellip;]\" \/>\n<meta property=\"og:url\" content=\"https:\/\/www.elvalledeloscaidos.es\/portal\/?p=3408\" \/>\n<meta property=\"og:site_name\" content=\"ADVC\" \/>\n<meta property=\"article:published_time\" content=\"2013-05-02T22:25:09+00:00\" \/>\n<meta property=\"article:modified_time\" content=\"2013-05-02T22:28:19+00:00\" \/>\n<meta name=\"twitter:card\" content=\"summary_large_image\" \/>\n<meta name=\"twitter:label1\" content=\"Escrito por\" \/>\n\t<meta name=\"twitter:data1\" content=\"linares\" \/>\n<script type=\"application\/ld+json\" class=\"yoast-schema-graph\">{\"@context\":\"https:\/\/schema.org\",\"@graph\":[{\"@type\":\"WebSite\",\"@id\":\"https:\/\/www.elvalledeloscaidos.es\/portal\/#website\",\"url\":\"https:\/\/www.elvalledeloscaidos.es\/portal\/\",\"name\":\"ADVC\",\"description\":\"Asociaci\u00f3n Para la Defensa del Valle de los Ca\u00eddos\",\"potentialAction\":[{\"@type\":\"SearchAction\",\"target\":{\"@type\":\"EntryPoint\",\"urlTemplate\":\"https:\/\/www.elvalledeloscaidos.es\/portal\/?s={search_term_string}\"},\"query-input\":\"required name=search_term_string\"}],\"inLanguage\":\"es\"},{\"@type\":\"WebPage\",\"@id\":\"https:\/\/www.elvalledeloscaidos.es\/portal\/?p=3408#webpage\",\"url\":\"https:\/\/www.elvalledeloscaidos.es\/portal\/?p=3408\",\"name\":\"Aniversario de la muerte de Santiago Padr\u00f3s, autor del mosaico de la c\u00fapula del Valle de los Ca\u00eddos. - ADVC\",\"isPartOf\":{\"@id\":\"https:\/\/www.elvalledeloscaidos.es\/portal\/#website\"},\"datePublished\":\"2013-05-02T22:25:09+00:00\",\"dateModified\":\"2013-05-02T22:28:19+00:00\",\"author\":{\"@id\":\"https:\/\/www.elvalledeloscaidos.es\/portal\/#\/schema\/person\/36b3894dc4f1eb332b7fc369aed7eb58\"},\"breadcrumb\":{\"@id\":\"https:\/\/www.elvalledeloscaidos.es\/portal\/?p=3408#breadcrumb\"},\"inLanguage\":\"es\",\"potentialAction\":[{\"@type\":\"ReadAction\",\"target\":[\"https:\/\/www.elvalledeloscaidos.es\/portal\/?p=3408\"]}]},{\"@type\":\"BreadcrumbList\",\"@id\":\"https:\/\/www.elvalledeloscaidos.es\/portal\/?p=3408#breadcrumb\",\"itemListElement\":[{\"@type\":\"ListItem\",\"position\":1,\"name\":\"Portada\",\"item\":\"https:\/\/www.elvalledeloscaidos.es\/portal\"},{\"@type\":\"ListItem\",\"position\":2,\"name\":\"Aniversario de la muerte de Santiago Padr\u00f3s, autor del mosaico de la c\u00fapula del Valle de los Ca\u00eddos.\"}]},{\"@type\":\"Person\",\"@id\":\"https:\/\/www.elvalledeloscaidos.es\/portal\/#\/schema\/person\/36b3894dc4f1eb332b7fc369aed7eb58\",\"name\":\"linares\",\"image\":{\"@type\":\"ImageObject\",\"@id\":\"https:\/\/www.elvalledeloscaidos.es\/portal\/#personlogo\",\"inLanguage\":\"es\",\"url\":\"https:\/\/secure.gravatar.com\/avatar\/0b6f3a427655ac169c9155e538724b76?s=96&d=mm&r=g\",\"contentUrl\":\"https:\/\/secure.gravatar.com\/avatar\/0b6f3a427655ac169c9155e538724b76?s=96&d=mm&r=g\",\"caption\":\"linares\"},\"url\":\"https:\/\/www.elvalledeloscaidos.es\/portal\/?author=1\"}]}<\/script>\n<!-- \/ Yoast SEO plugin. -->","yoast_head_json":{"title":"Aniversario de la muerte de Santiago Padr\u00f3s, autor del mosaico de la c\u00fapula del Valle de los Ca\u00eddos. - ADVC","robots":{"index":"index","follow":"follow","max-snippet":"max-snippet:-1","max-image-preview":"max-image-preview:large","max-video-preview":"max-video-preview:-1"},"canonical":"https:\/\/www.elvalledeloscaidos.es\/portal\/?p=3408","og_locale":"es_ES","og_type":"article","og_title":"Aniversario de la muerte de Santiago Padr\u00f3s, autor del mosaico de la c\u00fapula del Valle de los Ca\u00eddos. - ADVC","og_description":"El d\u00eda 3 de mayo de 1971, hoy hace 42 a\u00f1os, Santiago Padr\u00f3s El\u00edas perd\u00eda la vida en un desgraciado accidente automovilistico en el Vendrell (Tarragona). Padr\u00f3s fue el creador del magnifico mosaico de la c\u00fapula de la Bas\u00edlica del Valle de los Ca\u00eddos. Hace ya unos a\u00f1os que editamos [&hellip;]","og_url":"https:\/\/www.elvalledeloscaidos.es\/portal\/?p=3408","og_site_name":"ADVC","article_published_time":"2013-05-02T22:25:09+00:00","article_modified_time":"2013-05-02T22:28:19+00:00","twitter_card":"summary_large_image","twitter_misc":{"Escrito por":"linares"},"schema":{"@context":"https:\/\/schema.org","@graph":[{"@type":"WebSite","@id":"https:\/\/www.elvalledeloscaidos.es\/portal\/#website","url":"https:\/\/www.elvalledeloscaidos.es\/portal\/","name":"ADVC","description":"Asociaci\u00f3n Para la Defensa del Valle de los Ca\u00eddos","potentialAction":[{"@type":"SearchAction","target":{"@type":"EntryPoint","urlTemplate":"https:\/\/www.elvalledeloscaidos.es\/portal\/?s={search_term_string}"},"query-input":"required name=search_term_string"}],"inLanguage":"es"},{"@type":"WebPage","@id":"https:\/\/www.elvalledeloscaidos.es\/portal\/?p=3408#webpage","url":"https:\/\/www.elvalledeloscaidos.es\/portal\/?p=3408","name":"Aniversario de la muerte de Santiago Padr\u00f3s, autor del mosaico de la c\u00fapula del Valle de los Ca\u00eddos. - ADVC","isPartOf":{"@id":"https:\/\/www.elvalledeloscaidos.es\/portal\/#website"},"datePublished":"2013-05-02T22:25:09+00:00","dateModified":"2013-05-02T22:28:19+00:00","author":{"@id":"https:\/\/www.elvalledeloscaidos.es\/portal\/#\/schema\/person\/36b3894dc4f1eb332b7fc369aed7eb58"},"breadcrumb":{"@id":"https:\/\/www.elvalledeloscaidos.es\/portal\/?p=3408#breadcrumb"},"inLanguage":"es","potentialAction":[{"@type":"ReadAction","target":["https:\/\/www.elvalledeloscaidos.es\/portal\/?p=3408"]}]},{"@type":"BreadcrumbList","@id":"https:\/\/www.elvalledeloscaidos.es\/portal\/?p=3408#breadcrumb","itemListElement":[{"@type":"ListItem","position":1,"name":"Portada","item":"https:\/\/www.elvalledeloscaidos.es\/portal"},{"@type":"ListItem","position":2,"name":"Aniversario de la muerte de Santiago Padr\u00f3s, autor del mosaico de la c\u00fapula del Valle de los Ca\u00eddos."}]},{"@type":"Person","@id":"https:\/\/www.elvalledeloscaidos.es\/portal\/#\/schema\/person\/36b3894dc4f1eb332b7fc369aed7eb58","name":"linares","image":{"@type":"ImageObject","@id":"https:\/\/www.elvalledeloscaidos.es\/portal\/#personlogo","inLanguage":"es","url":"https:\/\/secure.gravatar.com\/avatar\/0b6f3a427655ac169c9155e538724b76?s=96&d=mm&r=g","contentUrl":"https:\/\/secure.gravatar.com\/avatar\/0b6f3a427655ac169c9155e538724b76?s=96&d=mm&r=g","caption":"linares"},"url":"https:\/\/www.elvalledeloscaidos.es\/portal\/?author=1"}]}},"_links":{"self":[{"href":"https:\/\/www.elvalledeloscaidos.es\/portal\/index.php?rest_route=\/wp\/v2\/posts\/3408"}],"collection":[{"href":"https:\/\/www.elvalledeloscaidos.es\/portal\/index.php?rest_route=\/wp\/v2\/posts"}],"about":[{"href":"https:\/\/www.elvalledeloscaidos.es\/portal\/index.php?rest_route=\/wp\/v2\/types\/post"}],"author":[{"embeddable":true,"href":"https:\/\/www.elvalledeloscaidos.es\/portal\/index.php?rest_route=\/wp\/v2\/users\/1"}],"replies":[{"embeddable":true,"href":"https:\/\/www.elvalledeloscaidos.es\/portal\/index.php?rest_route=%2Fwp%2Fv2%2Fcomments&post=3408"}],"version-history":[{"count":9,"href":"https:\/\/www.elvalledeloscaidos.es\/portal\/index.php?rest_route=\/wp\/v2\/posts\/3408\/revisions"}],"predecessor-version":[{"id":3417,"href":"https:\/\/www.elvalledeloscaidos.es\/portal\/index.php?rest_route=\/wp\/v2\/posts\/3408\/revisions\/3417"}],"wp:attachment":[{"href":"https:\/\/www.elvalledeloscaidos.es\/portal\/index.php?rest_route=%2Fwp%2Fv2%2Fmedia&parent=3408"}],"wp:term":[{"taxonomy":"category","embeddable":true,"href":"https:\/\/www.elvalledeloscaidos.es\/portal\/index.php?rest_route=%2Fwp%2Fv2%2Fcategories&post=3408"},{"taxonomy":"post_tag","embeddable":true,"href":"https:\/\/www.elvalledeloscaidos.es\/portal\/index.php?rest_route=%2Fwp%2Fv2%2Ftags&post=3408"}],"curies":[{"name":"wp","href":"https:\/\/api.w.org\/{rel}","templated":true}]}}