{"id":3422,"date":"2013-05-06T15:02:27","date_gmt":"2013-05-06T14:02:27","guid":{"rendered":"http:\/\/www.elvalledeloscaidos.es\/portal\/?p=3422"},"modified":"2013-05-06T15:03:52","modified_gmt":"2013-05-06T14:03:52","slug":"el-faro-del-guadarrama-otorga-el-premio-limon-a-patrimonio-nacional-por-decretar-una-subida-del-80-en-el-precio-de-las-entradas-al-valle-de-los-caidos","status":"publish","type":"post","link":"https:\/\/www.elvalledeloscaidos.es\/portal\/?p=3422","title":{"rendered":"EL FARO DEL GUADARRAMA OTORGA EL \u201cPREMIO LIM\u00d3N\u201d A PATRIMONIO NACIONAL POR DECRETAR UNA SUBIDA DEL 80% EN EL PRECIO DE LAS ENTRADAS AL VALLE DE LOS CA\u00cdDOS"},"content":{"rendered":"<p>\n<p>\n<p>\n<p>\n<p>De la web de <a href=\"http:\/\/alternativamunicipal.es\/?p=1193\" target=\"_blank\">Alternativa Municipal Espa\u00f1ola.<\/a><\/p>\n<p>En la edici\u00f3n del d\u00eda 3 de Mayo de 2013, el Faro del Guadarrama comunic\u00f3 la concesi\u00f3n del \u201cPremio Lim\u00f3n\u201d a Patrimonio Nacional por su labor de demolici\u00f3n del Valle de los Ca\u00eddos. Existen muchas maneras de perjudicar los intereses econ\u00f3micos de los comerciantes y hosteleros del conjunto de pueblos enclavados en la Sierra del Guadarrama, pero sin duda Patrimonio Nacional, subiendo un 80% el precio de la entrada al Valle de los Ca\u00eddos, ha elegido el camino m\u00e1s r\u00e1pido y seguro para estrangular a\u00fan m\u00e1s si cabe la ya de por s\u00ed castigada actividad de la industria tur\u00edstica y comercial de toda la zona.<\/p>\n<p>Comparativamente con lo sucedido en otros puentes de Mayo, en el 2013 el n\u00famero de visitas al Valle de los Ca\u00eddos se ha reducido de manera sustancial, produci\u00e9ndose adem\u00e1s el inusual hecho de que muchos coches se daban la vuelta en la misma puerta al conocer las nuevas tarifas, que como decimos Patrimonio Nacional ha incrementado en un 80%.<\/p>\n<p>Por su parte Jos\u00e9 Luis Fern\u00e1ndez-Quejo, alcalde de San Lorenzo de El Escorial y vocal del Consejo de Administraci\u00f3n de Patrimonio Nacional, en una entrevista publicada el pasado d\u00eda 2 de Mayo de 2013 en el peri\u00f3dico La Raz\u00f3n, cometi\u00f3 la temeridad de citar el Valle de los Ca\u00eddos como uno de los centros neur\u00e1lgicos del turismo local de San Lorenzo, no obstante haber hecho dejaci\u00f3n de las funciones inherentes a su cargo de alcalde cuando el anterior Gobierno socialista suprimi\u00f3 la visita tur\u00edstica del conjunto monumental. Pero como una cosa son los hechos y otra distinta las palabras, las declaraciones de Jos\u00e9 Luis Fern\u00e1ndez-Quejo publicadas en La Raz\u00f3n no hacen sino confirmar que el farise\u00edsmo y la torpeza son dos de las cualidades pol\u00edticas que adornan la estramb\u00f3tica figura de la m\u00e1xima autoridad municipal sanlorentina.<\/p>\n<p>&nbsp;<\/p>\n","protected":false},"excerpt":{"rendered":"<p>De la web de Alternativa Municipal Espa\u00f1ola. En la edici\u00f3n del d\u00eda 3 de Mayo de 2013, el Faro del Guadarrama comunic\u00f3 la concesi\u00f3n del \u201cPremio Lim\u00f3n\u201d a Patrimonio Nacional por su labor de demolici\u00f3n del Valle de los Ca\u00eddos. Existen muchas maneras de perjudicar los intereses econ\u00f3micos de los [&hellip;]<\/p>\n","protected":false},"author":1,"featured_media":0,"comment_status":"open","ping_status":"open","sticky":false,"template":"","format":"standard","meta":[],"categories":[4],"tags":[],"yoast_head":"<!-- This site is optimized with the Yoast SEO plugin v18.6 - https:\/\/yoast.com\/wordpress\/plugins\/seo\/ -->\n<title>EL FARO DEL GUADARRAMA OTORGA EL \u201cPREMIO LIM\u00d3N\u201d A PATRIMONIO NACIONAL POR DECRETAR UNA SUBIDA DEL 80% EN EL PRECIO DE LAS ENTRADAS AL VALLE DE LOS CA\u00cdDOS - ADVC<\/title>\n<meta name=\"robots\" content=\"index, follow, max-snippet:-1, max-image-preview:large, max-video-preview:-1\" \/>\n<link rel=\"canonical\" href=\"https:\/\/www.elvalledeloscaidos.es\/portal\/?p=3422\" \/>\n<meta property=\"og:locale\" content=\"es_ES\" \/>\n<meta property=\"og:type\" content=\"article\" \/>\n<meta property=\"og:title\" content=\"EL FARO DEL GUADARRAMA OTORGA EL \u201cPREMIO LIM\u00d3N\u201d A PATRIMONIO NACIONAL POR DECRETAR UNA SUBIDA DEL 80% EN EL PRECIO DE LAS ENTRADAS AL VALLE DE LOS CA\u00cdDOS - ADVC\" \/>\n<meta property=\"og:description\" content=\"De la web de Alternativa Municipal Espa\u00f1ola. En la edici\u00f3n del d\u00eda 3 de Mayo de 2013, el Faro del Guadarrama comunic\u00f3 la concesi\u00f3n del \u201cPremio Lim\u00f3n\u201d a Patrimonio Nacional por su labor de demolici\u00f3n del Valle de los Ca\u00eddos. Existen muchas maneras de perjudicar los intereses econ\u00f3micos de los [&hellip;]\" \/>\n<meta property=\"og:url\" content=\"https:\/\/www.elvalledeloscaidos.es\/portal\/?p=3422\" \/>\n<meta property=\"og:site_name\" content=\"ADVC\" \/>\n<meta property=\"article:published_time\" content=\"2013-05-06T14:02:27+00:00\" \/>\n<meta property=\"article:modified_time\" content=\"2013-05-06T14:03:52+00:00\" \/>\n<meta name=\"twitter:card\" content=\"summary_large_image\" \/>\n<meta name=\"twitter:label1\" content=\"Escrito por\" \/>\n\t<meta name=\"twitter:data1\" content=\"linares\" \/>\n\t<meta name=\"twitter:label2\" content=\"Tiempo de lectura\" \/>\n\t<meta name=\"twitter:data2\" content=\"2 minutos\" \/>\n<script type=\"application\/ld+json\" class=\"yoast-schema-graph\">{\"@context\":\"https:\/\/schema.org\",\"@graph\":[{\"@type\":\"WebSite\",\"@id\":\"https:\/\/www.elvalledeloscaidos.es\/portal\/#website\",\"url\":\"https:\/\/www.elvalledeloscaidos.es\/portal\/\",\"name\":\"ADVC\",\"description\":\"Asociaci\u00f3n Para la Defensa del Valle de los Ca\u00eddos\",\"potentialAction\":[{\"@type\":\"SearchAction\",\"target\":{\"@type\":\"EntryPoint\",\"urlTemplate\":\"https:\/\/www.elvalledeloscaidos.es\/portal\/?s={search_term_string}\"},\"query-input\":\"required name=search_term_string\"}],\"inLanguage\":\"es\"},{\"@type\":\"WebPage\",\"@id\":\"https:\/\/www.elvalledeloscaidos.es\/portal\/?p=3422#webpage\",\"url\":\"https:\/\/www.elvalledeloscaidos.es\/portal\/?p=3422\",\"name\":\"EL FARO DEL GUADARRAMA OTORGA EL \u201cPREMIO LIM\u00d3N\u201d A PATRIMONIO NACIONAL POR DECRETAR UNA SUBIDA DEL 80% EN EL PRECIO DE LAS ENTRADAS AL VALLE DE LOS CA\u00cdDOS - ADVC\",\"isPartOf\":{\"@id\":\"https:\/\/www.elvalledeloscaidos.es\/portal\/#website\"},\"datePublished\":\"2013-05-06T14:02:27+00:00\",\"dateModified\":\"2013-05-06T14:03:52+00:00\",\"author\":{\"@id\":\"https:\/\/www.elvalledeloscaidos.es\/portal\/#\/schema\/person\/36b3894dc4f1eb332b7fc369aed7eb58\"},\"breadcrumb\":{\"@id\":\"https:\/\/www.elvalledeloscaidos.es\/portal\/?p=3422#breadcrumb\"},\"inLanguage\":\"es\",\"potentialAction\":[{\"@type\":\"ReadAction\",\"target\":[\"https:\/\/www.elvalledeloscaidos.es\/portal\/?p=3422\"]}]},{\"@type\":\"BreadcrumbList\",\"@id\":\"https:\/\/www.elvalledeloscaidos.es\/portal\/?p=3422#breadcrumb\",\"itemListElement\":[{\"@type\":\"ListItem\",\"position\":1,\"name\":\"Portada\",\"item\":\"https:\/\/www.elvalledeloscaidos.es\/portal\"},{\"@type\":\"ListItem\",\"position\":2,\"name\":\"EL FARO DEL GUADARRAMA OTORGA EL \u201cPREMIO LIM\u00d3N\u201d A PATRIMONIO NACIONAL POR DECRETAR UNA SUBIDA DEL 80% EN EL PRECIO DE LAS ENTRADAS AL VALLE DE LOS CA\u00cdDOS\"}]},{\"@type\":\"Person\",\"@id\":\"https:\/\/www.elvalledeloscaidos.es\/portal\/#\/schema\/person\/36b3894dc4f1eb332b7fc369aed7eb58\",\"name\":\"linares\",\"image\":{\"@type\":\"ImageObject\",\"@id\":\"https:\/\/www.elvalledeloscaidos.es\/portal\/#personlogo\",\"inLanguage\":\"es\",\"url\":\"https:\/\/secure.gravatar.com\/avatar\/0b6f3a427655ac169c9155e538724b76?s=96&d=mm&r=g\",\"contentUrl\":\"https:\/\/secure.gravatar.com\/avatar\/0b6f3a427655ac169c9155e538724b76?s=96&d=mm&r=g\",\"caption\":\"linares\"},\"url\":\"https:\/\/www.elvalledeloscaidos.es\/portal\/?author=1\"}]}<\/script>\n<!-- \/ Yoast SEO plugin. -->","yoast_head_json":{"title":"EL FARO DEL GUADARRAMA OTORGA EL \u201cPREMIO LIM\u00d3N\u201d A PATRIMONIO NACIONAL POR DECRETAR UNA SUBIDA DEL 80% EN EL PRECIO DE LAS ENTRADAS AL VALLE DE LOS CA\u00cdDOS - ADVC","robots":{"index":"index","follow":"follow","max-snippet":"max-snippet:-1","max-image-preview":"max-image-preview:large","max-video-preview":"max-video-preview:-1"},"canonical":"https:\/\/www.elvalledeloscaidos.es\/portal\/?p=3422","og_locale":"es_ES","og_type":"article","og_title":"EL FARO DEL GUADARRAMA OTORGA EL \u201cPREMIO LIM\u00d3N\u201d A PATRIMONIO NACIONAL POR DECRETAR UNA SUBIDA DEL 80% EN EL PRECIO DE LAS ENTRADAS AL VALLE DE LOS CA\u00cdDOS - ADVC","og_description":"De la web de Alternativa Municipal Espa\u00f1ola. En la edici\u00f3n del d\u00eda 3 de Mayo de 2013, el Faro del Guadarrama comunic\u00f3 la concesi\u00f3n del \u201cPremio Lim\u00f3n\u201d a Patrimonio Nacional por su labor de demolici\u00f3n del Valle de los Ca\u00eddos. Existen muchas maneras de perjudicar los intereses econ\u00f3micos de los [&hellip;]","og_url":"https:\/\/www.elvalledeloscaidos.es\/portal\/?p=3422","og_site_name":"ADVC","article_published_time":"2013-05-06T14:02:27+00:00","article_modified_time":"2013-05-06T14:03:52+00:00","twitter_card":"summary_large_image","twitter_misc":{"Escrito por":"linares","Tiempo de lectura":"2 minutos"},"schema":{"@context":"https:\/\/schema.org","@graph":[{"@type":"WebSite","@id":"https:\/\/www.elvalledeloscaidos.es\/portal\/#website","url":"https:\/\/www.elvalledeloscaidos.es\/portal\/","name":"ADVC","description":"Asociaci\u00f3n Para la Defensa del Valle de los Ca\u00eddos","potentialAction":[{"@type":"SearchAction","target":{"@type":"EntryPoint","urlTemplate":"https:\/\/www.elvalledeloscaidos.es\/portal\/?s={search_term_string}"},"query-input":"required name=search_term_string"}],"inLanguage":"es"},{"@type":"WebPage","@id":"https:\/\/www.elvalledeloscaidos.es\/portal\/?p=3422#webpage","url":"https:\/\/www.elvalledeloscaidos.es\/portal\/?p=3422","name":"EL FARO DEL GUADARRAMA OTORGA EL \u201cPREMIO LIM\u00d3N\u201d A PATRIMONIO NACIONAL POR DECRETAR UNA SUBIDA DEL 80% EN EL PRECIO DE LAS ENTRADAS AL VALLE DE LOS CA\u00cdDOS - ADVC","isPartOf":{"@id":"https:\/\/www.elvalledeloscaidos.es\/portal\/#website"},"datePublished":"2013-05-06T14:02:27+00:00","dateModified":"2013-05-06T14:03:52+00:00","author":{"@id":"https:\/\/www.elvalledeloscaidos.es\/portal\/#\/schema\/person\/36b3894dc4f1eb332b7fc369aed7eb58"},"breadcrumb":{"@id":"https:\/\/www.elvalledeloscaidos.es\/portal\/?p=3422#breadcrumb"},"inLanguage":"es","potentialAction":[{"@type":"ReadAction","target":["https:\/\/www.elvalledeloscaidos.es\/portal\/?p=3422"]}]},{"@type":"BreadcrumbList","@id":"https:\/\/www.elvalledeloscaidos.es\/portal\/?p=3422#breadcrumb","itemListElement":[{"@type":"ListItem","position":1,"name":"Portada","item":"https:\/\/www.elvalledeloscaidos.es\/portal"},{"@type":"ListItem","position":2,"name":"EL FARO DEL GUADARRAMA OTORGA EL \u201cPREMIO LIM\u00d3N\u201d A PATRIMONIO NACIONAL POR DECRETAR UNA SUBIDA DEL 80% EN EL PRECIO DE LAS ENTRADAS AL VALLE DE LOS CA\u00cdDOS"}]},{"@type":"Person","@id":"https:\/\/www.elvalledeloscaidos.es\/portal\/#\/schema\/person\/36b3894dc4f1eb332b7fc369aed7eb58","name":"linares","image":{"@type":"ImageObject","@id":"https:\/\/www.elvalledeloscaidos.es\/portal\/#personlogo","inLanguage":"es","url":"https:\/\/secure.gravatar.com\/avatar\/0b6f3a427655ac169c9155e538724b76?s=96&d=mm&r=g","contentUrl":"https:\/\/secure.gravatar.com\/avatar\/0b6f3a427655ac169c9155e538724b76?s=96&d=mm&r=g","caption":"linares"},"url":"https:\/\/www.elvalledeloscaidos.es\/portal\/?author=1"}]}},"_links":{"self":[{"href":"https:\/\/www.elvalledeloscaidos.es\/portal\/index.php?rest_route=\/wp\/v2\/posts\/3422"}],"collection":[{"href":"https:\/\/www.elvalledeloscaidos.es\/portal\/index.php?rest_route=\/wp\/v2\/posts"}],"about":[{"href":"https:\/\/www.elvalledeloscaidos.es\/portal\/index.php?rest_route=\/wp\/v2\/types\/post"}],"author":[{"embeddable":true,"href":"https:\/\/www.elvalledeloscaidos.es\/portal\/index.php?rest_route=\/wp\/v2\/users\/1"}],"replies":[{"embeddable":true,"href":"https:\/\/www.elvalledeloscaidos.es\/portal\/index.php?rest_route=%2Fwp%2Fv2%2Fcomments&post=3422"}],"version-history":[{"count":3,"href":"https:\/\/www.elvalledeloscaidos.es\/portal\/index.php?rest_route=\/wp\/v2\/posts\/3422\/revisions"}],"predecessor-version":[{"id":3425,"href":"https:\/\/www.elvalledeloscaidos.es\/portal\/index.php?rest_route=\/wp\/v2\/posts\/3422\/revisions\/3425"}],"wp:attachment":[{"href":"https:\/\/www.elvalledeloscaidos.es\/portal\/index.php?rest_route=%2Fwp%2Fv2%2Fmedia&parent=3422"}],"wp:term":[{"taxonomy":"category","embeddable":true,"href":"https:\/\/www.elvalledeloscaidos.es\/portal\/index.php?rest_route=%2Fwp%2Fv2%2Fcategories&post=3422"},{"taxonomy":"post_tag","embeddable":true,"href":"https:\/\/www.elvalledeloscaidos.es\/portal\/index.php?rest_route=%2Fwp%2Fv2%2Ftags&post=3422"}],"curies":[{"name":"wp","href":"https:\/\/api.w.org\/{rel}","templated":true}]}}