{"id":3431,"date":"2013-05-11T18:32:26","date_gmt":"2013-05-11T17:32:26","guid":{"rendered":"http:\/\/www.elvalledeloscaidos.es\/portal\/?p=3431"},"modified":"2013-11-15T12:53:49","modified_gmt":"2013-11-15T11:53:49","slug":"serie-de-articulos-sobre-el-valle-de-los-caidos-en-www-dialogolibre-com","status":"publish","type":"post","link":"https:\/\/www.elvalledeloscaidos.es\/portal\/?p=3431","title":{"rendered":"Serie de art\u00edculos sobre el Valle de los Ca\u00eddos en www.dialogolibre.com"},"content":{"rendered":"<p>\u00a0Hace unas semanas coment\u00e1bamos aqu\u00ed la satisfacci\u00f3n que nos produc\u00eda observar como un medio digital valiente como <a href=\"http:\/\/www.dialogolibre.com\" target=\"_blank\">www.dialogolibre.com<\/a>, salt\u00e1ndose lo pol\u00edticamente correcto, ten\u00eda el acierto de publicar una serie de art\u00edculos sobre la construcci\u00f3n del Valle de los Ca\u00eddos y su relaci\u00f3n, antes y ahora, con Catalu\u00f1a.<\/p>\n<p>Desde aqu\u00ed felicitamos y agradecemos a <a href=\"http:\/\/www.dialogolibre.com\" target=\"_blank\">www.dialogolibre.com<\/a> en general y al autor de tan esplendido trabajo, D. Jos\u00e9 Mar\u00eda Prats de modo particular la serie de hasta ahora 9 art\u00edculos (y que no quede aqu\u00ed) sobre el Valle de los Ca\u00eddos.<\/p>\n<p>Recomendamos muy sinceramente la visita a <a href=\"http:\/\/www.dialogolibre.com\" target=\"_blank\">www.dialogolibre.com<\/a> \u00a0y nos tomamos la peque\u00f1a licencia de extractar aqu\u00ed los art\u00edculos del Sr. Prats, recopil\u00e1ndolos para nuestros socios y simpatizantes.<\/p>\n<p>El pdf, con los diez art\u00edculos, se puede descargar <a href=\"http:\/\/www.elvalledeloscaidos.es\/descargas\/dialogolibre.pdf\" target=\"_blank\">aqu\u00ed<\/a>.<\/p>\n<p style=\"text-align: center;\"><img decoding=\"async\" loading=\"lazy\" class=\"aligncenter size-full wp-image-3439\" style=\"border: black 1px solid;\" alt=\"monasterio\" src=\"http:\/\/www.elvalledeloscaidos.es\/portal\/wp-content\/uploads\/2013\/05\/monasterio.jpg\" width=\"500\" height=\"333\" srcset=\"https:\/\/www.elvalledeloscaidos.es\/portal\/wp-content\/uploads\/2013\/05\/monasterio.jpg 500w, https:\/\/www.elvalledeloscaidos.es\/portal\/wp-content\/uploads\/2013\/05\/monasterio-300x199.jpg 300w\" sizes=\"(max-width: 500px) 100vw, 500px\" \/><\/p>\n<p>&nbsp;<\/p>\n<p>&nbsp;<\/p>\n","protected":false},"excerpt":{"rendered":"<p>\u00a0Hace unas semanas coment\u00e1bamos aqu\u00ed la satisfacci\u00f3n que nos produc\u00eda observar como un medio digital valiente como www.dialogolibre.com, salt\u00e1ndose lo pol\u00edticamente correcto, ten\u00eda el acierto de publicar una serie de art\u00edculos sobre la construcci\u00f3n del Valle de los Ca\u00eddos y su relaci\u00f3n, antes y ahora, con Catalu\u00f1a. Desde aqu\u00ed felicitamos [&hellip;]<\/p>\n","protected":false},"author":1,"featured_media":0,"comment_status":"open","ping_status":"open","sticky":false,"template":"","format":"standard","meta":[],"categories":[4],"tags":[],"yoast_head":"<!-- This site is optimized with the Yoast SEO plugin v18.6 - https:\/\/yoast.com\/wordpress\/plugins\/seo\/ -->\n<title>Serie de art\u00edculos sobre el Valle de los Ca\u00eddos en www.dialogolibre.com - ADVC<\/title>\n<meta name=\"robots\" content=\"index, follow, max-snippet:-1, max-image-preview:large, max-video-preview:-1\" \/>\n<link rel=\"canonical\" href=\"https:\/\/www.elvalledeloscaidos.es\/portal\/?p=3431\" \/>\n<meta property=\"og:locale\" content=\"es_ES\" \/>\n<meta property=\"og:type\" content=\"article\" \/>\n<meta property=\"og:title\" content=\"Serie de art\u00edculos sobre el Valle de los Ca\u00eddos en www.dialogolibre.com - ADVC\" \/>\n<meta property=\"og:description\" content=\"\u00a0Hace unas semanas coment\u00e1bamos aqu\u00ed la satisfacci\u00f3n que nos produc\u00eda observar como un medio digital valiente como www.dialogolibre.com, salt\u00e1ndose lo pol\u00edticamente correcto, ten\u00eda el acierto de publicar una serie de art\u00edculos sobre la construcci\u00f3n del Valle de los Ca\u00eddos y su relaci\u00f3n, antes y ahora, con Catalu\u00f1a. Desde aqu\u00ed felicitamos [&hellip;]\" \/>\n<meta property=\"og:url\" content=\"https:\/\/www.elvalledeloscaidos.es\/portal\/?p=3431\" \/>\n<meta property=\"og:site_name\" content=\"ADVC\" \/>\n<meta property=\"article:published_time\" content=\"2013-05-11T17:32:26+00:00\" \/>\n<meta property=\"article:modified_time\" content=\"2013-11-15T11:53:49+00:00\" \/>\n<meta property=\"og:image\" content=\"http:\/\/www.elvalledeloscaidos.es\/portal\/wp-content\/uploads\/2013\/05\/monasterio.jpg\" \/>\n<meta name=\"twitter:card\" content=\"summary_large_image\" \/>\n<meta name=\"twitter:label1\" content=\"Escrito por\" \/>\n\t<meta name=\"twitter:data1\" content=\"linares\" \/>\n\t<meta name=\"twitter:label2\" content=\"Tiempo de lectura\" \/>\n\t<meta name=\"twitter:data2\" content=\"1 minuto\" \/>\n<script type=\"application\/ld+json\" class=\"yoast-schema-graph\">{\"@context\":\"https:\/\/schema.org\",\"@graph\":[{\"@type\":\"WebSite\",\"@id\":\"https:\/\/www.elvalledeloscaidos.es\/portal\/#website\",\"url\":\"https:\/\/www.elvalledeloscaidos.es\/portal\/\",\"name\":\"ADVC\",\"description\":\"Asociaci\u00f3n Para la Defensa del Valle de los Ca\u00eddos\",\"potentialAction\":[{\"@type\":\"SearchAction\",\"target\":{\"@type\":\"EntryPoint\",\"urlTemplate\":\"https:\/\/www.elvalledeloscaidos.es\/portal\/?s={search_term_string}\"},\"query-input\":\"required name=search_term_string\"}],\"inLanguage\":\"es\"},{\"@type\":\"ImageObject\",\"@id\":\"https:\/\/www.elvalledeloscaidos.es\/portal\/?p=3431#primaryimage\",\"inLanguage\":\"es\",\"url\":\"http:\/\/www.elvalledeloscaidos.es\/portal\/wp-content\/uploads\/2013\/05\/monasterio.jpg\",\"contentUrl\":\"http:\/\/www.elvalledeloscaidos.es\/portal\/wp-content\/uploads\/2013\/05\/monasterio.jpg\"},{\"@type\":\"WebPage\",\"@id\":\"https:\/\/www.elvalledeloscaidos.es\/portal\/?p=3431#webpage\",\"url\":\"https:\/\/www.elvalledeloscaidos.es\/portal\/?p=3431\",\"name\":\"Serie de art\u00edculos sobre el Valle de los Ca\u00eddos en www.dialogolibre.com - ADVC\",\"isPartOf\":{\"@id\":\"https:\/\/www.elvalledeloscaidos.es\/portal\/#website\"},\"primaryImageOfPage\":{\"@id\":\"https:\/\/www.elvalledeloscaidos.es\/portal\/?p=3431#primaryimage\"},\"datePublished\":\"2013-05-11T17:32:26+00:00\",\"dateModified\":\"2013-11-15T11:53:49+00:00\",\"author\":{\"@id\":\"https:\/\/www.elvalledeloscaidos.es\/portal\/#\/schema\/person\/36b3894dc4f1eb332b7fc369aed7eb58\"},\"breadcrumb\":{\"@id\":\"https:\/\/www.elvalledeloscaidos.es\/portal\/?p=3431#breadcrumb\"},\"inLanguage\":\"es\",\"potentialAction\":[{\"@type\":\"ReadAction\",\"target\":[\"https:\/\/www.elvalledeloscaidos.es\/portal\/?p=3431\"]}]},{\"@type\":\"BreadcrumbList\",\"@id\":\"https:\/\/www.elvalledeloscaidos.es\/portal\/?p=3431#breadcrumb\",\"itemListElement\":[{\"@type\":\"ListItem\",\"position\":1,\"name\":\"Portada\",\"item\":\"https:\/\/www.elvalledeloscaidos.es\/portal\"},{\"@type\":\"ListItem\",\"position\":2,\"name\":\"Serie de art\u00edculos sobre el Valle de los Ca\u00eddos en www.dialogolibre.com\"}]},{\"@type\":\"Person\",\"@id\":\"https:\/\/www.elvalledeloscaidos.es\/portal\/#\/schema\/person\/36b3894dc4f1eb332b7fc369aed7eb58\",\"name\":\"linares\",\"image\":{\"@type\":\"ImageObject\",\"@id\":\"https:\/\/www.elvalledeloscaidos.es\/portal\/#personlogo\",\"inLanguage\":\"es\",\"url\":\"https:\/\/secure.gravatar.com\/avatar\/0b6f3a427655ac169c9155e538724b76?s=96&d=mm&r=g\",\"contentUrl\":\"https:\/\/secure.gravatar.com\/avatar\/0b6f3a427655ac169c9155e538724b76?s=96&d=mm&r=g\",\"caption\":\"linares\"},\"url\":\"https:\/\/www.elvalledeloscaidos.es\/portal\/?author=1\"}]}<\/script>\n<!-- \/ Yoast SEO plugin. -->","yoast_head_json":{"title":"Serie de art\u00edculos sobre el Valle de los Ca\u00eddos en www.dialogolibre.com - ADVC","robots":{"index":"index","follow":"follow","max-snippet":"max-snippet:-1","max-image-preview":"max-image-preview:large","max-video-preview":"max-video-preview:-1"},"canonical":"https:\/\/www.elvalledeloscaidos.es\/portal\/?p=3431","og_locale":"es_ES","og_type":"article","og_title":"Serie de art\u00edculos sobre el Valle de los Ca\u00eddos en www.dialogolibre.com - ADVC","og_description":"\u00a0Hace unas semanas coment\u00e1bamos aqu\u00ed la satisfacci\u00f3n que nos produc\u00eda observar como un medio digital valiente como www.dialogolibre.com, salt\u00e1ndose lo pol\u00edticamente correcto, ten\u00eda el acierto de publicar una serie de art\u00edculos sobre la construcci\u00f3n del Valle de los Ca\u00eddos y su relaci\u00f3n, antes y ahora, con Catalu\u00f1a. Desde aqu\u00ed felicitamos [&hellip;]","og_url":"https:\/\/www.elvalledeloscaidos.es\/portal\/?p=3431","og_site_name":"ADVC","article_published_time":"2013-05-11T17:32:26+00:00","article_modified_time":"2013-11-15T11:53:49+00:00","og_image":[{"url":"http:\/\/www.elvalledeloscaidos.es\/portal\/wp-content\/uploads\/2013\/05\/monasterio.jpg"}],"twitter_card":"summary_large_image","twitter_misc":{"Escrito por":"linares","Tiempo de lectura":"1 minuto"},"schema":{"@context":"https:\/\/schema.org","@graph":[{"@type":"WebSite","@id":"https:\/\/www.elvalledeloscaidos.es\/portal\/#website","url":"https:\/\/www.elvalledeloscaidos.es\/portal\/","name":"ADVC","description":"Asociaci\u00f3n Para la Defensa del Valle de los Ca\u00eddos","potentialAction":[{"@type":"SearchAction","target":{"@type":"EntryPoint","urlTemplate":"https:\/\/www.elvalledeloscaidos.es\/portal\/?s={search_term_string}"},"query-input":"required name=search_term_string"}],"inLanguage":"es"},{"@type":"ImageObject","@id":"https:\/\/www.elvalledeloscaidos.es\/portal\/?p=3431#primaryimage","inLanguage":"es","url":"http:\/\/www.elvalledeloscaidos.es\/portal\/wp-content\/uploads\/2013\/05\/monasterio.jpg","contentUrl":"http:\/\/www.elvalledeloscaidos.es\/portal\/wp-content\/uploads\/2013\/05\/monasterio.jpg"},{"@type":"WebPage","@id":"https:\/\/www.elvalledeloscaidos.es\/portal\/?p=3431#webpage","url":"https:\/\/www.elvalledeloscaidos.es\/portal\/?p=3431","name":"Serie de art\u00edculos sobre el Valle de los Ca\u00eddos en www.dialogolibre.com - ADVC","isPartOf":{"@id":"https:\/\/www.elvalledeloscaidos.es\/portal\/#website"},"primaryImageOfPage":{"@id":"https:\/\/www.elvalledeloscaidos.es\/portal\/?p=3431#primaryimage"},"datePublished":"2013-05-11T17:32:26+00:00","dateModified":"2013-11-15T11:53:49+00:00","author":{"@id":"https:\/\/www.elvalledeloscaidos.es\/portal\/#\/schema\/person\/36b3894dc4f1eb332b7fc369aed7eb58"},"breadcrumb":{"@id":"https:\/\/www.elvalledeloscaidos.es\/portal\/?p=3431#breadcrumb"},"inLanguage":"es","potentialAction":[{"@type":"ReadAction","target":["https:\/\/www.elvalledeloscaidos.es\/portal\/?p=3431"]}]},{"@type":"BreadcrumbList","@id":"https:\/\/www.elvalledeloscaidos.es\/portal\/?p=3431#breadcrumb","itemListElement":[{"@type":"ListItem","position":1,"name":"Portada","item":"https:\/\/www.elvalledeloscaidos.es\/portal"},{"@type":"ListItem","position":2,"name":"Serie de art\u00edculos sobre el Valle de los Ca\u00eddos en www.dialogolibre.com"}]},{"@type":"Person","@id":"https:\/\/www.elvalledeloscaidos.es\/portal\/#\/schema\/person\/36b3894dc4f1eb332b7fc369aed7eb58","name":"linares","image":{"@type":"ImageObject","@id":"https:\/\/www.elvalledeloscaidos.es\/portal\/#personlogo","inLanguage":"es","url":"https:\/\/secure.gravatar.com\/avatar\/0b6f3a427655ac169c9155e538724b76?s=96&d=mm&r=g","contentUrl":"https:\/\/secure.gravatar.com\/avatar\/0b6f3a427655ac169c9155e538724b76?s=96&d=mm&r=g","caption":"linares"},"url":"https:\/\/www.elvalledeloscaidos.es\/portal\/?author=1"}]}},"_links":{"self":[{"href":"https:\/\/www.elvalledeloscaidos.es\/portal\/index.php?rest_route=\/wp\/v2\/posts\/3431"}],"collection":[{"href":"https:\/\/www.elvalledeloscaidos.es\/portal\/index.php?rest_route=\/wp\/v2\/posts"}],"about":[{"href":"https:\/\/www.elvalledeloscaidos.es\/portal\/index.php?rest_route=\/wp\/v2\/types\/post"}],"author":[{"embeddable":true,"href":"https:\/\/www.elvalledeloscaidos.es\/portal\/index.php?rest_route=\/wp\/v2\/users\/1"}],"replies":[{"embeddable":true,"href":"https:\/\/www.elvalledeloscaidos.es\/portal\/index.php?rest_route=%2Fwp%2Fv2%2Fcomments&post=3431"}],"version-history":[{"count":15,"href":"https:\/\/www.elvalledeloscaidos.es\/portal\/index.php?rest_route=\/wp\/v2\/posts\/3431\/revisions"}],"predecessor-version":[{"id":3906,"href":"https:\/\/www.elvalledeloscaidos.es\/portal\/index.php?rest_route=\/wp\/v2\/posts\/3431\/revisions\/3906"}],"wp:attachment":[{"href":"https:\/\/www.elvalledeloscaidos.es\/portal\/index.php?rest_route=%2Fwp%2Fv2%2Fmedia&parent=3431"}],"wp:term":[{"taxonomy":"category","embeddable":true,"href":"https:\/\/www.elvalledeloscaidos.es\/portal\/index.php?rest_route=%2Fwp%2Fv2%2Fcategories&post=3431"},{"taxonomy":"post_tag","embeddable":true,"href":"https:\/\/www.elvalledeloscaidos.es\/portal\/index.php?rest_route=%2Fwp%2Fv2%2Ftags&post=3431"}],"curies":[{"name":"wp","href":"https:\/\/api.w.org\/{rel}","templated":true}]}}