{"id":3451,"date":"2013-05-13T21:20:49","date_gmt":"2013-05-13T20:20:49","guid":{"rendered":"http:\/\/www.elvalledeloscaidos.es\/portal\/?p=3451"},"modified":"2013-05-13T21:51:11","modified_gmt":"2013-05-13T20:51:11","slug":"los-reclusos-limpiaran-montserrat","status":"publish","type":"post","link":"https:\/\/www.elvalledeloscaidos.es\/portal\/?p=3451","title":{"rendered":"Los reclusos limpiar\u00e1n Montserrat."},"content":{"rendered":"<p>Esta ADVC, y desde su comienzo, viene luchando contra la \u00ableyenda negra\u00bb que ha rodeado la construcci\u00f3n del Valle de los Ca\u00eddos, y cuyos diferentes cap\u00edtulos y versiones son por todos conocidos. Uno de los temas m\u00e1s utilizados machaconamente por quienes denostan el Valle de los Ca\u00eddos tiene a la utilizaci\u00f3n de mano de obra penada para la erecci\u00f3n del monumento, como principal argumento. El sistema de redenci\u00f3n de penas por el trabajo usado en su d\u00eda, ha demostrado muy a las claras los beneficios que para la colonia penitenciaria de los a\u00f1os inmediatos a la finalizaci\u00f3n de la contienda supuso.<\/p>\n<p>Hoy en d\u00eda nos encontramos, gracias a medios digitales tan valientes como <a href=\"http:\/\/www.dialogolibre.com\" target=\"_blank\">www.dialogolibre.com<\/a> , noticias como las que transcribimos.<\/p>\n<p>No vamos a a\u00f1adir nada, preferimos que sean Uds. mismos los que lo hagan. <strong>No queremos ni pensar lo que ocurrir\u00eda si esa iniciativa se tomara con presos de c\u00e1rceles madrile\u00f1as, y el monte a limpiar fuera el pinar de Cuelgamuros.<\/strong><\/p>\n<p>&nbsp;<\/p>\n<h1><span style=\"color: #000000;\">Los reclusos limpiar\u00e1n Montserrat.<\/span><\/h1>\n<p>Mientras se mantiene el <strong><a href=\"http:\/\/www.dialogolibre.com\/noticias\/2013-05-09\/Conflicto-en-Montserrat-por-la-monja-Forcades-1867\">cisma<\/a> <\/strong>en la comunidad benedictina de Montserrat a cuenta de la actividad pol\u00edtica de la monja <strong><a href=\"http:\/\/www.dialogolibre.com\/noticias\/2013-04-11\/Una-monja-se-mete-en-politica-para-reclamar-la-independencia-de-Cataluna-1665#.UYvihaIvmO4\">Teresa Forcades<\/a><\/strong>, el Patronato de la Monta\u00f1a de Montserrat y el departamento de Justicia de la Generalidad han rubricado este lunes un convenio de colaboraci\u00f3n para presos de diversas c\u00e1rceles se encarguen de limpiar los bosques que rodean el macizo.<\/p>\n<p>El consejero de Justicia, <strong>Germ\u00e0 Gord\u00f3<\/strong>, y el gerente del Patronato, Xavier Aparicio, han firmado hoy el acuerdo, que comenzar\u00e1 a aplicarse cuando se aprueben los Presupuestos de la Generalidad para este a\u00f1o 2013.<\/p>\n<p>Los trabajos de limpieza consistir\u00e1n fundamentalmente en <strong>crear per\u00edmetros de protecci\u00f3n<\/strong> y en ellos participar\u00e1n internos de las prisiones m\u00e1s cercanas a la zona. Seg\u00fan Xavier Aparicio, el acuerdo supone \u201cun salto cualitativo\u201d en la lucha contra los incendios, ya que permitir\u00e1 ampliar las zonas de actuaci\u00f3n en caso de un siniestro.<\/p>\n<p>Fuente: <a href=\"http:\/\/www.dialogolibre.com\/noticias\/2013-05-13\/Los-reclusos-limpiaran-Montserrat-1892\">http:\/\/www.dialogolibre.com\/noticias\/2013-05-13\/Los-reclusos-limpiaran-Montserrat-1892<\/a><\/p>\n<p style=\"text-align: center;\"><img decoding=\"async\" loading=\"lazy\" class=\"size-full wp-image-3452 alignnone\" style=\"border: black 1px solid;\" alt=\"montserrat\" src=\"http:\/\/www.elvalledeloscaidos.es\/portal\/wp-content\/uploads\/2013\/05\/montserrat.jpg\" width=\"500\" height=\"282\" srcset=\"https:\/\/www.elvalledeloscaidos.es\/portal\/wp-content\/uploads\/2013\/05\/montserrat.jpg 500w, https:\/\/www.elvalledeloscaidos.es\/portal\/wp-content\/uploads\/2013\/05\/montserrat-300x169.jpg 300w\" sizes=\"(max-width: 500px) 100vw, 500px\" \/><\/p>\n","protected":false},"excerpt":{"rendered":"<p>Esta ADVC, y desde su comienzo, viene luchando contra la \u00ableyenda negra\u00bb que ha rodeado la construcci\u00f3n del Valle de los Ca\u00eddos, y cuyos diferentes cap\u00edtulos y versiones son por todos conocidos. Uno de los temas m\u00e1s utilizados machaconamente por quienes denostan el Valle de los Ca\u00eddos tiene a la [&hellip;]<\/p>\n","protected":false},"author":1,"featured_media":0,"comment_status":"open","ping_status":"open","sticky":false,"template":"","format":"standard","meta":[],"categories":[4],"tags":[],"yoast_head":"<!-- This site is optimized with the Yoast SEO plugin v18.6 - https:\/\/yoast.com\/wordpress\/plugins\/seo\/ -->\n<title>Los reclusos limpiar\u00e1n Montserrat. - ADVC<\/title>\n<meta name=\"robots\" content=\"index, follow, max-snippet:-1, max-image-preview:large, max-video-preview:-1\" \/>\n<link rel=\"canonical\" href=\"https:\/\/www.elvalledeloscaidos.es\/portal\/?p=3451\" \/>\n<meta property=\"og:locale\" content=\"es_ES\" \/>\n<meta property=\"og:type\" content=\"article\" \/>\n<meta property=\"og:title\" content=\"Los reclusos limpiar\u00e1n Montserrat. - ADVC\" \/>\n<meta property=\"og:description\" content=\"Esta ADVC, y desde su comienzo, viene luchando contra la \u00ableyenda negra\u00bb que ha rodeado la construcci\u00f3n del Valle de los Ca\u00eddos, y cuyos diferentes cap\u00edtulos y versiones son por todos conocidos. Uno de los temas m\u00e1s utilizados machaconamente por quienes denostan el Valle de los Ca\u00eddos tiene a la [&hellip;]\" \/>\n<meta property=\"og:url\" content=\"https:\/\/www.elvalledeloscaidos.es\/portal\/?p=3451\" \/>\n<meta property=\"og:site_name\" content=\"ADVC\" \/>\n<meta property=\"article:published_time\" content=\"2013-05-13T20:20:49+00:00\" \/>\n<meta property=\"article:modified_time\" content=\"2013-05-13T20:51:11+00:00\" \/>\n<meta property=\"og:image\" content=\"http:\/\/www.elvalledeloscaidos.es\/portal\/wp-content\/uploads\/2013\/05\/montserrat.jpg\" \/>\n<meta name=\"twitter:card\" content=\"summary_large_image\" \/>\n<meta name=\"twitter:label1\" content=\"Escrito por\" \/>\n\t<meta name=\"twitter:data1\" content=\"linares\" \/>\n\t<meta name=\"twitter:label2\" content=\"Tiempo de lectura\" \/>\n\t<meta name=\"twitter:data2\" content=\"2 minutos\" \/>\n<script type=\"application\/ld+json\" class=\"yoast-schema-graph\">{\"@context\":\"https:\/\/schema.org\",\"@graph\":[{\"@type\":\"WebSite\",\"@id\":\"https:\/\/www.elvalledeloscaidos.es\/portal\/#website\",\"url\":\"https:\/\/www.elvalledeloscaidos.es\/portal\/\",\"name\":\"ADVC\",\"description\":\"Asociaci\u00f3n Para la Defensa del Valle de los Ca\u00eddos\",\"potentialAction\":[{\"@type\":\"SearchAction\",\"target\":{\"@type\":\"EntryPoint\",\"urlTemplate\":\"https:\/\/www.elvalledeloscaidos.es\/portal\/?s={search_term_string}\"},\"query-input\":\"required name=search_term_string\"}],\"inLanguage\":\"es\"},{\"@type\":\"ImageObject\",\"@id\":\"https:\/\/www.elvalledeloscaidos.es\/portal\/?p=3451#primaryimage\",\"inLanguage\":\"es\",\"url\":\"http:\/\/www.elvalledeloscaidos.es\/portal\/wp-content\/uploads\/2013\/05\/montserrat.jpg\",\"contentUrl\":\"http:\/\/www.elvalledeloscaidos.es\/portal\/wp-content\/uploads\/2013\/05\/montserrat.jpg\"},{\"@type\":\"WebPage\",\"@id\":\"https:\/\/www.elvalledeloscaidos.es\/portal\/?p=3451#webpage\",\"url\":\"https:\/\/www.elvalledeloscaidos.es\/portal\/?p=3451\",\"name\":\"Los reclusos limpiar\u00e1n Montserrat. - ADVC\",\"isPartOf\":{\"@id\":\"https:\/\/www.elvalledeloscaidos.es\/portal\/#website\"},\"primaryImageOfPage\":{\"@id\":\"https:\/\/www.elvalledeloscaidos.es\/portal\/?p=3451#primaryimage\"},\"datePublished\":\"2013-05-13T20:20:49+00:00\",\"dateModified\":\"2013-05-13T20:51:11+00:00\",\"author\":{\"@id\":\"https:\/\/www.elvalledeloscaidos.es\/portal\/#\/schema\/person\/36b3894dc4f1eb332b7fc369aed7eb58\"},\"breadcrumb\":{\"@id\":\"https:\/\/www.elvalledeloscaidos.es\/portal\/?p=3451#breadcrumb\"},\"inLanguage\":\"es\",\"potentialAction\":[{\"@type\":\"ReadAction\",\"target\":[\"https:\/\/www.elvalledeloscaidos.es\/portal\/?p=3451\"]}]},{\"@type\":\"BreadcrumbList\",\"@id\":\"https:\/\/www.elvalledeloscaidos.es\/portal\/?p=3451#breadcrumb\",\"itemListElement\":[{\"@type\":\"ListItem\",\"position\":1,\"name\":\"Portada\",\"item\":\"https:\/\/www.elvalledeloscaidos.es\/portal\"},{\"@type\":\"ListItem\",\"position\":2,\"name\":\"Los reclusos limpiar\u00e1n Montserrat.\"}]},{\"@type\":\"Person\",\"@id\":\"https:\/\/www.elvalledeloscaidos.es\/portal\/#\/schema\/person\/36b3894dc4f1eb332b7fc369aed7eb58\",\"name\":\"linares\",\"image\":{\"@type\":\"ImageObject\",\"@id\":\"https:\/\/www.elvalledeloscaidos.es\/portal\/#personlogo\",\"inLanguage\":\"es\",\"url\":\"https:\/\/secure.gravatar.com\/avatar\/0b6f3a427655ac169c9155e538724b76?s=96&d=mm&r=g\",\"contentUrl\":\"https:\/\/secure.gravatar.com\/avatar\/0b6f3a427655ac169c9155e538724b76?s=96&d=mm&r=g\",\"caption\":\"linares\"},\"url\":\"https:\/\/www.elvalledeloscaidos.es\/portal\/?author=1\"}]}<\/script>\n<!-- \/ Yoast SEO plugin. -->","yoast_head_json":{"title":"Los reclusos limpiar\u00e1n Montserrat. - ADVC","robots":{"index":"index","follow":"follow","max-snippet":"max-snippet:-1","max-image-preview":"max-image-preview:large","max-video-preview":"max-video-preview:-1"},"canonical":"https:\/\/www.elvalledeloscaidos.es\/portal\/?p=3451","og_locale":"es_ES","og_type":"article","og_title":"Los reclusos limpiar\u00e1n Montserrat. - ADVC","og_description":"Esta ADVC, y desde su comienzo, viene luchando contra la \u00ableyenda negra\u00bb que ha rodeado la construcci\u00f3n del Valle de los Ca\u00eddos, y cuyos diferentes cap\u00edtulos y versiones son por todos conocidos. Uno de los temas m\u00e1s utilizados machaconamente por quienes denostan el Valle de los Ca\u00eddos tiene a la [&hellip;]","og_url":"https:\/\/www.elvalledeloscaidos.es\/portal\/?p=3451","og_site_name":"ADVC","article_published_time":"2013-05-13T20:20:49+00:00","article_modified_time":"2013-05-13T20:51:11+00:00","og_image":[{"url":"http:\/\/www.elvalledeloscaidos.es\/portal\/wp-content\/uploads\/2013\/05\/montserrat.jpg"}],"twitter_card":"summary_large_image","twitter_misc":{"Escrito por":"linares","Tiempo de lectura":"2 minutos"},"schema":{"@context":"https:\/\/schema.org","@graph":[{"@type":"WebSite","@id":"https:\/\/www.elvalledeloscaidos.es\/portal\/#website","url":"https:\/\/www.elvalledeloscaidos.es\/portal\/","name":"ADVC","description":"Asociaci\u00f3n Para la Defensa del Valle de los Ca\u00eddos","potentialAction":[{"@type":"SearchAction","target":{"@type":"EntryPoint","urlTemplate":"https:\/\/www.elvalledeloscaidos.es\/portal\/?s={search_term_string}"},"query-input":"required name=search_term_string"}],"inLanguage":"es"},{"@type":"ImageObject","@id":"https:\/\/www.elvalledeloscaidos.es\/portal\/?p=3451#primaryimage","inLanguage":"es","url":"http:\/\/www.elvalledeloscaidos.es\/portal\/wp-content\/uploads\/2013\/05\/montserrat.jpg","contentUrl":"http:\/\/www.elvalledeloscaidos.es\/portal\/wp-content\/uploads\/2013\/05\/montserrat.jpg"},{"@type":"WebPage","@id":"https:\/\/www.elvalledeloscaidos.es\/portal\/?p=3451#webpage","url":"https:\/\/www.elvalledeloscaidos.es\/portal\/?p=3451","name":"Los reclusos limpiar\u00e1n Montserrat. - ADVC","isPartOf":{"@id":"https:\/\/www.elvalledeloscaidos.es\/portal\/#website"},"primaryImageOfPage":{"@id":"https:\/\/www.elvalledeloscaidos.es\/portal\/?p=3451#primaryimage"},"datePublished":"2013-05-13T20:20:49+00:00","dateModified":"2013-05-13T20:51:11+00:00","author":{"@id":"https:\/\/www.elvalledeloscaidos.es\/portal\/#\/schema\/person\/36b3894dc4f1eb332b7fc369aed7eb58"},"breadcrumb":{"@id":"https:\/\/www.elvalledeloscaidos.es\/portal\/?p=3451#breadcrumb"},"inLanguage":"es","potentialAction":[{"@type":"ReadAction","target":["https:\/\/www.elvalledeloscaidos.es\/portal\/?p=3451"]}]},{"@type":"BreadcrumbList","@id":"https:\/\/www.elvalledeloscaidos.es\/portal\/?p=3451#breadcrumb","itemListElement":[{"@type":"ListItem","position":1,"name":"Portada","item":"https:\/\/www.elvalledeloscaidos.es\/portal"},{"@type":"ListItem","position":2,"name":"Los reclusos limpiar\u00e1n Montserrat."}]},{"@type":"Person","@id":"https:\/\/www.elvalledeloscaidos.es\/portal\/#\/schema\/person\/36b3894dc4f1eb332b7fc369aed7eb58","name":"linares","image":{"@type":"ImageObject","@id":"https:\/\/www.elvalledeloscaidos.es\/portal\/#personlogo","inLanguage":"es","url":"https:\/\/secure.gravatar.com\/avatar\/0b6f3a427655ac169c9155e538724b76?s=96&d=mm&r=g","contentUrl":"https:\/\/secure.gravatar.com\/avatar\/0b6f3a427655ac169c9155e538724b76?s=96&d=mm&r=g","caption":"linares"},"url":"https:\/\/www.elvalledeloscaidos.es\/portal\/?author=1"}]}},"_links":{"self":[{"href":"https:\/\/www.elvalledeloscaidos.es\/portal\/index.php?rest_route=\/wp\/v2\/posts\/3451"}],"collection":[{"href":"https:\/\/www.elvalledeloscaidos.es\/portal\/index.php?rest_route=\/wp\/v2\/posts"}],"about":[{"href":"https:\/\/www.elvalledeloscaidos.es\/portal\/index.php?rest_route=\/wp\/v2\/types\/post"}],"author":[{"embeddable":true,"href":"https:\/\/www.elvalledeloscaidos.es\/portal\/index.php?rest_route=\/wp\/v2\/users\/1"}],"replies":[{"embeddable":true,"href":"https:\/\/www.elvalledeloscaidos.es\/portal\/index.php?rest_route=%2Fwp%2Fv2%2Fcomments&post=3451"}],"version-history":[{"count":8,"href":"https:\/\/www.elvalledeloscaidos.es\/portal\/index.php?rest_route=\/wp\/v2\/posts\/3451\/revisions"}],"predecessor-version":[{"id":3459,"href":"https:\/\/www.elvalledeloscaidos.es\/portal\/index.php?rest_route=\/wp\/v2\/posts\/3451\/revisions\/3459"}],"wp:attachment":[{"href":"https:\/\/www.elvalledeloscaidos.es\/portal\/index.php?rest_route=%2Fwp%2Fv2%2Fmedia&parent=3451"}],"wp:term":[{"taxonomy":"category","embeddable":true,"href":"https:\/\/www.elvalledeloscaidos.es\/portal\/index.php?rest_route=%2Fwp%2Fv2%2Fcategories&post=3451"},{"taxonomy":"post_tag","embeddable":true,"href":"https:\/\/www.elvalledeloscaidos.es\/portal\/index.php?rest_route=%2Fwp%2Fv2%2Ftags&post=3451"}],"curies":[{"name":"wp","href":"https:\/\/api.w.org\/{rel}","templated":true}]}}