{"id":3463,"date":"2013-05-21T21:17:14","date_gmt":"2013-05-21T20:17:14","guid":{"rendered":"http:\/\/www.elvalledeloscaidos.es\/portal\/?p=3463"},"modified":"2013-05-21T21:17:14","modified_gmt":"2013-05-21T20:17:14","slug":"en-respuesta-al-diario-publico","status":"publish","type":"post","link":"https:\/\/www.elvalledeloscaidos.es\/portal\/?p=3463","title":{"rendered":"En respuesta al diario P\u00fablico"},"content":{"rendered":"<p>El diario P\u00fablico reproduce hoy con grandes caracteres tipogr\u00e1ficos una noticia que ya tardaba en salir: \u00abEL ESTADO GASTAR\u00c1 280.000 EUROS EN ARREGLAR EL VALLE DE LOS CA\u00cdDOS!!!\u00bb<\/p>\n<p>Reproducimos aqu\u00ed, \u00edntegro el art\u00edculo de hoy 21 de mayo:<\/p>\n<p><span style=\"color: #808080;\">\u00abEl pasado 17 de mayo, el Bolet\u00edn Oficial del Estado, publicaba el anuncio de licitaci\u00f3n por el que el Consejo de Administraci\u00f3n del Patrimonio Nacional, organismo p\u00fablico encargado de la gesti\u00f3n de los bienes propiedad del Estado y dependiente del ministerio de Presidencia, sacaba a concurso las obras de <strong>restauraci\u00f3n de la portada de la Bas\u00edlica de la Santa Cruz del Valle de los Ca\u00eddos<\/strong>.<\/span><\/p>\n<p><span style=\"color: #808080;\">En total, Patrimonio Nacional <strong>destinar\u00e1 un m\u00e1ximo de 286.845,35 euros<\/strong> a una obras que se extender\u00e1n cuatro meses en el monumento conmemorativo por excelencia del franquismo, en el que reposan, junto a los de Jos\u00e9 Antonio Primo de Rivera y 33.000 combatientes de la Guerra Civil, los restos mortales del dictador Francisco Franco, quien lo mand\u00f3 construir en 1940 para \u00abconmemorar nuestra gloriosa Cruzada\u00bb.<\/span><\/p>\n<p><span style=\"color: #808080;\">La licitaci\u00f3n es otra muestra de que el gobierno de Rajoy, no solo no hace nada para eliminar los vestigios de un r\u00e9gimen dictatorial -como reconoci\u00f3 hace pocas semanas-, sino que invierte en su conservaci\u00f3n, como puso de manifiesto el homenaje a la Divisi\u00f3n Azul, el pasado jueves, en el que estuvo presente la delegada del Gobierno en Catalunya, Llanos de Luna.\u00bb<\/span><\/p>\n<p><span style=\"color: #808080;\">www.publico.es<\/span><\/p>\n<p>Como respuesta esta ADVC quiere dar a conocer a P\u00fablico y sus lectores unos datos estadisticos de visitas al Valle de los Ca\u00eddos desde el no tan lejano a\u00f1o de 1990. La estadistica se refiere tanto a visitas al recinto del Valle, como a tickets vendidos en el funicular.<\/p>\n<table width=\"460\" border=\"1\" cellspacing=\"3\" cellpadding=\"3\">\n<tbody>\n<tr>\n<td colspan=\"3\" align=\"center\"><span class=\"ASA\">ESTADISTICA\u00a0VISITAS\u00a0VALLE DE LOS CAIDOS 1990\/2012<\/span><\/td>\n<\/tr>\n<tr>\n<td align=\"center\" width=\"116\"><span class=\"ASA\">A\u00d1O<\/span><\/td>\n<td align=\"center\" width=\"116\"><span class=\"ASA\">VISITANTES<\/span><\/td>\n<td align=\"center\" width=\"157\"><span class=\"ASA\">FUNICULAR<\/span><\/td>\n<\/tr>\n<tr>\n<td align=\"center\"><span class=\"AQQA\">1990<\/span><\/td>\n<td align=\"center\" width=\"149\"><span class=\"AQQA\">645.903<\/span><\/td>\n<td align=\"center\" width=\"156\"><span class=\"AQQA\">157.593<\/span><\/td>\n<\/tr>\n<tr>\n<td align=\"center\"><span class=\"AQQA\">1991<\/span><\/td>\n<td align=\"center\"><span class=\"AQQA\">614.333<\/span><\/td>\n<td align=\"center\"><span class=\"AQQA\">170.271<\/span><\/td>\n<\/tr>\n<tr>\n<td align=\"center\"><span class=\"AQQA\">1992<\/span><\/td>\n<td align=\"center\"><span class=\"AQQA\">605.756<\/span><\/td>\n<td align=\"center\"><span class=\"AQQA\">145.299<\/span><\/td>\n<\/tr>\n<tr>\n<td align=\"center\"><span class=\"AQQA\">1993<\/span><\/td>\n<td align=\"center\"><span class=\"AQQA\">602.751<\/span><\/td>\n<td align=\"center\"><span class=\"AQQA\">115.051<\/span><\/td>\n<\/tr>\n<tr>\n<td align=\"center\"><span class=\"AQQA\">1994<\/span><\/td>\n<td align=\"center\"><span class=\"AQQA\">608.778<\/span><\/td>\n<td align=\"center\"><span class=\"AQQA\">134.592<\/span><\/td>\n<\/tr>\n<tr>\n<td align=\"center\"><span class=\"AQQA\">1995<\/span><\/td>\n<td align=\"center\"><span class=\"AQQA\">605.598<\/span><\/td>\n<td align=\"center\"><span class=\"AQQA\">126.568<\/span><\/td>\n<\/tr>\n<tr>\n<td align=\"center\"><span class=\"AQQA\">1996<\/span><\/td>\n<td align=\"center\"><span class=\"AQQA\">565.642<\/span><\/td>\n<td align=\"center\"><span class=\"AQQA\">113.968<\/span><\/td>\n<\/tr>\n<tr>\n<td align=\"center\"><span class=\"AQQA\">1997<\/span><\/td>\n<td align=\"center\"><span class=\"AQQA\">572.108<\/span><\/td>\n<td align=\"center\"><span class=\"AQQA\">117.956<\/span><\/td>\n<\/tr>\n<tr>\n<td align=\"center\"><span class=\"AQQA\">1998<\/span><\/td>\n<td align=\"center\"><span class=\"AQQA\">572.980<\/span><\/td>\n<td align=\"center\"><span class=\"AQQA\">118.893<\/span><\/td>\n<\/tr>\n<tr>\n<td align=\"center\"><span class=\"AQQA\">1999<\/span><\/td>\n<td align=\"center\"><span class=\"AQQA\">503.069<\/span><\/td>\n<td align=\"center\"><span class=\"AQQA\">16.629<\/span><\/td>\n<\/tr>\n<tr>\n<td align=\"center\"><span class=\"AQQA\">2000<\/span><\/td>\n<td align=\"center\"><span class=\"AQQA\">572.011<\/span><\/td>\n<td align=\"center\" bgcolor=\"#ffffcc\">\u00a0<\/td>\n<\/tr>\n<tr>\n<td align=\"center\"><span class=\"AQQA\">2001<\/span><\/td>\n<td align=\"center\"><span class=\"AQQA\">503.599<\/span><\/td>\n<td align=\"center\" bgcolor=\"#ffffcc\">\u00a0<\/td>\n<\/tr>\n<tr>\n<td align=\"center\"><span class=\"AQQA\">2002<\/span><\/td>\n<td align=\"center\"><span class=\"AQQA\">471.176<\/span><\/td>\n<td align=\"center\" bgcolor=\"#ffffcc\">\u00a0<\/td>\n<\/tr>\n<tr>\n<td align=\"center\"><span class=\"ASA\">2003<\/span><\/td>\n<td align=\"center\"><span class=\"ASA\">411.766<\/span><\/td>\n<td align=\"center\" bgcolor=\"#ffffcc\">\u00a0<\/td>\n<\/tr>\n<tr>\n<td align=\"center\"><span class=\"ASA\">2004<\/span><\/td>\n<td align=\"center\"><span class=\"ASA\">406.322<\/span><\/td>\n<td align=\"center\"><span class=\"ASA\">99.679<\/span><\/td>\n<\/tr>\n<tr>\n<td align=\"center\"><span class=\"ASA\">2005<\/span><\/td>\n<td align=\"center\"><span class=\"ASA\">391.188<\/span><\/td>\n<td align=\"center\"><span class=\"ASA\">100.414<\/span><\/td>\n<\/tr>\n<tr>\n<td align=\"center\"><span class=\"ASA\">2006<\/span><\/td>\n<td align=\"center\"><span class=\"ASA\">402.513<\/span><\/td>\n<td align=\"center\"><span class=\"ASA\">77.955<\/span><\/td>\n<\/tr>\n<tr>\n<td align=\"center\"><span class=\"ASA\">2007<\/span><\/td>\n<td align=\"center\"><span class=\"ASA\">419.639<\/span><\/td>\n<td align=\"center\"><span class=\"ASA\">94.734<\/span><\/td>\n<\/tr>\n<tr>\n<td align=\"center\"><span class=\"ASA\">2008<\/span><\/td>\n<td align=\"center\"><span class=\"ASA\">369.779<\/span><\/td>\n<td align=\"center\"><span class=\"ASA\">51.946<\/span><\/td>\n<\/tr>\n<tr>\n<td align=\"center\"><span class=\"ASA\">2009<\/span><\/td>\n<td align=\"center\"><span class=\"ASA\">360.277<\/span><\/td>\n<td align=\"center\" bgcolor=\"#ffffcc\">\u00a0<\/td>\n<\/tr>\n<tr>\n<td align=\"center\"><span class=\"ASA\">2010<\/span><\/td>\n<td align=\"center\"><span class=\"ASA\">65.004<\/span><\/td>\n<td align=\"center\" bgcolor=\"#ffffcc\">\u00a0<\/td>\n<\/tr>\n<tr>\n<td align=\"center\"><span class=\"ASA\">2011<\/span><\/td>\n<td align=\"center\"><span class=\"ASA\">311.544<\/span><\/td>\n<td align=\"center\" bgcolor=\"#ffffcc\">\u00a0<\/td>\n<\/tr>\n<tr>\n<td align=\"center\"><span class=\"ASA\">2012<\/span><\/td>\n<td align=\"center\"><span class=\"ASA\">305.127<\/span><\/td>\n<td align=\"center\" bgcolor=\"#ffffcc\">\u00a0<\/td>\n<\/tr>\n<tr>\n<td align=\"center\">\u00a0TOTAL<\/td>\n<td align=\"center\">10.886.863\u00a0<\/td>\n<td align=\"center\">\u00a01.641.548<\/td>\n<\/tr>\n<tr>\n<td align=\"center\">MEDIA ANUAL<\/td>\n<td align=\"center\">473.341<\/td>\n<td align=\"center\">71.371<\/td>\n<\/tr>\n<\/tbody>\n<\/table>\n<p>Fuente: Memorias anuales de Patrimonio Nacional<\/p>\n<p>Casi 11 millones de visitantes en estos 23 a\u00f1os. No ser\u00eda demasiado complicado obtener lo recaudado en taquilla tanto en concepto de entradas como en venta de tickets del funicular. Siguiendo un principio matem\u00e1tico simpl\u00edsimo podemos dar una cantidad de recaudaci\u00f3n \u00a0aproximada de 37.084.523 (treinta y siete millones de euros), y 6.991.320 euros (casi siete millones de euros) en el funicular.<\/p>\n<p>288.000 euros en restaurar el p\u00f3rtico de entrada a la Bas\u00edlica del Valle de los Ca\u00eddos, parece demasiado para el Diario P\u00fablico&#8230;<\/p>\n","protected":false},"excerpt":{"rendered":"<p>El diario P\u00fablico reproduce hoy con grandes caracteres tipogr\u00e1ficos una noticia que ya tardaba en salir: \u00abEL ESTADO GASTAR\u00c1 280.000 EUROS EN ARREGLAR EL VALLE DE LOS CA\u00cdDOS!!!\u00bb Reproducimos aqu\u00ed, \u00edntegro el art\u00edculo de hoy 21 de mayo: \u00abEl pasado 17 de mayo, el Bolet\u00edn Oficial del Estado, publicaba el [&hellip;]<\/p>\n","protected":false},"author":1,"featured_media":0,"comment_status":"open","ping_status":"open","sticky":false,"template":"","format":"standard","meta":[],"categories":[4],"tags":[],"yoast_head":"<!-- This site is optimized with the Yoast SEO plugin v18.6 - https:\/\/yoast.com\/wordpress\/plugins\/seo\/ -->\n<title>En respuesta al diario P\u00fablico - ADVC<\/title>\n<meta name=\"robots\" content=\"index, follow, max-snippet:-1, max-image-preview:large, max-video-preview:-1\" \/>\n<link rel=\"canonical\" href=\"https:\/\/www.elvalledeloscaidos.es\/portal\/?p=3463\" \/>\n<meta property=\"og:locale\" content=\"es_ES\" \/>\n<meta property=\"og:type\" content=\"article\" \/>\n<meta property=\"og:title\" content=\"En respuesta al diario P\u00fablico - ADVC\" \/>\n<meta property=\"og:description\" content=\"El diario P\u00fablico reproduce hoy con grandes caracteres tipogr\u00e1ficos una noticia que ya tardaba en salir: \u00abEL ESTADO GASTAR\u00c1 280.000 EUROS EN ARREGLAR EL VALLE DE LOS CA\u00cdDOS!!!\u00bb Reproducimos aqu\u00ed, \u00edntegro el art\u00edculo de hoy 21 de mayo: \u00abEl pasado 17 de mayo, el Bolet\u00edn Oficial del Estado, publicaba el [&hellip;]\" \/>\n<meta property=\"og:url\" content=\"https:\/\/www.elvalledeloscaidos.es\/portal\/?p=3463\" \/>\n<meta property=\"og:site_name\" content=\"ADVC\" \/>\n<meta property=\"article:published_time\" content=\"2013-05-21T20:17:14+00:00\" \/>\n<meta name=\"twitter:card\" content=\"summary_large_image\" \/>\n<meta name=\"twitter:label1\" content=\"Escrito por\" \/>\n\t<meta name=\"twitter:data1\" content=\"linares\" \/>\n\t<meta name=\"twitter:label2\" content=\"Tiempo de lectura\" \/>\n\t<meta name=\"twitter:data2\" content=\"2 minutos\" \/>\n<script type=\"application\/ld+json\" class=\"yoast-schema-graph\">{\"@context\":\"https:\/\/schema.org\",\"@graph\":[{\"@type\":\"WebSite\",\"@id\":\"https:\/\/www.elvalledeloscaidos.es\/portal\/#website\",\"url\":\"https:\/\/www.elvalledeloscaidos.es\/portal\/\",\"name\":\"ADVC\",\"description\":\"Asociaci\u00f3n Para la Defensa del Valle de los Ca\u00eddos\",\"potentialAction\":[{\"@type\":\"SearchAction\",\"target\":{\"@type\":\"EntryPoint\",\"urlTemplate\":\"https:\/\/www.elvalledeloscaidos.es\/portal\/?s={search_term_string}\"},\"query-input\":\"required name=search_term_string\"}],\"inLanguage\":\"es\"},{\"@type\":\"WebPage\",\"@id\":\"https:\/\/www.elvalledeloscaidos.es\/portal\/?p=3463#webpage\",\"url\":\"https:\/\/www.elvalledeloscaidos.es\/portal\/?p=3463\",\"name\":\"En respuesta al diario P\u00fablico - ADVC\",\"isPartOf\":{\"@id\":\"https:\/\/www.elvalledeloscaidos.es\/portal\/#website\"},\"datePublished\":\"2013-05-21T20:17:14+00:00\",\"dateModified\":\"2013-05-21T20:17:14+00:00\",\"author\":{\"@id\":\"https:\/\/www.elvalledeloscaidos.es\/portal\/#\/schema\/person\/36b3894dc4f1eb332b7fc369aed7eb58\"},\"breadcrumb\":{\"@id\":\"https:\/\/www.elvalledeloscaidos.es\/portal\/?p=3463#breadcrumb\"},\"inLanguage\":\"es\",\"potentialAction\":[{\"@type\":\"ReadAction\",\"target\":[\"https:\/\/www.elvalledeloscaidos.es\/portal\/?p=3463\"]}]},{\"@type\":\"BreadcrumbList\",\"@id\":\"https:\/\/www.elvalledeloscaidos.es\/portal\/?p=3463#breadcrumb\",\"itemListElement\":[{\"@type\":\"ListItem\",\"position\":1,\"name\":\"Portada\",\"item\":\"https:\/\/www.elvalledeloscaidos.es\/portal\"},{\"@type\":\"ListItem\",\"position\":2,\"name\":\"En respuesta al diario P\u00fablico\"}]},{\"@type\":\"Person\",\"@id\":\"https:\/\/www.elvalledeloscaidos.es\/portal\/#\/schema\/person\/36b3894dc4f1eb332b7fc369aed7eb58\",\"name\":\"linares\",\"image\":{\"@type\":\"ImageObject\",\"@id\":\"https:\/\/www.elvalledeloscaidos.es\/portal\/#personlogo\",\"inLanguage\":\"es\",\"url\":\"https:\/\/secure.gravatar.com\/avatar\/0b6f3a427655ac169c9155e538724b76?s=96&d=mm&r=g\",\"contentUrl\":\"https:\/\/secure.gravatar.com\/avatar\/0b6f3a427655ac169c9155e538724b76?s=96&d=mm&r=g\",\"caption\":\"linares\"},\"url\":\"https:\/\/www.elvalledeloscaidos.es\/portal\/?author=1\"}]}<\/script>\n<!-- \/ Yoast SEO plugin. -->","yoast_head_json":{"title":"En respuesta al diario P\u00fablico - ADVC","robots":{"index":"index","follow":"follow","max-snippet":"max-snippet:-1","max-image-preview":"max-image-preview:large","max-video-preview":"max-video-preview:-1"},"canonical":"https:\/\/www.elvalledeloscaidos.es\/portal\/?p=3463","og_locale":"es_ES","og_type":"article","og_title":"En respuesta al diario P\u00fablico - ADVC","og_description":"El diario P\u00fablico reproduce hoy con grandes caracteres tipogr\u00e1ficos una noticia que ya tardaba en salir: \u00abEL ESTADO GASTAR\u00c1 280.000 EUROS EN ARREGLAR EL VALLE DE LOS CA\u00cdDOS!!!\u00bb Reproducimos aqu\u00ed, \u00edntegro el art\u00edculo de hoy 21 de mayo: \u00abEl pasado 17 de mayo, el Bolet\u00edn Oficial del Estado, publicaba el [&hellip;]","og_url":"https:\/\/www.elvalledeloscaidos.es\/portal\/?p=3463","og_site_name":"ADVC","article_published_time":"2013-05-21T20:17:14+00:00","twitter_card":"summary_large_image","twitter_misc":{"Escrito por":"linares","Tiempo de lectura":"2 minutos"},"schema":{"@context":"https:\/\/schema.org","@graph":[{"@type":"WebSite","@id":"https:\/\/www.elvalledeloscaidos.es\/portal\/#website","url":"https:\/\/www.elvalledeloscaidos.es\/portal\/","name":"ADVC","description":"Asociaci\u00f3n Para la Defensa del Valle de los Ca\u00eddos","potentialAction":[{"@type":"SearchAction","target":{"@type":"EntryPoint","urlTemplate":"https:\/\/www.elvalledeloscaidos.es\/portal\/?s={search_term_string}"},"query-input":"required name=search_term_string"}],"inLanguage":"es"},{"@type":"WebPage","@id":"https:\/\/www.elvalledeloscaidos.es\/portal\/?p=3463#webpage","url":"https:\/\/www.elvalledeloscaidos.es\/portal\/?p=3463","name":"En respuesta al diario P\u00fablico - ADVC","isPartOf":{"@id":"https:\/\/www.elvalledeloscaidos.es\/portal\/#website"},"datePublished":"2013-05-21T20:17:14+00:00","dateModified":"2013-05-21T20:17:14+00:00","author":{"@id":"https:\/\/www.elvalledeloscaidos.es\/portal\/#\/schema\/person\/36b3894dc4f1eb332b7fc369aed7eb58"},"breadcrumb":{"@id":"https:\/\/www.elvalledeloscaidos.es\/portal\/?p=3463#breadcrumb"},"inLanguage":"es","potentialAction":[{"@type":"ReadAction","target":["https:\/\/www.elvalledeloscaidos.es\/portal\/?p=3463"]}]},{"@type":"BreadcrumbList","@id":"https:\/\/www.elvalledeloscaidos.es\/portal\/?p=3463#breadcrumb","itemListElement":[{"@type":"ListItem","position":1,"name":"Portada","item":"https:\/\/www.elvalledeloscaidos.es\/portal"},{"@type":"ListItem","position":2,"name":"En respuesta al diario P\u00fablico"}]},{"@type":"Person","@id":"https:\/\/www.elvalledeloscaidos.es\/portal\/#\/schema\/person\/36b3894dc4f1eb332b7fc369aed7eb58","name":"linares","image":{"@type":"ImageObject","@id":"https:\/\/www.elvalledeloscaidos.es\/portal\/#personlogo","inLanguage":"es","url":"https:\/\/secure.gravatar.com\/avatar\/0b6f3a427655ac169c9155e538724b76?s=96&d=mm&r=g","contentUrl":"https:\/\/secure.gravatar.com\/avatar\/0b6f3a427655ac169c9155e538724b76?s=96&d=mm&r=g","caption":"linares"},"url":"https:\/\/www.elvalledeloscaidos.es\/portal\/?author=1"}]}},"_links":{"self":[{"href":"https:\/\/www.elvalledeloscaidos.es\/portal\/index.php?rest_route=\/wp\/v2\/posts\/3463"}],"collection":[{"href":"https:\/\/www.elvalledeloscaidos.es\/portal\/index.php?rest_route=\/wp\/v2\/posts"}],"about":[{"href":"https:\/\/www.elvalledeloscaidos.es\/portal\/index.php?rest_route=\/wp\/v2\/types\/post"}],"author":[{"embeddable":true,"href":"https:\/\/www.elvalledeloscaidos.es\/portal\/index.php?rest_route=\/wp\/v2\/users\/1"}],"replies":[{"embeddable":true,"href":"https:\/\/www.elvalledeloscaidos.es\/portal\/index.php?rest_route=%2Fwp%2Fv2%2Fcomments&post=3463"}],"version-history":[{"count":1,"href":"https:\/\/www.elvalledeloscaidos.es\/portal\/index.php?rest_route=\/wp\/v2\/posts\/3463\/revisions"}],"predecessor-version":[{"id":3464,"href":"https:\/\/www.elvalledeloscaidos.es\/portal\/index.php?rest_route=\/wp\/v2\/posts\/3463\/revisions\/3464"}],"wp:attachment":[{"href":"https:\/\/www.elvalledeloscaidos.es\/portal\/index.php?rest_route=%2Fwp%2Fv2%2Fmedia&parent=3463"}],"wp:term":[{"taxonomy":"category","embeddable":true,"href":"https:\/\/www.elvalledeloscaidos.es\/portal\/index.php?rest_route=%2Fwp%2Fv2%2Fcategories&post=3463"},{"taxonomy":"post_tag","embeddable":true,"href":"https:\/\/www.elvalledeloscaidos.es\/portal\/index.php?rest_route=%2Fwp%2Fv2%2Ftags&post=3463"}],"curies":[{"name":"wp","href":"https:\/\/api.w.org\/{rel}","templated":true}]}}