{"id":3480,"date":"2013-06-01T22:46:07","date_gmt":"2013-06-01T21:46:07","guid":{"rendered":"http:\/\/www.elvalledeloscaidos.es\/portal\/?p=3480"},"modified":"2013-06-14T21:07:22","modified_gmt":"2013-06-14T20:07:22","slug":"segun-europa-press-los-actos-de-celebracion-del-dia-de-las-fuerzas-armadas-finalizaron-hoy-en-el-valle-de-los-caidos","status":"publish","type":"post","link":"https:\/\/www.elvalledeloscaidos.es\/portal\/?p=3480","title":{"rendered":"Seg\u00fan Europa Press los actos de celebraci\u00f3n del d\u00eda de las Fuerzas Armadas, finalizaron hoy en el Valle de los Ca\u00eddos&#8230;"},"content":{"rendered":"<p><!--more-->Seg\u00fan Europa Press, el dia de las Fuerzas Armadas ha finalizado con un acto en EL VALLE DE LOS CA\u00cdDOS, PRESIDIDO POR D. JUAN CARLOS&#8230;!!!<br \/>\nNo le vendr\u00eda mal al Valle de\u00a0los Ca\u00eddos un reconocimiento oficial por parte del primero de los espa\u00f1oles, pero la realidad es otra, S.M. no aparece por el Valle desde 1976 que se sepa&#8230;<\/p>\n<p>A continuaci\u00f3n transcribimos aqu\u00ed el desafortunado texto que Europa PRess ha hecho llegar a sus abonados&#8230;<\/p>\n<p><!--more--><\/p>\n<p>MADRID, 1 Jun. (CHANCE) &#8211;<\/p>\n<p>Esta ma\u00f1ana ha tenido lugar el homenaje a los ca\u00eddos, una ceremonia organizada por el Ministerio de Defensa en el D\u00eda de las Fuerzas Armadas. Dicha ceremonia ha sido celebrada en la Plaza de la Lealtad de Madrid a las 12:30 de la ma\u00f1ana.<\/p>\n<p>Este ha sido el primer acto oficial del Rey fuera del Palacio de la Zarzuela despu\u00e9s de que presidiera la Copa del Rey el pasado 17 de mayo. Fueron sus problemas de salud los que le impidieron seguir acudiendo a actos oficiales debido a su operaci\u00f3n de doble hernia discal a la que fue sometidos al comienzo del pasado mes de mayo.<\/p>\n<p>Hoy ha sido el d\u00eda en el que el Rey Don Juan Carlos ha vestido una vez m\u00e1s con su uniforme de Capit\u00e1n General de los Ej\u00e9rcitos y ha vuelto a presidir un a\u00f1o m\u00e1s el acto del D\u00eda de las Fuerzas Armadas.<\/p>\n<p>Los que tampoco se han perdido el evento han sido el ministro de Defensa, Pedro Moren\u00e9s, y el Almirante Fernando Garc\u00eda S\u00e1nchez. Este a\u00f1o era importante ahorrar m\u00e1s que nunca en la ceremonia debida a la crisis en la que se ve sumida nuestro pa\u00eds y por ello han sustituido el acto central que se celebraban en una ciudad diferente por dichas actividades en las bases y cuarteles que tenemos en Espa\u00f1a.<\/p>\n<p><strong>En la Plaza de Col\u00f3n, el Almirante Garc\u00eda S\u00e1nchez ha presidido el acto por el cual se izaba la bandera Espa\u00f1ola, desde donde m\u00e1s tarde se desplazar\u00edan se desplazar\u00edan a el Valle de los Ca\u00eddos, donde tendr\u00eda lugar el homenaje presidido por Don Juan Carlos.<\/strong><\/p>\n<p>M\u00e1s tarde los Reyes y los Pr\u00edncipes almorzaron en Zarzuela con los ministros de Defensa e Interior, el JEMAD y los jefes de Estado Mayor de los Ej\u00e9rcitos de Tierra, Aire y de la Armada, y el director de la Guardia Civil.<\/p>\n<p><a href=\"http:\/\/www.europapress.es\/chance\/realeza\/noticia-celebracion-dia-fuerzas-armadas-20130601180838.html\">http:\/\/www.europapress.es\/chance\/realeza\/noticia-celebracion-dia-fuerzas-armadas-20130601180838.html<\/a><\/p>\n<p style=\"text-align: center;\">\u00a0<img decoding=\"async\" loading=\"lazy\" class=\"aligncenter size-full wp-image-3483\" style=\"border: 1px solid black;\" alt=\"ffaa\" src=\"http:\/\/www.elvalledeloscaidos.es\/portal\/wp-content\/uploads\/2013\/06\/ffaa.jpg\" width=\"500\" height=\"952\" srcset=\"https:\/\/www.elvalledeloscaidos.es\/portal\/wp-content\/uploads\/2013\/06\/ffaa.jpg 500w, https:\/\/www.elvalledeloscaidos.es\/portal\/wp-content\/uploads\/2013\/06\/ffaa-157x300.jpg 157w\" sizes=\"(max-width: 500px) 100vw, 500px\" \/><\/p>\n","protected":false},"excerpt":{"rendered":"","protected":false},"author":1,"featured_media":0,"comment_status":"open","ping_status":"open","sticky":false,"template":"","format":"standard","meta":[],"categories":[4],"tags":[],"yoast_head":"<!-- This site is optimized with the Yoast SEO plugin v18.6 - https:\/\/yoast.com\/wordpress\/plugins\/seo\/ -->\n<title>Seg\u00fan Europa Press los actos de celebraci\u00f3n del d\u00eda de las Fuerzas Armadas, finalizaron hoy en el Valle de los Ca\u00eddos... - ADVC<\/title>\n<meta name=\"robots\" content=\"index, follow, max-snippet:-1, max-image-preview:large, max-video-preview:-1\" \/>\n<link rel=\"canonical\" href=\"https:\/\/www.elvalledeloscaidos.es\/portal\/?p=3480\" \/>\n<meta property=\"og:locale\" content=\"es_ES\" \/>\n<meta property=\"og:type\" content=\"article\" \/>\n<meta property=\"og:title\" content=\"Seg\u00fan Europa Press los actos de celebraci\u00f3n del d\u00eda de las Fuerzas Armadas, finalizaron hoy en el Valle de los Ca\u00eddos... - ADVC\" \/>\n<meta property=\"og:url\" content=\"https:\/\/www.elvalledeloscaidos.es\/portal\/?p=3480\" \/>\n<meta property=\"og:site_name\" content=\"ADVC\" \/>\n<meta property=\"article:published_time\" content=\"2013-06-01T21:46:07+00:00\" \/>\n<meta property=\"article:modified_time\" content=\"2013-06-14T20:07:22+00:00\" \/>\n<meta property=\"og:image\" content=\"http:\/\/www.elvalledeloscaidos.es\/portal\/wp-content\/uploads\/2013\/06\/ffaa.jpg\" \/>\n<meta name=\"twitter:card\" content=\"summary_large_image\" \/>\n<meta name=\"twitter:label1\" content=\"Escrito por\" \/>\n\t<meta name=\"twitter:data1\" content=\"linares\" \/>\n\t<meta name=\"twitter:label2\" content=\"Tiempo de lectura\" \/>\n\t<meta name=\"twitter:data2\" content=\"2 minutos\" \/>\n<script type=\"application\/ld+json\" class=\"yoast-schema-graph\">{\"@context\":\"https:\/\/schema.org\",\"@graph\":[{\"@type\":\"WebSite\",\"@id\":\"https:\/\/www.elvalledeloscaidos.es\/portal\/#website\",\"url\":\"https:\/\/www.elvalledeloscaidos.es\/portal\/\",\"name\":\"ADVC\",\"description\":\"Asociaci\u00f3n Para la Defensa del Valle de los Ca\u00eddos\",\"potentialAction\":[{\"@type\":\"SearchAction\",\"target\":{\"@type\":\"EntryPoint\",\"urlTemplate\":\"https:\/\/www.elvalledeloscaidos.es\/portal\/?s={search_term_string}\"},\"query-input\":\"required name=search_term_string\"}],\"inLanguage\":\"es\"},{\"@type\":\"ImageObject\",\"@id\":\"https:\/\/www.elvalledeloscaidos.es\/portal\/?p=3480#primaryimage\",\"inLanguage\":\"es\",\"url\":\"http:\/\/www.elvalledeloscaidos.es\/portal\/wp-content\/uploads\/2013\/06\/ffaa.jpg\",\"contentUrl\":\"http:\/\/www.elvalledeloscaidos.es\/portal\/wp-content\/uploads\/2013\/06\/ffaa.jpg\"},{\"@type\":\"WebPage\",\"@id\":\"https:\/\/www.elvalledeloscaidos.es\/portal\/?p=3480#webpage\",\"url\":\"https:\/\/www.elvalledeloscaidos.es\/portal\/?p=3480\",\"name\":\"Seg\u00fan Europa Press los actos de celebraci\u00f3n del d\u00eda de las Fuerzas Armadas, finalizaron hoy en el Valle de los Ca\u00eddos... - ADVC\",\"isPartOf\":{\"@id\":\"https:\/\/www.elvalledeloscaidos.es\/portal\/#website\"},\"primaryImageOfPage\":{\"@id\":\"https:\/\/www.elvalledeloscaidos.es\/portal\/?p=3480#primaryimage\"},\"datePublished\":\"2013-06-01T21:46:07+00:00\",\"dateModified\":\"2013-06-14T20:07:22+00:00\",\"author\":{\"@id\":\"https:\/\/www.elvalledeloscaidos.es\/portal\/#\/schema\/person\/36b3894dc4f1eb332b7fc369aed7eb58\"},\"breadcrumb\":{\"@id\":\"https:\/\/www.elvalledeloscaidos.es\/portal\/?p=3480#breadcrumb\"},\"inLanguage\":\"es\",\"potentialAction\":[{\"@type\":\"ReadAction\",\"target\":[\"https:\/\/www.elvalledeloscaidos.es\/portal\/?p=3480\"]}]},{\"@type\":\"BreadcrumbList\",\"@id\":\"https:\/\/www.elvalledeloscaidos.es\/portal\/?p=3480#breadcrumb\",\"itemListElement\":[{\"@type\":\"ListItem\",\"position\":1,\"name\":\"Portada\",\"item\":\"https:\/\/www.elvalledeloscaidos.es\/portal\"},{\"@type\":\"ListItem\",\"position\":2,\"name\":\"Seg\u00fan Europa Press los actos de celebraci\u00f3n del d\u00eda de las Fuerzas Armadas, finalizaron hoy en el Valle de los Ca\u00eddos&#8230;\"}]},{\"@type\":\"Person\",\"@id\":\"https:\/\/www.elvalledeloscaidos.es\/portal\/#\/schema\/person\/36b3894dc4f1eb332b7fc369aed7eb58\",\"name\":\"linares\",\"image\":{\"@type\":\"ImageObject\",\"@id\":\"https:\/\/www.elvalledeloscaidos.es\/portal\/#personlogo\",\"inLanguage\":\"es\",\"url\":\"https:\/\/secure.gravatar.com\/avatar\/0b6f3a427655ac169c9155e538724b76?s=96&d=mm&r=g\",\"contentUrl\":\"https:\/\/secure.gravatar.com\/avatar\/0b6f3a427655ac169c9155e538724b76?s=96&d=mm&r=g\",\"caption\":\"linares\"},\"url\":\"https:\/\/www.elvalledeloscaidos.es\/portal\/?author=1\"}]}<\/script>\n<!-- \/ Yoast SEO plugin. -->","yoast_head_json":{"title":"Seg\u00fan Europa Press los actos de celebraci\u00f3n del d\u00eda de las Fuerzas Armadas, finalizaron hoy en el Valle de los Ca\u00eddos... - ADVC","robots":{"index":"index","follow":"follow","max-snippet":"max-snippet:-1","max-image-preview":"max-image-preview:large","max-video-preview":"max-video-preview:-1"},"canonical":"https:\/\/www.elvalledeloscaidos.es\/portal\/?p=3480","og_locale":"es_ES","og_type":"article","og_title":"Seg\u00fan Europa Press los actos de celebraci\u00f3n del d\u00eda de las Fuerzas Armadas, finalizaron hoy en el Valle de los Ca\u00eddos... - ADVC","og_url":"https:\/\/www.elvalledeloscaidos.es\/portal\/?p=3480","og_site_name":"ADVC","article_published_time":"2013-06-01T21:46:07+00:00","article_modified_time":"2013-06-14T20:07:22+00:00","og_image":[{"url":"http:\/\/www.elvalledeloscaidos.es\/portal\/wp-content\/uploads\/2013\/06\/ffaa.jpg"}],"twitter_card":"summary_large_image","twitter_misc":{"Escrito por":"linares","Tiempo de lectura":"2 minutos"},"schema":{"@context":"https:\/\/schema.org","@graph":[{"@type":"WebSite","@id":"https:\/\/www.elvalledeloscaidos.es\/portal\/#website","url":"https:\/\/www.elvalledeloscaidos.es\/portal\/","name":"ADVC","description":"Asociaci\u00f3n Para la Defensa del Valle de los Ca\u00eddos","potentialAction":[{"@type":"SearchAction","target":{"@type":"EntryPoint","urlTemplate":"https:\/\/www.elvalledeloscaidos.es\/portal\/?s={search_term_string}"},"query-input":"required name=search_term_string"}],"inLanguage":"es"},{"@type":"ImageObject","@id":"https:\/\/www.elvalledeloscaidos.es\/portal\/?p=3480#primaryimage","inLanguage":"es","url":"http:\/\/www.elvalledeloscaidos.es\/portal\/wp-content\/uploads\/2013\/06\/ffaa.jpg","contentUrl":"http:\/\/www.elvalledeloscaidos.es\/portal\/wp-content\/uploads\/2013\/06\/ffaa.jpg"},{"@type":"WebPage","@id":"https:\/\/www.elvalledeloscaidos.es\/portal\/?p=3480#webpage","url":"https:\/\/www.elvalledeloscaidos.es\/portal\/?p=3480","name":"Seg\u00fan Europa Press los actos de celebraci\u00f3n del d\u00eda de las Fuerzas Armadas, finalizaron hoy en el Valle de los Ca\u00eddos... - ADVC","isPartOf":{"@id":"https:\/\/www.elvalledeloscaidos.es\/portal\/#website"},"primaryImageOfPage":{"@id":"https:\/\/www.elvalledeloscaidos.es\/portal\/?p=3480#primaryimage"},"datePublished":"2013-06-01T21:46:07+00:00","dateModified":"2013-06-14T20:07:22+00:00","author":{"@id":"https:\/\/www.elvalledeloscaidos.es\/portal\/#\/schema\/person\/36b3894dc4f1eb332b7fc369aed7eb58"},"breadcrumb":{"@id":"https:\/\/www.elvalledeloscaidos.es\/portal\/?p=3480#breadcrumb"},"inLanguage":"es","potentialAction":[{"@type":"ReadAction","target":["https:\/\/www.elvalledeloscaidos.es\/portal\/?p=3480"]}]},{"@type":"BreadcrumbList","@id":"https:\/\/www.elvalledeloscaidos.es\/portal\/?p=3480#breadcrumb","itemListElement":[{"@type":"ListItem","position":1,"name":"Portada","item":"https:\/\/www.elvalledeloscaidos.es\/portal"},{"@type":"ListItem","position":2,"name":"Seg\u00fan Europa Press los actos de celebraci\u00f3n del d\u00eda de las Fuerzas Armadas, finalizaron hoy en el Valle de los Ca\u00eddos&#8230;"}]},{"@type":"Person","@id":"https:\/\/www.elvalledeloscaidos.es\/portal\/#\/schema\/person\/36b3894dc4f1eb332b7fc369aed7eb58","name":"linares","image":{"@type":"ImageObject","@id":"https:\/\/www.elvalledeloscaidos.es\/portal\/#personlogo","inLanguage":"es","url":"https:\/\/secure.gravatar.com\/avatar\/0b6f3a427655ac169c9155e538724b76?s=96&d=mm&r=g","contentUrl":"https:\/\/secure.gravatar.com\/avatar\/0b6f3a427655ac169c9155e538724b76?s=96&d=mm&r=g","caption":"linares"},"url":"https:\/\/www.elvalledeloscaidos.es\/portal\/?author=1"}]}},"_links":{"self":[{"href":"https:\/\/www.elvalledeloscaidos.es\/portal\/index.php?rest_route=\/wp\/v2\/posts\/3480"}],"collection":[{"href":"https:\/\/www.elvalledeloscaidos.es\/portal\/index.php?rest_route=\/wp\/v2\/posts"}],"about":[{"href":"https:\/\/www.elvalledeloscaidos.es\/portal\/index.php?rest_route=\/wp\/v2\/types\/post"}],"author":[{"embeddable":true,"href":"https:\/\/www.elvalledeloscaidos.es\/portal\/index.php?rest_route=\/wp\/v2\/users\/1"}],"replies":[{"embeddable":true,"href":"https:\/\/www.elvalledeloscaidos.es\/portal\/index.php?rest_route=%2Fwp%2Fv2%2Fcomments&post=3480"}],"version-history":[{"count":10,"href":"https:\/\/www.elvalledeloscaidos.es\/portal\/index.php?rest_route=\/wp\/v2\/posts\/3480\/revisions"}],"predecessor-version":[{"id":3501,"href":"https:\/\/www.elvalledeloscaidos.es\/portal\/index.php?rest_route=\/wp\/v2\/posts\/3480\/revisions\/3501"}],"wp:attachment":[{"href":"https:\/\/www.elvalledeloscaidos.es\/portal\/index.php?rest_route=%2Fwp%2Fv2%2Fmedia&parent=3480"}],"wp:term":[{"taxonomy":"category","embeddable":true,"href":"https:\/\/www.elvalledeloscaidos.es\/portal\/index.php?rest_route=%2Fwp%2Fv2%2Fcategories&post=3480"},{"taxonomy":"post_tag","embeddable":true,"href":"https:\/\/www.elvalledeloscaidos.es\/portal\/index.php?rest_route=%2Fwp%2Fv2%2Ftags&post=3480"}],"curies":[{"name":"wp","href":"https:\/\/api.w.org\/{rel}","templated":true}]}}