{"id":354,"date":"2011-02-22T13:12:07","date_gmt":"2011-02-22T12:12:07","guid":{"rendered":"http:\/\/www.elvalledeloscaidos.es\/portal\/?p=354"},"modified":"2011-02-22T13:17:50","modified_gmt":"2011-02-22T12:17:50","slug":"el-tribunal-superior-de-justicia-de-madrid-admite-la-practica-de-la-prueba-pericial-solicitada-por-la-advc","status":"publish","type":"post","link":"https:\/\/www.elvalledeloscaidos.es\/portal\/?p=354","title":{"rendered":"El Tribunal Superior de Justicia de Madrid admite la pr\u00e1ctica de la prueba pericial solicitada por la ADVC."},"content":{"rendered":"<p>\nEl Tribunal Superior de Justicia de Madrid ha admitido la pr\u00e1ctica de la pericial solicitada por la Asociaci\u00f3n para la Defensa del Valle de los Ca\u00eddos con lo que est\u00e1 asociaci\u00f3n espera demostrar la improcedencia del cierre de un recinto de 54 km cuadrados para la reparaci\u00f3n de elementos concretos.<\/p>\n<p>Por consiguiente en los pr\u00f3ximos d\u00edas ser\u00e1 citado el ingeniero industrial designado por esta asociaci\u00f3n y autor del cualificado estudio t\u00e9cnico que se aporta, para la ratificaci\u00f3n, ampliaci\u00f3n y aclaraci\u00f3n de su informe t\u00e9cnico que ya obra en las actuaciones.<\/p>\n","protected":false},"excerpt":{"rendered":"<p>El Tribunal Superior de Justicia de Madrid ha admitido la pr\u00e1ctica de la pericial solicitada por la Asociaci\u00f3n para la Defensa del Valle de los Ca\u00eddos con lo que est\u00e1 asociaci\u00f3n espera demostrar la improcedencia del cierre de un recinto de 54 km cuadrados para la reparaci\u00f3n de elementos concretos. [&hellip;]<\/p>\n","protected":false},"author":1,"featured_media":0,"comment_status":"open","ping_status":"open","sticky":false,"template":"","format":"standard","meta":[],"categories":[1],"tags":[],"yoast_head":"<!-- This site is optimized with the Yoast SEO plugin v18.6 - https:\/\/yoast.com\/wordpress\/plugins\/seo\/ -->\n<title>El Tribunal Superior de Justicia de Madrid admite la pr\u00e1ctica de la prueba pericial solicitada por la ADVC. - ADVC<\/title>\n<meta name=\"robots\" content=\"index, follow, max-snippet:-1, max-image-preview:large, max-video-preview:-1\" \/>\n<link rel=\"canonical\" href=\"https:\/\/www.elvalledeloscaidos.es\/portal\/?p=354\" \/>\n<meta property=\"og:locale\" content=\"es_ES\" \/>\n<meta property=\"og:type\" content=\"article\" \/>\n<meta property=\"og:title\" content=\"El Tribunal Superior de Justicia de Madrid admite la pr\u00e1ctica de la prueba pericial solicitada por la ADVC. - ADVC\" \/>\n<meta property=\"og:description\" content=\"El Tribunal Superior de Justicia de Madrid ha admitido la pr\u00e1ctica de la pericial solicitada por la Asociaci\u00f3n para la Defensa del Valle de los Ca\u00eddos con lo que est\u00e1 asociaci\u00f3n espera demostrar la improcedencia del cierre de un recinto de 54 km cuadrados para la reparaci\u00f3n de elementos concretos. [&hellip;]\" \/>\n<meta property=\"og:url\" content=\"https:\/\/www.elvalledeloscaidos.es\/portal\/?p=354\" \/>\n<meta property=\"og:site_name\" content=\"ADVC\" \/>\n<meta property=\"article:published_time\" content=\"2011-02-22T12:12:07+00:00\" \/>\n<meta property=\"article:modified_time\" content=\"2011-02-22T12:17:50+00:00\" \/>\n<meta name=\"twitter:card\" content=\"summary_large_image\" \/>\n<meta name=\"twitter:label1\" content=\"Escrito por\" \/>\n\t<meta name=\"twitter:data1\" content=\"linares\" \/>\n\t<meta name=\"twitter:label2\" content=\"Tiempo de lectura\" \/>\n\t<meta name=\"twitter:data2\" content=\"1 minuto\" \/>\n<script type=\"application\/ld+json\" class=\"yoast-schema-graph\">{\"@context\":\"https:\/\/schema.org\",\"@graph\":[{\"@type\":\"WebSite\",\"@id\":\"https:\/\/www.elvalledeloscaidos.es\/portal\/#website\",\"url\":\"https:\/\/www.elvalledeloscaidos.es\/portal\/\",\"name\":\"ADVC\",\"description\":\"Asociaci\u00f3n Para la Defensa del Valle de los Ca\u00eddos\",\"potentialAction\":[{\"@type\":\"SearchAction\",\"target\":{\"@type\":\"EntryPoint\",\"urlTemplate\":\"https:\/\/www.elvalledeloscaidos.es\/portal\/?s={search_term_string}\"},\"query-input\":\"required name=search_term_string\"}],\"inLanguage\":\"es\"},{\"@type\":\"WebPage\",\"@id\":\"https:\/\/www.elvalledeloscaidos.es\/portal\/?p=354#webpage\",\"url\":\"https:\/\/www.elvalledeloscaidos.es\/portal\/?p=354\",\"name\":\"El Tribunal Superior de Justicia de Madrid admite la pr\u00e1ctica de la prueba pericial solicitada por la ADVC. - ADVC\",\"isPartOf\":{\"@id\":\"https:\/\/www.elvalledeloscaidos.es\/portal\/#website\"},\"datePublished\":\"2011-02-22T12:12:07+00:00\",\"dateModified\":\"2011-02-22T12:17:50+00:00\",\"author\":{\"@id\":\"https:\/\/www.elvalledeloscaidos.es\/portal\/#\/schema\/person\/36b3894dc4f1eb332b7fc369aed7eb58\"},\"breadcrumb\":{\"@id\":\"https:\/\/www.elvalledeloscaidos.es\/portal\/?p=354#breadcrumb\"},\"inLanguage\":\"es\",\"potentialAction\":[{\"@type\":\"ReadAction\",\"target\":[\"https:\/\/www.elvalledeloscaidos.es\/portal\/?p=354\"]}]},{\"@type\":\"BreadcrumbList\",\"@id\":\"https:\/\/www.elvalledeloscaidos.es\/portal\/?p=354#breadcrumb\",\"itemListElement\":[{\"@type\":\"ListItem\",\"position\":1,\"name\":\"Portada\",\"item\":\"https:\/\/www.elvalledeloscaidos.es\/portal\"},{\"@type\":\"ListItem\",\"position\":2,\"name\":\"El Tribunal Superior de Justicia de Madrid admite la pr\u00e1ctica de la prueba pericial solicitada por la ADVC.\"}]},{\"@type\":\"Person\",\"@id\":\"https:\/\/www.elvalledeloscaidos.es\/portal\/#\/schema\/person\/36b3894dc4f1eb332b7fc369aed7eb58\",\"name\":\"linares\",\"image\":{\"@type\":\"ImageObject\",\"@id\":\"https:\/\/www.elvalledeloscaidos.es\/portal\/#personlogo\",\"inLanguage\":\"es\",\"url\":\"https:\/\/secure.gravatar.com\/avatar\/0b6f3a427655ac169c9155e538724b76?s=96&d=mm&r=g\",\"contentUrl\":\"https:\/\/secure.gravatar.com\/avatar\/0b6f3a427655ac169c9155e538724b76?s=96&d=mm&r=g\",\"caption\":\"linares\"},\"url\":\"https:\/\/www.elvalledeloscaidos.es\/portal\/?author=1\"}]}<\/script>\n<!-- \/ Yoast SEO plugin. -->","yoast_head_json":{"title":"El Tribunal Superior de Justicia de Madrid admite la pr\u00e1ctica de la prueba pericial solicitada por la ADVC. - ADVC","robots":{"index":"index","follow":"follow","max-snippet":"max-snippet:-1","max-image-preview":"max-image-preview:large","max-video-preview":"max-video-preview:-1"},"canonical":"https:\/\/www.elvalledeloscaidos.es\/portal\/?p=354","og_locale":"es_ES","og_type":"article","og_title":"El Tribunal Superior de Justicia de Madrid admite la pr\u00e1ctica de la prueba pericial solicitada por la ADVC. - ADVC","og_description":"El Tribunal Superior de Justicia de Madrid ha admitido la pr\u00e1ctica de la pericial solicitada por la Asociaci\u00f3n para la Defensa del Valle de los Ca\u00eddos con lo que est\u00e1 asociaci\u00f3n espera demostrar la improcedencia del cierre de un recinto de 54 km cuadrados para la reparaci\u00f3n de elementos concretos. [&hellip;]","og_url":"https:\/\/www.elvalledeloscaidos.es\/portal\/?p=354","og_site_name":"ADVC","article_published_time":"2011-02-22T12:12:07+00:00","article_modified_time":"2011-02-22T12:17:50+00:00","twitter_card":"summary_large_image","twitter_misc":{"Escrito por":"linares","Tiempo de lectura":"1 minuto"},"schema":{"@context":"https:\/\/schema.org","@graph":[{"@type":"WebSite","@id":"https:\/\/www.elvalledeloscaidos.es\/portal\/#website","url":"https:\/\/www.elvalledeloscaidos.es\/portal\/","name":"ADVC","description":"Asociaci\u00f3n Para la Defensa del Valle de los Ca\u00eddos","potentialAction":[{"@type":"SearchAction","target":{"@type":"EntryPoint","urlTemplate":"https:\/\/www.elvalledeloscaidos.es\/portal\/?s={search_term_string}"},"query-input":"required name=search_term_string"}],"inLanguage":"es"},{"@type":"WebPage","@id":"https:\/\/www.elvalledeloscaidos.es\/portal\/?p=354#webpage","url":"https:\/\/www.elvalledeloscaidos.es\/portal\/?p=354","name":"El Tribunal Superior de Justicia de Madrid admite la pr\u00e1ctica de la prueba pericial solicitada por la ADVC. - ADVC","isPartOf":{"@id":"https:\/\/www.elvalledeloscaidos.es\/portal\/#website"},"datePublished":"2011-02-22T12:12:07+00:00","dateModified":"2011-02-22T12:17:50+00:00","author":{"@id":"https:\/\/www.elvalledeloscaidos.es\/portal\/#\/schema\/person\/36b3894dc4f1eb332b7fc369aed7eb58"},"breadcrumb":{"@id":"https:\/\/www.elvalledeloscaidos.es\/portal\/?p=354#breadcrumb"},"inLanguage":"es","potentialAction":[{"@type":"ReadAction","target":["https:\/\/www.elvalledeloscaidos.es\/portal\/?p=354"]}]},{"@type":"BreadcrumbList","@id":"https:\/\/www.elvalledeloscaidos.es\/portal\/?p=354#breadcrumb","itemListElement":[{"@type":"ListItem","position":1,"name":"Portada","item":"https:\/\/www.elvalledeloscaidos.es\/portal"},{"@type":"ListItem","position":2,"name":"El Tribunal Superior de Justicia de Madrid admite la pr\u00e1ctica de la prueba pericial solicitada por la ADVC."}]},{"@type":"Person","@id":"https:\/\/www.elvalledeloscaidos.es\/portal\/#\/schema\/person\/36b3894dc4f1eb332b7fc369aed7eb58","name":"linares","image":{"@type":"ImageObject","@id":"https:\/\/www.elvalledeloscaidos.es\/portal\/#personlogo","inLanguage":"es","url":"https:\/\/secure.gravatar.com\/avatar\/0b6f3a427655ac169c9155e538724b76?s=96&d=mm&r=g","contentUrl":"https:\/\/secure.gravatar.com\/avatar\/0b6f3a427655ac169c9155e538724b76?s=96&d=mm&r=g","caption":"linares"},"url":"https:\/\/www.elvalledeloscaidos.es\/portal\/?author=1"}]}},"_links":{"self":[{"href":"https:\/\/www.elvalledeloscaidos.es\/portal\/index.php?rest_route=\/wp\/v2\/posts\/354"}],"collection":[{"href":"https:\/\/www.elvalledeloscaidos.es\/portal\/index.php?rest_route=\/wp\/v2\/posts"}],"about":[{"href":"https:\/\/www.elvalledeloscaidos.es\/portal\/index.php?rest_route=\/wp\/v2\/types\/post"}],"author":[{"embeddable":true,"href":"https:\/\/www.elvalledeloscaidos.es\/portal\/index.php?rest_route=\/wp\/v2\/users\/1"}],"replies":[{"embeddable":true,"href":"https:\/\/www.elvalledeloscaidos.es\/portal\/index.php?rest_route=%2Fwp%2Fv2%2Fcomments&post=354"}],"version-history":[{"count":5,"href":"https:\/\/www.elvalledeloscaidos.es\/portal\/index.php?rest_route=\/wp\/v2\/posts\/354\/revisions"}],"predecessor-version":[{"id":359,"href":"https:\/\/www.elvalledeloscaidos.es\/portal\/index.php?rest_route=\/wp\/v2\/posts\/354\/revisions\/359"}],"wp:attachment":[{"href":"https:\/\/www.elvalledeloscaidos.es\/portal\/index.php?rest_route=%2Fwp%2Fv2%2Fmedia&parent=354"}],"wp:term":[{"taxonomy":"category","embeddable":true,"href":"https:\/\/www.elvalledeloscaidos.es\/portal\/index.php?rest_route=%2Fwp%2Fv2%2Fcategories&post=354"},{"taxonomy":"post_tag","embeddable":true,"href":"https:\/\/www.elvalledeloscaidos.es\/portal\/index.php?rest_route=%2Fwp%2Fv2%2Ftags&post=354"}],"curies":[{"name":"wp","href":"https:\/\/api.w.org\/{rel}","templated":true}]}}