{"id":3572,"date":"2013-08-03T20:31:09","date_gmt":"2013-08-03T19:31:09","guid":{"rendered":"http:\/\/www.elvalledeloscaidos.es\/portal\/?p=3572"},"modified":"2015-02-27T17:10:53","modified_gmt":"2015-02-27T16:10:53","slug":"el-ciudadano-anasagasti-sigue-con-su-odio-al-valle-de-los-caidos","status":"publish","type":"post","link":"https:\/\/www.elvalledeloscaidos.es\/portal\/?p=3572","title":{"rendered":"El ciudadano Anasagasti insiste en \u00abvolar el Valle de los Ca\u00eddos\u00bb"},"content":{"rendered":"<p>El Senador I\u00f1aqui Anasagasti rebasa una vez m\u00e1s los l\u00edmites de lo tolerable y vuelve a declarar su deseo de \u00abvoladura\u00bb del Valle de los Ca\u00eddos.<\/p>\n<p>Esta vez no ha sido en sede parlamentaria, circunstancia de la que se\u00a0 ha valido para eludir responsabilidades en el pasado.\u00a0Esta\u00a0vez ha sido en las redes sociales, concretamente a trav\u00e9s de su twitter oficial (<s>@<\/s>ianasagasti), plataforma en\u00a0 la que el ciudadano Anasagasti no es impune. Concretamente ha sucedido cuando a preguntas del periodista\u00a0Luis Losada sobre el Valle de los Ca\u00eddos\u00a0, el ciudadano Anasagasti se ha referido al Valle como: <strong>\u00abESE MAUSOLEO VOLABLE\u00bb.\u00a0<\/strong><\/p>\n<p><!--more--><\/p>\n<p>Inmediatamente y consciente de que una vez m\u00e1s su fanatismo y odio le hab\u00edan jugado una mala pasada, intent\u00f3 enmendar su error, diciendo que quer\u00eda decir \u00abmausoleo voluble\u00bb, y no \u00bb mausoleo volable\u00bb.<\/p>\n<p>Tanto la imagen que aqu\u00ed portamos, cedida por Luis Losada, y la grabaci\u00f3n del programa \u00abEl Gran Debate\u00bb de Tele 5 de esta misma noche, ser\u00e1n aportadas al recurso que nuestro letrado D. Pedro Cerrac\u00edn est\u00e1 ultimando, en contra del archivo de nuestra querella al Sr. Anasagasti.<\/p>\n<p>Finalizamos estas pocas l\u00edneas con los Salmos 120,6 y 120,7 de la Biblia, que muy bien se podr\u00eda aplicar el ciudadano Anasagasti.<\/p>\n<p><span style=\"color: #003300;\">\u00abDemasiado llevo viviendo con los que odian la \u00abPaz\u00bb, cuando yo digo \u00abPaz\u00bb, ellos dicen \u00abGuerra\u00bb\u00bb<\/span><\/p>\n<p>&nbsp;<\/p>\n<p style=\"text-align: center;\"><img decoding=\"async\" loading=\"lazy\" class=\"aligncenter  wp-image-3573\" style=\"border: 1px solid black;\" src=\"http:\/\/www.elvalledeloscaidos.es\/portal\/wp-content\/uploads\/2013\/08\/IMG_2255.jpg\" alt=\"IMG_2255\" width=\"500\" height=\"780\" \/><\/p>\n","protected":false},"excerpt":{"rendered":"<p>El Senador I\u00f1aqui Anasagasti rebasa una vez m\u00e1s los l\u00edmites de lo tolerable y vuelve a declarar su deseo de \u00abvoladura\u00bb del Valle de los Ca\u00eddos. Esta vez no ha sido en sede parlamentaria, circunstancia de la que se\u00a0 ha valido para eludir responsabilidades en el pasado.\u00a0Esta\u00a0vez ha sido en [&hellip;]<\/p>\n","protected":false},"author":1,"featured_media":0,"comment_status":"open","ping_status":"open","sticky":false,"template":"","format":"standard","meta":[],"categories":[4],"tags":[],"yoast_head":"<!-- This site is optimized with the Yoast SEO plugin v18.6 - https:\/\/yoast.com\/wordpress\/plugins\/seo\/ -->\n<title>El ciudadano Anasagasti insiste en &quot;volar el Valle de los Ca\u00eddos&quot; - ADVC<\/title>\n<meta name=\"robots\" content=\"index, follow, max-snippet:-1, max-image-preview:large, max-video-preview:-1\" \/>\n<link rel=\"canonical\" href=\"https:\/\/www.elvalledeloscaidos.es\/portal\/?p=3572\" \/>\n<meta property=\"og:locale\" content=\"es_ES\" \/>\n<meta property=\"og:type\" content=\"article\" \/>\n<meta property=\"og:title\" content=\"El ciudadano Anasagasti insiste en &quot;volar el Valle de los Ca\u00eddos&quot; - ADVC\" \/>\n<meta property=\"og:description\" content=\"El Senador I\u00f1aqui Anasagasti rebasa una vez m\u00e1s los l\u00edmites de lo tolerable y vuelve a declarar su deseo de \u00abvoladura\u00bb del Valle de los Ca\u00eddos. Esta vez no ha sido en sede parlamentaria, circunstancia de la que se\u00a0 ha valido para eludir responsabilidades en el pasado.\u00a0Esta\u00a0vez ha sido en [&hellip;]\" \/>\n<meta property=\"og:url\" content=\"https:\/\/www.elvalledeloscaidos.es\/portal\/?p=3572\" \/>\n<meta property=\"og:site_name\" content=\"ADVC\" \/>\n<meta property=\"article:published_time\" content=\"2013-08-03T19:31:09+00:00\" \/>\n<meta property=\"article:modified_time\" content=\"2015-02-27T16:10:53+00:00\" \/>\n<meta property=\"og:image\" content=\"http:\/\/www.elvalledeloscaidos.es\/portal\/wp-content\/uploads\/2013\/08\/IMG_2255.jpg\" \/>\n<meta name=\"twitter:card\" content=\"summary_large_image\" \/>\n<meta name=\"twitter:label1\" content=\"Escrito por\" \/>\n\t<meta name=\"twitter:data1\" content=\"linares\" \/>\n\t<meta name=\"twitter:label2\" content=\"Tiempo de lectura\" \/>\n\t<meta name=\"twitter:data2\" content=\"1 minuto\" \/>\n<script type=\"application\/ld+json\" class=\"yoast-schema-graph\">{\"@context\":\"https:\/\/schema.org\",\"@graph\":[{\"@type\":\"WebSite\",\"@id\":\"https:\/\/www.elvalledeloscaidos.es\/portal\/#website\",\"url\":\"https:\/\/www.elvalledeloscaidos.es\/portal\/\",\"name\":\"ADVC\",\"description\":\"Asociaci\u00f3n Para la Defensa del Valle de los Ca\u00eddos\",\"potentialAction\":[{\"@type\":\"SearchAction\",\"target\":{\"@type\":\"EntryPoint\",\"urlTemplate\":\"https:\/\/www.elvalledeloscaidos.es\/portal\/?s={search_term_string}\"},\"query-input\":\"required name=search_term_string\"}],\"inLanguage\":\"es\"},{\"@type\":\"ImageObject\",\"@id\":\"https:\/\/www.elvalledeloscaidos.es\/portal\/?p=3572#primaryimage\",\"inLanguage\":\"es\",\"url\":\"http:\/\/www.elvalledeloscaidos.es\/portal\/wp-content\/uploads\/2013\/08\/IMG_2255.jpg\",\"contentUrl\":\"http:\/\/www.elvalledeloscaidos.es\/portal\/wp-content\/uploads\/2013\/08\/IMG_2255.jpg\"},{\"@type\":\"WebPage\",\"@id\":\"https:\/\/www.elvalledeloscaidos.es\/portal\/?p=3572#webpage\",\"url\":\"https:\/\/www.elvalledeloscaidos.es\/portal\/?p=3572\",\"name\":\"El ciudadano Anasagasti insiste en \\\"volar el Valle de los Ca\u00eddos\\\" - ADVC\",\"isPartOf\":{\"@id\":\"https:\/\/www.elvalledeloscaidos.es\/portal\/#website\"},\"primaryImageOfPage\":{\"@id\":\"https:\/\/www.elvalledeloscaidos.es\/portal\/?p=3572#primaryimage\"},\"datePublished\":\"2013-08-03T19:31:09+00:00\",\"dateModified\":\"2015-02-27T16:10:53+00:00\",\"author\":{\"@id\":\"https:\/\/www.elvalledeloscaidos.es\/portal\/#\/schema\/person\/36b3894dc4f1eb332b7fc369aed7eb58\"},\"breadcrumb\":{\"@id\":\"https:\/\/www.elvalledeloscaidos.es\/portal\/?p=3572#breadcrumb\"},\"inLanguage\":\"es\",\"potentialAction\":[{\"@type\":\"ReadAction\",\"target\":[\"https:\/\/www.elvalledeloscaidos.es\/portal\/?p=3572\"]}]},{\"@type\":\"BreadcrumbList\",\"@id\":\"https:\/\/www.elvalledeloscaidos.es\/portal\/?p=3572#breadcrumb\",\"itemListElement\":[{\"@type\":\"ListItem\",\"position\":1,\"name\":\"Portada\",\"item\":\"https:\/\/www.elvalledeloscaidos.es\/portal\"},{\"@type\":\"ListItem\",\"position\":2,\"name\":\"El ciudadano Anasagasti insiste en \u00abvolar el Valle de los Ca\u00eddos\u00bb\"}]},{\"@type\":\"Person\",\"@id\":\"https:\/\/www.elvalledeloscaidos.es\/portal\/#\/schema\/person\/36b3894dc4f1eb332b7fc369aed7eb58\",\"name\":\"linares\",\"image\":{\"@type\":\"ImageObject\",\"@id\":\"https:\/\/www.elvalledeloscaidos.es\/portal\/#personlogo\",\"inLanguage\":\"es\",\"url\":\"https:\/\/secure.gravatar.com\/avatar\/0b6f3a427655ac169c9155e538724b76?s=96&d=mm&r=g\",\"contentUrl\":\"https:\/\/secure.gravatar.com\/avatar\/0b6f3a427655ac169c9155e538724b76?s=96&d=mm&r=g\",\"caption\":\"linares\"},\"url\":\"https:\/\/www.elvalledeloscaidos.es\/portal\/?author=1\"}]}<\/script>\n<!-- \/ Yoast SEO plugin. -->","yoast_head_json":{"title":"El ciudadano Anasagasti insiste en \"volar el Valle de los Ca\u00eddos\" - ADVC","robots":{"index":"index","follow":"follow","max-snippet":"max-snippet:-1","max-image-preview":"max-image-preview:large","max-video-preview":"max-video-preview:-1"},"canonical":"https:\/\/www.elvalledeloscaidos.es\/portal\/?p=3572","og_locale":"es_ES","og_type":"article","og_title":"El ciudadano Anasagasti insiste en \"volar el Valle de los Ca\u00eddos\" - ADVC","og_description":"El Senador I\u00f1aqui Anasagasti rebasa una vez m\u00e1s los l\u00edmites de lo tolerable y vuelve a declarar su deseo de \u00abvoladura\u00bb del Valle de los Ca\u00eddos. Esta vez no ha sido en sede parlamentaria, circunstancia de la que se\u00a0 ha valido para eludir responsabilidades en el pasado.\u00a0Esta\u00a0vez ha sido en [&hellip;]","og_url":"https:\/\/www.elvalledeloscaidos.es\/portal\/?p=3572","og_site_name":"ADVC","article_published_time":"2013-08-03T19:31:09+00:00","article_modified_time":"2015-02-27T16:10:53+00:00","og_image":[{"url":"http:\/\/www.elvalledeloscaidos.es\/portal\/wp-content\/uploads\/2013\/08\/IMG_2255.jpg"}],"twitter_card":"summary_large_image","twitter_misc":{"Escrito por":"linares","Tiempo de lectura":"1 minuto"},"schema":{"@context":"https:\/\/schema.org","@graph":[{"@type":"WebSite","@id":"https:\/\/www.elvalledeloscaidos.es\/portal\/#website","url":"https:\/\/www.elvalledeloscaidos.es\/portal\/","name":"ADVC","description":"Asociaci\u00f3n Para la Defensa del Valle de los Ca\u00eddos","potentialAction":[{"@type":"SearchAction","target":{"@type":"EntryPoint","urlTemplate":"https:\/\/www.elvalledeloscaidos.es\/portal\/?s={search_term_string}"},"query-input":"required name=search_term_string"}],"inLanguage":"es"},{"@type":"ImageObject","@id":"https:\/\/www.elvalledeloscaidos.es\/portal\/?p=3572#primaryimage","inLanguage":"es","url":"http:\/\/www.elvalledeloscaidos.es\/portal\/wp-content\/uploads\/2013\/08\/IMG_2255.jpg","contentUrl":"http:\/\/www.elvalledeloscaidos.es\/portal\/wp-content\/uploads\/2013\/08\/IMG_2255.jpg"},{"@type":"WebPage","@id":"https:\/\/www.elvalledeloscaidos.es\/portal\/?p=3572#webpage","url":"https:\/\/www.elvalledeloscaidos.es\/portal\/?p=3572","name":"El ciudadano Anasagasti insiste en \"volar el Valle de los Ca\u00eddos\" - ADVC","isPartOf":{"@id":"https:\/\/www.elvalledeloscaidos.es\/portal\/#website"},"primaryImageOfPage":{"@id":"https:\/\/www.elvalledeloscaidos.es\/portal\/?p=3572#primaryimage"},"datePublished":"2013-08-03T19:31:09+00:00","dateModified":"2015-02-27T16:10:53+00:00","author":{"@id":"https:\/\/www.elvalledeloscaidos.es\/portal\/#\/schema\/person\/36b3894dc4f1eb332b7fc369aed7eb58"},"breadcrumb":{"@id":"https:\/\/www.elvalledeloscaidos.es\/portal\/?p=3572#breadcrumb"},"inLanguage":"es","potentialAction":[{"@type":"ReadAction","target":["https:\/\/www.elvalledeloscaidos.es\/portal\/?p=3572"]}]},{"@type":"BreadcrumbList","@id":"https:\/\/www.elvalledeloscaidos.es\/portal\/?p=3572#breadcrumb","itemListElement":[{"@type":"ListItem","position":1,"name":"Portada","item":"https:\/\/www.elvalledeloscaidos.es\/portal"},{"@type":"ListItem","position":2,"name":"El ciudadano Anasagasti insiste en \u00abvolar el Valle de los Ca\u00eddos\u00bb"}]},{"@type":"Person","@id":"https:\/\/www.elvalledeloscaidos.es\/portal\/#\/schema\/person\/36b3894dc4f1eb332b7fc369aed7eb58","name":"linares","image":{"@type":"ImageObject","@id":"https:\/\/www.elvalledeloscaidos.es\/portal\/#personlogo","inLanguage":"es","url":"https:\/\/secure.gravatar.com\/avatar\/0b6f3a427655ac169c9155e538724b76?s=96&d=mm&r=g","contentUrl":"https:\/\/secure.gravatar.com\/avatar\/0b6f3a427655ac169c9155e538724b76?s=96&d=mm&r=g","caption":"linares"},"url":"https:\/\/www.elvalledeloscaidos.es\/portal\/?author=1"}]}},"_links":{"self":[{"href":"https:\/\/www.elvalledeloscaidos.es\/portal\/index.php?rest_route=\/wp\/v2\/posts\/3572"}],"collection":[{"href":"https:\/\/www.elvalledeloscaidos.es\/portal\/index.php?rest_route=\/wp\/v2\/posts"}],"about":[{"href":"https:\/\/www.elvalledeloscaidos.es\/portal\/index.php?rest_route=\/wp\/v2\/types\/post"}],"author":[{"embeddable":true,"href":"https:\/\/www.elvalledeloscaidos.es\/portal\/index.php?rest_route=\/wp\/v2\/users\/1"}],"replies":[{"embeddable":true,"href":"https:\/\/www.elvalledeloscaidos.es\/portal\/index.php?rest_route=%2Fwp%2Fv2%2Fcomments&post=3572"}],"version-history":[{"count":3,"href":"https:\/\/www.elvalledeloscaidos.es\/portal\/index.php?rest_route=\/wp\/v2\/posts\/3572\/revisions"}],"predecessor-version":[{"id":4926,"href":"https:\/\/www.elvalledeloscaidos.es\/portal\/index.php?rest_route=\/wp\/v2\/posts\/3572\/revisions\/4926"}],"wp:attachment":[{"href":"https:\/\/www.elvalledeloscaidos.es\/portal\/index.php?rest_route=%2Fwp%2Fv2%2Fmedia&parent=3572"}],"wp:term":[{"taxonomy":"category","embeddable":true,"href":"https:\/\/www.elvalledeloscaidos.es\/portal\/index.php?rest_route=%2Fwp%2Fv2%2Fcategories&post=3572"},{"taxonomy":"post_tag","embeddable":true,"href":"https:\/\/www.elvalledeloscaidos.es\/portal\/index.php?rest_route=%2Fwp%2Fv2%2Ftags&post=3572"}],"curies":[{"name":"wp","href":"https:\/\/api.w.org\/{rel}","templated":true}]}}