{"id":360,"date":"2011-02-22T13:48:09","date_gmt":"2011-02-22T12:48:09","guid":{"rendered":"http:\/\/www.elvalledeloscaidos.es\/portal\/?p=360"},"modified":"2011-02-24T13:13:56","modified_gmt":"2011-02-24T12:13:56","slug":"conferencia-de-la-advc-y-la-asociacion-fe-y-trabajo","status":"publish","type":"post","link":"https:\/\/www.elvalledeloscaidos.es\/portal\/?p=360","title":{"rendered":"Conferencia de la ADVC y la Asociaci\u00f3n F\u00e9 y Trabajo en Majadahonda (Madrid)"},"content":{"rendered":"<p>La ADVC tiene el placer de invitarle a la conferencia \u00abEl Valle de los Ca\u00eddos\u00bb que se celebrar\u00e1 (D.m) el dia 24 de febrero en Majadahonda junto a la Asociaci\u00f3n F\u00e9 y Trabajo, como viene siendo habitual.<\/p>\n<ul>\n<li>Dia: 24 de febrero de 2011 a las 19.15h.<\/li>\n<li>Lugar: Club social de la Urbanizaci\u00f3n \u00abLas Huertas\u00bb de Majadahonda<\/li>\n<li>Entrada por la Avenida de Guadarrama<\/li>\n<li>Aforo limitado<\/li>\n<\/ul>\n","protected":false},"excerpt":{"rendered":"<p>La ADVC tiene el placer de invitarle a la conferencia \u00abEl Valle de los Ca\u00eddos\u00bb que se celebrar\u00e1 (D.m) el dia 24 de febrero en Majadahonda junto a la Asociaci\u00f3n F\u00e9 y Trabajo, como viene siendo habitual. Dia: 24 de febrero de 2011 a las 19.15h. Lugar: Club social de [&hellip;]<\/p>\n","protected":false},"author":1,"featured_media":0,"comment_status":"open","ping_status":"open","sticky":false,"template":"","format":"standard","meta":[],"categories":[1],"tags":[],"yoast_head":"<!-- This site is optimized with the Yoast SEO plugin v18.6 - https:\/\/yoast.com\/wordpress\/plugins\/seo\/ -->\n<title>Conferencia de la ADVC y la Asociaci\u00f3n F\u00e9 y Trabajo en Majadahonda (Madrid) - ADVC<\/title>\n<meta name=\"robots\" content=\"index, follow, max-snippet:-1, max-image-preview:large, max-video-preview:-1\" \/>\n<link rel=\"canonical\" href=\"https:\/\/www.elvalledeloscaidos.es\/portal\/?p=360\" \/>\n<meta property=\"og:locale\" content=\"es_ES\" \/>\n<meta property=\"og:type\" content=\"article\" \/>\n<meta property=\"og:title\" content=\"Conferencia de la ADVC y la Asociaci\u00f3n F\u00e9 y Trabajo en Majadahonda (Madrid) - ADVC\" \/>\n<meta property=\"og:description\" content=\"La ADVC tiene el placer de invitarle a la conferencia \u00abEl Valle de los Ca\u00eddos\u00bb que se celebrar\u00e1 (D.m) el dia 24 de febrero en Majadahonda junto a la Asociaci\u00f3n F\u00e9 y Trabajo, como viene siendo habitual. Dia: 24 de febrero de 2011 a las 19.15h. Lugar: Club social de [&hellip;]\" \/>\n<meta property=\"og:url\" content=\"https:\/\/www.elvalledeloscaidos.es\/portal\/?p=360\" \/>\n<meta property=\"og:site_name\" content=\"ADVC\" \/>\n<meta property=\"article:published_time\" content=\"2011-02-22T12:48:09+00:00\" \/>\n<meta property=\"article:modified_time\" content=\"2011-02-24T12:13:56+00:00\" \/>\n<meta name=\"twitter:card\" content=\"summary_large_image\" \/>\n<meta name=\"twitter:label1\" content=\"Escrito por\" \/>\n\t<meta name=\"twitter:data1\" content=\"linares\" \/>\n<script type=\"application\/ld+json\" class=\"yoast-schema-graph\">{\"@context\":\"https:\/\/schema.org\",\"@graph\":[{\"@type\":\"WebSite\",\"@id\":\"https:\/\/www.elvalledeloscaidos.es\/portal\/#website\",\"url\":\"https:\/\/www.elvalledeloscaidos.es\/portal\/\",\"name\":\"ADVC\",\"description\":\"Asociaci\u00f3n Para la Defensa del Valle de los Ca\u00eddos\",\"potentialAction\":[{\"@type\":\"SearchAction\",\"target\":{\"@type\":\"EntryPoint\",\"urlTemplate\":\"https:\/\/www.elvalledeloscaidos.es\/portal\/?s={search_term_string}\"},\"query-input\":\"required name=search_term_string\"}],\"inLanguage\":\"es\"},{\"@type\":\"WebPage\",\"@id\":\"https:\/\/www.elvalledeloscaidos.es\/portal\/?p=360#webpage\",\"url\":\"https:\/\/www.elvalledeloscaidos.es\/portal\/?p=360\",\"name\":\"Conferencia de la ADVC y la Asociaci\u00f3n F\u00e9 y Trabajo en Majadahonda (Madrid) - ADVC\",\"isPartOf\":{\"@id\":\"https:\/\/www.elvalledeloscaidos.es\/portal\/#website\"},\"datePublished\":\"2011-02-22T12:48:09+00:00\",\"dateModified\":\"2011-02-24T12:13:56+00:00\",\"author\":{\"@id\":\"https:\/\/www.elvalledeloscaidos.es\/portal\/#\/schema\/person\/36b3894dc4f1eb332b7fc369aed7eb58\"},\"breadcrumb\":{\"@id\":\"https:\/\/www.elvalledeloscaidos.es\/portal\/?p=360#breadcrumb\"},\"inLanguage\":\"es\",\"potentialAction\":[{\"@type\":\"ReadAction\",\"target\":[\"https:\/\/www.elvalledeloscaidos.es\/portal\/?p=360\"]}]},{\"@type\":\"BreadcrumbList\",\"@id\":\"https:\/\/www.elvalledeloscaidos.es\/portal\/?p=360#breadcrumb\",\"itemListElement\":[{\"@type\":\"ListItem\",\"position\":1,\"name\":\"Portada\",\"item\":\"https:\/\/www.elvalledeloscaidos.es\/portal\"},{\"@type\":\"ListItem\",\"position\":2,\"name\":\"Conferencia de la ADVC y la Asociaci\u00f3n F\u00e9 y Trabajo en Majadahonda (Madrid)\"}]},{\"@type\":\"Person\",\"@id\":\"https:\/\/www.elvalledeloscaidos.es\/portal\/#\/schema\/person\/36b3894dc4f1eb332b7fc369aed7eb58\",\"name\":\"linares\",\"image\":{\"@type\":\"ImageObject\",\"@id\":\"https:\/\/www.elvalledeloscaidos.es\/portal\/#personlogo\",\"inLanguage\":\"es\",\"url\":\"https:\/\/secure.gravatar.com\/avatar\/0b6f3a427655ac169c9155e538724b76?s=96&d=mm&r=g\",\"contentUrl\":\"https:\/\/secure.gravatar.com\/avatar\/0b6f3a427655ac169c9155e538724b76?s=96&d=mm&r=g\",\"caption\":\"linares\"},\"url\":\"https:\/\/www.elvalledeloscaidos.es\/portal\/?author=1\"}]}<\/script>\n<!-- \/ Yoast SEO plugin. -->","yoast_head_json":{"title":"Conferencia de la ADVC y la Asociaci\u00f3n F\u00e9 y Trabajo en Majadahonda (Madrid) - ADVC","robots":{"index":"index","follow":"follow","max-snippet":"max-snippet:-1","max-image-preview":"max-image-preview:large","max-video-preview":"max-video-preview:-1"},"canonical":"https:\/\/www.elvalledeloscaidos.es\/portal\/?p=360","og_locale":"es_ES","og_type":"article","og_title":"Conferencia de la ADVC y la Asociaci\u00f3n F\u00e9 y Trabajo en Majadahonda (Madrid) - ADVC","og_description":"La ADVC tiene el placer de invitarle a la conferencia \u00abEl Valle de los Ca\u00eddos\u00bb que se celebrar\u00e1 (D.m) el dia 24 de febrero en Majadahonda junto a la Asociaci\u00f3n F\u00e9 y Trabajo, como viene siendo habitual. Dia: 24 de febrero de 2011 a las 19.15h. Lugar: Club social de [&hellip;]","og_url":"https:\/\/www.elvalledeloscaidos.es\/portal\/?p=360","og_site_name":"ADVC","article_published_time":"2011-02-22T12:48:09+00:00","article_modified_time":"2011-02-24T12:13:56+00:00","twitter_card":"summary_large_image","twitter_misc":{"Escrito por":"linares"},"schema":{"@context":"https:\/\/schema.org","@graph":[{"@type":"WebSite","@id":"https:\/\/www.elvalledeloscaidos.es\/portal\/#website","url":"https:\/\/www.elvalledeloscaidos.es\/portal\/","name":"ADVC","description":"Asociaci\u00f3n Para la Defensa del Valle de los Ca\u00eddos","potentialAction":[{"@type":"SearchAction","target":{"@type":"EntryPoint","urlTemplate":"https:\/\/www.elvalledeloscaidos.es\/portal\/?s={search_term_string}"},"query-input":"required name=search_term_string"}],"inLanguage":"es"},{"@type":"WebPage","@id":"https:\/\/www.elvalledeloscaidos.es\/portal\/?p=360#webpage","url":"https:\/\/www.elvalledeloscaidos.es\/portal\/?p=360","name":"Conferencia de la ADVC y la Asociaci\u00f3n F\u00e9 y Trabajo en Majadahonda (Madrid) - ADVC","isPartOf":{"@id":"https:\/\/www.elvalledeloscaidos.es\/portal\/#website"},"datePublished":"2011-02-22T12:48:09+00:00","dateModified":"2011-02-24T12:13:56+00:00","author":{"@id":"https:\/\/www.elvalledeloscaidos.es\/portal\/#\/schema\/person\/36b3894dc4f1eb332b7fc369aed7eb58"},"breadcrumb":{"@id":"https:\/\/www.elvalledeloscaidos.es\/portal\/?p=360#breadcrumb"},"inLanguage":"es","potentialAction":[{"@type":"ReadAction","target":["https:\/\/www.elvalledeloscaidos.es\/portal\/?p=360"]}]},{"@type":"BreadcrumbList","@id":"https:\/\/www.elvalledeloscaidos.es\/portal\/?p=360#breadcrumb","itemListElement":[{"@type":"ListItem","position":1,"name":"Portada","item":"https:\/\/www.elvalledeloscaidos.es\/portal"},{"@type":"ListItem","position":2,"name":"Conferencia de la ADVC y la Asociaci\u00f3n F\u00e9 y Trabajo en Majadahonda (Madrid)"}]},{"@type":"Person","@id":"https:\/\/www.elvalledeloscaidos.es\/portal\/#\/schema\/person\/36b3894dc4f1eb332b7fc369aed7eb58","name":"linares","image":{"@type":"ImageObject","@id":"https:\/\/www.elvalledeloscaidos.es\/portal\/#personlogo","inLanguage":"es","url":"https:\/\/secure.gravatar.com\/avatar\/0b6f3a427655ac169c9155e538724b76?s=96&d=mm&r=g","contentUrl":"https:\/\/secure.gravatar.com\/avatar\/0b6f3a427655ac169c9155e538724b76?s=96&d=mm&r=g","caption":"linares"},"url":"https:\/\/www.elvalledeloscaidos.es\/portal\/?author=1"}]}},"_links":{"self":[{"href":"https:\/\/www.elvalledeloscaidos.es\/portal\/index.php?rest_route=\/wp\/v2\/posts\/360"}],"collection":[{"href":"https:\/\/www.elvalledeloscaidos.es\/portal\/index.php?rest_route=\/wp\/v2\/posts"}],"about":[{"href":"https:\/\/www.elvalledeloscaidos.es\/portal\/index.php?rest_route=\/wp\/v2\/types\/post"}],"author":[{"embeddable":true,"href":"https:\/\/www.elvalledeloscaidos.es\/portal\/index.php?rest_route=\/wp\/v2\/users\/1"}],"replies":[{"embeddable":true,"href":"https:\/\/www.elvalledeloscaidos.es\/portal\/index.php?rest_route=%2Fwp%2Fv2%2Fcomments&post=360"}],"version-history":[{"count":5,"href":"https:\/\/www.elvalledeloscaidos.es\/portal\/index.php?rest_route=\/wp\/v2\/posts\/360\/revisions"}],"predecessor-version":[{"id":379,"href":"https:\/\/www.elvalledeloscaidos.es\/portal\/index.php?rest_route=\/wp\/v2\/posts\/360\/revisions\/379"}],"wp:attachment":[{"href":"https:\/\/www.elvalledeloscaidos.es\/portal\/index.php?rest_route=%2Fwp%2Fv2%2Fmedia&parent=360"}],"wp:term":[{"taxonomy":"category","embeddable":true,"href":"https:\/\/www.elvalledeloscaidos.es\/portal\/index.php?rest_route=%2Fwp%2Fv2%2Fcategories&post=360"},{"taxonomy":"post_tag","embeddable":true,"href":"https:\/\/www.elvalledeloscaidos.es\/portal\/index.php?rest_route=%2Fwp%2Fv2%2Ftags&post=360"}],"curies":[{"name":"wp","href":"https:\/\/api.w.org\/{rel}","templated":true}]}}