{"id":3635,"date":"2013-08-31T22:18:37","date_gmt":"2013-08-31T21:18:37","guid":{"rendered":"http:\/\/www.elvalledeloscaidos.es\/portal\/?p=3635"},"modified":"2013-09-13T17:19:49","modified_gmt":"2013-09-13T16:19:49","slug":"jauregui-defiende-el-traslado-de-los-restos-de-franco-del-valle-de-los-caidos-y-critica-la-pasividad-del-gobierno","status":"publish","type":"post","link":"https:\/\/www.elvalledeloscaidos.es\/portal\/?p=3635","title":{"rendered":"J\u00e1uregui defiende el traslado de los restos de Franco del Valle de los Ca\u00eddos y critica la pasividad del Gobierno"},"content":{"rendered":"<p><strong>Una vez m\u00e1s el ex-ministro Ram\u00f3n J\u00e1uregui deja claro y de manifiesto su odio por el Valle de los Ca\u00eddos. De nuevo apela a la por el creada \u00abCOMISI\u00d3N DE EXPERTOS DEL VALLE DE LOS CA\u00cdDOS\u00bb, para opinar sobre lo que habr\u00eda que hacer con el monumento.<\/strong><\/p>\n<p><!--more--><br \/>\n<strong> Facilitamos aqu\u00ed la entrevista concedida por el Sr. J\u00e1uregui a EUROPA PRESS y recordamos tambi\u00e9n, lo que esta ADVC, <a href=\"http:\/\/www.elvalledeloscaidos.es\/portal\/archives\/831\" target=\"_blank\">public\u00f3 en su momento sobre la citada \u00abComisi\u00f3n de Expertos\u00bb.<\/a><\/strong><\/p>\n<p style=\"text-align: center;\"><img decoding=\"async\" loading=\"lazy\" class=\"aligncenter\" style=\"border: 1px solid black;\" alt=\"\" src=\"http:\/\/www.elvalledeloscaidos.es\/img\/rj.jpg\" width=\"500\" height=\"298\" \/><\/p>\n<p>El portavoz del PSOE en la Comisi\u00f3n Constitucional del Congreso y ex ministro de la Presidencia, Ram\u00f3n J\u00e1uregui, mantiene firme su apuesta por el traslado de los restos del dictador Francisco Franco del Valle de los Ca\u00eddos y ha censurado la pasividad del Gobierno, a quien cree que el asunto \u00able importa poco\u00bb.<\/p>\n<p><!--more--><\/p>\n<p>En una entrevista concedida a Europa Press, J\u00e1uregui ha recordado que el traslado de los restos de Franco fue la propuesta aprobada por la Comisi\u00f3n de expertos impulsada por el anterior Ejecutivo socialista &#8211;con oposici\u00f3n de tres de sus doce miembros&#8211; y se trata de una medida que \u00e9l sigue considerando \u00abadecuada\u00bb.<\/p>\n<p>\u00abComprendo que a mucha gente le parece que todo esto es ya muy antiguo y no procede, pero sinceramente son asignaturas pendientes todav\u00eda de la Transici\u00f3n y de la reconciliaci\u00f3n que hicimos hace tanto tiempo todos los espa\u00f1oles\u00bb, ha defendido.<\/p>\n<p>La Comisi\u00f3n de expertos designada por el Gobierno para el Valle de los Ca\u00eddos propuso en su informe la salida de los restos del dictador para que sean enterrados donde decida la familia, ya que se trata de la \u00fanica persona enterrada en la Bas\u00edlica que no falleci\u00f3 en la guerra.<\/p>\n<p>Para J\u00e1uregui, el Valle de los Ca\u00eddos y su significado deben ser reformados \u00absolamente por justicia, por dignidad de pa\u00eds y por coherencia\u00bb con la forma en la que se desarroll\u00f3 la Transici\u00f3n espa\u00f1ola. \u00abNo puede seguir como est\u00e1, pero al Gobierno esto le importa poco y lo lamento profundamente\u00bb, ha censurado.<\/p>\n<p><strong>EL GOBIERNO \u00abHA DESPRECIADO\u00bb LOS PASOS DADOS<\/strong><\/p>\n<p>Seg\u00fan ha reconocido, la oposici\u00f3n \u00abtiene poco que hacer\u00bb en este asunto una vez que el Ejecutivo de Mariano Rajoy \u00abha despreciado\u00bb el trabajo que realiz\u00f3 en la materia el PSOE durante su etapa en el Palacio de la Moncloa y \u00abno est\u00e1 cumpliendo\u00bb con el mandato de la Ley de Memoria Hist\u00f3rica, que \u00abobliga a resignificar\u00bb el Valle de los Ca\u00eddos.<\/p>\n<p>\u00abYo creo que ya es hora de que en Espa\u00f1a le demos una vuelta a ese lugar para que lo podamos convertir en un espacio de memoria colectiva\u00bb, ha insistido el diputado socialista, que ha apostado por convertir el Valle de los Ca\u00eddos en un espacio \u00abde memoria reconciliada\u00bb ya que en \u00e9l est\u00e1n enterradas \u00abm\u00e1s de 30.000 personas que fueron fusiladas\u00bb, la \u00abmayor\u00eda\u00bb por la represi\u00f3n franquista de la posguerra.<\/p>\n<p>La Comisi\u00f3n de expertos tambi\u00e9n incluy\u00f3 entre sus propuestas llevar a cabo una labor de resignificaci\u00f3n del lugar en el que se rinda homenaje a las v\u00edctimas de los dos bandos con la creaci\u00f3n de un mural con el nombre de todos los ca\u00eddos en la contienda o un \u00abcentro de interpretaci\u00f3n\u00bb, entre otras medidas.<\/p>\n<p>En este punto, J\u00e1uregui ha reconocido que \u00aben general\u00bb existe una persecuci\u00f3n \u00abbastante exigente\u00bb en Espa\u00f1a de los delitos de enaltecimiento del fascismo, pero cree que el PP \u00abdeber\u00eda vigilar que en sus aleda\u00f1os no anidaran posiciones de esa naturaleza\u00bb.<\/p>\n<p>El dirigente socialista ha dejado claro que el PP es un partido dem\u00f3crata igual que el PSOE, los nacionalistas o el Partido Comunista, pero \u00abtiene el peligro de que la ultraderecha pueda pretender cobijarse bajo su cobertura\u00bb.<\/p>\n<p><strong>NO HAY EQUIDISTANCIA ENTRE FRANQUISMO Y REP\u00daBLICA<\/strong><\/p>\n<p>Esto es a su juicio algo que los &#8216;populares&#8217; tienen que evitar e, igual que otros pa\u00edses han promovido \u00abculturas antifascistas\u00bb, en Espa\u00f1a debe quedar claro que el franquismo \u00abno admite justificaci\u00f3n ninguna\u00bb, de la misma manera que no cabe hacer \u00abequidistancia\u00bb entre franquismo y Rep\u00fablica.<\/p>\n<p>\u00abSer\u00eda muy bueno que tambi\u00e9n en esa materia fu\u00e9ramos severos, como lo somos contra la justificaci\u00f3n de la violencia terrorista, que tambi\u00e9n la hubo en algunos periodos sobre todo en el Pa\u00eds Vasco\u00bb, ha insistido aludiendo a la pr\u00f3xima reforma del C\u00f3digo Penal, un escenario que cree que se podr\u00eda aprovechar para resolver \u00abuna de las asignaturas pendientes\u00bb del pa\u00eds.<\/p>\n<p>J\u00e1uregui ha recordado que este verano ha habido \u00abmuchas actitudes\u00bb con muestras fascistas y por ello hay que pedir al Gobierno y al PP que est\u00e9n \u00aben guardia\u00bb para combatirlas y poner freno a cualquier actitud que las apoye o fomente.<\/p>\n<p>(EuropaPress)<\/p>\n","protected":false},"excerpt":{"rendered":"<p>Una vez m\u00e1s el ex-ministro Ram\u00f3n J\u00e1uregui deja claro y de manifiesto su odio por el Valle de los Ca\u00eddos. De nuevo apela a la por el creada \u00abCOMISI\u00d3N DE EXPERTOS DEL VALLE DE LOS CA\u00cdDOS\u00bb, para opinar sobre lo que habr\u00eda que hacer con el monumento.<\/p>\n","protected":false},"author":1,"featured_media":0,"comment_status":"open","ping_status":"open","sticky":false,"template":"","format":"standard","meta":[],"categories":[4],"tags":[],"yoast_head":"<!-- This site is optimized with the Yoast SEO plugin v18.6 - https:\/\/yoast.com\/wordpress\/plugins\/seo\/ -->\n<title>J\u00e1uregui defiende el traslado de los restos de Franco del Valle de los Ca\u00eddos y critica la pasividad del Gobierno - ADVC<\/title>\n<meta name=\"robots\" content=\"index, follow, max-snippet:-1, max-image-preview:large, max-video-preview:-1\" \/>\n<link rel=\"canonical\" href=\"https:\/\/www.elvalledeloscaidos.es\/portal\/?p=3635\" \/>\n<meta property=\"og:locale\" content=\"es_ES\" \/>\n<meta property=\"og:type\" content=\"article\" \/>\n<meta property=\"og:title\" content=\"J\u00e1uregui defiende el traslado de los restos de Franco del Valle de los Ca\u00eddos y critica la pasividad del Gobierno - ADVC\" \/>\n<meta property=\"og:description\" content=\"Una vez m\u00e1s el ex-ministro Ram\u00f3n J\u00e1uregui deja claro y de manifiesto su odio por el Valle de los Ca\u00eddos. De nuevo apela a la por el creada \u00abCOMISI\u00d3N DE EXPERTOS DEL VALLE DE LOS CA\u00cdDOS\u00bb, para opinar sobre lo que habr\u00eda que hacer con el monumento.\" \/>\n<meta property=\"og:url\" content=\"https:\/\/www.elvalledeloscaidos.es\/portal\/?p=3635\" \/>\n<meta property=\"og:site_name\" content=\"ADVC\" \/>\n<meta property=\"article:published_time\" content=\"2013-08-31T21:18:37+00:00\" \/>\n<meta property=\"article:modified_time\" content=\"2013-09-13T16:19:49+00:00\" \/>\n<meta property=\"og:image\" content=\"http:\/\/www.elvalledeloscaidos.es\/img\/rj.jpg\" \/>\n<meta name=\"twitter:card\" content=\"summary_large_image\" \/>\n<meta name=\"twitter:label1\" content=\"Escrito por\" \/>\n\t<meta name=\"twitter:data1\" content=\"linares\" \/>\n\t<meta name=\"twitter:label2\" content=\"Tiempo de lectura\" \/>\n\t<meta name=\"twitter:data2\" content=\"4 minutos\" \/>\n<script type=\"application\/ld+json\" class=\"yoast-schema-graph\">{\"@context\":\"https:\/\/schema.org\",\"@graph\":[{\"@type\":\"WebSite\",\"@id\":\"https:\/\/www.elvalledeloscaidos.es\/portal\/#website\",\"url\":\"https:\/\/www.elvalledeloscaidos.es\/portal\/\",\"name\":\"ADVC\",\"description\":\"Asociaci\u00f3n Para la Defensa del Valle de los Ca\u00eddos\",\"potentialAction\":[{\"@type\":\"SearchAction\",\"target\":{\"@type\":\"EntryPoint\",\"urlTemplate\":\"https:\/\/www.elvalledeloscaidos.es\/portal\/?s={search_term_string}\"},\"query-input\":\"required name=search_term_string\"}],\"inLanguage\":\"es\"},{\"@type\":\"ImageObject\",\"@id\":\"https:\/\/www.elvalledeloscaidos.es\/portal\/?p=3635#primaryimage\",\"inLanguage\":\"es\",\"url\":\"http:\/\/www.elvalledeloscaidos.es\/img\/rj.jpg\",\"contentUrl\":\"http:\/\/www.elvalledeloscaidos.es\/img\/rj.jpg\"},{\"@type\":\"WebPage\",\"@id\":\"https:\/\/www.elvalledeloscaidos.es\/portal\/?p=3635#webpage\",\"url\":\"https:\/\/www.elvalledeloscaidos.es\/portal\/?p=3635\",\"name\":\"J\u00e1uregui defiende el traslado de los restos de Franco del Valle de los Ca\u00eddos y critica la pasividad del Gobierno - ADVC\",\"isPartOf\":{\"@id\":\"https:\/\/www.elvalledeloscaidos.es\/portal\/#website\"},\"primaryImageOfPage\":{\"@id\":\"https:\/\/www.elvalledeloscaidos.es\/portal\/?p=3635#primaryimage\"},\"datePublished\":\"2013-08-31T21:18:37+00:00\",\"dateModified\":\"2013-09-13T16:19:49+00:00\",\"author\":{\"@id\":\"https:\/\/www.elvalledeloscaidos.es\/portal\/#\/schema\/person\/36b3894dc4f1eb332b7fc369aed7eb58\"},\"breadcrumb\":{\"@id\":\"https:\/\/www.elvalledeloscaidos.es\/portal\/?p=3635#breadcrumb\"},\"inLanguage\":\"es\",\"potentialAction\":[{\"@type\":\"ReadAction\",\"target\":[\"https:\/\/www.elvalledeloscaidos.es\/portal\/?p=3635\"]}]},{\"@type\":\"BreadcrumbList\",\"@id\":\"https:\/\/www.elvalledeloscaidos.es\/portal\/?p=3635#breadcrumb\",\"itemListElement\":[{\"@type\":\"ListItem\",\"position\":1,\"name\":\"Portada\",\"item\":\"https:\/\/www.elvalledeloscaidos.es\/portal\"},{\"@type\":\"ListItem\",\"position\":2,\"name\":\"J\u00e1uregui defiende el traslado de los restos de Franco del Valle de los Ca\u00eddos y critica la pasividad del Gobierno\"}]},{\"@type\":\"Person\",\"@id\":\"https:\/\/www.elvalledeloscaidos.es\/portal\/#\/schema\/person\/36b3894dc4f1eb332b7fc369aed7eb58\",\"name\":\"linares\",\"image\":{\"@type\":\"ImageObject\",\"@id\":\"https:\/\/www.elvalledeloscaidos.es\/portal\/#personlogo\",\"inLanguage\":\"es\",\"url\":\"https:\/\/secure.gravatar.com\/avatar\/0b6f3a427655ac169c9155e538724b76?s=96&d=mm&r=g\",\"contentUrl\":\"https:\/\/secure.gravatar.com\/avatar\/0b6f3a427655ac169c9155e538724b76?s=96&d=mm&r=g\",\"caption\":\"linares\"},\"url\":\"https:\/\/www.elvalledeloscaidos.es\/portal\/?author=1\"}]}<\/script>\n<!-- \/ Yoast SEO plugin. -->","yoast_head_json":{"title":"J\u00e1uregui defiende el traslado de los restos de Franco del Valle de los Ca\u00eddos y critica la pasividad del Gobierno - ADVC","robots":{"index":"index","follow":"follow","max-snippet":"max-snippet:-1","max-image-preview":"max-image-preview:large","max-video-preview":"max-video-preview:-1"},"canonical":"https:\/\/www.elvalledeloscaidos.es\/portal\/?p=3635","og_locale":"es_ES","og_type":"article","og_title":"J\u00e1uregui defiende el traslado de los restos de Franco del Valle de los Ca\u00eddos y critica la pasividad del Gobierno - ADVC","og_description":"Una vez m\u00e1s el ex-ministro Ram\u00f3n J\u00e1uregui deja claro y de manifiesto su odio por el Valle de los Ca\u00eddos. De nuevo apela a la por el creada \u00abCOMISI\u00d3N DE EXPERTOS DEL VALLE DE LOS CA\u00cdDOS\u00bb, para opinar sobre lo que habr\u00eda que hacer con el monumento.","og_url":"https:\/\/www.elvalledeloscaidos.es\/portal\/?p=3635","og_site_name":"ADVC","article_published_time":"2013-08-31T21:18:37+00:00","article_modified_time":"2013-09-13T16:19:49+00:00","og_image":[{"url":"http:\/\/www.elvalledeloscaidos.es\/img\/rj.jpg"}],"twitter_card":"summary_large_image","twitter_misc":{"Escrito por":"linares","Tiempo de lectura":"4 minutos"},"schema":{"@context":"https:\/\/schema.org","@graph":[{"@type":"WebSite","@id":"https:\/\/www.elvalledeloscaidos.es\/portal\/#website","url":"https:\/\/www.elvalledeloscaidos.es\/portal\/","name":"ADVC","description":"Asociaci\u00f3n Para la Defensa del Valle de los Ca\u00eddos","potentialAction":[{"@type":"SearchAction","target":{"@type":"EntryPoint","urlTemplate":"https:\/\/www.elvalledeloscaidos.es\/portal\/?s={search_term_string}"},"query-input":"required name=search_term_string"}],"inLanguage":"es"},{"@type":"ImageObject","@id":"https:\/\/www.elvalledeloscaidos.es\/portal\/?p=3635#primaryimage","inLanguage":"es","url":"http:\/\/www.elvalledeloscaidos.es\/img\/rj.jpg","contentUrl":"http:\/\/www.elvalledeloscaidos.es\/img\/rj.jpg"},{"@type":"WebPage","@id":"https:\/\/www.elvalledeloscaidos.es\/portal\/?p=3635#webpage","url":"https:\/\/www.elvalledeloscaidos.es\/portal\/?p=3635","name":"J\u00e1uregui defiende el traslado de los restos de Franco del Valle de los Ca\u00eddos y critica la pasividad del Gobierno - ADVC","isPartOf":{"@id":"https:\/\/www.elvalledeloscaidos.es\/portal\/#website"},"primaryImageOfPage":{"@id":"https:\/\/www.elvalledeloscaidos.es\/portal\/?p=3635#primaryimage"},"datePublished":"2013-08-31T21:18:37+00:00","dateModified":"2013-09-13T16:19:49+00:00","author":{"@id":"https:\/\/www.elvalledeloscaidos.es\/portal\/#\/schema\/person\/36b3894dc4f1eb332b7fc369aed7eb58"},"breadcrumb":{"@id":"https:\/\/www.elvalledeloscaidos.es\/portal\/?p=3635#breadcrumb"},"inLanguage":"es","potentialAction":[{"@type":"ReadAction","target":["https:\/\/www.elvalledeloscaidos.es\/portal\/?p=3635"]}]},{"@type":"BreadcrumbList","@id":"https:\/\/www.elvalledeloscaidos.es\/portal\/?p=3635#breadcrumb","itemListElement":[{"@type":"ListItem","position":1,"name":"Portada","item":"https:\/\/www.elvalledeloscaidos.es\/portal"},{"@type":"ListItem","position":2,"name":"J\u00e1uregui defiende el traslado de los restos de Franco del Valle de los Ca\u00eddos y critica la pasividad del Gobierno"}]},{"@type":"Person","@id":"https:\/\/www.elvalledeloscaidos.es\/portal\/#\/schema\/person\/36b3894dc4f1eb332b7fc369aed7eb58","name":"linares","image":{"@type":"ImageObject","@id":"https:\/\/www.elvalledeloscaidos.es\/portal\/#personlogo","inLanguage":"es","url":"https:\/\/secure.gravatar.com\/avatar\/0b6f3a427655ac169c9155e538724b76?s=96&d=mm&r=g","contentUrl":"https:\/\/secure.gravatar.com\/avatar\/0b6f3a427655ac169c9155e538724b76?s=96&d=mm&r=g","caption":"linares"},"url":"https:\/\/www.elvalledeloscaidos.es\/portal\/?author=1"}]}},"_links":{"self":[{"href":"https:\/\/www.elvalledeloscaidos.es\/portal\/index.php?rest_route=\/wp\/v2\/posts\/3635"}],"collection":[{"href":"https:\/\/www.elvalledeloscaidos.es\/portal\/index.php?rest_route=\/wp\/v2\/posts"}],"about":[{"href":"https:\/\/www.elvalledeloscaidos.es\/portal\/index.php?rest_route=\/wp\/v2\/types\/post"}],"author":[{"embeddable":true,"href":"https:\/\/www.elvalledeloscaidos.es\/portal\/index.php?rest_route=\/wp\/v2\/users\/1"}],"replies":[{"embeddable":true,"href":"https:\/\/www.elvalledeloscaidos.es\/portal\/index.php?rest_route=%2Fwp%2Fv2%2Fcomments&post=3635"}],"version-history":[{"count":6,"href":"https:\/\/www.elvalledeloscaidos.es\/portal\/index.php?rest_route=\/wp\/v2\/posts\/3635\/revisions"}],"predecessor-version":[{"id":3663,"href":"https:\/\/www.elvalledeloscaidos.es\/portal\/index.php?rest_route=\/wp\/v2\/posts\/3635\/revisions\/3663"}],"wp:attachment":[{"href":"https:\/\/www.elvalledeloscaidos.es\/portal\/index.php?rest_route=%2Fwp%2Fv2%2Fmedia&parent=3635"}],"wp:term":[{"taxonomy":"category","embeddable":true,"href":"https:\/\/www.elvalledeloscaidos.es\/portal\/index.php?rest_route=%2Fwp%2Fv2%2Fcategories&post=3635"},{"taxonomy":"post_tag","embeddable":true,"href":"https:\/\/www.elvalledeloscaidos.es\/portal\/index.php?rest_route=%2Fwp%2Fv2%2Ftags&post=3635"}],"curies":[{"name":"wp","href":"https:\/\/api.w.org\/{rel}","templated":true}]}}