{"id":3683,"date":"2013-09-24T18:38:56","date_gmt":"2013-09-24T17:38:56","guid":{"rendered":"http:\/\/www.elvalledeloscaidos.es\/portal\/?p=3683"},"modified":"2015-02-27T17:10:03","modified_gmt":"2015-02-27T16:10:03","slug":"julio-beobide-historia-de-un-escultor-nacionalista-vasco","status":"publish","type":"post","link":"https:\/\/www.elvalledeloscaidos.es\/portal\/?p=3683","title":{"rendered":"Julio Beobide, historia de un escultor nacionalista vasco."},"content":{"rendered":"<address><span style=\"font-family: 'Trebuchet MS', Arial, Helvetica, sans-serif;\"><span style=\"font-family: 'Trebuchet MS', Arial, Helvetica, sans-serif;\"><br \/>\nDe entre todas las obras de arte escult\u00f3ricas que forman parte del conjunto monumental del Valle de los Ca\u00eddos, existe una, el Cristo del Altar Mayor, obra del escultor nacionalista vasco Julio Beobide Goiburu. La historia de esta escultura, poco difundida, merece la pena ser conocida.<\/span><\/span>\u00a0<\/address>\n<address>\u00a0<\/address>\n<p><!--more--><\/p>\n<address>\u00a0<\/address>\n<address><span style=\"font-family: 'Trebuchet MS', Arial, Helvetica, sans-serif;\"><span style=\"font-family: 'Trebuchet MS', Arial, Helvetica, sans-serif;\">Julio Beobide naci\u00f3 un 19 de diciembre de 1891 en Zumaya, en la costa guipuzcoana. EL joven Beobide creci\u00f3 inmerso en un ambiente art\u00edstico y creativo, ya que sus tres hermanos gozaban de marcadas aptitudes art\u00edsticas, de hecho el hermano mayor, Jos\u00e9 Mar\u00eda fue un organista y compositor de renombre.<\/span><\/span>\u00a0<\/address>\n<address>\u00a0<\/address>\n<address>\u00a0<\/address>\n<address><span style=\"font-family: 'Trebuchet MS', Arial, Helvetica, sans-serif;\"><span style=\"font-family: 'Trebuchet MS', Arial, Helvetica, sans-serif;\"><span style=\"font-family: 'Trebuchet MS', Arial, Helvetica, sans-serif;\"><span style=\"font-family: 'Trebuchet MS', Arial, Helvetica, sans-serif;\">A los trece a\u00f1os de edad y mientras cursaba su primer a\u00f1o como interno en la escuela de oficios de los PP. Salesianos de Baracaldo, se recibi\u00f3 en esta escuela la visita del afamado escultor Asorey, quien se puso al frente de la secci\u00f3n de escultura de la escuela.<\/span><\/span><\/span><\/span><\/address>\n<address>\u00a0<\/address>\n<address>\u00a0<\/address>\n<address><img decoding=\"async\" loading=\"lazy\" class=\"aligncenter size-full wp-image-3687\" style=\"border: 1px solid black;\" src=\"http:\/\/www.elvalledeloscaidos.es\/portal\/wp-content\/uploads\/2013\/09\/beobide002.jpg\" alt=\"beobide002\" width=\"500\" height=\"346\" srcset=\"https:\/\/www.elvalledeloscaidos.es\/portal\/wp-content\/uploads\/2013\/09\/beobide002.jpg 500w, https:\/\/www.elvalledeloscaidos.es\/portal\/wp-content\/uploads\/2013\/09\/beobide002-300x207.jpg 300w\" sizes=\"(max-width: 500px) 100vw, 500px\" \/><\/address>\n<address><span style=\"color: #800000;\"><br \/>\nBeobide en Zumaya, finalizando una imagen en alabastro de San Juan Bosco<\/span><\/address>\n<address>\u00a0<\/address>\n<address>\u00a0<!--more--><\/address>\n<address><span style=\"font-family: 'Trebuchet MS', Arial, Helvetica, sans-serif;\"><span style=\"font-family: 'Trebuchet MS', Arial, Helvetica, sans-serif;\"><span style=\"font-family: 'Trebuchet MS', Arial, Helvetica, sans-serif;\">EL ni\u00f1o Beobide comienza en esta \u00e9poca a acudir t\u00edmidamente y casi a hurtadillas a las clases del escultor, fascinado por la facilidad del pontevedr\u00e9s para el modelado en barro. Pronto se convierte en el alumno m\u00e1s aventajado de la escuela.<\/span><\/span><\/span><\/address>\n<address>\u00a0<\/address>\n<address><span style=\"font-family: 'Trebuchet MS', Arial, Helvetica, sans-serif;\"><span style=\"font-family: 'Trebuchet MS', Arial, Helvetica, sans-serif;\"><span style=\"font-family: 'Trebuchet MS', Arial, Helvetica, sans-serif;\">En 1915 marcha a Valencia a conocer los museos y esculturas de la ciudad. Defraudado retorna a su Zumaya natal a los pocos meses, donde seguir\u00eda desarrollando sus aptitudes art\u00edsticas y consolidando firmemente un car\u00e1cter abiertamente declarado como nacionalista vasco.<\/span><\/span><\/span>\u00a0<\/address>\n<address>\u00a0<\/address>\n<address>\u00a0<\/address>\n<address><span style=\"font-family: 'Trebuchet MS', Arial, Helvetica, sans-serif;\"><span style=\"font-family: 'Trebuchet MS', Arial, Helvetica, sans-serif;\">En 1919 auxiliado por su gran amigo, el pintor Ignacio Zuloaga consigue una beca de la Diputaci\u00f3n de Guip\u00fazcoa para estudiar en Madrid, en la afamada Escuela de Bellas Artes de San Fernando, reservada para tan s\u00f3lo unos pocos escogidos. Coincide en la Academia con los tambi\u00e9n escultores P\u00e9rez Comendador, Adsuara, Valverde, Uranga y otros. Asiste a clase de modelado del escultor Miguel Blay y estudia y profundiza en la obra de Berruguete, Mena y otros grandes imagineros.<\/span><\/span><\/address>\n<address>\u00a0<\/address>\n<address><span style=\"font-family: 'Trebuchet MS', Arial, Helvetica, sans-serif;\"><span style=\"font-family: 'Trebuchet MS', Arial, Helvetica, sans-serif;\"><span style=\"font-family: 'Trebuchet MS', Arial, Helvetica, sans-serif;\">En 1923 vuelve definitivamente a Zumaya donde instal\u00f3 su estudio al que llam\u00f3 \u201cKresala\u201d, (\u201cbrisa salada\u201d en euskera), en un terreno regalado por el p\u00e1rroco de Zumaya y t\u00edo carnal, Manuel Beobide. Durante los a\u00f1os siguientes se consolida definitivamente la amistad entre Beobide e Ignacio Zuloaga.<\/span><\/span><\/span>\u00a0<\/address>\n<address>\u00a0<\/address>\n<address>\u00a0<\/address>\n<address>A Zuloaga precisamente se debe, de modo involuntario, la elecci\u00f3n del Cristo de Beobide para el Altar Mayor de la Bas\u00edlica del Valle de los Ca\u00eddos. Concretamente fue en una fiesta que Zuloaga ofreci\u00f3, en Zumaya en el verano de 1940, a su c\u00edrculo \u00edntimo de amistades entre los que se encontraba invitado el General Franco. Ese dia Franco descubre en la capilla de la residencia de Zuloaga una impresionante talla de un Cristo crucificado.<\/address>\n<address>\u00a0<\/address>\n<address>Franco deslumbrado por la belleza de la obra (que Zuloaga se hab\u00eda encargado de policromar), pregunt\u00f3 al pintor por la autor\u00eda de la escultura.\u00a0 Zuloaga, no sin reparos, confirm\u00f3 a Franco que se trataba de la obra de un escultor nacionalista vasco.\u00a0<\/address>\n<address>\u00a0<\/address>\n<address>Franco, sin importarle ni un \u00e1pice las afinidades pol\u00edticas del artista, encarga a Zuloaga gestione ante el autor la adquisici\u00f3n de la obra, o en su defecto, el encargo de una nueva talla para el Altar del Valle de los Ca\u00eddos, cuyas obras tan solo hab\u00edan comenzado unos meses antes. Franco reconoce que quiere que el Cristo sea \u201cel s\u00edmbolo de la conciliaci\u00f3n\u201d.<\/address>\n<address>\u00a0<\/address>\n<address><img decoding=\"async\" loading=\"lazy\" class=\"aligncenter size-full wp-image-3686\" style=\"border: 1px solid black;\" src=\"http:\/\/www.elvalledeloscaidos.es\/portal\/wp-content\/uploads\/2013\/09\/beobide0023.jpg\" alt=\"beobide0023\" width=\"500\" height=\"364\" srcset=\"https:\/\/www.elvalledeloscaidos.es\/portal\/wp-content\/uploads\/2013\/09\/beobide0023.jpg 500w, https:\/\/www.elvalledeloscaidos.es\/portal\/wp-content\/uploads\/2013\/09\/beobide0023-300x218.jpg 300w\" sizes=\"(max-width: 500px) 100vw, 500px\" \/><br \/>\n<span style=\"color: #800000;\"><span style=\"color: #800000;\">El escultor Beobide ante otra de sus obras<\/span><\/span>\u00a0<\/address>\n<address>\u00a0<\/address>\n<address>\u00a0<\/address>\n<address>Ignacio Zuloaga decide enga\u00f1ar a su amigo Beobide y decirle que ten\u00eda que tallar otro Cristo id\u00e9ntico al de la capilla de los Zuloaga para un \u201ccliente americano\u201d, en el err\u00f3neo convencimiento de que Beobide rechazar\u00eda el encargo de saber la identidad del verdadero \u201ccliente\u201d.<\/address>\n<address>\u00a0<\/address>\n<address>Beobide, ya enterado del destino final de la nueva obra, lejos de poner objeci\u00f3n alguna al mismo, realiz\u00f3 una impresionante talla de Cristo, cuyo rostro exento de gesto de dolor alguno, se ofrece totalmente descubierto, resplandeciente de Paz y serenidad. <span style=\"font-family: 'Trebuchet MS', Arial, Helvetica, sans-serif;\">El encargo qued\u00f3 finalmente dispuesto en Abril de 1941. <\/span><\/address>\n<address>\u00a0<\/address>\n<address><span style=\"font-family: 'Trebuchet MS', Arial, Helvetica, sans-serif;\">Tan s\u00f3lo un par de meses m\u00e1s tarde, y por orden expresa del propio Franco, Fernando Fuertes de Villavicencio en calidad de Intendente de la Casa Civil de Franco, gir\u00f3 al escultor Beobide un tal\u00f3n bancario del Banco Hispano Americano, contra cuenta bancaria de la propia Casa Civil, y por un importe de 20.000 pesetas para satisfacer el importe pactado con el escultor por la imagen. En la misma misiva se solicita acuse de recibo inmediato.<br \/>\n<\/span><\/address>\n<address>\u00a0<\/address>\n<address><span style=\"font-family: 'Trebuchet MS', Arial, Helvetica, sans-serif;\"><img decoding=\"async\" loading=\"lazy\" class=\"aligncenter size-full wp-image-3684\" style=\"border: 1px solid black;\" src=\"http:\/\/www.elvalledeloscaidos.es\/portal\/wp-content\/uploads\/2013\/09\/carta.jpg\" alt=\"carta\" width=\"500\" height=\"448\" srcset=\"https:\/\/www.elvalledeloscaidos.es\/portal\/wp-content\/uploads\/2013\/09\/carta.jpg 500w, https:\/\/www.elvalledeloscaidos.es\/portal\/wp-content\/uploads\/2013\/09\/carta-300x268.jpg 300w\" sizes=\"(max-width: 500px) 100vw, 500px\" \/><\/span><\/address>\n<address><span style=\"color: #800000;\"><br \/>\nCarta de la Casa Civil de Franco, confirmando el pago del Cristo de la Bas\u00edlica del Valle de los Ca\u00eddos<\/span><\/address>\n<address>\u00a0<\/address>\n<address>\u00a0<\/address>\n<address>EL tema del madero de la Cruz da para otro cap\u00edtulo. Mucho se ha contado sobre esta Cruz y el madero que lo conforma. Lo verdadero del asunto es que el madero de la Cruz no es, como se ha pensado siempre, un enebro. Se trata realmente de una Sabina de Riofr\u00edo, especie casi exactamente id\u00e9ntica al enebro.\u00a0<\/address>\n<address>\u00a0<\/address>\n<address>Tambi\u00e9n es un error com\u00fanmente cre\u00eddo que fue el propio Franco quien cort\u00f3 el \u00e1rbol en los pinares de Valsa\u00edn, pero s\u00ed parece cierto que fue quien eligi\u00f3 personalmente el ejemplar y presenci\u00f3 su tala.<\/address>\n<address>\u00a0<\/address>\n<address><span style=\"font-family: 'Trebuchet MS', Arial, Helvetica, sans-serif;\"><img decoding=\"async\" loading=\"lazy\" class=\"aligncenter size-full wp-image-3685\" style=\"border: 1px solid black;\" src=\"http:\/\/www.elvalledeloscaidos.es\/portal\/wp-content\/uploads\/2013\/09\/beobide001.jpg\" alt=\"beobide001\" width=\"500\" height=\"585\" srcset=\"https:\/\/www.elvalledeloscaidos.es\/portal\/wp-content\/uploads\/2013\/09\/beobide001.jpg 500w, https:\/\/www.elvalledeloscaidos.es\/portal\/wp-content\/uploads\/2013\/09\/beobide001-256x300.jpg 256w\" sizes=\"(max-width: 500px) 100vw, 500px\" \/><br \/>\n<span style=\"color: #800000;\">Boceto en madera de nogal\u00a0de la mano derecha\u00a0del Cristo del Valle de los Ca\u00eddos.<\/span><\/span><\/address>\n<address>\u00a0<\/address>\n<address>\u00a0<\/address>\n<address>La talla del Cristo ya con su Cruz, permaneci\u00f3 m\u00e1s de 15 a\u00f1os en la Capilla del Palacio del Pardo, esperando pacientemente que las obras de la Bas\u00edlica del Valle de los Ca\u00eddos tocaran a su fin.<\/address>\n<address>\u00a0<\/address>\n<address>\u00a0<\/address>\n<address>Desde 1958 la talla del Cristo se encuentra presidiendo el Altar Mayor de la Bas\u00edlica, en perfecta alineaci\u00f3n con la Cruz m\u00e1s grande de la cristiandad, la que preside otro Altar, el Risco de la Nava.<\/address>\n<address>\u00a0<\/address>\n<address>\u00a0<\/address>\n<address><img decoding=\"async\" loading=\"lazy\" class=\"aligncenter size-full wp-image-3688\" style=\"border: 1px solid black;\" src=\"http:\/\/www.elvalledeloscaidos.es\/portal\/wp-content\/uploads\/2013\/09\/beobide003.jpg\" alt=\"beobide003\" width=\"500\" height=\"331\" srcset=\"https:\/\/www.elvalledeloscaidos.es\/portal\/wp-content\/uploads\/2013\/09\/beobide003.jpg 500w, https:\/\/www.elvalledeloscaidos.es\/portal\/wp-content\/uploads\/2013\/09\/beobide003-300x198.jpg 300w\" sizes=\"(max-width: 500px) 100vw, 500px\" \/><\/address>\n","protected":false},"excerpt":{"rendered":"<p>De entre todas las obras de arte escult\u00f3ricas que forman parte del conjunto monumental del Valle de los Ca\u00eddos, existe una, el Cristo del Altar Mayor, obra del escultor nacionalista vasco Julio Beobide Goiburu. La historia de esta escultura, poco difundida, merece la pena ser conocida.\u00a0 \u00a0<\/p>\n","protected":false},"author":1,"featured_media":0,"comment_status":"open","ping_status":"open","sticky":false,"template":"","format":"standard","meta":[],"categories":[4],"tags":[],"yoast_head":"<!-- This site is optimized with the Yoast SEO plugin v18.6 - https:\/\/yoast.com\/wordpress\/plugins\/seo\/ -->\n<title>Julio Beobide, historia de un escultor nacionalista vasco. - ADVC<\/title>\n<meta name=\"robots\" content=\"index, follow, max-snippet:-1, max-image-preview:large, max-video-preview:-1\" \/>\n<link rel=\"canonical\" href=\"https:\/\/www.elvalledeloscaidos.es\/portal\/?p=3683\" \/>\n<meta property=\"og:locale\" content=\"es_ES\" \/>\n<meta property=\"og:type\" content=\"article\" \/>\n<meta property=\"og:title\" content=\"Julio Beobide, historia de un escultor nacionalista vasco. - ADVC\" \/>\n<meta property=\"og:description\" content=\"De entre todas las obras de arte escult\u00f3ricas que forman parte del conjunto monumental del Valle de los Ca\u00eddos, existe una, el Cristo del Altar Mayor, obra del escultor nacionalista vasco Julio Beobide Goiburu. La historia de esta escultura, poco difundida, merece la pena ser conocida.\u00a0 \u00a0\" \/>\n<meta property=\"og:url\" content=\"https:\/\/www.elvalledeloscaidos.es\/portal\/?p=3683\" \/>\n<meta property=\"og:site_name\" content=\"ADVC\" \/>\n<meta property=\"article:published_time\" content=\"2013-09-24T17:38:56+00:00\" \/>\n<meta property=\"article:modified_time\" content=\"2015-02-27T16:10:03+00:00\" \/>\n<meta property=\"og:image\" content=\"http:\/\/www.elvalledeloscaidos.es\/portal\/wp-content\/uploads\/2013\/09\/beobide002.jpg\" \/>\n<meta name=\"twitter:card\" content=\"summary_large_image\" \/>\n<meta name=\"twitter:label1\" content=\"Escrito por\" \/>\n\t<meta name=\"twitter:data1\" content=\"linares\" \/>\n\t<meta name=\"twitter:label2\" content=\"Tiempo de lectura\" \/>\n\t<meta name=\"twitter:data2\" content=\"5 minutos\" \/>\n<script type=\"application\/ld+json\" class=\"yoast-schema-graph\">{\"@context\":\"https:\/\/schema.org\",\"@graph\":[{\"@type\":\"WebSite\",\"@id\":\"https:\/\/www.elvalledeloscaidos.es\/portal\/#website\",\"url\":\"https:\/\/www.elvalledeloscaidos.es\/portal\/\",\"name\":\"ADVC\",\"description\":\"Asociaci\u00f3n Para la Defensa del Valle de los Ca\u00eddos\",\"potentialAction\":[{\"@type\":\"SearchAction\",\"target\":{\"@type\":\"EntryPoint\",\"urlTemplate\":\"https:\/\/www.elvalledeloscaidos.es\/portal\/?s={search_term_string}\"},\"query-input\":\"required name=search_term_string\"}],\"inLanguage\":\"es\"},{\"@type\":\"ImageObject\",\"@id\":\"https:\/\/www.elvalledeloscaidos.es\/portal\/?p=3683#primaryimage\",\"inLanguage\":\"es\",\"url\":\"http:\/\/www.elvalledeloscaidos.es\/portal\/wp-content\/uploads\/2013\/09\/beobide002.jpg\",\"contentUrl\":\"http:\/\/www.elvalledeloscaidos.es\/portal\/wp-content\/uploads\/2013\/09\/beobide002.jpg\"},{\"@type\":\"WebPage\",\"@id\":\"https:\/\/www.elvalledeloscaidos.es\/portal\/?p=3683#webpage\",\"url\":\"https:\/\/www.elvalledeloscaidos.es\/portal\/?p=3683\",\"name\":\"Julio Beobide, historia de un escultor nacionalista vasco. - ADVC\",\"isPartOf\":{\"@id\":\"https:\/\/www.elvalledeloscaidos.es\/portal\/#website\"},\"primaryImageOfPage\":{\"@id\":\"https:\/\/www.elvalledeloscaidos.es\/portal\/?p=3683#primaryimage\"},\"datePublished\":\"2013-09-24T17:38:56+00:00\",\"dateModified\":\"2015-02-27T16:10:03+00:00\",\"author\":{\"@id\":\"https:\/\/www.elvalledeloscaidos.es\/portal\/#\/schema\/person\/36b3894dc4f1eb332b7fc369aed7eb58\"},\"breadcrumb\":{\"@id\":\"https:\/\/www.elvalledeloscaidos.es\/portal\/?p=3683#breadcrumb\"},\"inLanguage\":\"es\",\"potentialAction\":[{\"@type\":\"ReadAction\",\"target\":[\"https:\/\/www.elvalledeloscaidos.es\/portal\/?p=3683\"]}]},{\"@type\":\"BreadcrumbList\",\"@id\":\"https:\/\/www.elvalledeloscaidos.es\/portal\/?p=3683#breadcrumb\",\"itemListElement\":[{\"@type\":\"ListItem\",\"position\":1,\"name\":\"Portada\",\"item\":\"https:\/\/www.elvalledeloscaidos.es\/portal\"},{\"@type\":\"ListItem\",\"position\":2,\"name\":\"Julio Beobide, historia de un escultor nacionalista vasco.\"}]},{\"@type\":\"Person\",\"@id\":\"https:\/\/www.elvalledeloscaidos.es\/portal\/#\/schema\/person\/36b3894dc4f1eb332b7fc369aed7eb58\",\"name\":\"linares\",\"image\":{\"@type\":\"ImageObject\",\"@id\":\"https:\/\/www.elvalledeloscaidos.es\/portal\/#personlogo\",\"inLanguage\":\"es\",\"url\":\"https:\/\/secure.gravatar.com\/avatar\/0b6f3a427655ac169c9155e538724b76?s=96&d=mm&r=g\",\"contentUrl\":\"https:\/\/secure.gravatar.com\/avatar\/0b6f3a427655ac169c9155e538724b76?s=96&d=mm&r=g\",\"caption\":\"linares\"},\"url\":\"https:\/\/www.elvalledeloscaidos.es\/portal\/?author=1\"}]}<\/script>\n<!-- \/ Yoast SEO plugin. -->","yoast_head_json":{"title":"Julio Beobide, historia de un escultor nacionalista vasco. - ADVC","robots":{"index":"index","follow":"follow","max-snippet":"max-snippet:-1","max-image-preview":"max-image-preview:large","max-video-preview":"max-video-preview:-1"},"canonical":"https:\/\/www.elvalledeloscaidos.es\/portal\/?p=3683","og_locale":"es_ES","og_type":"article","og_title":"Julio Beobide, historia de un escultor nacionalista vasco. - ADVC","og_description":"De entre todas las obras de arte escult\u00f3ricas que forman parte del conjunto monumental del Valle de los Ca\u00eddos, existe una, el Cristo del Altar Mayor, obra del escultor nacionalista vasco Julio Beobide Goiburu. La historia de esta escultura, poco difundida, merece la pena ser conocida.\u00a0 \u00a0","og_url":"https:\/\/www.elvalledeloscaidos.es\/portal\/?p=3683","og_site_name":"ADVC","article_published_time":"2013-09-24T17:38:56+00:00","article_modified_time":"2015-02-27T16:10:03+00:00","og_image":[{"url":"http:\/\/www.elvalledeloscaidos.es\/portal\/wp-content\/uploads\/2013\/09\/beobide002.jpg"}],"twitter_card":"summary_large_image","twitter_misc":{"Escrito por":"linares","Tiempo de lectura":"5 minutos"},"schema":{"@context":"https:\/\/schema.org","@graph":[{"@type":"WebSite","@id":"https:\/\/www.elvalledeloscaidos.es\/portal\/#website","url":"https:\/\/www.elvalledeloscaidos.es\/portal\/","name":"ADVC","description":"Asociaci\u00f3n Para la Defensa del Valle de los Ca\u00eddos","potentialAction":[{"@type":"SearchAction","target":{"@type":"EntryPoint","urlTemplate":"https:\/\/www.elvalledeloscaidos.es\/portal\/?s={search_term_string}"},"query-input":"required name=search_term_string"}],"inLanguage":"es"},{"@type":"ImageObject","@id":"https:\/\/www.elvalledeloscaidos.es\/portal\/?p=3683#primaryimage","inLanguage":"es","url":"http:\/\/www.elvalledeloscaidos.es\/portal\/wp-content\/uploads\/2013\/09\/beobide002.jpg","contentUrl":"http:\/\/www.elvalledeloscaidos.es\/portal\/wp-content\/uploads\/2013\/09\/beobide002.jpg"},{"@type":"WebPage","@id":"https:\/\/www.elvalledeloscaidos.es\/portal\/?p=3683#webpage","url":"https:\/\/www.elvalledeloscaidos.es\/portal\/?p=3683","name":"Julio Beobide, historia de un escultor nacionalista vasco. - ADVC","isPartOf":{"@id":"https:\/\/www.elvalledeloscaidos.es\/portal\/#website"},"primaryImageOfPage":{"@id":"https:\/\/www.elvalledeloscaidos.es\/portal\/?p=3683#primaryimage"},"datePublished":"2013-09-24T17:38:56+00:00","dateModified":"2015-02-27T16:10:03+00:00","author":{"@id":"https:\/\/www.elvalledeloscaidos.es\/portal\/#\/schema\/person\/36b3894dc4f1eb332b7fc369aed7eb58"},"breadcrumb":{"@id":"https:\/\/www.elvalledeloscaidos.es\/portal\/?p=3683#breadcrumb"},"inLanguage":"es","potentialAction":[{"@type":"ReadAction","target":["https:\/\/www.elvalledeloscaidos.es\/portal\/?p=3683"]}]},{"@type":"BreadcrumbList","@id":"https:\/\/www.elvalledeloscaidos.es\/portal\/?p=3683#breadcrumb","itemListElement":[{"@type":"ListItem","position":1,"name":"Portada","item":"https:\/\/www.elvalledeloscaidos.es\/portal"},{"@type":"ListItem","position":2,"name":"Julio Beobide, historia de un escultor nacionalista vasco."}]},{"@type":"Person","@id":"https:\/\/www.elvalledeloscaidos.es\/portal\/#\/schema\/person\/36b3894dc4f1eb332b7fc369aed7eb58","name":"linares","image":{"@type":"ImageObject","@id":"https:\/\/www.elvalledeloscaidos.es\/portal\/#personlogo","inLanguage":"es","url":"https:\/\/secure.gravatar.com\/avatar\/0b6f3a427655ac169c9155e538724b76?s=96&d=mm&r=g","contentUrl":"https:\/\/secure.gravatar.com\/avatar\/0b6f3a427655ac169c9155e538724b76?s=96&d=mm&r=g","caption":"linares"},"url":"https:\/\/www.elvalledeloscaidos.es\/portal\/?author=1"}]}},"_links":{"self":[{"href":"https:\/\/www.elvalledeloscaidos.es\/portal\/index.php?rest_route=\/wp\/v2\/posts\/3683"}],"collection":[{"href":"https:\/\/www.elvalledeloscaidos.es\/portal\/index.php?rest_route=\/wp\/v2\/posts"}],"about":[{"href":"https:\/\/www.elvalledeloscaidos.es\/portal\/index.php?rest_route=\/wp\/v2\/types\/post"}],"author":[{"embeddable":true,"href":"https:\/\/www.elvalledeloscaidos.es\/portal\/index.php?rest_route=\/wp\/v2\/users\/1"}],"replies":[{"embeddable":true,"href":"https:\/\/www.elvalledeloscaidos.es\/portal\/index.php?rest_route=%2Fwp%2Fv2%2Fcomments&post=3683"}],"version-history":[{"count":21,"href":"https:\/\/www.elvalledeloscaidos.es\/portal\/index.php?rest_route=\/wp\/v2\/posts\/3683\/revisions"}],"predecessor-version":[{"id":4925,"href":"https:\/\/www.elvalledeloscaidos.es\/portal\/index.php?rest_route=\/wp\/v2\/posts\/3683\/revisions\/4925"}],"wp:attachment":[{"href":"https:\/\/www.elvalledeloscaidos.es\/portal\/index.php?rest_route=%2Fwp%2Fv2%2Fmedia&parent=3683"}],"wp:term":[{"taxonomy":"category","embeddable":true,"href":"https:\/\/www.elvalledeloscaidos.es\/portal\/index.php?rest_route=%2Fwp%2Fv2%2Fcategories&post=3683"},{"taxonomy":"post_tag","embeddable":true,"href":"https:\/\/www.elvalledeloscaidos.es\/portal\/index.php?rest_route=%2Fwp%2Fv2%2Ftags&post=3683"}],"curies":[{"name":"wp","href":"https:\/\/api.w.org\/{rel}","templated":true}]}}