{"id":3832,"date":"2013-10-29T19:48:24","date_gmt":"2013-10-29T18:48:24","guid":{"rendered":"http:\/\/www.elvalledeloscaidos.es\/portal\/?p=3832"},"modified":"2015-02-27T17:09:38","modified_gmt":"2015-02-27T16:09:38","slug":"el-psoe-exige-exhumar-los-restos-de-franco-del-valle-de-los-caidos-y-darselos-a-la-familia","status":"publish","type":"post","link":"https:\/\/www.elvalledeloscaidos.es\/portal\/?p=3832","title":{"rendered":"El PSOE exige exhumar los restos de Franco del Valle de los Ca\u00eddos y d\u00e1rselos a la familia."},"content":{"rendered":"<p>Tambi\u00e9n piden reubicar los restos de Jos\u00e9 Antonio Primo de Rivera para poner fin \u00aba la jerarqu\u00eda funeraria\u00bb sobre los restos de las 35.000 v\u00edctimas que reposan en el lugar.<\/p>\n<p><!--more--><\/p>\n<p>Seg\u00fan informa el Diario ABC en su p\u00e1gina web de hoy 29 de octubre de 2013, \u00abel diputado socialista y ex alcalde de San Sebasti\u00e1n,<strong> Od\u00f3n Elorza<\/strong>, ha registrado esta tarde en el Congreso una <a href=\"http:\/\/www.elvalledeloscaidos.es\/downloads\/pnlelorza.pdf\" target=\"_blank\">Proposici\u00f3n No de Ley<\/a>, para solicitar la \u00abresignificaci\u00f3n\u00bb del mausoleo y la exhumaci\u00f3n de los restos del general, que deber\u00edan ser entregarlos a su familia o trasladarlos \u00abal lugar que resulte m\u00e1s adecuado\u00bb. A juicio del firmante, se trata de una \u00abasignatura pendiente\u00bb de la Democracia.\u00bb<\/p>\n<p style=\"text-align: center;\">\u00a0<img decoding=\"async\" loading=\"lazy\" class=\"aligncenter size-full wp-image-3834\" style=\"border: 1px solid black;\" src=\"http:\/\/www.elvalledeloscaidos.es\/portal\/wp-content\/uploads\/2013\/10\/olorza.jpg\" alt=\"olorza\" width=\"400\" height=\"300\" srcset=\"https:\/\/www.elvalledeloscaidos.es\/portal\/wp-content\/uploads\/2013\/10\/olorza.jpg 400w, https:\/\/www.elvalledeloscaidos.es\/portal\/wp-content\/uploads\/2013\/10\/olorza-300x225.jpg 300w\" sizes=\"(max-width: 400px) 100vw, 400px\" \/><\/p>\n<p style=\"text-align: center;\">El diputado del PSOE, Od\u00f3n Elorza con Juan Carlos Izaguirre de Bildu.<\/p>\n<p>&nbsp;<\/p>\n<p>Ante la presentaci\u00f3n en el Congreso de los Diputados de esta Proposici\u00f3n No de Ley , en relaci\u00f3n a una hipot\u00e9tica exhumaci\u00f3n de los restos mortales del General Franco de la Bas\u00edlica Pontificia del Valle de los Ca\u00eddos y de la \u00abreubicaci\u00f3n\u00bb en la misma, de los restos de Jos\u00e9 Antonio Primo de Rivera, la Asociaci\u00f3n Para la Defensa del Valle de los Ca\u00eddos quiere poner de manifiesto lo siguiente:<\/p>\n<p>&nbsp;<\/p>\n<p>1.- Entendemos que esa mal llamada \u00abcomisi\u00f3n de expertos\u00bb, nombrada en su d\u00eda por el gobierno socialista y a la que alude el\u00a0PSOE en su Proposici\u00f3n No de Ley\u00a0, carece de objetividad alguna, por ser de designaci\u00f3n unipartidista.<\/p>\n<p>2.- Entendemos que el Partido Socialista falta gravemente a la verdad cuando dice\u00a0 que: \u00abEn noviembre de 1975, el anterior r\u00e9gimen tom\u00f3 la decisi\u00f3n de inhumar al hasta entonces Jefe del Estado, el general Francisco Franco, en un sepulcro cerca del altar mayor de la Bas\u00edlica\u00bb.<\/p>\n<p>3.- \u00a0Es importante tener en cuenta que los sepulcros aludidos se encuentran en el interior de una Bas\u00edlica Pontificia, por lo que el estado carece de competencia alguna en su interior, que corresponden a \u00a0la autoridad eclesi\u00e1stica.<\/p>\n<p>4.- La \u00fanica persona que puede decidir cualquier extremo respecto al lugar de descanso del anterior jefe de estado es su \u00fanica hija, D. Carmen Franco, la cual ha manifestado p\u00fablicamente su \u00ab<strong>absoluta disconformidad<\/strong>\u00bb ante cualquier actuaci\u00f3n con los restos mortales de su padre.<\/p>\n<p>5.- Esta asociaci\u00f3n denuncia p\u00fablicamente el m\u00e1s que evidente \u00e1nimo del Partido Socialista, de enfrentar de nuevo a la poblaci\u00f3n civil, en un tema ya cicatrizado en Espa\u00f1a, donde reposan en Paz los lideres de ambos lados de la contienda civil espa\u00f1ola.<\/p>\n<p>6.- El Valle de los Ca\u00eddos es, le pese a quien le pese, un lugar concebido como s\u00edmbolo de Reconciliaci\u00f3n, donde se reza <strong>a diario por todos los ca\u00eddos de ambos bandos de la guerra civil espa\u00f1ola<\/strong>\u00a0y la Asociaci\u00f3n Para la Defensa del Valle de los Ca\u00eddos no va a permitir que se despoje al Valle de este car\u00e1cter por parte de quien, visto lo visto, nunca se ha querido reconciliar.<\/p>\n<p>6.- Esta Asociaci\u00f3n emprender\u00e1 cuantas acciones legales sean oportunas en cumplimiento de sus fines estatutarios.<\/p>\n<p>&nbsp;<\/p>\n<p>Madrid 29 de octubre de 2013.<\/p>\n<p style=\"text-align: justify;\">\n","protected":false},"excerpt":{"rendered":"<p>Tambi\u00e9n piden reubicar los restos de Jos\u00e9 Antonio Primo de Rivera para poner fin \u00aba la jerarqu\u00eda funeraria\u00bb sobre los restos de las 35.000 v\u00edctimas que reposan en el lugar.<\/p>\n","protected":false},"author":1,"featured_media":0,"comment_status":"open","ping_status":"open","sticky":false,"template":"","format":"standard","meta":[],"categories":[4],"tags":[],"yoast_head":"<!-- This site is optimized with the Yoast SEO plugin v18.6 - https:\/\/yoast.com\/wordpress\/plugins\/seo\/ -->\n<title>El PSOE exige exhumar los restos de Franco del Valle de los Ca\u00eddos y d\u00e1rselos a la familia. - ADVC<\/title>\n<meta name=\"robots\" content=\"index, follow, max-snippet:-1, max-image-preview:large, max-video-preview:-1\" \/>\n<link rel=\"canonical\" href=\"https:\/\/www.elvalledeloscaidos.es\/portal\/?p=3832\" \/>\n<meta property=\"og:locale\" content=\"es_ES\" \/>\n<meta property=\"og:type\" content=\"article\" \/>\n<meta property=\"og:title\" content=\"El PSOE exige exhumar los restos de Franco del Valle de los Ca\u00eddos y d\u00e1rselos a la familia. - ADVC\" \/>\n<meta property=\"og:description\" content=\"Tambi\u00e9n piden reubicar los restos de Jos\u00e9 Antonio Primo de Rivera para poner fin \u00aba la jerarqu\u00eda funeraria\u00bb sobre los restos de las 35.000 v\u00edctimas que reposan en el lugar.\" \/>\n<meta property=\"og:url\" content=\"https:\/\/www.elvalledeloscaidos.es\/portal\/?p=3832\" \/>\n<meta property=\"og:site_name\" content=\"ADVC\" \/>\n<meta property=\"article:published_time\" content=\"2013-10-29T18:48:24+00:00\" \/>\n<meta property=\"article:modified_time\" content=\"2015-02-27T16:09:38+00:00\" \/>\n<meta property=\"og:image\" content=\"http:\/\/www.elvalledeloscaidos.es\/portal\/wp-content\/uploads\/2013\/10\/olorza.jpg\" \/>\n<meta name=\"twitter:card\" content=\"summary_large_image\" \/>\n<meta name=\"twitter:label1\" content=\"Escrito por\" \/>\n\t<meta name=\"twitter:data1\" content=\"linares\" \/>\n\t<meta name=\"twitter:label2\" content=\"Tiempo de lectura\" \/>\n\t<meta name=\"twitter:data2\" content=\"3 minutos\" \/>\n<script type=\"application\/ld+json\" class=\"yoast-schema-graph\">{\"@context\":\"https:\/\/schema.org\",\"@graph\":[{\"@type\":\"WebSite\",\"@id\":\"https:\/\/www.elvalledeloscaidos.es\/portal\/#website\",\"url\":\"https:\/\/www.elvalledeloscaidos.es\/portal\/\",\"name\":\"ADVC\",\"description\":\"Asociaci\u00f3n Para la Defensa del Valle de los Ca\u00eddos\",\"potentialAction\":[{\"@type\":\"SearchAction\",\"target\":{\"@type\":\"EntryPoint\",\"urlTemplate\":\"https:\/\/www.elvalledeloscaidos.es\/portal\/?s={search_term_string}\"},\"query-input\":\"required name=search_term_string\"}],\"inLanguage\":\"es\"},{\"@type\":\"ImageObject\",\"@id\":\"https:\/\/www.elvalledeloscaidos.es\/portal\/?p=3832#primaryimage\",\"inLanguage\":\"es\",\"url\":\"http:\/\/www.elvalledeloscaidos.es\/portal\/wp-content\/uploads\/2013\/10\/olorza.jpg\",\"contentUrl\":\"http:\/\/www.elvalledeloscaidos.es\/portal\/wp-content\/uploads\/2013\/10\/olorza.jpg\"},{\"@type\":\"WebPage\",\"@id\":\"https:\/\/www.elvalledeloscaidos.es\/portal\/?p=3832#webpage\",\"url\":\"https:\/\/www.elvalledeloscaidos.es\/portal\/?p=3832\",\"name\":\"El PSOE exige exhumar los restos de Franco del Valle de los Ca\u00eddos y d\u00e1rselos a la familia. - ADVC\",\"isPartOf\":{\"@id\":\"https:\/\/www.elvalledeloscaidos.es\/portal\/#website\"},\"primaryImageOfPage\":{\"@id\":\"https:\/\/www.elvalledeloscaidos.es\/portal\/?p=3832#primaryimage\"},\"datePublished\":\"2013-10-29T18:48:24+00:00\",\"dateModified\":\"2015-02-27T16:09:38+00:00\",\"author\":{\"@id\":\"https:\/\/www.elvalledeloscaidos.es\/portal\/#\/schema\/person\/36b3894dc4f1eb332b7fc369aed7eb58\"},\"breadcrumb\":{\"@id\":\"https:\/\/www.elvalledeloscaidos.es\/portal\/?p=3832#breadcrumb\"},\"inLanguage\":\"es\",\"potentialAction\":[{\"@type\":\"ReadAction\",\"target\":[\"https:\/\/www.elvalledeloscaidos.es\/portal\/?p=3832\"]}]},{\"@type\":\"BreadcrumbList\",\"@id\":\"https:\/\/www.elvalledeloscaidos.es\/portal\/?p=3832#breadcrumb\",\"itemListElement\":[{\"@type\":\"ListItem\",\"position\":1,\"name\":\"Portada\",\"item\":\"https:\/\/www.elvalledeloscaidos.es\/portal\"},{\"@type\":\"ListItem\",\"position\":2,\"name\":\"El PSOE exige exhumar los restos de Franco del Valle de los Ca\u00eddos y d\u00e1rselos a la familia.\"}]},{\"@type\":\"Person\",\"@id\":\"https:\/\/www.elvalledeloscaidos.es\/portal\/#\/schema\/person\/36b3894dc4f1eb332b7fc369aed7eb58\",\"name\":\"linares\",\"image\":{\"@type\":\"ImageObject\",\"@id\":\"https:\/\/www.elvalledeloscaidos.es\/portal\/#personlogo\",\"inLanguage\":\"es\",\"url\":\"https:\/\/secure.gravatar.com\/avatar\/0b6f3a427655ac169c9155e538724b76?s=96&d=mm&r=g\",\"contentUrl\":\"https:\/\/secure.gravatar.com\/avatar\/0b6f3a427655ac169c9155e538724b76?s=96&d=mm&r=g\",\"caption\":\"linares\"},\"url\":\"https:\/\/www.elvalledeloscaidos.es\/portal\/?author=1\"}]}<\/script>\n<!-- \/ Yoast SEO plugin. -->","yoast_head_json":{"title":"El PSOE exige exhumar los restos de Franco del Valle de los Ca\u00eddos y d\u00e1rselos a la familia. - ADVC","robots":{"index":"index","follow":"follow","max-snippet":"max-snippet:-1","max-image-preview":"max-image-preview:large","max-video-preview":"max-video-preview:-1"},"canonical":"https:\/\/www.elvalledeloscaidos.es\/portal\/?p=3832","og_locale":"es_ES","og_type":"article","og_title":"El PSOE exige exhumar los restos de Franco del Valle de los Ca\u00eddos y d\u00e1rselos a la familia. - ADVC","og_description":"Tambi\u00e9n piden reubicar los restos de Jos\u00e9 Antonio Primo de Rivera para poner fin \u00aba la jerarqu\u00eda funeraria\u00bb sobre los restos de las 35.000 v\u00edctimas que reposan en el lugar.","og_url":"https:\/\/www.elvalledeloscaidos.es\/portal\/?p=3832","og_site_name":"ADVC","article_published_time":"2013-10-29T18:48:24+00:00","article_modified_time":"2015-02-27T16:09:38+00:00","og_image":[{"url":"http:\/\/www.elvalledeloscaidos.es\/portal\/wp-content\/uploads\/2013\/10\/olorza.jpg"}],"twitter_card":"summary_large_image","twitter_misc":{"Escrito por":"linares","Tiempo de lectura":"3 minutos"},"schema":{"@context":"https:\/\/schema.org","@graph":[{"@type":"WebSite","@id":"https:\/\/www.elvalledeloscaidos.es\/portal\/#website","url":"https:\/\/www.elvalledeloscaidos.es\/portal\/","name":"ADVC","description":"Asociaci\u00f3n Para la Defensa del Valle de los Ca\u00eddos","potentialAction":[{"@type":"SearchAction","target":{"@type":"EntryPoint","urlTemplate":"https:\/\/www.elvalledeloscaidos.es\/portal\/?s={search_term_string}"},"query-input":"required name=search_term_string"}],"inLanguage":"es"},{"@type":"ImageObject","@id":"https:\/\/www.elvalledeloscaidos.es\/portal\/?p=3832#primaryimage","inLanguage":"es","url":"http:\/\/www.elvalledeloscaidos.es\/portal\/wp-content\/uploads\/2013\/10\/olorza.jpg","contentUrl":"http:\/\/www.elvalledeloscaidos.es\/portal\/wp-content\/uploads\/2013\/10\/olorza.jpg"},{"@type":"WebPage","@id":"https:\/\/www.elvalledeloscaidos.es\/portal\/?p=3832#webpage","url":"https:\/\/www.elvalledeloscaidos.es\/portal\/?p=3832","name":"El PSOE exige exhumar los restos de Franco del Valle de los Ca\u00eddos y d\u00e1rselos a la familia. - ADVC","isPartOf":{"@id":"https:\/\/www.elvalledeloscaidos.es\/portal\/#website"},"primaryImageOfPage":{"@id":"https:\/\/www.elvalledeloscaidos.es\/portal\/?p=3832#primaryimage"},"datePublished":"2013-10-29T18:48:24+00:00","dateModified":"2015-02-27T16:09:38+00:00","author":{"@id":"https:\/\/www.elvalledeloscaidos.es\/portal\/#\/schema\/person\/36b3894dc4f1eb332b7fc369aed7eb58"},"breadcrumb":{"@id":"https:\/\/www.elvalledeloscaidos.es\/portal\/?p=3832#breadcrumb"},"inLanguage":"es","potentialAction":[{"@type":"ReadAction","target":["https:\/\/www.elvalledeloscaidos.es\/portal\/?p=3832"]}]},{"@type":"BreadcrumbList","@id":"https:\/\/www.elvalledeloscaidos.es\/portal\/?p=3832#breadcrumb","itemListElement":[{"@type":"ListItem","position":1,"name":"Portada","item":"https:\/\/www.elvalledeloscaidos.es\/portal"},{"@type":"ListItem","position":2,"name":"El PSOE exige exhumar los restos de Franco del Valle de los Ca\u00eddos y d\u00e1rselos a la familia."}]},{"@type":"Person","@id":"https:\/\/www.elvalledeloscaidos.es\/portal\/#\/schema\/person\/36b3894dc4f1eb332b7fc369aed7eb58","name":"linares","image":{"@type":"ImageObject","@id":"https:\/\/www.elvalledeloscaidos.es\/portal\/#personlogo","inLanguage":"es","url":"https:\/\/secure.gravatar.com\/avatar\/0b6f3a427655ac169c9155e538724b76?s=96&d=mm&r=g","contentUrl":"https:\/\/secure.gravatar.com\/avatar\/0b6f3a427655ac169c9155e538724b76?s=96&d=mm&r=g","caption":"linares"},"url":"https:\/\/www.elvalledeloscaidos.es\/portal\/?author=1"}]}},"_links":{"self":[{"href":"https:\/\/www.elvalledeloscaidos.es\/portal\/index.php?rest_route=\/wp\/v2\/posts\/3832"}],"collection":[{"href":"https:\/\/www.elvalledeloscaidos.es\/portal\/index.php?rest_route=\/wp\/v2\/posts"}],"about":[{"href":"https:\/\/www.elvalledeloscaidos.es\/portal\/index.php?rest_route=\/wp\/v2\/types\/post"}],"author":[{"embeddable":true,"href":"https:\/\/www.elvalledeloscaidos.es\/portal\/index.php?rest_route=\/wp\/v2\/users\/1"}],"replies":[{"embeddable":true,"href":"https:\/\/www.elvalledeloscaidos.es\/portal\/index.php?rest_route=%2Fwp%2Fv2%2Fcomments&post=3832"}],"version-history":[{"count":8,"href":"https:\/\/www.elvalledeloscaidos.es\/portal\/index.php?rest_route=\/wp\/v2\/posts\/3832\/revisions"}],"predecessor-version":[{"id":4924,"href":"https:\/\/www.elvalledeloscaidos.es\/portal\/index.php?rest_route=\/wp\/v2\/posts\/3832\/revisions\/4924"}],"wp:attachment":[{"href":"https:\/\/www.elvalledeloscaidos.es\/portal\/index.php?rest_route=%2Fwp%2Fv2%2Fmedia&parent=3832"}],"wp:term":[{"taxonomy":"category","embeddable":true,"href":"https:\/\/www.elvalledeloscaidos.es\/portal\/index.php?rest_route=%2Fwp%2Fv2%2Fcategories&post=3832"},{"taxonomy":"post_tag","embeddable":true,"href":"https:\/\/www.elvalledeloscaidos.es\/portal\/index.php?rest_route=%2Fwp%2Fv2%2Ftags&post=3832"}],"curies":[{"name":"wp","href":"https:\/\/api.w.org\/{rel}","templated":true}]}}