{"id":3880,"date":"2013-11-06T14:31:30","date_gmt":"2013-11-06T13:31:30","guid":{"rendered":"http:\/\/www.elvalledeloscaidos.es\/portal\/?p=3880"},"modified":"2014-01-14T20:53:50","modified_gmt":"2014-01-14T19:53:50","slug":"exorcistas","status":"publish","type":"post","link":"https:\/\/www.elvalledeloscaidos.es\/portal\/?p=3880","title":{"rendered":"Exorcistas."},"content":{"rendered":"<p>Por su indudable inter\u00e9s, reproducimos aqu\u00ed el art\u00edculo que D. Jon Juaristi public\u00f3 el pasado domingo 3 de noviembre en el diario ABC.<\/p>\n<p>Exorcistas.<\/p>\n<p>Los socialistas no han aprendido todav\u00eda a distinguir la historia de la memoria hist\u00f3rica<\/p>\n<p><!--more--><\/p>\n<p>La propuesta socialista de exorcizar el Valle de los Ca\u00eddos desenterrando los restos de Franco y de Jos\u00e9 Antonio Primo de Rivera me ha recordado la manipulaci\u00f3n her\u00e1ldica mediante la cual quiso borrar la Diputaci\u00f3n nacionalista de Guip\u00fazcoa la oprobiosa memoria de la contribuci\u00f3n guipuzcoana a la conquista de Navarra. Se sustituyeron en el escudo de la Provincia los doce ca\u00f1ones que los guipuzcoanos arrebataron a los navarros por doce rodelas. Como \u00e9stas cantaban que daba gusto, terminaron por retirarlas tambi\u00e9n, colocando en su lugar unos cuantos arbolillos pintureros. En fin, no me sorprende nada que el encargado de proponer el exorcismo de marras haya sido un guipuzcoano.<\/p>\n<p style=\"text-align: center;\"><img decoding=\"async\" loading=\"lazy\" class=\"size-full wp-image-3882 aligncenter\" style=\"border: 1px solid black;\" alt=\"tapiz\" src=\"http:\/\/www.elvalledeloscaidos.es\/portal\/wp-content\/uploads\/2013\/11\/tapiz.jpg\" width=\"500\" height=\"333\" srcset=\"https:\/\/www.elvalledeloscaidos.es\/portal\/wp-content\/uploads\/2013\/11\/tapiz.jpg 500w, https:\/\/www.elvalledeloscaidos.es\/portal\/wp-content\/uploads\/2013\/11\/tapiz-300x199.jpg 300w\" sizes=\"(max-width: 500px) 100vw, 500px\" \/><\/p>\n<p>Yo cre\u00eda que los socialistas hab\u00edan aprendido ya a distinguir la memoria hist\u00f3rica de la historia, pero parece que no. El Valle de los Ca\u00eddos es un monumento hist\u00f3rico del franquismo, un complejo religioso-funerario concebido desde la mentalidad de los vencedores de la guerra civil, donde, adem\u00e1s de un buen n\u00famero de muertos de ambos bandos, fueron inhumados el fundador de Falange Espa\u00f1ola y quien orden\u00f3 su construcci\u00f3n. Cabe a\u00f1adir que Jos\u00e9 Antonio Primo de Rivera no pidi\u00f3 ser enterrado en una necr\u00f3polis que no exist\u00eda ni en proyecto cuando fue fusilado en la c\u00e1rcel de Alicante, el 20 de noviembre de 1936. Es un inquilino tan involuntario de Cuelgamuros como el \u00faltimo falangista o el \u00faltimo miliciano que descansan en el mismo recinto. En cualquier caso, el Valle de los Ca\u00eddos es el testimonio de una \u00e9poca y de una mentalidad que pasaron a la historia, pero que no se deben olvidar. Lo razonable es que se quede como est\u00e1.<\/p>\n<p>Que con la que est\u00e1 cayendo el ex alcalde socialista de San Sebasti\u00e1n y diputado por Guip\u00fazcoa, Od\u00f3n Elorza Gonz\u00e1lez, se permita el lujo de perder el tiempo y hac\u00e9rselo perder al Congreso con esta en\u00e9sima tentativa de maquillar el pasado para que no se parezca en nada a lo que fue dice mucho sobre la utilidad actual de su partido, mucho m\u00e1s lejano del presente que la propia guerra civil. Pero hay algo m\u00e1s: durante los siete largu\u00edsimos a\u00f1os de gobierno del PSOE entre 2004 y 2012 se retiraron del espacio p\u00fablico estatuas de Franco, placas y s\u00edmbolos del franquismo. A porrillo. Sin embargo, no hubo reda\u00f1os para mover de sus fosas los huesos del general ni los de Jos\u00e9 Antonio Primo de Rivera.<\/p>\n<p>Estos desaf\u00edos socialistas son tramposos y ventajistas. Montan una comisi\u00f3n para estudiar lo que debe hacerse con el Valle de los Ca\u00eddos y ralentizan su funcionamiento para que el informe final coincida con unas elecciones que saben perdidas de antemano. As\u00ed se evitan llevar a la pr\u00e1ctica lo que sus propios expertos aconsejan y dejan el marr\u00f3n al que venga despu\u00e9s. Por supuesto, no se recatan en proclamar que si alg\u00fan d\u00eda ganan har\u00e1n una barbacoa con los informes y leyes del adversario, pero, eso s\u00ed, mientras sigan en la oposici\u00f3n el Gobierno estar\u00e1 obligado a explicar por qu\u00e9 no asume lo que ellos no asumieron en su d\u00eda.<\/p>\n<p>&nbsp;<\/p>\n<p>Todo exorcista sabe que tiene que arrostrar los peligros del exorcismo, pero, a la hora de la verdad, a estos progres poscristianos, exorcistas de sal\u00f3n, les acomete el mismo terror supersticioso que imped\u00eda a los neandertales turbar el reposo de los muertos. Prefieren que lo hagan otros (es decir, los que no ven la necesidad de exorcizar), no sea que sus abuelitos franquistas se revuelvan en sus tumbas y les den un susto. Lo m\u00e1s recomendable es no gastar un solo minuto en darles explicaciones. Tampoco en exig\u00edrselas, que ser\u00eda lo m\u00e1s l\u00f3gico, pero que, como es bien sabido, equivale a pedir peras limoneras a los alcornoques. Habr\u00e1 que esperar a que ganen otra vez, a ver si a la tercera va la vencida.<\/p>\n<p>Jon Juaristi.<br \/>\n<a href=\"http:\/\/www.abc.es\/historico-opinion\/index.asp?ff=20131103&amp;idn=1511394630302\">http:\/\/www.abc.es\/historico-opinion\/index.asp?ff=20131103&amp;idn=1511394630302<\/a><\/p>\n<p>&nbsp;<\/p>\n","protected":false},"excerpt":{"rendered":"<p>Por su indudable inter\u00e9s, reproducimos aqu\u00ed el art\u00edculo que D. Jon Juaristi public\u00f3 el pasado domingo 3 de noviembre en el diario ABC. Exorcistas. Los socialistas no han aprendido todav\u00eda a distinguir la historia de la memoria hist\u00f3rica<\/p>\n","protected":false},"author":1,"featured_media":0,"comment_status":"open","ping_status":"open","sticky":false,"template":"","format":"standard","meta":[],"categories":[4],"tags":[],"yoast_head":"<!-- This site is optimized with the Yoast SEO plugin v18.6 - https:\/\/yoast.com\/wordpress\/plugins\/seo\/ -->\n<title>Exorcistas. - ADVC<\/title>\n<meta name=\"robots\" content=\"index, follow, max-snippet:-1, max-image-preview:large, max-video-preview:-1\" \/>\n<link rel=\"canonical\" href=\"https:\/\/www.elvalledeloscaidos.es\/portal\/?p=3880\" \/>\n<meta property=\"og:locale\" content=\"es_ES\" \/>\n<meta property=\"og:type\" content=\"article\" \/>\n<meta property=\"og:title\" content=\"Exorcistas. - ADVC\" \/>\n<meta property=\"og:description\" content=\"Por su indudable inter\u00e9s, reproducimos aqu\u00ed el art\u00edculo que D. Jon Juaristi public\u00f3 el pasado domingo 3 de noviembre en el diario ABC. Exorcistas. Los socialistas no han aprendido todav\u00eda a distinguir la historia de la memoria hist\u00f3rica\" \/>\n<meta property=\"og:url\" content=\"https:\/\/www.elvalledeloscaidos.es\/portal\/?p=3880\" \/>\n<meta property=\"og:site_name\" content=\"ADVC\" \/>\n<meta property=\"article:published_time\" content=\"2013-11-06T13:31:30+00:00\" \/>\n<meta property=\"article:modified_time\" content=\"2014-01-14T19:53:50+00:00\" \/>\n<meta property=\"og:image\" content=\"http:\/\/www.elvalledeloscaidos.es\/portal\/wp-content\/uploads\/2013\/11\/tapiz.jpg\" \/>\n<meta name=\"twitter:card\" content=\"summary_large_image\" \/>\n<meta name=\"twitter:label1\" content=\"Escrito por\" \/>\n\t<meta name=\"twitter:data1\" content=\"linares\" \/>\n\t<meta name=\"twitter:label2\" content=\"Tiempo de lectura\" \/>\n\t<meta name=\"twitter:data2\" content=\"4 minutos\" \/>\n<script type=\"application\/ld+json\" class=\"yoast-schema-graph\">{\"@context\":\"https:\/\/schema.org\",\"@graph\":[{\"@type\":\"WebSite\",\"@id\":\"https:\/\/www.elvalledeloscaidos.es\/portal\/#website\",\"url\":\"https:\/\/www.elvalledeloscaidos.es\/portal\/\",\"name\":\"ADVC\",\"description\":\"Asociaci\u00f3n Para la Defensa del Valle de los Ca\u00eddos\",\"potentialAction\":[{\"@type\":\"SearchAction\",\"target\":{\"@type\":\"EntryPoint\",\"urlTemplate\":\"https:\/\/www.elvalledeloscaidos.es\/portal\/?s={search_term_string}\"},\"query-input\":\"required name=search_term_string\"}],\"inLanguage\":\"es\"},{\"@type\":\"ImageObject\",\"@id\":\"https:\/\/www.elvalledeloscaidos.es\/portal\/?p=3880#primaryimage\",\"inLanguage\":\"es\",\"url\":\"http:\/\/www.elvalledeloscaidos.es\/portal\/wp-content\/uploads\/2013\/11\/tapiz.jpg\",\"contentUrl\":\"http:\/\/www.elvalledeloscaidos.es\/portal\/wp-content\/uploads\/2013\/11\/tapiz.jpg\"},{\"@type\":\"WebPage\",\"@id\":\"https:\/\/www.elvalledeloscaidos.es\/portal\/?p=3880#webpage\",\"url\":\"https:\/\/www.elvalledeloscaidos.es\/portal\/?p=3880\",\"name\":\"Exorcistas. - ADVC\",\"isPartOf\":{\"@id\":\"https:\/\/www.elvalledeloscaidos.es\/portal\/#website\"},\"primaryImageOfPage\":{\"@id\":\"https:\/\/www.elvalledeloscaidos.es\/portal\/?p=3880#primaryimage\"},\"datePublished\":\"2013-11-06T13:31:30+00:00\",\"dateModified\":\"2014-01-14T19:53:50+00:00\",\"author\":{\"@id\":\"https:\/\/www.elvalledeloscaidos.es\/portal\/#\/schema\/person\/36b3894dc4f1eb332b7fc369aed7eb58\"},\"breadcrumb\":{\"@id\":\"https:\/\/www.elvalledeloscaidos.es\/portal\/?p=3880#breadcrumb\"},\"inLanguage\":\"es\",\"potentialAction\":[{\"@type\":\"ReadAction\",\"target\":[\"https:\/\/www.elvalledeloscaidos.es\/portal\/?p=3880\"]}]},{\"@type\":\"BreadcrumbList\",\"@id\":\"https:\/\/www.elvalledeloscaidos.es\/portal\/?p=3880#breadcrumb\",\"itemListElement\":[{\"@type\":\"ListItem\",\"position\":1,\"name\":\"Portada\",\"item\":\"https:\/\/www.elvalledeloscaidos.es\/portal\"},{\"@type\":\"ListItem\",\"position\":2,\"name\":\"Exorcistas.\"}]},{\"@type\":\"Person\",\"@id\":\"https:\/\/www.elvalledeloscaidos.es\/portal\/#\/schema\/person\/36b3894dc4f1eb332b7fc369aed7eb58\",\"name\":\"linares\",\"image\":{\"@type\":\"ImageObject\",\"@id\":\"https:\/\/www.elvalledeloscaidos.es\/portal\/#personlogo\",\"inLanguage\":\"es\",\"url\":\"https:\/\/secure.gravatar.com\/avatar\/0b6f3a427655ac169c9155e538724b76?s=96&d=mm&r=g\",\"contentUrl\":\"https:\/\/secure.gravatar.com\/avatar\/0b6f3a427655ac169c9155e538724b76?s=96&d=mm&r=g\",\"caption\":\"linares\"},\"url\":\"https:\/\/www.elvalledeloscaidos.es\/portal\/?author=1\"}]}<\/script>\n<!-- \/ Yoast SEO plugin. -->","yoast_head_json":{"title":"Exorcistas. - ADVC","robots":{"index":"index","follow":"follow","max-snippet":"max-snippet:-1","max-image-preview":"max-image-preview:large","max-video-preview":"max-video-preview:-1"},"canonical":"https:\/\/www.elvalledeloscaidos.es\/portal\/?p=3880","og_locale":"es_ES","og_type":"article","og_title":"Exorcistas. - ADVC","og_description":"Por su indudable inter\u00e9s, reproducimos aqu\u00ed el art\u00edculo que D. Jon Juaristi public\u00f3 el pasado domingo 3 de noviembre en el diario ABC. Exorcistas. Los socialistas no han aprendido todav\u00eda a distinguir la historia de la memoria hist\u00f3rica","og_url":"https:\/\/www.elvalledeloscaidos.es\/portal\/?p=3880","og_site_name":"ADVC","article_published_time":"2013-11-06T13:31:30+00:00","article_modified_time":"2014-01-14T19:53:50+00:00","og_image":[{"url":"http:\/\/www.elvalledeloscaidos.es\/portal\/wp-content\/uploads\/2013\/11\/tapiz.jpg"}],"twitter_card":"summary_large_image","twitter_misc":{"Escrito por":"linares","Tiempo de lectura":"4 minutos"},"schema":{"@context":"https:\/\/schema.org","@graph":[{"@type":"WebSite","@id":"https:\/\/www.elvalledeloscaidos.es\/portal\/#website","url":"https:\/\/www.elvalledeloscaidos.es\/portal\/","name":"ADVC","description":"Asociaci\u00f3n Para la Defensa del Valle de los Ca\u00eddos","potentialAction":[{"@type":"SearchAction","target":{"@type":"EntryPoint","urlTemplate":"https:\/\/www.elvalledeloscaidos.es\/portal\/?s={search_term_string}"},"query-input":"required name=search_term_string"}],"inLanguage":"es"},{"@type":"ImageObject","@id":"https:\/\/www.elvalledeloscaidos.es\/portal\/?p=3880#primaryimage","inLanguage":"es","url":"http:\/\/www.elvalledeloscaidos.es\/portal\/wp-content\/uploads\/2013\/11\/tapiz.jpg","contentUrl":"http:\/\/www.elvalledeloscaidos.es\/portal\/wp-content\/uploads\/2013\/11\/tapiz.jpg"},{"@type":"WebPage","@id":"https:\/\/www.elvalledeloscaidos.es\/portal\/?p=3880#webpage","url":"https:\/\/www.elvalledeloscaidos.es\/portal\/?p=3880","name":"Exorcistas. - ADVC","isPartOf":{"@id":"https:\/\/www.elvalledeloscaidos.es\/portal\/#website"},"primaryImageOfPage":{"@id":"https:\/\/www.elvalledeloscaidos.es\/portal\/?p=3880#primaryimage"},"datePublished":"2013-11-06T13:31:30+00:00","dateModified":"2014-01-14T19:53:50+00:00","author":{"@id":"https:\/\/www.elvalledeloscaidos.es\/portal\/#\/schema\/person\/36b3894dc4f1eb332b7fc369aed7eb58"},"breadcrumb":{"@id":"https:\/\/www.elvalledeloscaidos.es\/portal\/?p=3880#breadcrumb"},"inLanguage":"es","potentialAction":[{"@type":"ReadAction","target":["https:\/\/www.elvalledeloscaidos.es\/portal\/?p=3880"]}]},{"@type":"BreadcrumbList","@id":"https:\/\/www.elvalledeloscaidos.es\/portal\/?p=3880#breadcrumb","itemListElement":[{"@type":"ListItem","position":1,"name":"Portada","item":"https:\/\/www.elvalledeloscaidos.es\/portal"},{"@type":"ListItem","position":2,"name":"Exorcistas."}]},{"@type":"Person","@id":"https:\/\/www.elvalledeloscaidos.es\/portal\/#\/schema\/person\/36b3894dc4f1eb332b7fc369aed7eb58","name":"linares","image":{"@type":"ImageObject","@id":"https:\/\/www.elvalledeloscaidos.es\/portal\/#personlogo","inLanguage":"es","url":"https:\/\/secure.gravatar.com\/avatar\/0b6f3a427655ac169c9155e538724b76?s=96&d=mm&r=g","contentUrl":"https:\/\/secure.gravatar.com\/avatar\/0b6f3a427655ac169c9155e538724b76?s=96&d=mm&r=g","caption":"linares"},"url":"https:\/\/www.elvalledeloscaidos.es\/portal\/?author=1"}]}},"_links":{"self":[{"href":"https:\/\/www.elvalledeloscaidos.es\/portal\/index.php?rest_route=\/wp\/v2\/posts\/3880"}],"collection":[{"href":"https:\/\/www.elvalledeloscaidos.es\/portal\/index.php?rest_route=\/wp\/v2\/posts"}],"about":[{"href":"https:\/\/www.elvalledeloscaidos.es\/portal\/index.php?rest_route=\/wp\/v2\/types\/post"}],"author":[{"embeddable":true,"href":"https:\/\/www.elvalledeloscaidos.es\/portal\/index.php?rest_route=\/wp\/v2\/users\/1"}],"replies":[{"embeddable":true,"href":"https:\/\/www.elvalledeloscaidos.es\/portal\/index.php?rest_route=%2Fwp%2Fv2%2Fcomments&post=3880"}],"version-history":[{"count":3,"href":"https:\/\/www.elvalledeloscaidos.es\/portal\/index.php?rest_route=\/wp\/v2\/posts\/3880\/revisions"}],"predecessor-version":[{"id":4020,"href":"https:\/\/www.elvalledeloscaidos.es\/portal\/index.php?rest_route=\/wp\/v2\/posts\/3880\/revisions\/4020"}],"wp:attachment":[{"href":"https:\/\/www.elvalledeloscaidos.es\/portal\/index.php?rest_route=%2Fwp%2Fv2%2Fmedia&parent=3880"}],"wp:term":[{"taxonomy":"category","embeddable":true,"href":"https:\/\/www.elvalledeloscaidos.es\/portal\/index.php?rest_route=%2Fwp%2Fv2%2Fcategories&post=3880"},{"taxonomy":"post_tag","embeddable":true,"href":"https:\/\/www.elvalledeloscaidos.es\/portal\/index.php?rest_route=%2Fwp%2Fv2%2Ftags&post=3880"}],"curies":[{"name":"wp","href":"https:\/\/api.w.org\/{rel}","templated":true}]}}